{"id":46069,"date":"2023-03-23T08:55:07","date_gmt":"2023-03-23T07:55:07","guid":{"rendered":"https:\/\/gorica.info\/?p=46069"},"modified":"2023-03-23T08:55:07","modified_gmt":"2023-03-23T07:55:07","slug":"goricki-gimnazijalci-sudjelovali-u-akciji-posumljavanja-srednjoskolci-zasadili-3-500-sadnica-hrasta-u-sumi-zutica","status":"publish","type":"post","link":"https:\/\/gorica.info\/en\/goricki-gimnazijalci-sudjelovali-u-akciji-posumljavanja-srednjoskolci-zasadili-3-500-sadnica-hrasta-u-sumi-zutica\/","title":{"rendered":"Gori\u010dki gimnazijalci sudjelovali u akciji po\u0161umljavanja: Srednjo\u0161kolci zasadili 3.500 sadnica hrasta u \u0161umi \u017dutica"},"content":{"rendered":"<p>U\u010denici drugih i tre\u0107ih razreda <strong>Gimnazije Velika Gorica<\/strong> sudjelovali su u sadnji sadnica <strong>hrasta lu\u017enjaka<\/strong> u \u0161umi \u017dutica kod Ivani\u0107 Grada. Projekt <strong>Prijatelj \u0161ume<\/strong>, koji je uz financijsku potporu <strong>Zagreba\u010dke \u017eupanije<\/strong> uspje\u0161no provela Turopoljska udruga skauta \u201eTur\u201c iz Velike Gorice, okupio je u srijedu <strong>150 u\u010denika<\/strong> iz \u010detiri srednje \u0161kole s podru\u010dja \u017eupanije u \u0161umi \u017dutica.<\/p>\n<p>Od pro\u0161le jeseni u\u010denici <a href=\"http:\/\/gimnazija-velika-gorica.skole.hr\/\">Gimnazije Velika Gorica<\/a>, Srednje \u0161kole Vrbovec, Srednje \u0161kole Dragutina Star\u017eimira iz Sv. Ivana Zeline te Srednje \u0161kole Ivana \u0160veara iz Ivani\u0107 Grada bili su uklju\u010deni u <a href=\"https:\/\/gorica.info\/en\/2022\/11\/25\/turopoljska-udruga-skauta-tur-sumoborci-nastavljaju-s-edukacijom-ucenika-i-posumljavanjem-turopolja\/\">edukativne radionice<\/a> o klimatskim promjenama, njihovim uzrocima i posljedicama te op\u0107ekorisnim funkcijama \u0161uma.<\/p>\n<p><img fetchpriority=\"high\" decoding=\"async\" class=\"aligncenter wp-image-46071 size-large\" src=\"https:\/\/gorica.info\/wp-content\/uploads\/2023\/03\/posumljavanje-ucenici2023-1024x881.jpg\" alt=\"\" width=\"810\" height=\"697\" \/><\/p>\n<p>Projekt je zavr\u0161en akcijom sadnje mladica u \u0161umi na podru\u010dju \u017eupanije u kojoj je sastojina ugro\u017eena djelovanjem \u0161tetnika i ponekad predugim naplavnim razdobljima, kao izravnim posljedicama klimatskih promjena, izvijestili su iz <a href=\"https:\/\/gorica.info\/en\/2023\/02\/13\/velika-gorica-i-turopoljska-udruga-skauta-tur-bit-ce-domacini-ovogodisnjeg-zborovanja-saveza-izvidaca-hrvatske\/\">Tura<\/a>.<\/p>\n<h4><strong>Sadnice osigurale Hrvatske \u0161ume<\/strong><\/h4>\n<p>U suradnji i uz stru\u010dnu pomo\u0107 djelatnika <strong>Hrvatskih \u0161uma,<\/strong> koji su za provedbu ove edukativno-ekolo\u0161ke aktivnosti osigurali sadnice, u\u010denici su u \u017dutici zasadili oko 3.500 mladica hrasta lu\u017enjaka. Sadnja stabala pokazala se naju\u010dinkovitijom i najlak\u0161om metodom za neutralizaciju uglji\u010dnog otiska koji stvara svatko od nas. Zahvaljuju\u0107i suvremenom na\u010dinu \u017eivota sve je ve\u0107i, a osobito uslijed kori\u0161tenja elektroni\u010dkih i drugih ku\u0107anskih ure\u0111aja, sagorijevanja fosilnih goriva i sve intenzivnijeg transporta ljudi i roba.<\/p>\n<p>Sudjelovanjem u akciji sadnje stabala u\u010denici su imali priliku neutralizirati dio vlastitog uglji\u010dnog otiska, oja\u010dati svoju ekolo\u0161ku osvije\u0161tenost i u\u010diniti ne\u0161to korisno za \u0161iru zajednicu.<\/p>\n<p>\u0160uma \u017dutica je retencija rijeke Save na podru\u010dju Lonjskog polja i spada u nizinske poplavne \u0161ume. Kao takva predstavlja cjelovite komplekse hrastovih i jasenovih sastojina. Na opstojnost hrasta \u0161tetno djeluje hrastova mre\u017easta stjenica, pristigla u ove krajeve iz Azije, dok su \u0161ume jasena u cijeloj Europi, pa tako i u Hrvatskoj, ugro\u017eene \u0161irenjem i \u0161tetnim djelovanjem fitopatogene gljive Chalara fraxinea putem korijenovog sustava.<\/p>\n<p>Oba \u0161tetnika izazivaju su\u0161enje i propadanje \u0161umske sastojine, a bez prirodnih predatora u na\u0161im krajevima brzo se i lako \u0161ire.<\/p>\n<p><img decoding=\"async\" class=\"aligncenter wp-image-46072 size-large\" src=\"https:\/\/gorica.info\/wp-content\/uploads\/2023\/03\/IMG_20230322_092557-1024x766.jpg\" alt=\"\" width=\"810\" height=\"606\" \/><\/p>\n<p><img decoding=\"async\" class=\"aligncenter wp-image-46077\" src=\"https:\/\/gorica.info\/wp-content\/uploads\/2023\/03\/posumljavanje2-ucenici-300x224.jpg\" alt=\"sadnica\" width=\"810\" height=\"606\" srcset=\"https:\/\/gorica.info\/wp-content\/uploads\/2023\/03\/posumljavanje2-ucenici-300x224.jpg 300w, https:\/\/gorica.info\/wp-content\/uploads\/2023\/03\/posumljavanje2-ucenici-768x574.jpg 768w, https:\/\/gorica.info\/wp-content\/uploads\/2023\/03\/posumljavanje2-ucenici-16x12.jpg 16w, https:\/\/gorica.info\/wp-content\/uploads\/2023\/03\/posumljavanje2-ucenici-750x561.jpg 750w, https:\/\/gorica.info\/wp-content\/uploads\/2023\/03\/posumljavanje2-ucenici.jpg 1000w\" sizes=\"(max-width: 810px) 100vw, 810px\" \/><\/p>\n<p><img loading=\"lazy\" decoding=\"async\" class=\"aligncenter wp-image-46070\" src=\"https:\/\/gorica.info\/wp-content\/uploads\/2023\/03\/posumljavanje1-ucenici2023-300x232.jpg\" alt=\"sadnica\" width=\"810\" height=\"627\" srcset=\"https:\/\/gorica.info\/wp-content\/uploads\/2023\/03\/posumljavanje1-ucenici2023-300x232.jpg 300w, https:\/\/gorica.info\/wp-content\/uploads\/2023\/03\/posumljavanje1-ucenici2023-768x594.jpg 768w, https:\/\/gorica.info\/wp-content\/uploads\/2023\/03\/posumljavanje1-ucenici2023-16x12.jpg 16w, https:\/\/gorica.info\/wp-content\/uploads\/2023\/03\/posumljavanje1-ucenici2023-750x580.jpg 750w, https:\/\/gorica.info\/wp-content\/uploads\/2023\/03\/posumljavanje1-ucenici2023.jpg 994w\" sizes=\"(max-width: 810px) 100vw, 810px\" \/><\/p>\n<p><img loading=\"lazy\" decoding=\"async\" class=\"aligncenter wp-image-46073 size-large\" src=\"https:\/\/gorica.info\/wp-content\/uploads\/2023\/03\/posumljavanje6-766x1024.jpg\" alt=\"sadnica\" width=\"766\" height=\"1024\" \/><\/p>\n<p><img loading=\"lazy\" decoding=\"async\" class=\"aligncenter wp-image-46075 size-large\" src=\"https:\/\/gorica.info\/wp-content\/uploads\/2023\/03\/posumljavanje4-ucenici-750x1024.jpg\" alt=\"sadnica\" width=\"750\" height=\"1024\" \/><\/p>\n<p><img loading=\"lazy\" decoding=\"async\" class=\"aligncenter wp-image-46076 size-large\" src=\"https:\/\/gorica.info\/wp-content\/uploads\/2023\/03\/posumljavanje3-ucenici-713x1024.jpg\" alt=\"sadnica\" width=\"713\" height=\"1024\" \/><\/p>\n<p>&nbsp;<\/p>\n<p>&nbsp;<\/p>","protected":false},"excerpt":{"rendered":"<p>U\u010denici drugih i tre\u0107ih razreda Gimnazije Velika Gorica sudjelovali su u sadnji sadnica hrasta lu\u017enjaka u \u0161umi \u017dutica kod Ivani\u0107 Grada. Projekt Prijatelj \u0161ume, koji je uz financijsku potporu Zagreba\u010dke \u017eupanije uspje\u0161no provela Turopoljska udruga skauta \u201eTur\u201c iz Velike Gorice, okupio je u srijedu 150 u\u010denika iz \u010detiri srednje \u0161kole s podru\u010dja \u017eupanije u \u0161umi [&hellip;]<\/p>\n","protected":false},"author":23,"featured_media":46074,"comment_status":"open","ping_status":"open","sticky":false,"template":"","format":"standard","meta":{"limit_modified_date":"","last_modified_date":"","jnews-multi-image_gallery":[],"jnews_single_post":[],"jnews_primary_category":[],"jnews_override_counter":[],"footnotes":""},"categories":[86],"tags":[2368,797,3393,5760,9263,4995,149],"class_list":["post-46069","post","type-post","status-publish","format-standard","has-post-thumbnail","hentry","category-udruge","tag-gimnazija-velika-gorica","tag-hrvatske-sume","tag-posumljavanje","tag-sadnice","tag-suma-zutica","tag-turopoljska-udruga-skauta-tur","tag-zagrebacka-zupanija"],"yoast_head":"<!-- This site is optimized with the Yoast SEO Premium plugin v27.4 (Yoast SEO v27.4) - https:\/\/yoast.com\/product\/yoast-seo-premium-wordpress\/ -->\n<title>Gori\u010dki gimnazijalci sudjelovali u akciji po\u0161umljavanja: Srednjo\u0161kolci zasadili 3.500 sadnica hrasta u \u0161umi \u017dutica - Gorica Info<\/title>\n<meta name=\"description\" content=\"Gori\u010dki gimnazijalci sudjelovali u akciji po\u0161umljavanja: Srednjo\u0161kolci zasadili 3.500 sadnica hrasta u \u0161umi \u017dutica\" \/>\n<meta name=\"robots\" content=\"index, follow, max-snippet:-1, max-image-preview:large, max-video-preview:-1\" \/>\n<link rel=\"canonical\" href=\"https:\/\/gorica.info\/en\/goricki-gimnazijalci-sudjelovali-u-akciji-posumljavanja-srednjoskolci-zasadili-3-500-sadnica-hrasta-u-sumi-zutica\/\" \/>\n<meta property=\"og:locale\" content=\"en_US\" \/>\n<meta property=\"og:type\" content=\"article\" \/>\n<meta property=\"og:title\" content=\"Gori\u010dki gimnazijalci sudjelovali u akciji po\u0161umljavanja: Srednjo\u0161kolci zasadili 3.500 sadnica hrasta u \u0161umi \u017dutica\" \/>\n<meta property=\"og:description\" content=\"Gori\u010dki gimnazijalci sudjelovali u akciji po\u0161umljavanja: Srednjo\u0161kolci zasadili 3.500 sadnica hrasta u \u0161umi \u017dutica\" \/>\n<meta property=\"og:url\" content=\"https:\/\/gorica.info\/en\/goricki-gimnazijalci-sudjelovali-u-akciji-posumljavanja-srednjoskolci-zasadili-3-500-sadnica-hrasta-u-sumi-zutica\/\" \/>\n<meta property=\"og:site_name\" content=\"Gorica Info\" \/>\n<meta property=\"article:publisher\" content=\"https:\/\/www.facebook.com\/Goricainfo-106005144489262\" \/>\n<meta property=\"article:published_time\" content=\"2023-03-23T07:55:07+00:00\" \/>\n<meta property=\"og:image\" content=\"https:\/\/gorica.info\/wp-content\/uploads\/2023\/03\/posumljavanje5.jpg\" \/>\n\t<meta property=\"og:image:width\" content=\"1025\" \/>\n\t<meta property=\"og:image:height\" content=\"800\" \/>\n\t<meta property=\"og:image:type\" content=\"image\/jpeg\" \/>\n<meta name=\"author\" content=\"Gorica. info\" \/>\n<meta name=\"twitter:card\" content=\"summary_large_image\" \/>\n<meta name=\"twitter:creator\" content=\"@GoricaInfo\" \/>\n<meta name=\"twitter:site\" content=\"@GoricaInfo\" \/>\n<meta name=\"twitter:label1\" content=\"Written by\" \/>\n\t<meta name=\"twitter:data1\" content=\"Gorica. info\" \/>\n\t<meta name=\"twitter:label2\" content=\"Est. reading time\" \/>\n\t<meta name=\"twitter:data2\" content=\"4 minutes\" \/>\n<meta name=\"geo.placename\" content=\"Velika Gorica\" \/>\n<meta name=\"geo.region\" content=\"Croatia\" \/>\n<!-- \/ Yoast SEO Premium plugin. -->","yoast_head_json":{"title":"Gori\u010dki gimnazijalci sudjelovali u akciji po\u0161umljavanja: Srednjo\u0161kolci zasadili 3.500 sadnica hrasta u \u0161umi \u017dutica - Gorica Info","description":"Gori\u010dki gimnazijalci sudjelovali u akciji po\u0161umljavanja: Srednjo\u0161kolci zasadili 3.500 sadnica hrasta u \u0161umi \u017dutica","robots":{"index":"index","follow":"follow","max-snippet":"max-snippet:-1","max-image-preview":"max-image-preview:large","max-video-preview":"max-video-preview:-1"},"canonical":"https:\/\/gorica.info\/en\/goricki-gimnazijalci-sudjelovali-u-akciji-posumljavanja-srednjoskolci-zasadili-3-500-sadnica-hrasta-u-sumi-zutica\/","og_locale":"en_US","og_type":"article","og_title":"Gori\u010dki gimnazijalci sudjelovali u akciji po\u0161umljavanja: Srednjo\u0161kolci zasadili 3.500 sadnica hrasta u \u0161umi \u017dutica","og_description":"Gori\u010dki gimnazijalci sudjelovali u akciji po\u0161umljavanja: Srednjo\u0161kolci zasadili 3.500 sadnica hrasta u \u0161umi \u017dutica","og_url":"https:\/\/gorica.info\/en\/goricki-gimnazijalci-sudjelovali-u-akciji-posumljavanja-srednjoskolci-zasadili-3-500-sadnica-hrasta-u-sumi-zutica\/","og_site_name":"Gorica Info","article_publisher":"https:\/\/www.facebook.com\/Goricainfo-106005144489262","article_published_time":"2023-03-23T07:55:07+00:00","og_image":[{"width":1025,"height":800,"url":"https:\/\/gorica.info\/wp-content\/uploads\/2023\/03\/posumljavanje5.jpg","type":"image\/jpeg"}],"author":"Gorica. info","twitter_card":"summary_large_image","twitter_creator":"@GoricaInfo","twitter_site":"@GoricaInfo","twitter_misc":{"Written by":"Gorica. info","Est. reading time":"4 minutes"},"schema":{"@context":"https:\/\/schema.org","@graph":[{"@type":"NewsArticle","@id":"https:\/\/gorica.info\/goricki-gimnazijalci-sudjelovali-u-akciji-posumljavanja-srednjoskolci-zasadili-3-500-sadnica-hrasta-u-sumi-zutica\/#article","isPartOf":{"@id":"https:\/\/gorica.info\/goricki-gimnazijalci-sudjelovali-u-akciji-posumljavanja-srednjoskolci-zasadili-3-500-sadnica-hrasta-u-sumi-zutica\/"},"author":{"name":"Gorica. info","@id":"https:\/\/gorica.info\/#\/schema\/person\/4499af1f22f322670b9b5977ccc2e3de"},"headline":"Gori\u010dki gimnazijalci sudjelovali u akciji po\u0161umljavanja: Srednjo\u0161kolci zasadili 3.500 sadnica hrasta u \u0161umi \u017dutica","datePublished":"2023-03-23T07:55:07+00:00","mainEntityOfPage":{"@id":"https:\/\/gorica.info\/goricki-gimnazijalci-sudjelovali-u-akciji-posumljavanja-srednjoskolci-zasadili-3-500-sadnica-hrasta-u-sumi-zutica\/"},"wordCount":371,"commentCount":1,"publisher":{"@id":"https:\/\/gorica.info\/#organization"},"image":{"@id":"https:\/\/gorica.info\/goricki-gimnazijalci-sudjelovali-u-akciji-posumljavanja-srednjoskolci-zasadili-3-500-sadnica-hrasta-u-sumi-zutica\/#primaryimage"},"thumbnailUrl":"https:\/\/gorica.info\/wp-content\/uploads\/2023\/03\/posumljavanje5.jpg","keywords":["gimnazija velika gorica","hrvatske \u0161ume","po\u0161umljavanje","sadnice","\u0161uma \u017eutica","Turopoljska udruga skauta Tur","Zagreba\u010dka \u017eupanija"],"articleSection":["UDRUGE"],"inLanguage":"en-US","potentialAction":[{"@type":"CommentAction","name":"Comment","target":["https:\/\/gorica.info\/goricki-gimnazijalci-sudjelovali-u-akciji-posumljavanja-srednjoskolci-zasadili-3-500-sadnica-hrasta-u-sumi-zutica\/#respond"]}],"copyrightYear":"2023","copyrightHolder":{"@id":"https:\/\/gorica.info\/en\/#organization"}},{"@type":"WebPage","@id":"https:\/\/gorica.info\/goricki-gimnazijalci-sudjelovali-u-akciji-posumljavanja-srednjoskolci-zasadili-3-500-sadnica-hrasta-u-sumi-zutica\/","url":"https:\/\/gorica.info\/goricki-gimnazijalci-sudjelovali-u-akciji-posumljavanja-srednjoskolci-zasadili-3-500-sadnica-hrasta-u-sumi-zutica\/","name":"Gori\u010dki gimnazijalci sudjelovali u akciji po\u0161umljavanja: Srednjo\u0161kolci zasadili 3.500 sadnica hrasta u \u0161umi \u017dutica - Gorica Info","isPartOf":{"@id":"https:\/\/gorica.info\/#website"},"primaryImageOfPage":{"@id":"https:\/\/gorica.info\/goricki-gimnazijalci-sudjelovali-u-akciji-posumljavanja-srednjoskolci-zasadili-3-500-sadnica-hrasta-u-sumi-zutica\/#primaryimage"},"image":{"@id":"https:\/\/gorica.info\/goricki-gimnazijalci-sudjelovali-u-akciji-posumljavanja-srednjoskolci-zasadili-3-500-sadnica-hrasta-u-sumi-zutica\/#primaryimage"},"thumbnailUrl":"https:\/\/gorica.info\/wp-content\/uploads\/2023\/03\/posumljavanje5.jpg","datePublished":"2023-03-23T07:55:07+00:00","description":"Gori\u010dki gimnazijalci sudjelovali u akciji po\u0161umljavanja: Srednjo\u0161kolci zasadili 3.500 sadnica hrasta u \u0161umi \u017dutica","breadcrumb":{"@id":"https:\/\/gorica.info\/goricki-gimnazijalci-sudjelovali-u-akciji-posumljavanja-srednjoskolci-zasadili-3-500-sadnica-hrasta-u-sumi-zutica\/#breadcrumb"},"inLanguage":"en-US","potentialAction":[{"@type":"ReadAction","target":["https:\/\/gorica.info\/goricki-gimnazijalci-sudjelovali-u-akciji-posumljavanja-srednjoskolci-zasadili-3-500-sadnica-hrasta-u-sumi-zutica\/"]}]},{"@type":"ImageObject","inLanguage":"en-US","@id":"https:\/\/gorica.info\/goricki-gimnazijalci-sudjelovali-u-akciji-posumljavanja-srednjoskolci-zasadili-3-500-sadnica-hrasta-u-sumi-zutica\/#primaryimage","url":"https:\/\/gorica.info\/wp-content\/uploads\/2023\/03\/posumljavanje5.jpg","contentUrl":"https:\/\/gorica.info\/wp-content\/uploads\/2023\/03\/posumljavanje5.jpg","width":1025,"height":800,"caption":"Foto: Turopoljska udruga skauta Tur"},{"@type":"BreadcrumbList","@id":"https:\/\/gorica.info\/goricki-gimnazijalci-sudjelovali-u-akciji-posumljavanja-srednjoskolci-zasadili-3-500-sadnica-hrasta-u-sumi-zutica\/#breadcrumb","itemListElement":[{"@type":"ListItem","position":1,"name":"Po\u010detna stranica","item":"https:\/\/gorica.info\/"},{"@type":"ListItem","position":2,"name":"Gori\u010dki gimnazijalci sudjelovali u akciji po\u0161umljavanja: Srednjo\u0161kolci zasadili 3.500 sadnica hrasta u \u0161umi \u017dutica"}]},{"@type":"WebSite","@id":"https:\/\/gorica.info\/#website","url":"https:\/\/gorica.info\/","name":"Gorica Info","description":"Vijesti iz Velike Gorice i okolice.","publisher":{"@id":"https:\/\/gorica.info\/#organization"},"potentialAction":[{"@type":"SearchAction","target":{"@type":"EntryPoint","urlTemplate":"https:\/\/gorica.info\/?s={search_term_string}"},"query-input":{"@type":"PropertyValueSpecification","valueRequired":true,"valueName":"search_term_string"}}],"inLanguage":"en-US"},{"@type":["Organization","Place","NewsMediaOrganization"],"@id":"https:\/\/gorica.info\/#organization","name":"Gorica Info","url":"https:\/\/gorica.info\/","logo":{"@id":"https:\/\/gorica.info\/goricki-gimnazijalci-sudjelovali-u-akciji-posumljavanja-srednjoskolci-zasadili-3-500-sadnica-hrasta-u-sumi-zutica\/#local-main-organization-logo"},"image":{"@id":"https:\/\/gorica.info\/goricki-gimnazijalci-sudjelovali-u-akciji-posumljavanja-srednjoskolci-zasadili-3-500-sadnica-hrasta-u-sumi-zutica\/#local-main-organization-logo"},"sameAs":["https:\/\/www.facebook.com\/Goricainfo-106005144489262","https:\/\/x.com\/GoricaInfo","https:\/\/www.instagram.com\/gorica.info\/"],"address":{"@id":"https:\/\/gorica.info\/goricki-gimnazijalci-sudjelovali-u-akciji-posumljavanja-srednjoskolci-zasadili-3-500-sadnica-hrasta-u-sumi-zutica\/#local-main-place-address"},"telephone":[],"openingHoursSpecification":[{"@type":"OpeningHoursSpecification","dayOfWeek":["Monday","Tuesday","Wednesday","Thursday","Friday","Saturday","Sunday"],"opens":"09:00","closes":"17:00"}],"email":"redakcija@gorica.info"},{"@type":"Person","@id":"https:\/\/gorica.info\/#\/schema\/person\/4499af1f22f322670b9b5977ccc2e3de","name":"Gorica. info","description":"Gorica.info je lokalni portal koji prati Veliku Goricu i okolici, svakodnevno donosi najnovije vijesti i pri\u010de, kulturna doga\u0111anja i aktualnosti koje oblikuju \u017eivot gra\u0111ana.","url":"https:\/\/gorica.info\/en\/author\/gorica-info\/"},{"@type":"PostalAddress","@id":"https:\/\/gorica.info\/goricki-gimnazijalci-sudjelovali-u-akciji-posumljavanja-srednjoskolci-zasadili-3-500-sadnica-hrasta-u-sumi-zutica\/#local-main-place-address","streetAddress":"Horvatova 97","addressLocality":"Velika Gorica","postalCode":"10410","addressRegion":"Croatia","addressCountry":"HR"},{"@type":"ImageObject","inLanguage":"en-US","@id":"https:\/\/gorica.info\/goricki-gimnazijalci-sudjelovali-u-akciji-posumljavanja-srednjoskolci-zasadili-3-500-sadnica-hrasta-u-sumi-zutica\/#local-main-organization-logo","url":"https:\/\/gorica.info\/wp-content\/uploads\/2024\/07\/Gorica-Info-Logo-mali.png","contentUrl":"https:\/\/gorica.info\/wp-content\/uploads\/2024\/07\/Gorica-Info-Logo-mali.png","width":450,"height":85,"caption":"Gorica Info"}]},"geo.placename":"Velika Gorica","geo.region":"Croatia"},"_links":{"self":[{"href":"https:\/\/gorica.info\/en\/wp-json\/wp\/v2\/posts\/46069","targetHints":{"allow":["GET"]}}],"collection":[{"href":"https:\/\/gorica.info\/en\/wp-json\/wp\/v2\/posts"}],"about":[{"href":"https:\/\/gorica.info\/en\/wp-json\/wp\/v2\/types\/post"}],"author":[{"embeddable":true,"href":"https:\/\/gorica.info\/en\/wp-json\/wp\/v2\/users\/23"}],"replies":[{"embeddable":true,"href":"https:\/\/gorica.info\/en\/wp-json\/wp\/v2\/comments?post=46069"}],"version-history":[{"count":0,"href":"https:\/\/gorica.info\/en\/wp-json\/wp\/v2\/posts\/46069\/revisions"}],"wp:featuredmedia":[{"embeddable":true,"href":"https:\/\/gorica.info\/en\/wp-json\/wp\/v2\/media\/46074"}],"wp:attachment":[{"href":"https:\/\/gorica.info\/en\/wp-json\/wp\/v2\/media?parent=46069"}],"wp:term":[{"taxonomy":"category","embeddable":true,"href":"https:\/\/gorica.info\/en\/wp-json\/wp\/v2\/categories?post=46069"},{"taxonomy":"post_tag","embeddable":true,"href":"https:\/\/gorica.info\/en\/wp-json\/wp\/v2\/tags?post=46069"}],"curies":[{"name":"wp","href":"https:\/\/api.w.org\/{rel}","templated":true}]}}