{"id":46130,"date":"2023-03-24T07:57:25","date_gmt":"2023-03-24T06:57:25","guid":{"rendered":"https:\/\/gorica.info\/?p=46130"},"modified":"2023-03-24T07:57:25","modified_gmt":"2023-03-24T06:57:25","slug":"u-mraclinu-nocas-puknula-vodovodna-cijev-radnici-vg-vodoopskrbe-rade-na-otklanjanju-kvara","status":"publish","type":"post","link":"https:\/\/gorica.info\/en\/u-mraclinu-nocas-puknula-vodovodna-cijev-radnici-vg-vodoopskrbe-rade-na-otklanjanju-kvara\/","title":{"rendered":"U Mraclinu no\u0107as puknula vodovodna cijev: Radnici VG Vodoopskrbe rade na otklanjanju o\u0161te\u0107enja"},"content":{"rendered":"<p>U<strong> Mraclinu<\/strong> je no\u0107as oko 2:10 u Ulici Bra\u0107e Radi\u0107a kod ku\u0107nog broja 104 do\u0161lo do puknu\u0107a vodoopskrbne mre\u017ee, javili su iz VG Vodoopskrbe.<\/p>\n<p>Oko 3:30 zatvoren je <a href=\"https:\/\/gorica.info\/en\/?s=vodovodna+cijev\">dotok vode<\/a>, a u jutarnjim satima radnici VG Vodoopskrbe po\u010deli s radovima kako bi otklonili puknu\u0107e.<\/p>\n<p>Sanacija \u0107e biti napravljena u \u0161to kra\u0107em mogu\u0107em roku. Zahvaljujemo na strpljenju i razumijevanju \u2013 poru\u010dili su iz <a href=\"https:\/\/www.vgvodoopskrba.hr\/naslovna\/\">VG Vodoopskrbe<\/a>.<\/p>","protected":false},"excerpt":{"rendered":"<p>U Mraclinu je no\u0107as oko 2:10 u Ulici Bra\u0107e Radi\u0107a kod ku\u0107nog broja 104 do\u0161lo do puknu\u0107a vodoopskrbne mre\u017ee, javili su iz VG Vodoopskrbe. Oko 3:30 zatvoren je dotok vode, a u jutarnjim satima radnici VG Vodoopskrbe po\u010deli s radovima kako bi otklonili puknu\u0107e. Sanacija \u0107e biti napravljena u \u0161to kra\u0107em mogu\u0107em roku. Zahvaljujemo na [&hellip;]<\/p>\n","protected":false},"author":23,"featured_media":46131,"comment_status":"open","ping_status":"open","sticky":false,"template":"","format":"standard","meta":{"limit_modified_date":"","last_modified_date":"","jnews-multi-image_gallery":[],"jnews_single_post":[],"jnews_primary_category":[],"jnews_override_counter":[],"footnotes":""},"categories":[96],"tags":[4195,9269,878,9270],"class_list":["post-46130","post","type-post","status-publish","format-standard","has-post-thumbnail","hentry","category-vijesti","tag-kvar","tag-puknuce","tag-vg-vodoopskrba","tag-vodovodna-cijev"],"yoast_head":"<!-- This site is optimized with the Yoast SEO Premium plugin v27.5 (Yoast SEO v27.5) - https:\/\/yoast.com\/product\/yoast-seo-premium-wordpress\/ -->\n<title>U Mraclinu no\u0107as puknula vodovodna cijev: Radnici VG Vodoopskrbe rade na otklanjanju o\u0161te\u0107enja - Gorica Info<\/title>\n<meta name=\"description\" content=\"U Mraclinu no\u0107as puknula vodovodna cijev: Radnici VG Vodoopskrbe rade na otklanjanju kvara te mole za razumiejvanje mje\u0161tana.\" \/>\n<meta name=\"robots\" content=\"index, follow, max-snippet:-1, max-image-preview:large, max-video-preview:-1\" \/>\n<link rel=\"canonical\" href=\"https:\/\/gorica.info\/en\/u-mraclinu-nocas-puknula-vodovodna-cijev-radnici-vg-vodoopskrbe-rade-na-otklanjanju-kvara\/\" \/>\n<meta property=\"og:locale\" content=\"en_US\" \/>\n<meta property=\"og:type\" content=\"article\" \/>\n<meta property=\"og:title\" content=\"U Mraclinu no\u0107as puknula vodovodna cijev: Radnici VG Vodoopskrbe rade na otklanjanju o\u0161te\u0107enja\" \/>\n<meta property=\"og:description\" content=\"U Mraclinu no\u0107as puknula vodovodna cijev: Radnici VG Vodoopskrbe rade na otklanjanju kvara te mole za razumiejvanje mje\u0161tana.\" \/>\n<meta property=\"og:url\" content=\"https:\/\/gorica.info\/en\/u-mraclinu-nocas-puknula-vodovodna-cijev-radnici-vg-vodoopskrbe-rade-na-otklanjanju-kvara\/\" \/>\n<meta property=\"og:site_name\" content=\"Gorica Info\" \/>\n<meta property=\"article:publisher\" content=\"https:\/\/www.facebook.com\/Goricainfo-106005144489262\" \/>\n<meta property=\"article:published_time\" content=\"2023-03-24T06:57:25+00:00\" \/>\n<meta property=\"og:image\" content=\"https:\/\/gorica.info\/wp-content\/uploads\/2023\/03\/radovi-teslina_Fotor-e1679640879513.jpg\" \/>\n\t<meta property=\"og:image:width\" content=\"1008\" \/>\n\t<meta property=\"og:image:height\" content=\"782\" \/>\n\t<meta property=\"og:image:type\" content=\"image\/jpeg\" \/>\n<meta name=\"author\" content=\"Gorica. info\" \/>\n<meta name=\"twitter:card\" content=\"summary_large_image\" \/>\n<meta name=\"twitter:creator\" content=\"@GoricaInfo\" \/>\n<meta name=\"twitter:site\" content=\"@GoricaInfo\" \/>\n<meta name=\"twitter:label1\" content=\"Written by\" \/>\n\t<meta name=\"twitter:data1\" content=\"Gorica. info\" \/>\n\t<meta name=\"twitter:label2\" content=\"Est. reading time\" \/>\n\t<meta name=\"twitter:data2\" content=\"1 minute\" \/>\n<meta name=\"geo.placename\" content=\"Velika Gorica\" \/>\n<meta name=\"geo.region\" content=\"Croatia\" \/>\n<!-- \/ Yoast SEO Premium plugin. -->","yoast_head_json":{"title":"U Mraclinu no\u0107as puknula vodovodna cijev: Radnici VG Vodoopskrbe rade na otklanjanju o\u0161te\u0107enja - Gorica Info","description":"U Mraclinu no\u0107as puknula vodovodna cijev: Radnici VG Vodoopskrbe rade na otklanjanju kvara te mole za razumiejvanje mje\u0161tana.","robots":{"index":"index","follow":"follow","max-snippet":"max-snippet:-1","max-image-preview":"max-image-preview:large","max-video-preview":"max-video-preview:-1"},"canonical":"https:\/\/gorica.info\/en\/u-mraclinu-nocas-puknula-vodovodna-cijev-radnici-vg-vodoopskrbe-rade-na-otklanjanju-kvara\/","og_locale":"en_US","og_type":"article","og_title":"U Mraclinu no\u0107as puknula vodovodna cijev: Radnici VG Vodoopskrbe rade na otklanjanju o\u0161te\u0107enja","og_description":"U Mraclinu no\u0107as puknula vodovodna cijev: Radnici VG Vodoopskrbe rade na otklanjanju kvara te mole za razumiejvanje mje\u0161tana.","og_url":"https:\/\/gorica.info\/en\/u-mraclinu-nocas-puknula-vodovodna-cijev-radnici-vg-vodoopskrbe-rade-na-otklanjanju-kvara\/","og_site_name":"Gorica Info","article_publisher":"https:\/\/www.facebook.com\/Goricainfo-106005144489262","article_published_time":"2023-03-24T06:57:25+00:00","og_image":[{"width":1008,"height":782,"url":"https:\/\/gorica.info\/wp-content\/uploads\/2023\/03\/radovi-teslina_Fotor-e1679640879513.jpg","type":"image\/jpeg"}],"author":"Gorica. info","twitter_card":"summary_large_image","twitter_creator":"@GoricaInfo","twitter_site":"@GoricaInfo","twitter_misc":{"Written by":"Gorica. info","Est. reading time":"1 minute"},"schema":{"@context":"https:\/\/schema.org","@graph":[{"@type":"NewsArticle","@id":"https:\/\/gorica.info\/u-mraclinu-nocas-puknula-vodovodna-cijev-radnici-vg-vodoopskrbe-rade-na-otklanjanju-kvara\/#article","isPartOf":{"@id":"https:\/\/gorica.info\/u-mraclinu-nocas-puknula-vodovodna-cijev-radnici-vg-vodoopskrbe-rade-na-otklanjanju-kvara\/"},"author":{"name":"Gorica. info","@id":"https:\/\/gorica.info\/#\/schema\/person\/4499af1f22f322670b9b5977ccc2e3de"},"headline":"U Mraclinu no\u0107as puknula vodovodna cijev: Radnici VG Vodoopskrbe rade na otklanjanju o\u0161te\u0107enja","datePublished":"2023-03-24T06:57:25+00:00","mainEntityOfPage":{"@id":"https:\/\/gorica.info\/u-mraclinu-nocas-puknula-vodovodna-cijev-radnici-vg-vodoopskrbe-rade-na-otklanjanju-kvara\/"},"wordCount":88,"commentCount":0,"publisher":{"@id":"https:\/\/gorica.info\/#organization"},"image":{"@id":"https:\/\/gorica.info\/u-mraclinu-nocas-puknula-vodovodna-cijev-radnici-vg-vodoopskrbe-rade-na-otklanjanju-kvara\/#primaryimage"},"thumbnailUrl":"https:\/\/gorica.info\/wp-content\/uploads\/2023\/03\/radovi-teslina_Fotor-e1679640879513.jpg","keywords":["kvar","puknu\u0107e","vg vodoopskrba","vodovodna cijev"],"articleSection":["VIJESTI"],"inLanguage":"en-US","potentialAction":[{"@type":"CommentAction","name":"Comment","target":["https:\/\/gorica.info\/u-mraclinu-nocas-puknula-vodovodna-cijev-radnici-vg-vodoopskrbe-rade-na-otklanjanju-kvara\/#respond"]}],"copyrightYear":"2023","copyrightHolder":{"@id":"https:\/\/gorica.info\/en\/#organization"}},{"@type":"WebPage","@id":"https:\/\/gorica.info\/u-mraclinu-nocas-puknula-vodovodna-cijev-radnici-vg-vodoopskrbe-rade-na-otklanjanju-kvara\/","url":"https:\/\/gorica.info\/u-mraclinu-nocas-puknula-vodovodna-cijev-radnici-vg-vodoopskrbe-rade-na-otklanjanju-kvara\/","name":"U Mraclinu no\u0107as puknula vodovodna cijev: Radnici VG Vodoopskrbe rade na otklanjanju o\u0161te\u0107enja - Gorica Info","isPartOf":{"@id":"https:\/\/gorica.info\/#website"},"primaryImageOfPage":{"@id":"https:\/\/gorica.info\/u-mraclinu-nocas-puknula-vodovodna-cijev-radnici-vg-vodoopskrbe-rade-na-otklanjanju-kvara\/#primaryimage"},"image":{"@id":"https:\/\/gorica.info\/u-mraclinu-nocas-puknula-vodovodna-cijev-radnici-vg-vodoopskrbe-rade-na-otklanjanju-kvara\/#primaryimage"},"thumbnailUrl":"https:\/\/gorica.info\/wp-content\/uploads\/2023\/03\/radovi-teslina_Fotor-e1679640879513.jpg","datePublished":"2023-03-24T06:57:25+00:00","description":"U Mraclinu no\u0107as puknula vodovodna cijev: Radnici VG Vodoopskrbe rade na otklanjanju kvara te mole za razumiejvanje mje\u0161tana.","breadcrumb":{"@id":"https:\/\/gorica.info\/u-mraclinu-nocas-puknula-vodovodna-cijev-radnici-vg-vodoopskrbe-rade-na-otklanjanju-kvara\/#breadcrumb"},"inLanguage":"en-US","potentialAction":[{"@type":"ReadAction","target":["https:\/\/gorica.info\/u-mraclinu-nocas-puknula-vodovodna-cijev-radnici-vg-vodoopskrbe-rade-na-otklanjanju-kvara\/"]}]},{"@type":"ImageObject","inLanguage":"en-US","@id":"https:\/\/gorica.info\/u-mraclinu-nocas-puknula-vodovodna-cijev-radnici-vg-vodoopskrbe-rade-na-otklanjanju-kvara\/#primaryimage","url":"https:\/\/gorica.info\/wp-content\/uploads\/2023\/03\/radovi-teslina_Fotor-e1679640879513.jpg","contentUrl":"https:\/\/gorica.info\/wp-content\/uploads\/2023\/03\/radovi-teslina_Fotor-e1679640879513.jpg","width":1008,"height":782,"caption":"Arhivska fotografija: Gorica.info"},{"@type":"BreadcrumbList","@id":"https:\/\/gorica.info\/u-mraclinu-nocas-puknula-vodovodna-cijev-radnici-vg-vodoopskrbe-rade-na-otklanjanju-kvara\/#breadcrumb","itemListElement":[{"@type":"ListItem","position":1,"name":"Po\u010detna stranica","item":"https:\/\/gorica.info\/"},{"@type":"ListItem","position":2,"name":"U Mraclinu no\u0107as puknula vodovodna cijev: Radnici VG Vodoopskrbe rade na otklanjanju o\u0161te\u0107enja"}]},{"@type":"WebSite","@id":"https:\/\/gorica.info\/#website","url":"https:\/\/gorica.info\/","name":"Gorica Info","description":"Vijesti iz Velike Gorice i okolice.","publisher":{"@id":"https:\/\/gorica.info\/#organization"},"potentialAction":[{"@type":"SearchAction","target":{"@type":"EntryPoint","urlTemplate":"https:\/\/gorica.info\/?s={search_term_string}"},"query-input":{"@type":"PropertyValueSpecification","valueRequired":true,"valueName":"search_term_string"}}],"inLanguage":"en-US"},{"@type":["Organization","Place","NewsMediaOrganization"],"@id":"https:\/\/gorica.info\/#organization","name":"Gorica Info","url":"https:\/\/gorica.info\/","logo":{"@id":"https:\/\/gorica.info\/u-mraclinu-nocas-puknula-vodovodna-cijev-radnici-vg-vodoopskrbe-rade-na-otklanjanju-kvara\/#local-main-organization-logo"},"image":{"@id":"https:\/\/gorica.info\/u-mraclinu-nocas-puknula-vodovodna-cijev-radnici-vg-vodoopskrbe-rade-na-otklanjanju-kvara\/#local-main-organization-logo"},"sameAs":["https:\/\/www.facebook.com\/Goricainfo-106005144489262","https:\/\/x.com\/GoricaInfo","https:\/\/www.instagram.com\/gorica.info\/"],"address":{"@id":"https:\/\/gorica.info\/u-mraclinu-nocas-puknula-vodovodna-cijev-radnici-vg-vodoopskrbe-rade-na-otklanjanju-kvara\/#local-main-place-address"},"telephone":[],"openingHoursSpecification":[{"@type":"OpeningHoursSpecification","dayOfWeek":["Monday","Tuesday","Wednesday","Thursday","Friday","Saturday","Sunday"],"opens":"09:00","closes":"17:00"}],"email":"redakcija@gorica.info"},{"@type":"Person","@id":"https:\/\/gorica.info\/#\/schema\/person\/4499af1f22f322670b9b5977ccc2e3de","name":"Gorica. info","description":"Gorica.info je lokalni portal koji prati Veliku Goricu i okolici, svakodnevno donosi najnovije vijesti i pri\u010de, kulturna doga\u0111anja i aktualnosti koje oblikuju \u017eivot gra\u0111ana.","url":"https:\/\/gorica.info\/en\/author\/gorica-info\/"},{"@type":"PostalAddress","@id":"https:\/\/gorica.info\/u-mraclinu-nocas-puknula-vodovodna-cijev-radnici-vg-vodoopskrbe-rade-na-otklanjanju-kvara\/#local-main-place-address","streetAddress":"Horvatova 97","addressLocality":"Velika Gorica","postalCode":"10410","addressRegion":"Croatia","addressCountry":"HR"},{"@type":"ImageObject","inLanguage":"en-US","@id":"https:\/\/gorica.info\/u-mraclinu-nocas-puknula-vodovodna-cijev-radnici-vg-vodoopskrbe-rade-na-otklanjanju-kvara\/#local-main-organization-logo","url":"https:\/\/gorica.info\/wp-content\/uploads\/2024\/07\/Gorica-Info-Logo-mali.png","contentUrl":"https:\/\/gorica.info\/wp-content\/uploads\/2024\/07\/Gorica-Info-Logo-mali.png","width":450,"height":85,"caption":"Gorica Info"}]},"geo.placename":"Velika Gorica","geo.region":"Croatia"},"_links":{"self":[{"href":"https:\/\/gorica.info\/en\/wp-json\/wp\/v2\/posts\/46130","targetHints":{"allow":["GET"]}}],"collection":[{"href":"https:\/\/gorica.info\/en\/wp-json\/wp\/v2\/posts"}],"about":[{"href":"https:\/\/gorica.info\/en\/wp-json\/wp\/v2\/types\/post"}],"author":[{"embeddable":true,"href":"https:\/\/gorica.info\/en\/wp-json\/wp\/v2\/users\/23"}],"replies":[{"embeddable":true,"href":"https:\/\/gorica.info\/en\/wp-json\/wp\/v2\/comments?post=46130"}],"version-history":[{"count":0,"href":"https:\/\/gorica.info\/en\/wp-json\/wp\/v2\/posts\/46130\/revisions"}],"wp:featuredmedia":[{"embeddable":true,"href":"https:\/\/gorica.info\/en\/wp-json\/wp\/v2\/media\/46131"}],"wp:attachment":[{"href":"https:\/\/gorica.info\/en\/wp-json\/wp\/v2\/media?parent=46130"}],"wp:term":[{"taxonomy":"category","embeddable":true,"href":"https:\/\/gorica.info\/en\/wp-json\/wp\/v2\/categories?post=46130"},{"taxonomy":"post_tag","embeddable":true,"href":"https:\/\/gorica.info\/en\/wp-json\/wp\/v2\/tags?post=46130"}],"curies":[{"name":"wp","href":"https:\/\/api.w.org\/{rel}","templated":true}]}}