{"id":46237,"date":"2023-03-26T10:34:23","date_gmt":"2023-03-26T08:34:23","guid":{"rendered":"https:\/\/gorica.info\/?p=46237"},"modified":"2023-03-26T10:34:23","modified_gmt":"2023-03-26T08:34:23","slug":"mladi-sportski-penjac-iz-busevca-mihael-pal-osvojio-trece-mjesto-na-prvenstvu-hrvatske-u-disciplini-boulder","status":"publish","type":"post","link":"https:\/\/gorica.info\/en\/mladi-sportski-penjac-iz-busevca-mihael-pal-osvojio-trece-mjesto-na-prvenstvu-hrvatske-u-disciplini-boulder\/","title":{"rendered":"Mladi sportski penja\u010d iz Bu\u0161evca Mihael Pal tre\u0107i na Prvenstvu Hrvatske u disciplini Boulder"},"content":{"rendered":"<p>Mladi sportski penja\u010d iz Bu\u0161evca, <strong>Mihael Pal<\/strong> osvojio je tre\u0107e mjesto na <strong>Prvenstvu Hrvatske<\/strong> u disciplini Boulder. Mihaelu je drugo mjesto izmaklo u zadnjih 10 minuta. Bolji je bio <strong>Roko Borkovi\u0107 \u0160ipi\u0107,<\/strong> koji se tako\u0111er kao i Mihael penje za <strong>SPK Fothia.<\/strong> Prvo mjesto osvojio je Darian Duka iz SPK Marulianus iz Splita.<\/p>\n<p>Mihael je popeo 4 smjera\u00a0 do &#8220;Topa&#8221; iz prve, te jo\u0161 tri smjera do &#8220;Zone&#8221;, tj. polovice.<\/p>\n<p><img fetchpriority=\"high\" decoding=\"async\" class=\"aligncenter wp-image-46239 size-large\" src=\"https:\/\/gorica.info\/wp-content\/uploads\/2023\/03\/mihael-pal-sportsko-penjanje-707x1024.jpg\" alt=\"\" width=\"707\" height=\"1024\" \/><\/p>\n<p>&#8211; Drago mi je da je moj klupski kolega Rok osvojio svoju prvu medalju ove godine. <a href=\"https:\/\/gorica.info\/en\/2023\/03\/12\/uspjeh-penjaca-iz-busevca-mihael-pal-osvojio-prvo-mjesto-u-prvom-kolu-blok-kids-lige-u-sportskom-penjanju\/\">Natjecanje<\/a> je bilo jako izazovno, smjerovi su bili odli\u010dni i dosta te\u0161ki. Zbog bolesti propustio sam nekoliko treninga u zadnje vrijeme, ali mislim da je ovo odli\u010dan uspjeh, biti tre\u0107i u Hrvatskoj. Mogao sam i bolje, ali to mi je motiv da nastavim marljivo trenirat i dalje \u2013 kazao je Mihael.<\/p>\n<p>Na Prvenstvu je sudjelovalo 300-ak natjecatelja u svim kategorijama i to je najbolji pokazatelj koliko je ovo natjecanje popularno i zna\u010dajno u svijetu sportskih penja\u010da.<\/p>\n<p>Natjecanje je organizirao <a href=\"https:\/\/hsps-climbing.org\/\"><strong>Hrvatski sportski penja\u010dki savez<\/strong><\/a>, a odr\u017eano je u dvorani SPK Fothia na Zagreba\u010dkom velesajmu.<\/p>\n<p>&nbsp;<\/p>\n<p>&nbsp;<\/p>","protected":false},"excerpt":{"rendered":"<p>Mladi sportski penja\u010d iz Bu\u0161evca, Mihael Pal osvojio je tre\u0107e mjesto na Prvenstvu Hrvatske u disciplini Boulder. Mihaelu je drugo mjesto izmaklo u zadnjih 10 minuta. Bolji je bio Roko Borkovi\u0107 \u0160ipi\u0107, koji se tako\u0111er kao i Mihael penje za SPK Fothia. Prvo mjesto osvojio je Darian Duka iz SPK Marulianus iz Splita. Mihael je [&hellip;]<\/p>\n","protected":false},"author":25,"featured_media":46238,"comment_status":"open","ping_status":"open","sticky":false,"template":"","format":"standard","meta":{"limit_modified_date":"","last_modified_date":"","jnews-multi-image_gallery":[],"jnews_single_post":[],"jnews_primary_category":[],"jnews_override_counter":[],"footnotes":""},"categories":[99],"tags":[9287,3060,565,9288,3061],"class_list":["post-46237","post","type-post","status-publish","format-standard","has-post-thumbnail","hentry","category-sport","tag-boulder","tag-mihael-pal","tag-prvenstvo-hrvatske","tag-spk-fothia","tag-sportsko-penjanje"],"yoast_head":"<!-- This site is optimized with the Yoast SEO Premium plugin v27.4 (Yoast SEO v27.4) - https:\/\/yoast.com\/product\/yoast-seo-premium-wordpress\/ -->\n<title>Mladi sportski penja\u010d iz Bu\u0161evca Mihael Pal tre\u0107i na Prvenstvu Hrvatske u disciplini Boulder - Gorica Info<\/title>\n<meta name=\"description\" content=\"Mladi sportski penja\u010d iz Bu\u0161evca Mihael Pal osvojio tre\u0107e mjesto na Prvenstvu Hrvatske u disciplini Boulder\" \/>\n<meta name=\"robots\" content=\"index, follow, max-snippet:-1, max-image-preview:large, max-video-preview:-1\" \/>\n<link rel=\"canonical\" href=\"https:\/\/gorica.info\/en\/mladi-sportski-penjac-iz-busevca-mihael-pal-osvojio-trece-mjesto-na-prvenstvu-hrvatske-u-disciplini-boulder\/\" \/>\n<meta property=\"og:locale\" content=\"en_US\" \/>\n<meta property=\"og:type\" content=\"article\" \/>\n<meta property=\"og:title\" content=\"Mladi sportski penja\u010d iz Bu\u0161evca Mihael Pal tre\u0107i na Prvenstvu Hrvatske u disciplini Boulder\" \/>\n<meta property=\"og:description\" content=\"Mladi sportski penja\u010d iz Bu\u0161evca Mihael Pal osvojio tre\u0107e mjesto na Prvenstvu Hrvatske u disciplini Boulder\" \/>\n<meta property=\"og:url\" content=\"https:\/\/gorica.info\/en\/mladi-sportski-penjac-iz-busevca-mihael-pal-osvojio-trece-mjesto-na-prvenstvu-hrvatske-u-disciplini-boulder\/\" \/>\n<meta property=\"og:site_name\" content=\"Gorica Info\" \/>\n<meta property=\"article:publisher\" content=\"https:\/\/www.facebook.com\/Goricainfo-106005144489262\" \/>\n<meta property=\"article:published_time\" content=\"2023-03-26T08:34:23+00:00\" \/>\n<meta property=\"og:image\" content=\"https:\/\/gorica.info\/wp-content\/uploads\/2023\/03\/mihael-pal-trece-mjesto.jpg\" \/>\n\t<meta property=\"og:image:width\" content=\"1200\" \/>\n\t<meta property=\"og:image:height\" content=\"771\" \/>\n\t<meta property=\"og:image:type\" content=\"image\/jpeg\" \/>\n<meta name=\"author\" content=\"Marta Horvat\" \/>\n<meta name=\"twitter:card\" content=\"summary_large_image\" \/>\n<meta name=\"twitter:creator\" content=\"@GoricaInfo\" \/>\n<meta name=\"twitter:site\" content=\"@GoricaInfo\" \/>\n<meta name=\"twitter:label1\" content=\"Written by\" \/>\n\t<meta name=\"twitter:data1\" content=\"Marta Horvat\" \/>\n\t<meta name=\"twitter:label2\" content=\"Est. reading time\" \/>\n\t<meta name=\"twitter:data2\" content=\"2 minutes\" \/>\n<meta name=\"geo.placename\" content=\"Velika Gorica\" \/>\n<meta name=\"geo.region\" content=\"Croatia\" \/>\n<!-- \/ Yoast SEO Premium plugin. -->","yoast_head_json":{"title":"Mladi sportski penja\u010d iz Bu\u0161evca Mihael Pal tre\u0107i na Prvenstvu Hrvatske u disciplini Boulder - Gorica Info","description":"Mladi sportski penja\u010d iz Bu\u0161evca Mihael Pal osvojio tre\u0107e mjesto na Prvenstvu Hrvatske u disciplini Boulder","robots":{"index":"index","follow":"follow","max-snippet":"max-snippet:-1","max-image-preview":"max-image-preview:large","max-video-preview":"max-video-preview:-1"},"canonical":"https:\/\/gorica.info\/en\/mladi-sportski-penjac-iz-busevca-mihael-pal-osvojio-trece-mjesto-na-prvenstvu-hrvatske-u-disciplini-boulder\/","og_locale":"en_US","og_type":"article","og_title":"Mladi sportski penja\u010d iz Bu\u0161evca Mihael Pal tre\u0107i na Prvenstvu Hrvatske u disciplini Boulder","og_description":"Mladi sportski penja\u010d iz Bu\u0161evca Mihael Pal osvojio tre\u0107e mjesto na Prvenstvu Hrvatske u disciplini Boulder","og_url":"https:\/\/gorica.info\/en\/mladi-sportski-penjac-iz-busevca-mihael-pal-osvojio-trece-mjesto-na-prvenstvu-hrvatske-u-disciplini-boulder\/","og_site_name":"Gorica Info","article_publisher":"https:\/\/www.facebook.com\/Goricainfo-106005144489262","article_published_time":"2023-03-26T08:34:23+00:00","og_image":[{"width":1200,"height":771,"url":"https:\/\/gorica.info\/wp-content\/uploads\/2023\/03\/mihael-pal-trece-mjesto.jpg","type":"image\/jpeg"}],"author":"Marta Horvat","twitter_card":"summary_large_image","twitter_creator":"@GoricaInfo","twitter_site":"@GoricaInfo","twitter_misc":{"Written by":"Marta Horvat","Est. reading time":"2 minutes"},"schema":{"@context":"https:\/\/schema.org","@graph":[{"@type":"NewsArticle","@id":"https:\/\/gorica.info\/mladi-sportski-penjac-iz-busevca-mihael-pal-osvojio-trece-mjesto-na-prvenstvu-hrvatske-u-disciplini-boulder\/#article","isPartOf":{"@id":"https:\/\/gorica.info\/mladi-sportski-penjac-iz-busevca-mihael-pal-osvojio-trece-mjesto-na-prvenstvu-hrvatske-u-disciplini-boulder\/"},"author":{"name":"Marta Horvat","@id":"https:\/\/gorica.info\/#\/schema\/person\/b2df2f6fb2a9073c0fa5af2672befd52"},"headline":"Mladi sportski penja\u010d iz Bu\u0161evca Mihael Pal tre\u0107i na Prvenstvu Hrvatske u disciplini Boulder","datePublished":"2023-03-26T08:34:23+00:00","mainEntityOfPage":{"@id":"https:\/\/gorica.info\/mladi-sportski-penjac-iz-busevca-mihael-pal-osvojio-trece-mjesto-na-prvenstvu-hrvatske-u-disciplini-boulder\/"},"wordCount":206,"commentCount":0,"publisher":{"@id":"https:\/\/gorica.info\/#organization"},"image":{"@id":"https:\/\/gorica.info\/mladi-sportski-penjac-iz-busevca-mihael-pal-osvojio-trece-mjesto-na-prvenstvu-hrvatske-u-disciplini-boulder\/#primaryimage"},"thumbnailUrl":"https:\/\/gorica.info\/wp-content\/uploads\/2023\/03\/mihael-pal-trece-mjesto.jpg","keywords":["boulder","mihael pal","Prvenstvo Hrvatske","spk fothia","sportsko penjanje"],"articleSection":["SPORT"],"inLanguage":"en-US","potentialAction":[{"@type":"CommentAction","name":"Comment","target":["https:\/\/gorica.info\/mladi-sportski-penjac-iz-busevca-mihael-pal-osvojio-trece-mjesto-na-prvenstvu-hrvatske-u-disciplini-boulder\/#respond"]}],"copyrightYear":"2023","copyrightHolder":{"@id":"https:\/\/gorica.info\/en\/#organization"}},{"@type":"WebPage","@id":"https:\/\/gorica.info\/mladi-sportski-penjac-iz-busevca-mihael-pal-osvojio-trece-mjesto-na-prvenstvu-hrvatske-u-disciplini-boulder\/","url":"https:\/\/gorica.info\/mladi-sportski-penjac-iz-busevca-mihael-pal-osvojio-trece-mjesto-na-prvenstvu-hrvatske-u-disciplini-boulder\/","name":"Mladi sportski penja\u010d iz Bu\u0161evca Mihael Pal tre\u0107i na Prvenstvu Hrvatske u disciplini Boulder - Gorica Info","isPartOf":{"@id":"https:\/\/gorica.info\/#website"},"primaryImageOfPage":{"@id":"https:\/\/gorica.info\/mladi-sportski-penjac-iz-busevca-mihael-pal-osvojio-trece-mjesto-na-prvenstvu-hrvatske-u-disciplini-boulder\/#primaryimage"},"image":{"@id":"https:\/\/gorica.info\/mladi-sportski-penjac-iz-busevca-mihael-pal-osvojio-trece-mjesto-na-prvenstvu-hrvatske-u-disciplini-boulder\/#primaryimage"},"thumbnailUrl":"https:\/\/gorica.info\/wp-content\/uploads\/2023\/03\/mihael-pal-trece-mjesto.jpg","datePublished":"2023-03-26T08:34:23+00:00","description":"Mladi sportski penja\u010d iz Bu\u0161evca Mihael Pal osvojio tre\u0107e mjesto na Prvenstvu Hrvatske u disciplini Boulder","breadcrumb":{"@id":"https:\/\/gorica.info\/mladi-sportski-penjac-iz-busevca-mihael-pal-osvojio-trece-mjesto-na-prvenstvu-hrvatske-u-disciplini-boulder\/#breadcrumb"},"inLanguage":"en-US","potentialAction":[{"@type":"ReadAction","target":["https:\/\/gorica.info\/mladi-sportski-penjac-iz-busevca-mihael-pal-osvojio-trece-mjesto-na-prvenstvu-hrvatske-u-disciplini-boulder\/"]}]},{"@type":"ImageObject","inLanguage":"en-US","@id":"https:\/\/gorica.info\/mladi-sportski-penjac-iz-busevca-mihael-pal-osvojio-trece-mjesto-na-prvenstvu-hrvatske-u-disciplini-boulder\/#primaryimage","url":"https:\/\/gorica.info\/wp-content\/uploads\/2023\/03\/mihael-pal-trece-mjesto.jpg","contentUrl":"https:\/\/gorica.info\/wp-content\/uploads\/2023\/03\/mihael-pal-trece-mjesto.jpg","width":1100,"height":707,"caption":"Foto: Privatna arhiva"},{"@type":"BreadcrumbList","@id":"https:\/\/gorica.info\/mladi-sportski-penjac-iz-busevca-mihael-pal-osvojio-trece-mjesto-na-prvenstvu-hrvatske-u-disciplini-boulder\/#breadcrumb","itemListElement":[{"@type":"ListItem","position":1,"name":"Po\u010detna stranica","item":"https:\/\/gorica.info\/"},{"@type":"ListItem","position":2,"name":"Mladi sportski penja\u010d iz Bu\u0161evca Mihael Pal tre\u0107i na Prvenstvu Hrvatske u disciplini Boulder"}]},{"@type":"WebSite","@id":"https:\/\/gorica.info\/#website","url":"https:\/\/gorica.info\/","name":"Gorica Info","description":"Vijesti iz Velike Gorice i okolice.","publisher":{"@id":"https:\/\/gorica.info\/#organization"},"potentialAction":[{"@type":"SearchAction","target":{"@type":"EntryPoint","urlTemplate":"https:\/\/gorica.info\/?s={search_term_string}"},"query-input":{"@type":"PropertyValueSpecification","valueRequired":true,"valueName":"search_term_string"}}],"inLanguage":"en-US"},{"@type":["Organization","Place","NewsMediaOrganization"],"@id":"https:\/\/gorica.info\/#organization","name":"Gorica Info","url":"https:\/\/gorica.info\/","logo":{"@id":"https:\/\/gorica.info\/mladi-sportski-penjac-iz-busevca-mihael-pal-osvojio-trece-mjesto-na-prvenstvu-hrvatske-u-disciplini-boulder\/#local-main-organization-logo"},"image":{"@id":"https:\/\/gorica.info\/mladi-sportski-penjac-iz-busevca-mihael-pal-osvojio-trece-mjesto-na-prvenstvu-hrvatske-u-disciplini-boulder\/#local-main-organization-logo"},"sameAs":["https:\/\/www.facebook.com\/Goricainfo-106005144489262","https:\/\/x.com\/GoricaInfo","https:\/\/www.instagram.com\/gorica.info\/"],"address":{"@id":"https:\/\/gorica.info\/mladi-sportski-penjac-iz-busevca-mihael-pal-osvojio-trece-mjesto-na-prvenstvu-hrvatske-u-disciplini-boulder\/#local-main-place-address"},"telephone":[],"openingHoursSpecification":[{"@type":"OpeningHoursSpecification","dayOfWeek":["Monday","Tuesday","Wednesday","Thursday","Friday","Saturday","Sunday"],"opens":"09:00","closes":"17:00"}],"email":"redakcija@gorica.info"},{"@type":"Person","@id":"https:\/\/gorica.info\/#\/schema\/person\/b2df2f6fb2a9073c0fa5af2672befd52","name":"Marta Horvat","description":"Marta Horvat je studentica koja redovito pi\u0161e za portal, prati sva gradska doga\u0111anja i u\u017eiva isprobavati nove recept koje dijeli s na\u0161im \u010ditateljima.","url":"https:\/\/gorica.info\/en\/author\/marta-horvat\/"},{"@type":"PostalAddress","@id":"https:\/\/gorica.info\/mladi-sportski-penjac-iz-busevca-mihael-pal-osvojio-trece-mjesto-na-prvenstvu-hrvatske-u-disciplini-boulder\/#local-main-place-address","streetAddress":"Horvatova 97","addressLocality":"Velika Gorica","postalCode":"10410","addressRegion":"Croatia","addressCountry":"HR"},{"@type":"ImageObject","inLanguage":"en-US","@id":"https:\/\/gorica.info\/mladi-sportski-penjac-iz-busevca-mihael-pal-osvojio-trece-mjesto-na-prvenstvu-hrvatske-u-disciplini-boulder\/#local-main-organization-logo","url":"https:\/\/gorica.info\/wp-content\/uploads\/2024\/07\/Gorica-Info-Logo-mali.png","contentUrl":"https:\/\/gorica.info\/wp-content\/uploads\/2024\/07\/Gorica-Info-Logo-mali.png","width":450,"height":85,"caption":"Gorica Info"}]},"geo.placename":"Velika Gorica","geo.region":"Croatia"},"_links":{"self":[{"href":"https:\/\/gorica.info\/en\/wp-json\/wp\/v2\/posts\/46237","targetHints":{"allow":["GET"]}}],"collection":[{"href":"https:\/\/gorica.info\/en\/wp-json\/wp\/v2\/posts"}],"about":[{"href":"https:\/\/gorica.info\/en\/wp-json\/wp\/v2\/types\/post"}],"author":[{"embeddable":true,"href":"https:\/\/gorica.info\/en\/wp-json\/wp\/v2\/users\/25"}],"replies":[{"embeddable":true,"href":"https:\/\/gorica.info\/en\/wp-json\/wp\/v2\/comments?post=46237"}],"version-history":[{"count":0,"href":"https:\/\/gorica.info\/en\/wp-json\/wp\/v2\/posts\/46237\/revisions"}],"wp:featuredmedia":[{"embeddable":true,"href":"https:\/\/gorica.info\/en\/wp-json\/wp\/v2\/media\/46238"}],"wp:attachment":[{"href":"https:\/\/gorica.info\/en\/wp-json\/wp\/v2\/media?parent=46237"}],"wp:term":[{"taxonomy":"category","embeddable":true,"href":"https:\/\/gorica.info\/en\/wp-json\/wp\/v2\/categories?post=46237"},{"taxonomy":"post_tag","embeddable":true,"href":"https:\/\/gorica.info\/en\/wp-json\/wp\/v2\/tags?post=46237"}],"curies":[{"name":"wp","href":"https:\/\/api.w.org\/{rel}","templated":true}]}}