{"id":46256,"date":"2023-03-27T06:15:47","date_gmt":"2023-03-27T04:15:47","guid":{"rendered":"https:\/\/gorica.info\/?p=46256"},"modified":"2023-03-27T06:15:47","modified_gmt":"2023-03-27T04:15:47","slug":"meteoalarm-upaljen-za-hrvatsku","status":"publish","type":"post","link":"https:\/\/gorica.info\/en\/meteoalarm-upaljen-za-hrvatsku\/","title":{"rendered":"Meteoalarm upaljen danas za \u010ditavu Hrvatsku: Na gori\u010dkom podru\u010dju upozorenje zbog nevremena s grmljavinom, obilne ki\u0161e i jakog vjetra&#8230;"},"content":{"rendered":"<p><strong>Meteoalarm<\/strong> je upaljen danas za \u010ditavu Hrvatsku. Za ve\u0107inu dijelova, uklju\u010duju\u0107i i na\u0161e podru\u010dje, na snazi je \u017euti meteoalarm, a za podru\u010dje ispod Velebita i ju\u017enu Dalmaciju na snazi je crveni meteoalarm.<\/p>\n<p>Za \u0161ire zagreba\u010dko i velikogori\u010dko podru\u010dje na snazi su \u010dak <strong>tri upozorenja<\/strong>. Prvi se odnosi na mogu\u0107nost grmljavinskog nevremena uz jak vjetar, a drugi na lokalno mogu\u0107u obilnu ki\u0161u s do 20 litara oborina na \u010detvorni metar. Ta dva upozorenja na snazi su do prijepodnevnih sati.<\/p>\n<p>Nakon toga trebao bi uslijediti kratkotrajno smirivanje vremena. No to se mijenja ve\u0107 od podneva za kada je upaljen i tre\u0107i dana\u0161nji meteoalarm za na\u0161e podru\u010dje.<\/p>\n<p><strong>Evo na \u0161to posebno upozoravaju iz Dr\u017eavnog hidrometeorolo\u0161kog zavoda:<\/strong><\/p>\n<p class=\"table-warnings__info\">Mjestimice olujni udari sjevernog vjetra. Najja\u010di udari vjetra ja\u010di od 65 km\/h.<br \/>\n<strong>BUDITE NA OPREZU<\/strong> zbog krhotina koje lete no\u0161ene jakim vjetrom. Mogu\u0107i su prekidi u aktivnostima na otvorenom.<\/p>\n<p>Taj meteoalarm na snazi je do 21 sat.<\/p>\n<p><strong>Evo i <a href=\"https:\/\/meteo.hr\/prognoze.php?section=prognoze_metp&amp;param=zgsutra\">prognoze<\/a> za velikogori\u010dko i zagreba\u010dko podru\u010dje za danas:<\/strong><\/p>\n<p>Promjenljivo obla\u010dno uz mjestimi\u010dnu ki\u0161u ili pljuskove, osobito u no\u0107i i ujutro te ponovno popodne. U okolnom gorju ki\u0161a mo\u017ee prije\u0107i u susnje\u017eicu ili snijeg. Umjeren do jak sjeverozapadni i sjeverni vjetar, popodne i nave\u010der lokalno i s olujnim udarima, osobito u gorju. Najni\u017ea jutarnja temperatura zraka od 5 do 8 \u00b0C, a najvi\u0161a dnevna izme\u0111u 12 i 14 \u00b0C. Nave\u010der uz razvedravanje osjetno hladnije.<\/p>\n<p>U utorak nas o\u010dekuje promjenjivo obla\u010dan dan sa sun\u010danim razdobljima. Oborina ne bi trebalo biti, ali temperature ne\u0107e prelaziti 7 do 8 stupnjeva Celzijevih.<\/p>\n<p>U srijedu i dalje obla\u010dno, temperature rastu pa \u0107e dose\u0107i i do 12 stupnjeva. Uvod je to u \u010detvrtak kada bi \u017eiva u termometrima na gori\u010dkom podru\u010dju trebala presko\u010diti 15 stupnjeva i popeti se do 18. Nave\u010der \u0107e ponovno biti ki\u0161e. Sli\u010dno vrijeme o\u010dekuje nas i u petak.<\/p>\n<p>A po\u010detak vikenda? Prema dana\u0161njim prognozama subota \u0107e biti izuzetno ki\u0161na&#8230;<\/p>\n<p>Prolje\u0107e je tek po\u010delo, a promjene vremena su \u010deste. Zato nas ne bi trebao iznenaditi ni neki proljetni snijeg. Preklani nam se, podsjetimo se, <a href=\"https:\/\/gorica.info\/en\/2021\/04\/13\/snijeg-zatrpao-dio-autocesta-u-hrvatskoj\/\">zima vratila sredinom travnja,\u00a0<\/a>a i lani su po\u010detkom travnja pahulje snijega zabijelile Veliku Goricu i okolicu.<\/p>","protected":false},"excerpt":{"rendered":"<p>Meteoalarm je upaljen danas za \u010ditavu Hrvatsku. Za ve\u0107inu dijelova, uklju\u010duju\u0107i i na\u0161e podru\u010dje, na snazi je \u017euti meteoalarm, a za podru\u010dje ispod Velebita i ju\u017enu Dalmaciju na snazi je crveni meteoalarm. Za \u0161ire zagreba\u010dko i velikogori\u010dko podru\u010dje na snazi su \u010dak tri upozorenja. Prvi se odnosi na mogu\u0107nost grmljavinskog nevremena uz jak vjetar, a [&hellip;]<\/p>\n","protected":false},"author":25,"featured_media":46257,"comment_status":"open","ping_status":"open","sticky":false,"template":"","format":"standard","meta":{"limit_modified_date":"","last_modified_date":"","jnews-multi-image_gallery":[],"jnews_single_post":[],"jnews_primary_category":[],"jnews_override_counter":[],"footnotes":""},"categories":[92],"tags":[853,451,9293,470,122,357],"class_list":["post-46256","post","type-post","status-publish","format-standard","has-post-thumbnail","hentry","category-info","tag-dhmz","tag-meteoalarm","tag-obiilna-kisa","tag-prognoza-vremena","tag-velika-gorica","tag-vjetar"],"yoast_head":"<!-- This site is optimized with the Yoast SEO Premium plugin v27.4 (Yoast SEO v27.4) - https:\/\/yoast.com\/product\/yoast-seo-premium-wordpress\/ -->\n<title>Meteoalarm upaljen danas za \u010ditavu Hrvatsku: Na gori\u010dkom podru\u010dju upozorenje zbog nevremena s grmljavinom, obilne ki\u0161e i jakog vjetra... - Gorica Info<\/title>\n<meta name=\"description\" content=\"Meteoalarm je upaljen u ponedjeljak za \u010ditavu Hrvatsku. Za ve\u0107inu dijelova na snazi je \u017euti meteoalarm, a za dijelove uz Jadran i crveni\u00a0\" \/>\n<meta name=\"robots\" content=\"index, follow, max-snippet:-1, max-image-preview:large, max-video-preview:-1\" \/>\n<link rel=\"canonical\" href=\"https:\/\/gorica.info\/en\/meteoalarm-upaljen-za-hrvatsku\/\" \/>\n<meta property=\"og:locale\" content=\"en_US\" \/>\n<meta property=\"og:type\" content=\"article\" \/>\n<meta property=\"og:title\" content=\"Meteoalarm upaljen danas za \u010ditavu Hrvatsku: Na gori\u010dkom podru\u010dju upozorenje zbog nevremena s grmljavinom, obilne ki\u0161e i jakog vjetra...\" \/>\n<meta property=\"og:description\" content=\"Meteoalarm je upaljen u ponedjeljak za \u010ditavu Hrvatsku. Za ve\u0107inu dijelova na snazi je \u017euti meteoalarm, a za dijelove uz Jadran i crveni\u00a0\" \/>\n<meta property=\"og:url\" content=\"https:\/\/gorica.info\/en\/meteoalarm-upaljen-za-hrvatsku\/\" \/>\n<meta property=\"og:site_name\" content=\"Gorica Info\" \/>\n<meta property=\"article:publisher\" content=\"https:\/\/www.facebook.com\/Goricainfo-106005144489262\" \/>\n<meta property=\"article:published_time\" content=\"2023-03-27T04:15:47+00:00\" \/>\n<meta property=\"og:image\" content=\"https:\/\/gorica.info\/wp-content\/uploads\/2023\/03\/kisa-promet.jpg\" \/>\n\t<meta property=\"og:image:width\" content=\"1067\" \/>\n\t<meta property=\"og:image:height\" content=\"800\" \/>\n\t<meta property=\"og:image:type\" content=\"image\/jpeg\" \/>\n<meta name=\"author\" content=\"Marta Horvat\" \/>\n<meta name=\"twitter:card\" content=\"summary_large_image\" \/>\n<meta name=\"twitter:creator\" content=\"@GoricaInfo\" \/>\n<meta name=\"twitter:site\" content=\"@GoricaInfo\" \/>\n<meta name=\"twitter:label1\" content=\"Written by\" \/>\n\t<meta name=\"twitter:data1\" content=\"Marta Horvat\" \/>\n\t<meta name=\"twitter:label2\" content=\"Est. reading time\" \/>\n\t<meta name=\"twitter:data2\" content=\"2 minutes\" \/>\n<meta name=\"geo.placename\" content=\"Velika Gorica\" \/>\n<meta name=\"geo.region\" content=\"Croatia\" \/>\n<!-- \/ Yoast SEO Premium plugin. -->","yoast_head_json":{"title":"Meteoalarm upaljen danas za \u010ditavu Hrvatsku: Na gori\u010dkom podru\u010dju upozorenje zbog nevremena s grmljavinom, obilne ki\u0161e i jakog vjetra... - Gorica Info","description":"Meteoalarm je upaljen u ponedjeljak za \u010ditavu Hrvatsku. Za ve\u0107inu dijelova na snazi je \u017euti meteoalarm, a za dijelove uz Jadran i crveni\u00a0","robots":{"index":"index","follow":"follow","max-snippet":"max-snippet:-1","max-image-preview":"max-image-preview:large","max-video-preview":"max-video-preview:-1"},"canonical":"https:\/\/gorica.info\/en\/meteoalarm-upaljen-za-hrvatsku\/","og_locale":"en_US","og_type":"article","og_title":"Meteoalarm upaljen danas za \u010ditavu Hrvatsku: Na gori\u010dkom podru\u010dju upozorenje zbog nevremena s grmljavinom, obilne ki\u0161e i jakog vjetra...","og_description":"Meteoalarm je upaljen u ponedjeljak za \u010ditavu Hrvatsku. Za ve\u0107inu dijelova na snazi je \u017euti meteoalarm, a za dijelove uz Jadran i crveni\u00a0","og_url":"https:\/\/gorica.info\/en\/meteoalarm-upaljen-za-hrvatsku\/","og_site_name":"Gorica Info","article_publisher":"https:\/\/www.facebook.com\/Goricainfo-106005144489262","article_published_time":"2023-03-27T04:15:47+00:00","og_image":[{"width":1067,"height":800,"url":"https:\/\/gorica.info\/wp-content\/uploads\/2023\/03\/kisa-promet.jpg","type":"image\/jpeg"}],"author":"Marta Horvat","twitter_card":"summary_large_image","twitter_creator":"@GoricaInfo","twitter_site":"@GoricaInfo","twitter_misc":{"Written by":"Marta Horvat","Est. reading time":"2 minutes"},"schema":{"@context":"https:\/\/schema.org","@graph":[{"@type":"NewsArticle","@id":"https:\/\/gorica.info\/meteoalarm-upaljen-za-hrvatsku\/#article","isPartOf":{"@id":"https:\/\/gorica.info\/meteoalarm-upaljen-za-hrvatsku\/"},"author":{"name":"Marta Horvat","@id":"https:\/\/gorica.info\/#\/schema\/person\/b2df2f6fb2a9073c0fa5af2672befd52"},"headline":"Meteoalarm upaljen danas za \u010ditavu Hrvatsku: Na gori\u010dkom podru\u010dju upozorenje zbog nevremena s grmljavinom, obilne ki\u0161e i jakog vjetra&#8230;","datePublished":"2023-03-27T04:15:47+00:00","mainEntityOfPage":{"@id":"https:\/\/gorica.info\/meteoalarm-upaljen-za-hrvatsku\/"},"wordCount":418,"commentCount":0,"publisher":{"@id":"https:\/\/gorica.info\/#organization"},"image":{"@id":"https:\/\/gorica.info\/meteoalarm-upaljen-za-hrvatsku\/#primaryimage"},"thumbnailUrl":"https:\/\/gorica.info\/wp-content\/uploads\/2023\/03\/kisa-promet.jpg","keywords":["dhmz","Meteoalarm","obiilna ki\u0161a","prognoza vremena","Velika Gorica","vjetar"],"articleSection":["INFO"],"inLanguage":"en-US","potentialAction":[{"@type":"CommentAction","name":"Comment","target":["https:\/\/gorica.info\/meteoalarm-upaljen-za-hrvatsku\/#respond"]}],"copyrightYear":"2023","copyrightHolder":{"@id":"https:\/\/gorica.info\/en\/#organization"}},{"@type":"WebPage","@id":"https:\/\/gorica.info\/meteoalarm-upaljen-za-hrvatsku\/","url":"https:\/\/gorica.info\/meteoalarm-upaljen-za-hrvatsku\/","name":"Meteoalarm upaljen danas za \u010ditavu Hrvatsku: Na gori\u010dkom podru\u010dju upozorenje zbog nevremena s grmljavinom, obilne ki\u0161e i jakog vjetra... - Gorica Info","isPartOf":{"@id":"https:\/\/gorica.info\/#website"},"primaryImageOfPage":{"@id":"https:\/\/gorica.info\/meteoalarm-upaljen-za-hrvatsku\/#primaryimage"},"image":{"@id":"https:\/\/gorica.info\/meteoalarm-upaljen-za-hrvatsku\/#primaryimage"},"thumbnailUrl":"https:\/\/gorica.info\/wp-content\/uploads\/2023\/03\/kisa-promet.jpg","datePublished":"2023-03-27T04:15:47+00:00","description":"Meteoalarm je upaljen u ponedjeljak za \u010ditavu Hrvatsku. Za ve\u0107inu dijelova na snazi je \u017euti meteoalarm, a za dijelove uz Jadran i crveni\u00a0","breadcrumb":{"@id":"https:\/\/gorica.info\/meteoalarm-upaljen-za-hrvatsku\/#breadcrumb"},"inLanguage":"en-US","potentialAction":[{"@type":"ReadAction","target":["https:\/\/gorica.info\/meteoalarm-upaljen-za-hrvatsku\/"]}]},{"@type":"ImageObject","inLanguage":"en-US","@id":"https:\/\/gorica.info\/meteoalarm-upaljen-za-hrvatsku\/#primaryimage","url":"https:\/\/gorica.info\/wp-content\/uploads\/2023\/03\/kisa-promet.jpg","contentUrl":"https:\/\/gorica.info\/wp-content\/uploads\/2023\/03\/kisa-promet.jpg","width":1067,"height":800,"caption":"Danas bi voza\u010di zbog vremenskih neprilika trebali biti dodatno oprezni u prometu \/ Foto: Gorica.info"},{"@type":"BreadcrumbList","@id":"https:\/\/gorica.info\/meteoalarm-upaljen-za-hrvatsku\/#breadcrumb","itemListElement":[{"@type":"ListItem","position":1,"name":"Po\u010detna stranica","item":"https:\/\/gorica.info\/"},{"@type":"ListItem","position":2,"name":"Meteoalarm upaljen danas za \u010ditavu Hrvatsku: Na gori\u010dkom podru\u010dju upozorenje zbog nevremena s grmljavinom, obilne ki\u0161e i jakog vjetra&#8230;"}]},{"@type":"WebSite","@id":"https:\/\/gorica.info\/#website","url":"https:\/\/gorica.info\/","name":"Gorica Info","description":"Vijesti iz Velike Gorice i okolice.","publisher":{"@id":"https:\/\/gorica.info\/#organization"},"potentialAction":[{"@type":"SearchAction","target":{"@type":"EntryPoint","urlTemplate":"https:\/\/gorica.info\/?s={search_term_string}"},"query-input":{"@type":"PropertyValueSpecification","valueRequired":true,"valueName":"search_term_string"}}],"inLanguage":"en-US"},{"@type":["Organization","Place","NewsMediaOrganization"],"@id":"https:\/\/gorica.info\/#organization","name":"Gorica Info","url":"https:\/\/gorica.info\/","logo":{"@id":"https:\/\/gorica.info\/meteoalarm-upaljen-za-hrvatsku\/#local-main-organization-logo"},"image":{"@id":"https:\/\/gorica.info\/meteoalarm-upaljen-za-hrvatsku\/#local-main-organization-logo"},"sameAs":["https:\/\/www.facebook.com\/Goricainfo-106005144489262","https:\/\/x.com\/GoricaInfo","https:\/\/www.instagram.com\/gorica.info\/"],"address":{"@id":"https:\/\/gorica.info\/meteoalarm-upaljen-za-hrvatsku\/#local-main-place-address"},"telephone":[],"openingHoursSpecification":[{"@type":"OpeningHoursSpecification","dayOfWeek":["Monday","Tuesday","Wednesday","Thursday","Friday","Saturday","Sunday"],"opens":"09:00","closes":"17:00"}],"email":"redakcija@gorica.info"},{"@type":"Person","@id":"https:\/\/gorica.info\/#\/schema\/person\/b2df2f6fb2a9073c0fa5af2672befd52","name":"Marta Horvat","description":"Marta Horvat je studentica koja redovito pi\u0161e za portal, prati sva gradska doga\u0111anja i u\u017eiva isprobavati nove recept koje dijeli s na\u0161im \u010ditateljima.","url":"https:\/\/gorica.info\/en\/author\/marta-horvat\/"},{"@type":"PostalAddress","@id":"https:\/\/gorica.info\/meteoalarm-upaljen-za-hrvatsku\/#local-main-place-address","streetAddress":"Horvatova 97","addressLocality":"Velika Gorica","postalCode":"10410","addressRegion":"Croatia","addressCountry":"HR"},{"@type":"ImageObject","inLanguage":"en-US","@id":"https:\/\/gorica.info\/meteoalarm-upaljen-za-hrvatsku\/#local-main-organization-logo","url":"https:\/\/gorica.info\/wp-content\/uploads\/2024\/07\/Gorica-Info-Logo-mali.png","contentUrl":"https:\/\/gorica.info\/wp-content\/uploads\/2024\/07\/Gorica-Info-Logo-mali.png","width":450,"height":85,"caption":"Gorica Info"}]},"geo.placename":"Velika Gorica","geo.region":"Croatia"},"_links":{"self":[{"href":"https:\/\/gorica.info\/en\/wp-json\/wp\/v2\/posts\/46256","targetHints":{"allow":["GET"]}}],"collection":[{"href":"https:\/\/gorica.info\/en\/wp-json\/wp\/v2\/posts"}],"about":[{"href":"https:\/\/gorica.info\/en\/wp-json\/wp\/v2\/types\/post"}],"author":[{"embeddable":true,"href":"https:\/\/gorica.info\/en\/wp-json\/wp\/v2\/users\/25"}],"replies":[{"embeddable":true,"href":"https:\/\/gorica.info\/en\/wp-json\/wp\/v2\/comments?post=46256"}],"version-history":[{"count":0,"href":"https:\/\/gorica.info\/en\/wp-json\/wp\/v2\/posts\/46256\/revisions"}],"wp:featuredmedia":[{"embeddable":true,"href":"https:\/\/gorica.info\/en\/wp-json\/wp\/v2\/media\/46257"}],"wp:attachment":[{"href":"https:\/\/gorica.info\/en\/wp-json\/wp\/v2\/media?parent=46256"}],"wp:term":[{"taxonomy":"category","embeddable":true,"href":"https:\/\/gorica.info\/en\/wp-json\/wp\/v2\/categories?post=46256"},{"taxonomy":"post_tag","embeddable":true,"href":"https:\/\/gorica.info\/en\/wp-json\/wp\/v2\/tags?post=46256"}],"curies":[{"name":"wp","href":"https:\/\/api.w.org\/{rel}","templated":true}]}}