{"id":46408,"date":"2023-03-30T08:48:53","date_gmt":"2023-03-30T06:48:53","guid":{"rendered":"https:\/\/gorica.info\/?p=46408"},"modified":"2023-03-30T08:48:53","modified_gmt":"2023-03-30T06:48:53","slug":"umjetnicka-skola-franje-lucica-slavi-svoj-dan-koncertom-u-puckom-ucilistu-odusevili-publiku","status":"publish","type":"post","link":"https:\/\/gorica.info\/en\/umjetnicka-skola-franje-lucica-slavi-svoj-dan-koncertom-u-puckom-ucilistu-odusevili-publiku\/","title":{"rendered":"Umjetni\u010dka \u0161kola Franje Lu\u010di\u0107a slavi svoj dan: Koncertom u Pu\u010dkom u\u010dili\u0161tu odu\u0161evili publiku"},"content":{"rendered":"<p>Povodom dana \u0161kole, <a href=\"http:\/\/ss-umjetnicka-flucica-velikagorica.skole.hr\/\"><strong>Umjetni\u010dka \u0161kola<\/strong><\/a><strong> Franje Lu\u010di\u0107a<\/strong> ovoga tjedna organizirala je <strong>tri prigodna koncerta<\/strong>. Jedan od njih odr\u017ean je u srijedu nave\u010der u velikoj dvorani Pu\u010dkog otvorenog u\u010dili\u0161ta Velika Gorica.<\/p>\n<p><a href=\"https:\/\/gorica.info\/en\/2023\/01\/31\/umjetnicka-skola-franje-lucica-u-galzenici-organizira-koncert-pod-nazivom-glazbena-obitelj\/\">Koncert<\/a> je otvorio zbor osnovne \u0161kole skladbama &#8220;Dona nobis pacem&#8221; i &#8221; Vois\u00a0 sur ton chenin&#8221; te &#8220;Double trouble&#8221;. Dirigenti su bili <strong>Ivana Dali\u0107<\/strong> i <strong>Jan Nagli\u0107<\/strong> ina\u010de oboje polaznici ove \u0161kole.<\/p>\n<p><img fetchpriority=\"high\" decoding=\"async\" class=\"aligncenter wp-image-46410 size-large\" src=\"https:\/\/gorica.info\/wp-content\/uploads\/2023\/03\/IMG-20230329-WA0005-e1680157527582-1024x476.jpg\" alt=\"lu\u010di\u0107a\" width=\"810\" height=\"377\" srcset=\"https:\/\/gorica.info\/wp-content\/uploads\/2023\/03\/IMG-20230329-WA0005-e1680157527582-1024x476.jpg 1024w, https:\/\/gorica.info\/wp-content\/uploads\/2023\/03\/IMG-20230329-WA0005-e1680157527582-300x140.jpg 300w, https:\/\/gorica.info\/wp-content\/uploads\/2023\/03\/IMG-20230329-WA0005-e1680157527582-768x357.jpg 768w, https:\/\/gorica.info\/wp-content\/uploads\/2023\/03\/IMG-20230329-WA0005-e1680157527582-18x8.jpg 18w, https:\/\/gorica.info\/wp-content\/uploads\/2023\/03\/IMG-20230329-WA0005-e1680157527582-750x349.jpg 750w, https:\/\/gorica.info\/wp-content\/uploads\/2023\/03\/IMG-20230329-WA0005-e1680157527582-1140x530.jpg 1140w, https:\/\/gorica.info\/wp-content\/uploads\/2023\/03\/IMG-20230329-WA0005-e1680157527582.jpg 1100w\" sizes=\"(max-width: 810px) 100vw, 810px\" \/><\/p>\n<p>Program je nastavio zbor srednje \u0161kole koji je me\u0111u \u010detiri izvedene skladbe izveo i jednu autora po kojemu je \u0161kola dobila ime, Franje Lu\u010di\u0107a naziva &#8220;Tekla voda&#8221;. Osim Jana Nagli\u0107a, zborom je ravnala i <strong>Ivana Stepinac<\/strong>. Klavirska pratnja zbora\u0161ima bila je prof. <strong>Ana \u0160edlbauer<\/strong> koja je ujedno pripremila zborove za ovaj sve\u010dani koncert.<\/p>\n<p><img decoding=\"async\" class=\"aligncenter wp-image-46411 size-large\" src=\"https:\/\/gorica.info\/wp-content\/uploads\/2023\/03\/IMG-20230329-WA0006-1024x530.jpg\" alt=\"lu\u010di\u0107a\" width=\"810\" height=\"419\" srcset=\"https:\/\/gorica.info\/wp-content\/uploads\/2023\/03\/IMG-20230329-WA0006-1024x530.jpg 1024w, https:\/\/gorica.info\/wp-content\/uploads\/2023\/03\/IMG-20230329-WA0006-300x155.jpg 300w, https:\/\/gorica.info\/wp-content\/uploads\/2023\/03\/IMG-20230329-WA0006-768x397.jpg 768w, https:\/\/gorica.info\/wp-content\/uploads\/2023\/03\/IMG-20230329-WA0006-18x9.jpg 18w, https:\/\/gorica.info\/wp-content\/uploads\/2023\/03\/IMG-20230329-WA0006-750x388.jpg 750w, https:\/\/gorica.info\/wp-content\/uploads\/2023\/03\/IMG-20230329-WA0006-1140x590.jpg 1140w, https:\/\/gorica.info\/wp-content\/uploads\/2023\/03\/IMG-20230329-WA0006.jpg 1100w\" sizes=\"(max-width: 810px) 100vw, 810px\" \/><\/p>\n<p>Uslijedio je nastup <strong>Nike \u017derjav<\/strong> na flauti <strong>i Ane Murkovi\u0107<\/strong> na gitari skladbom &#8220;Libertango&#8221;.<\/p>\n<p><img decoding=\"async\" class=\"aligncenter wp-image-46417 size-large\" src=\"https:\/\/gorica.info\/wp-content\/uploads\/2023\/03\/IMG-20230329-WA0012-1024x461.jpg\" alt=\"lu\u010di\u0107a\" width=\"810\" height=\"365\" srcset=\"https:\/\/gorica.info\/wp-content\/uploads\/2023\/03\/IMG-20230329-WA0012-1024x461.jpg 1024w, https:\/\/gorica.info\/wp-content\/uploads\/2023\/03\/IMG-20230329-WA0012-300x135.jpg 300w, https:\/\/gorica.info\/wp-content\/uploads\/2023\/03\/IMG-20230329-WA0012-768x346.jpg 768w, https:\/\/gorica.info\/wp-content\/uploads\/2023\/03\/IMG-20230329-WA0012-18x8.jpg 18w, https:\/\/gorica.info\/wp-content\/uploads\/2023\/03\/IMG-20230329-WA0012-750x338.jpg 750w, https:\/\/gorica.info\/wp-content\/uploads\/2023\/03\/IMG-20230329-WA0012-1140x513.jpg 1140w, https:\/\/gorica.info\/wp-content\/uploads\/2023\/03\/IMG-20230329-WA0012.jpg 1100w\" sizes=\"(max-width: 810px) 100vw, 810px\" \/><\/p>\n<p>Kako zvu\u010di &#8220;Legenda&#8221; do\u010darao nam je kvintet violon\u010dela (<strong>Lea Butina<\/strong>, <strong>Adriana Peher<\/strong>, <strong>Terezija Kr\u010deli\u0107 Rabadan<\/strong>, <strong>Gita Kozina<\/strong> te <strong>Iva Marjanovi\u0107<\/strong>).<\/p>\n<p><img loading=\"lazy\" decoding=\"async\" class=\"aligncenter wp-image-46416 size-large\" src=\"https:\/\/gorica.info\/wp-content\/uploads\/2023\/03\/IMG-20230329-WA0011-e1680157200407-1024x544.jpg\" alt=\"\" width=\"810\" height=\"430\" srcset=\"https:\/\/gorica.info\/wp-content\/uploads\/2023\/03\/IMG-20230329-WA0011-e1680157200407-1024x544.jpg 1024w, https:\/\/gorica.info\/wp-content\/uploads\/2023\/03\/IMG-20230329-WA0011-e1680157200407-300x159.jpg 300w, https:\/\/gorica.info\/wp-content\/uploads\/2023\/03\/IMG-20230329-WA0011-e1680157200407-768x408.jpg 768w, https:\/\/gorica.info\/wp-content\/uploads\/2023\/03\/IMG-20230329-WA0011-e1680157200407-18x10.jpg 18w, https:\/\/gorica.info\/wp-content\/uploads\/2023\/03\/IMG-20230329-WA0011-e1680157200407-750x398.jpg 750w, https:\/\/gorica.info\/wp-content\/uploads\/2023\/03\/IMG-20230329-WA0011-e1680157200407-1140x605.jpg 1140w, https:\/\/gorica.info\/wp-content\/uploads\/2023\/03\/IMG-20230329-WA0011-e1680157200407.jpg 1100w\" sizes=\"(max-width: 810px) 100vw, 810px\" \/><\/p>\n<p>Za \u010duveni &#8220;A je to!&#8221; \u010duli su i stari i mladi, ali za razliku od animiranih aktera oktet gitara je zvu\u010dao savr\u0161eno, ba\u0161 kako i prili\u010di ovoj prigodi, a izveli su upravo spomenutu skladbu, i odu\u0161evili prisutnu publiku, ne samo sviranjem nego i prigodnim outfitom. U oktetu su zasvirali <strong>Nikola \u010cun\u010di\u0107<\/strong>, <strong>Ema Lesinger<\/strong>, <strong>Mihael Karas<\/strong>, <strong>Patricija Lukini\u0107<\/strong>, <strong>Marija \u0160por\u010di\u0107<\/strong>, <strong>Helena Primorac<\/strong>, <strong>Viktor Benedetti<\/strong> te <strong>Ana Murkovi\u0107<\/strong>, a pripremio ih je prof. <strong>Luka Stipanov<\/strong>.<\/p>\n<p>A da nema proslave bez harmonike, i to dobro znamo. Na repertoaru su se na\u0161le tri skladbe &#8220;Largo&#8221;, &#8220;Besame mucho&#8221; te &#8220;City moments&#8221;, a orkestrom je ravnao prof. Igor Jugec.<\/p>\n<p>Mali puha\u010dki orkestar je sve samo ne mali, no prof. <strong>Marko Po\u017egaj<\/strong> kao i svi nastavnici ove \u0161kole radi sjajno s mladim glazbenicima. To se to \u010dulo i prigodom izvedbe dvaju skladbi &#8220;Activity&#8221; te &#8220;Grandfather&#8217;s clock&#8221;.<\/p>\n<p>Koncert je zavr\u0161io nastupom mje\u0161ovitog orkestra, tako\u0111er pod ravnanjem prof. Po\u017egaja skladbom &#8220;Instant concert&#8221;.<\/p>\n<p>A da je ovo bio sve, samo ne instant koncert, pokazao je pljesak odu\u0161evljene publike. Ponosnih majki, o\u010deva, bra\u0107e i sestara, djedova i baka i ostalih koji su do\u0161li podr\u017eati\u00a0 polaznike Umjetni\u010dke \u0161kole Franje Lu\u010di\u0107a koji su pokazali svoje znanje i umije\u0107e pjevanja i sviranja.<\/p>\n<p>Ako ste propustili ovaj, nemojte to u\u010diniti s tre\u0107im koncertom koji je najavljen za \u010detvrtak u <strong>Dvorani Gal\u017eenica<\/strong> s po\u010detkom u <strong>19,30 sati<\/strong> kada \u0107e nastupiti solisti.<\/p>\n<p><img loading=\"lazy\" decoding=\"async\" class=\"aligncenter wp-image-46412 size-large\" src=\"https:\/\/gorica.info\/wp-content\/uploads\/2023\/03\/IMG-20230329-WA0007-1024x461.jpg\" alt=\"lu\u010di\u0107a\" width=\"810\" height=\"365\" srcset=\"https:\/\/gorica.info\/wp-content\/uploads\/2023\/03\/IMG-20230329-WA0007-1024x461.jpg 1024w, https:\/\/gorica.info\/wp-content\/uploads\/2023\/03\/IMG-20230329-WA0007-300x135.jpg 300w, https:\/\/gorica.info\/wp-content\/uploads\/2023\/03\/IMG-20230329-WA0007-768x346.jpg 768w, https:\/\/gorica.info\/wp-content\/uploads\/2023\/03\/IMG-20230329-WA0007-18x8.jpg 18w, https:\/\/gorica.info\/wp-content\/uploads\/2023\/03\/IMG-20230329-WA0007-750x338.jpg 750w, https:\/\/gorica.info\/wp-content\/uploads\/2023\/03\/IMG-20230329-WA0007-1140x513.jpg 1140w, https:\/\/gorica.info\/wp-content\/uploads\/2023\/03\/IMG-20230329-WA0007.jpg 1100w\" sizes=\"(max-width: 810px) 100vw, 810px\" \/><\/p>\n<p><img loading=\"lazy\" decoding=\"async\" class=\"aligncenter wp-image-46413 size-large\" src=\"https:\/\/gorica.info\/wp-content\/uploads\/2023\/03\/IMG-20230329-WA0008-1024x461.jpg\" alt=\"\" width=\"810\" height=\"365\" srcset=\"https:\/\/gorica.info\/wp-content\/uploads\/2023\/03\/IMG-20230329-WA0008-1024x461.jpg 1024w, https:\/\/gorica.info\/wp-content\/uploads\/2023\/03\/IMG-20230329-WA0008-300x135.jpg 300w, https:\/\/gorica.info\/wp-content\/uploads\/2023\/03\/IMG-20230329-WA0008-768x346.jpg 768w, https:\/\/gorica.info\/wp-content\/uploads\/2023\/03\/IMG-20230329-WA0008-18x8.jpg 18w, https:\/\/gorica.info\/wp-content\/uploads\/2023\/03\/IMG-20230329-WA0008-750x338.jpg 750w, https:\/\/gorica.info\/wp-content\/uploads\/2023\/03\/IMG-20230329-WA0008-1140x513.jpg 1140w, https:\/\/gorica.info\/wp-content\/uploads\/2023\/03\/IMG-20230329-WA0008.jpg 1100w\" sizes=\"(max-width: 810px) 100vw, 810px\" \/><\/p>\n<p><img loading=\"lazy\" decoding=\"async\" class=\"aligncenter wp-image-46414 size-large\" src=\"https:\/\/gorica.info\/wp-content\/uploads\/2023\/03\/IMG-20230329-WA0009-1024x576.jpg\" alt=\"\" width=\"810\" height=\"456\" srcset=\"https:\/\/gorica.info\/wp-content\/uploads\/2023\/03\/IMG-20230329-WA0009-1024x576.jpg 1024w, https:\/\/gorica.info\/wp-content\/uploads\/2023\/03\/IMG-20230329-WA0009-300x169.jpg 300w, https:\/\/gorica.info\/wp-content\/uploads\/2023\/03\/IMG-20230329-WA0009-768x432.jpg 768w, https:\/\/gorica.info\/wp-content\/uploads\/2023\/03\/IMG-20230329-WA0009-18x10.jpg 18w, https:\/\/gorica.info\/wp-content\/uploads\/2023\/03\/IMG-20230329-WA0009-750x422.jpg 750w, https:\/\/gorica.info\/wp-content\/uploads\/2023\/03\/IMG-20230329-WA0009-1140x641.jpg 1140w, https:\/\/gorica.info\/wp-content\/uploads\/2023\/03\/IMG-20230329-WA0009.jpg 1100w\" sizes=\"(max-width: 810px) 100vw, 810px\" \/><\/p>\n<p><img loading=\"lazy\" decoding=\"async\" class=\"aligncenter wp-image-46418 size-large\" src=\"https:\/\/gorica.info\/wp-content\/uploads\/2023\/03\/IMG-20230329-WA0013-1024x461.jpg\" alt=\"\" width=\"810\" height=\"365\" srcset=\"https:\/\/gorica.info\/wp-content\/uploads\/2023\/03\/IMG-20230329-WA0013-1024x461.jpg 1024w, https:\/\/gorica.info\/wp-content\/uploads\/2023\/03\/IMG-20230329-WA0013-300x135.jpg 300w, https:\/\/gorica.info\/wp-content\/uploads\/2023\/03\/IMG-20230329-WA0013-768x346.jpg 768w, https:\/\/gorica.info\/wp-content\/uploads\/2023\/03\/IMG-20230329-WA0013-18x8.jpg 18w, https:\/\/gorica.info\/wp-content\/uploads\/2023\/03\/IMG-20230329-WA0013-750x338.jpg 750w, https:\/\/gorica.info\/wp-content\/uploads\/2023\/03\/IMG-20230329-WA0013-1140x513.jpg 1140w, https:\/\/gorica.info\/wp-content\/uploads\/2023\/03\/IMG-20230329-WA0013.jpg 1100w\" sizes=\"(max-width: 810px) 100vw, 810px\" \/><\/p>\n<p>&nbsp;<\/p>","protected":false},"excerpt":{"rendered":"<p>Povodom dana \u0161kole, Umjetni\u010dka \u0161kola Franje Lu\u010di\u0107a ovoga tjedna organizirala je tri prigodna koncerta. Jedan od njih odr\u017ean je u srijedu nave\u010der u velikoj dvorani Pu\u010dkog otvorenog u\u010dili\u0161ta Velika Gorica. Koncert je otvorio zbor osnovne \u0161kole skladbama &#8220;Dona nobis pacem&#8221; i &#8221; Vois\u00a0 sur ton chenin&#8221; te &#8220;Double trouble&#8221;. Dirigenti su bili Ivana Dali\u0107 i [&hellip;]<\/p>\n","protected":false},"author":25,"featured_media":46409,"comment_status":"open","ping_status":"open","sticky":false,"template":"","format":"standard","meta":{"limit_modified_date":"","last_modified_date":"","jnews-multi-image_gallery":[],"jnews_single_post":[],"jnews_primary_category":[],"jnews_override_counter":[],"footnotes":""},"categories":[84],"tags":[9332,1308,3705],"class_list":["post-46408","post","type-post","status-publish","format-standard","has-post-thumbnail","hentry","category-kultura","tag-dan-skole","tag-koncert","tag-umjetnicka-skola-franje-lucica"],"yoast_head":"<!-- This site is optimized with the Yoast SEO Premium plugin v27.4 (Yoast SEO v27.4) - https:\/\/yoast.com\/product\/yoast-seo-premium-wordpress\/ -->\n<title>Umjetni\u010dka \u0161kola Franje Lu\u010di\u0107a slavi svoj dan: Koncertom u Pu\u010dkom u\u010dili\u0161tu odu\u0161evili publiku - Gorica Info<\/title>\n<meta name=\"description\" content=\"Umjetni\u010dka \u0161kola Franje Lu\u010di\u0107a slavi svoj dan: Koncertom u Pu\u010dkom u\u010dili\u0161tu odu\u0161evili publiku. U \u010detvrtak \u0107e nastupiti u dvorani Gale\u017enica.\" \/>\n<meta name=\"robots\" content=\"index, follow, max-snippet:-1, max-image-preview:large, max-video-preview:-1\" \/>\n<link rel=\"canonical\" href=\"https:\/\/gorica.info\/en\/umjetnicka-skola-franje-lucica-slavi-svoj-dan-koncertom-u-puckom-ucilistu-odusevili-publiku\/\" \/>\n<meta property=\"og:locale\" content=\"en_US\" \/>\n<meta property=\"og:type\" content=\"article\" \/>\n<meta property=\"og:title\" content=\"Umjetni\u010dka \u0161kola Franje Lu\u010di\u0107a slavi svoj dan: Koncertom u Pu\u010dkom u\u010dili\u0161tu odu\u0161evili publiku\" \/>\n<meta property=\"og:description\" content=\"Umjetni\u010dka \u0161kola Franje Lu\u010di\u0107a slavi svoj dan: Koncertom u Pu\u010dkom u\u010dili\u0161tu odu\u0161evili publiku. U \u010detvrtak \u0107e nastupiti u dvorani Gale\u017enica.\" \/>\n<meta property=\"og:url\" content=\"https:\/\/gorica.info\/en\/umjetnicka-skola-franje-lucica-slavi-svoj-dan-koncertom-u-puckom-ucilistu-odusevili-publiku\/\" \/>\n<meta property=\"og:site_name\" content=\"Gorica Info\" \/>\n<meta property=\"article:publisher\" content=\"https:\/\/www.facebook.com\/Goricainfo-106005144489262\" \/>\n<meta property=\"article:published_time\" content=\"2023-03-30T06:48:53+00:00\" \/>\n<meta property=\"og:image\" content=\"https:\/\/gorica.info\/wp-content\/uploads\/2023\/03\/umjetnicka-skola-dan-skole-koncert.jpg\" \/>\n\t<meta property=\"og:image:width\" content=\"1200\" \/>\n\t<meta property=\"og:image:height\" content=\"771\" \/>\n\t<meta property=\"og:image:type\" content=\"image\/jpeg\" \/>\n<meta name=\"author\" content=\"Marta Horvat\" \/>\n<meta name=\"twitter:card\" content=\"summary_large_image\" \/>\n<meta name=\"twitter:creator\" content=\"@GoricaInfo\" \/>\n<meta name=\"twitter:site\" content=\"@GoricaInfo\" \/>\n<meta name=\"twitter:label1\" content=\"Written by\" \/>\n\t<meta name=\"twitter:data1\" content=\"Marta Horvat\" \/>\n\t<meta name=\"twitter:label2\" content=\"Est. reading time\" \/>\n\t<meta name=\"twitter:data2\" content=\"4 minutes\" \/>\n<meta name=\"geo.placename\" content=\"Velika Gorica\" \/>\n<meta name=\"geo.region\" content=\"Croatia\" \/>\n<!-- \/ Yoast SEO Premium plugin. -->","yoast_head_json":{"title":"Umjetni\u010dka \u0161kola Franje Lu\u010di\u0107a slavi svoj dan: Koncertom u Pu\u010dkom u\u010dili\u0161tu odu\u0161evili publiku - Gorica Info","description":"Umjetni\u010dka \u0161kola Franje Lu\u010di\u0107a slavi svoj dan: Koncertom u Pu\u010dkom u\u010dili\u0161tu odu\u0161evili publiku. U \u010detvrtak \u0107e nastupiti u dvorani Gale\u017enica.","robots":{"index":"index","follow":"follow","max-snippet":"max-snippet:-1","max-image-preview":"max-image-preview:large","max-video-preview":"max-video-preview:-1"},"canonical":"https:\/\/gorica.info\/en\/umjetnicka-skola-franje-lucica-slavi-svoj-dan-koncertom-u-puckom-ucilistu-odusevili-publiku\/","og_locale":"en_US","og_type":"article","og_title":"Umjetni\u010dka \u0161kola Franje Lu\u010di\u0107a slavi svoj dan: Koncertom u Pu\u010dkom u\u010dili\u0161tu odu\u0161evili publiku","og_description":"Umjetni\u010dka \u0161kola Franje Lu\u010di\u0107a slavi svoj dan: Koncertom u Pu\u010dkom u\u010dili\u0161tu odu\u0161evili publiku. U \u010detvrtak \u0107e nastupiti u dvorani Gale\u017enica.","og_url":"https:\/\/gorica.info\/en\/umjetnicka-skola-franje-lucica-slavi-svoj-dan-koncertom-u-puckom-ucilistu-odusevili-publiku\/","og_site_name":"Gorica Info","article_publisher":"https:\/\/www.facebook.com\/Goricainfo-106005144489262","article_published_time":"2023-03-30T06:48:53+00:00","og_image":[{"width":1200,"height":771,"url":"https:\/\/gorica.info\/wp-content\/uploads\/2023\/03\/umjetnicka-skola-dan-skole-koncert.jpg","type":"image\/jpeg"}],"author":"Marta Horvat","twitter_card":"summary_large_image","twitter_creator":"@GoricaInfo","twitter_site":"@GoricaInfo","twitter_misc":{"Written by":"Marta Horvat","Est. reading time":"4 minutes"},"schema":{"@context":"https:\/\/schema.org","@graph":[{"@type":"NewsArticle","@id":"https:\/\/gorica.info\/umjetnicka-skola-franje-lucica-slavi-svoj-dan-koncertom-u-puckom-ucilistu-odusevili-publiku\/#article","isPartOf":{"@id":"https:\/\/gorica.info\/umjetnicka-skola-franje-lucica-slavi-svoj-dan-koncertom-u-puckom-ucilistu-odusevili-publiku\/"},"author":{"name":"Marta Horvat","@id":"https:\/\/gorica.info\/#\/schema\/person\/b2df2f6fb2a9073c0fa5af2672befd52"},"headline":"Umjetni\u010dka \u0161kola Franje Lu\u010di\u0107a slavi svoj dan: Koncertom u Pu\u010dkom u\u010dili\u0161tu odu\u0161evili publiku","datePublished":"2023-03-30T06:48:53+00:00","mainEntityOfPage":{"@id":"https:\/\/gorica.info\/umjetnicka-skola-franje-lucica-slavi-svoj-dan-koncertom-u-puckom-ucilistu-odusevili-publiku\/"},"wordCount":439,"commentCount":0,"publisher":{"@id":"https:\/\/gorica.info\/#organization"},"image":{"@id":"https:\/\/gorica.info\/umjetnicka-skola-franje-lucica-slavi-svoj-dan-koncertom-u-puckom-ucilistu-odusevili-publiku\/#primaryimage"},"thumbnailUrl":"https:\/\/gorica.info\/wp-content\/uploads\/2023\/03\/umjetnicka-skola-dan-skole-koncert.jpg","keywords":["dan \u0161kole","koncert","umjetni\u010dka \u0161kola franje lu\u010di\u0107a"],"articleSection":["KULTURA"],"inLanguage":"en-US","potentialAction":[{"@type":"CommentAction","name":"Comment","target":["https:\/\/gorica.info\/umjetnicka-skola-franje-lucica-slavi-svoj-dan-koncertom-u-puckom-ucilistu-odusevili-publiku\/#respond"]}],"copyrightYear":"2023","copyrightHolder":{"@id":"https:\/\/gorica.info\/en\/#organization"}},{"@type":"WebPage","@id":"https:\/\/gorica.info\/umjetnicka-skola-franje-lucica-slavi-svoj-dan-koncertom-u-puckom-ucilistu-odusevili-publiku\/","url":"https:\/\/gorica.info\/umjetnicka-skola-franje-lucica-slavi-svoj-dan-koncertom-u-puckom-ucilistu-odusevili-publiku\/","name":"Umjetni\u010dka \u0161kola Franje Lu\u010di\u0107a slavi svoj dan: Koncertom u Pu\u010dkom u\u010dili\u0161tu odu\u0161evili publiku - Gorica Info","isPartOf":{"@id":"https:\/\/gorica.info\/#website"},"primaryImageOfPage":{"@id":"https:\/\/gorica.info\/umjetnicka-skola-franje-lucica-slavi-svoj-dan-koncertom-u-puckom-ucilistu-odusevili-publiku\/#primaryimage"},"image":{"@id":"https:\/\/gorica.info\/umjetnicka-skola-franje-lucica-slavi-svoj-dan-koncertom-u-puckom-ucilistu-odusevili-publiku\/#primaryimage"},"thumbnailUrl":"https:\/\/gorica.info\/wp-content\/uploads\/2023\/03\/umjetnicka-skola-dan-skole-koncert.jpg","datePublished":"2023-03-30T06:48:53+00:00","description":"Umjetni\u010dka \u0161kola Franje Lu\u010di\u0107a slavi svoj dan: Koncertom u Pu\u010dkom u\u010dili\u0161tu odu\u0161evili publiku. U \u010detvrtak \u0107e nastupiti u dvorani Gale\u017enica.","breadcrumb":{"@id":"https:\/\/gorica.info\/umjetnicka-skola-franje-lucica-slavi-svoj-dan-koncertom-u-puckom-ucilistu-odusevili-publiku\/#breadcrumb"},"inLanguage":"en-US","potentialAction":[{"@type":"ReadAction","target":["https:\/\/gorica.info\/umjetnicka-skola-franje-lucica-slavi-svoj-dan-koncertom-u-puckom-ucilistu-odusevili-publiku\/"]}]},{"@type":"ImageObject","inLanguage":"en-US","@id":"https:\/\/gorica.info\/umjetnicka-skola-franje-lucica-slavi-svoj-dan-koncertom-u-puckom-ucilistu-odusevili-publiku\/#primaryimage","url":"https:\/\/gorica.info\/wp-content\/uploads\/2023\/03\/umjetnicka-skola-dan-skole-koncert.jpg","contentUrl":"https:\/\/gorica.info\/wp-content\/uploads\/2023\/03\/umjetnicka-skola-dan-skole-koncert.jpg","width":1100,"height":707,"caption":"Foto: Marta Horvat"},{"@type":"BreadcrumbList","@id":"https:\/\/gorica.info\/umjetnicka-skola-franje-lucica-slavi-svoj-dan-koncertom-u-puckom-ucilistu-odusevili-publiku\/#breadcrumb","itemListElement":[{"@type":"ListItem","position":1,"name":"Po\u010detna stranica","item":"https:\/\/gorica.info\/"},{"@type":"ListItem","position":2,"name":"Umjetni\u010dka \u0161kola Franje Lu\u010di\u0107a slavi svoj dan: Koncertom u Pu\u010dkom u\u010dili\u0161tu odu\u0161evili publiku"}]},{"@type":"WebSite","@id":"https:\/\/gorica.info\/#website","url":"https:\/\/gorica.info\/","name":"Gorica Info","description":"Vijesti iz Velike Gorice i okolice.","publisher":{"@id":"https:\/\/gorica.info\/#organization"},"potentialAction":[{"@type":"SearchAction","target":{"@type":"EntryPoint","urlTemplate":"https:\/\/gorica.info\/?s={search_term_string}"},"query-input":{"@type":"PropertyValueSpecification","valueRequired":true,"valueName":"search_term_string"}}],"inLanguage":"en-US"},{"@type":["Organization","Place","NewsMediaOrganization"],"@id":"https:\/\/gorica.info\/#organization","name":"Gorica Info","url":"https:\/\/gorica.info\/","logo":{"@id":"https:\/\/gorica.info\/umjetnicka-skola-franje-lucica-slavi-svoj-dan-koncertom-u-puckom-ucilistu-odusevili-publiku\/#local-main-organization-logo"},"image":{"@id":"https:\/\/gorica.info\/umjetnicka-skola-franje-lucica-slavi-svoj-dan-koncertom-u-puckom-ucilistu-odusevili-publiku\/#local-main-organization-logo"},"sameAs":["https:\/\/www.facebook.com\/Goricainfo-106005144489262","https:\/\/x.com\/GoricaInfo","https:\/\/www.instagram.com\/gorica.info\/"],"address":{"@id":"https:\/\/gorica.info\/umjetnicka-skola-franje-lucica-slavi-svoj-dan-koncertom-u-puckom-ucilistu-odusevili-publiku\/#local-main-place-address"},"telephone":[],"openingHoursSpecification":[{"@type":"OpeningHoursSpecification","dayOfWeek":["Monday","Tuesday","Wednesday","Thursday","Friday","Saturday","Sunday"],"opens":"09:00","closes":"17:00"}],"email":"redakcija@gorica.info"},{"@type":"Person","@id":"https:\/\/gorica.info\/#\/schema\/person\/b2df2f6fb2a9073c0fa5af2672befd52","name":"Marta Horvat","description":"Marta Horvat je studentica koja redovito pi\u0161e za portal, prati sva gradska doga\u0111anja i u\u017eiva isprobavati nove recept koje dijeli s na\u0161im \u010ditateljima.","url":"https:\/\/gorica.info\/en\/author\/marta-horvat\/"},{"@type":"PostalAddress","@id":"https:\/\/gorica.info\/umjetnicka-skola-franje-lucica-slavi-svoj-dan-koncertom-u-puckom-ucilistu-odusevili-publiku\/#local-main-place-address","streetAddress":"Horvatova 97","addressLocality":"Velika Gorica","postalCode":"10410","addressRegion":"Croatia","addressCountry":"HR"},{"@type":"ImageObject","inLanguage":"en-US","@id":"https:\/\/gorica.info\/umjetnicka-skola-franje-lucica-slavi-svoj-dan-koncertom-u-puckom-ucilistu-odusevili-publiku\/#local-main-organization-logo","url":"https:\/\/gorica.info\/wp-content\/uploads\/2024\/07\/Gorica-Info-Logo-mali.png","contentUrl":"https:\/\/gorica.info\/wp-content\/uploads\/2024\/07\/Gorica-Info-Logo-mali.png","width":450,"height":85,"caption":"Gorica Info"}]},"geo.placename":"Velika Gorica","geo.region":"Croatia"},"_links":{"self":[{"href":"https:\/\/gorica.info\/en\/wp-json\/wp\/v2\/posts\/46408","targetHints":{"allow":["GET"]}}],"collection":[{"href":"https:\/\/gorica.info\/en\/wp-json\/wp\/v2\/posts"}],"about":[{"href":"https:\/\/gorica.info\/en\/wp-json\/wp\/v2\/types\/post"}],"author":[{"embeddable":true,"href":"https:\/\/gorica.info\/en\/wp-json\/wp\/v2\/users\/25"}],"replies":[{"embeddable":true,"href":"https:\/\/gorica.info\/en\/wp-json\/wp\/v2\/comments?post=46408"}],"version-history":[{"count":0,"href":"https:\/\/gorica.info\/en\/wp-json\/wp\/v2\/posts\/46408\/revisions"}],"wp:featuredmedia":[{"embeddable":true,"href":"https:\/\/gorica.info\/en\/wp-json\/wp\/v2\/media\/46409"}],"wp:attachment":[{"href":"https:\/\/gorica.info\/en\/wp-json\/wp\/v2\/media?parent=46408"}],"wp:term":[{"taxonomy":"category","embeddable":true,"href":"https:\/\/gorica.info\/en\/wp-json\/wp\/v2\/categories?post=46408"},{"taxonomy":"post_tag","embeddable":true,"href":"https:\/\/gorica.info\/en\/wp-json\/wp\/v2\/tags?post=46408"}],"curies":[{"name":"wp","href":"https:\/\/api.w.org\/{rel}","templated":true}]}}