{"id":46776,"date":"2023-04-05T10:33:28","date_gmt":"2023-04-05T08:33:28","guid":{"rendered":"https:\/\/gorica.info\/?p=46776"},"modified":"2023-04-05T10:33:28","modified_gmt":"2023-04-05T08:33:28","slug":"policijski-istrazitelji-otkrili-uzrok-pozara-u-mraclinu-mehanicka-iskra-zapalila-drvenu-prasinu-oko-radnog-stroja","status":"publish","type":"post","link":"https:\/\/gorica.info\/en\/policijski-istrazitelji-otkrili-uzrok-pozara-u-mraclinu-mehanicka-iskra-zapalila-drvenu-prasinu-oko-radnog-stroja\/","title":{"rendered":"Policijski istra\u017eitelji otkrili uzrok po\u017eara u Mraclinu: Mehani\u010dka iskra zapalila drvenu pra\u0161inu oko radnog stroja"},"content":{"rendered":"<p>Zavr\u0161en je u <strong>o\u010devid po\u017eara<\/strong> koji je izbio u tvrtki<strong> PPS Galekovi\u0107<\/strong> u <a href=\"https:\/\/gorica.info\/en\/2023\/04\/01\/pozar-u-mraclinu-gasilo-vise-od-100-vatrogasaca-u-eksploziji-tesko-ozlijeden-51-godisnji-radnik\/\">Mraclinu<\/a>. Iz <a href=\"https:\/\/zagrebacka-policija.gov.hr\/vijesti\/pozar-i-eksplozija-u-proizvodnom-pogonu-nadopuna-informacije-od-1-travnja\/93748\">policije<\/a> javljaju kako su istra\u017eitelji utvrdili kako je po\u017ear unutar proizvodnog pogona drvne industrije izbio uslijed stvaranja<strong> eksplozivne smjese<\/strong> drvene pra\u0161ine i zraka u prostoru oko radnog stroja da bi djelovanjem mehani\u010dke iskre do\u0161lo do zapaljenja i eksplozije.<\/p>\n<p>Nakon toga izbio je po\u017ear koji se pro\u0161irio na halu u kojoj su izgorjeli radni strojevi, drvna masa, inventar kao i ve\u0107ina hale. Po\u017ear se pro\u0161irio na dio krovi\u0161ta i skladi\u0161nog prostora susjednog objekta.<\/p>\n<p>Materijalna \u0161teta je zasad neutvr\u0111ena, cijeni se ve\u0107om.<\/p>\n<p>U po\u017earu je te\u0161ko ozlije\u0111en 51-godi\u0161nji zaposlenik tvornice. Po\u017ear je gasilo vi\u0161e od stotinu vatrogasaca iz JVP Velika Gorica, DVD-a Mraclin i jo\u0161 desetak DVD-ova s na\u0161eg podru\u010dja.<\/p>","protected":false},"excerpt":{"rendered":"<p>Zavr\u0161en je u o\u010devid po\u017eara koji je izbio u tvrtki PPS Galekovi\u0107 u Mraclinu. Iz policije javljaju kako su istra\u017eitelji utvrdili kako je po\u017ear unutar proizvodnog pogona drvne industrije izbio uslijed stvaranja eksplozivne smjese drvene pra\u0161ine i zraka u prostoru oko radnog stroja da bi djelovanjem mehani\u010dke iskre do\u0161lo do zapaljenja i eksplozije. Nakon toga [&hellip;]<\/p>\n","protected":false},"author":23,"featured_media":46777,"comment_status":"open","ping_status":"open","sticky":false,"template":"","format":"standard","meta":{"limit_modified_date":"","last_modified_date":"","jnews-multi-image_gallery":[],"jnews_single_post":[],"jnews_primary_category":[],"jnews_override_counter":[],"footnotes":""},"categories":[96],"tags":[2763,1505,1017,3641,5377,9361],"class_list":["post-46776","post","type-post","status-publish","format-standard","has-post-thumbnail","hentry","category-vijesti","tag-eksplozija","tag-mraclin","tag-ocevid","tag-ozlijeden-radnik","tag-policijski-istrazitelji","tag-pps-galekovic"],"yoast_head":"<!-- This site is optimized with the Yoast SEO Premium plugin v27.4 (Yoast SEO v27.4) - https:\/\/yoast.com\/product\/yoast-seo-premium-wordpress\/ -->\n<title>Policijski istra\u017eitelji otkrili uzrok po\u017eara u Mraclinu: Mehani\u010dka iskra zapalila drvenu pra\u0161inu oko radnog stroja - Gorica Info<\/title>\n<meta name=\"description\" content=\"Policijski istra\u017eitelji otkrili uzrok po\u017eara u Mraclinu: Mehani\u010dka iskra zapalila drvenu pra\u0161inu oko radnog stroja \u0161to je dovelo do eksplozije\" \/>\n<meta name=\"robots\" content=\"index, follow, max-snippet:-1, max-image-preview:large, max-video-preview:-1\" \/>\n<link rel=\"canonical\" href=\"https:\/\/gorica.info\/en\/policijski-istrazitelji-otkrili-uzrok-pozara-u-mraclinu-mehanicka-iskra-zapalila-drvenu-prasinu-oko-radnog-stroja\/\" \/>\n<meta property=\"og:locale\" content=\"en_US\" \/>\n<meta property=\"og:type\" content=\"article\" \/>\n<meta property=\"og:title\" content=\"Policijski istra\u017eitelji otkrili uzrok po\u017eara u Mraclinu: Mehani\u010dka iskra zapalila drvenu pra\u0161inu oko radnog stroja\" \/>\n<meta property=\"og:description\" content=\"Policijski istra\u017eitelji otkrili uzrok po\u017eara u Mraclinu: Mehani\u010dka iskra zapalila drvenu pra\u0161inu oko radnog stroja \u0161to je dovelo do eksplozije\" \/>\n<meta property=\"og:url\" content=\"https:\/\/gorica.info\/en\/policijski-istrazitelji-otkrili-uzrok-pozara-u-mraclinu-mehanicka-iskra-zapalila-drvenu-prasinu-oko-radnog-stroja\/\" \/>\n<meta property=\"og:site_name\" content=\"Gorica Info\" \/>\n<meta property=\"article:publisher\" content=\"https:\/\/www.facebook.com\/Goricainfo-106005144489262\" \/>\n<meta property=\"article:published_time\" content=\"2023-04-05T08:33:28+00:00\" \/>\n<meta property=\"og:image\" content=\"https:\/\/gorica.info\/wp-content\/uploads\/2023\/04\/pozar-mraclin-foto-jvp-vg.jpg\" \/>\n\t<meta property=\"og:image:width\" content=\"1067\" \/>\n\t<meta property=\"og:image:height\" content=\"800\" \/>\n\t<meta property=\"og:image:type\" content=\"image\/jpeg\" \/>\n<meta name=\"author\" content=\"Gorica. info\" \/>\n<meta name=\"twitter:card\" content=\"summary_large_image\" \/>\n<meta name=\"twitter:creator\" content=\"@GoricaInfo\" \/>\n<meta name=\"twitter:site\" content=\"@GoricaInfo\" \/>\n<meta name=\"twitter:label1\" content=\"Written by\" \/>\n\t<meta name=\"twitter:data1\" content=\"Gorica. info\" \/>\n\t<meta name=\"twitter:label2\" content=\"Est. reading time\" \/>\n\t<meta name=\"twitter:data2\" content=\"1 minute\" \/>\n<meta name=\"geo.placename\" content=\"Velika Gorica\" \/>\n<meta name=\"geo.region\" content=\"Croatia\" \/>\n<!-- \/ Yoast SEO Premium plugin. -->","yoast_head_json":{"title":"Policijski istra\u017eitelji otkrili uzrok po\u017eara u Mraclinu: Mehani\u010dka iskra zapalila drvenu pra\u0161inu oko radnog stroja - Gorica Info","description":"Policijski istra\u017eitelji otkrili uzrok po\u017eara u Mraclinu: Mehani\u010dka iskra zapalila drvenu pra\u0161inu oko radnog stroja \u0161to je dovelo do eksplozije","robots":{"index":"index","follow":"follow","max-snippet":"max-snippet:-1","max-image-preview":"max-image-preview:large","max-video-preview":"max-video-preview:-1"},"canonical":"https:\/\/gorica.info\/en\/policijski-istrazitelji-otkrili-uzrok-pozara-u-mraclinu-mehanicka-iskra-zapalila-drvenu-prasinu-oko-radnog-stroja\/","og_locale":"en_US","og_type":"article","og_title":"Policijski istra\u017eitelji otkrili uzrok po\u017eara u Mraclinu: Mehani\u010dka iskra zapalila drvenu pra\u0161inu oko radnog stroja","og_description":"Policijski istra\u017eitelji otkrili uzrok po\u017eara u Mraclinu: Mehani\u010dka iskra zapalila drvenu pra\u0161inu oko radnog stroja \u0161to je dovelo do eksplozije","og_url":"https:\/\/gorica.info\/en\/policijski-istrazitelji-otkrili-uzrok-pozara-u-mraclinu-mehanicka-iskra-zapalila-drvenu-prasinu-oko-radnog-stroja\/","og_site_name":"Gorica Info","article_publisher":"https:\/\/www.facebook.com\/Goricainfo-106005144489262","article_published_time":"2023-04-05T08:33:28+00:00","og_image":[{"width":1067,"height":800,"url":"https:\/\/gorica.info\/wp-content\/uploads\/2023\/04\/pozar-mraclin-foto-jvp-vg.jpg","type":"image\/jpeg"}],"author":"Gorica. info","twitter_card":"summary_large_image","twitter_creator":"@GoricaInfo","twitter_site":"@GoricaInfo","twitter_misc":{"Written by":"Gorica. info","Est. reading time":"1 minute"},"schema":{"@context":"https:\/\/schema.org","@graph":[{"@type":"NewsArticle","@id":"https:\/\/gorica.info\/policijski-istrazitelji-otkrili-uzrok-pozara-u-mraclinu-mehanicka-iskra-zapalila-drvenu-prasinu-oko-radnog-stroja\/#article","isPartOf":{"@id":"https:\/\/gorica.info\/policijski-istrazitelji-otkrili-uzrok-pozara-u-mraclinu-mehanicka-iskra-zapalila-drvenu-prasinu-oko-radnog-stroja\/"},"author":{"name":"Gorica. info","@id":"https:\/\/gorica.info\/#\/schema\/person\/4499af1f22f322670b9b5977ccc2e3de"},"headline":"Policijski istra\u017eitelji otkrili uzrok po\u017eara u Mraclinu: Mehani\u010dka iskra zapalila drvenu pra\u0161inu oko radnog stroja","datePublished":"2023-04-05T08:33:28+00:00","mainEntityOfPage":{"@id":"https:\/\/gorica.info\/policijski-istrazitelji-otkrili-uzrok-pozara-u-mraclinu-mehanicka-iskra-zapalila-drvenu-prasinu-oko-radnog-stroja\/"},"wordCount":167,"commentCount":0,"publisher":{"@id":"https:\/\/gorica.info\/#organization"},"image":{"@id":"https:\/\/gorica.info\/policijski-istrazitelji-otkrili-uzrok-pozara-u-mraclinu-mehanicka-iskra-zapalila-drvenu-prasinu-oko-radnog-stroja\/#primaryimage"},"thumbnailUrl":"https:\/\/gorica.info\/wp-content\/uploads\/2023\/04\/pozar-mraclin-foto-jvp-vg.jpg","keywords":["eksplozija","mraclin","o\u010devid","ozlije\u0111en radnik","policijski istra\u017eitelji","pps galekovi\u0107"],"articleSection":["VIJESTI"],"inLanguage":"en-US","potentialAction":[{"@type":"CommentAction","name":"Comment","target":["https:\/\/gorica.info\/policijski-istrazitelji-otkrili-uzrok-pozara-u-mraclinu-mehanicka-iskra-zapalila-drvenu-prasinu-oko-radnog-stroja\/#respond"]}],"copyrightYear":"2023","copyrightHolder":{"@id":"https:\/\/gorica.info\/en\/#organization"}},{"@type":"WebPage","@id":"https:\/\/gorica.info\/policijski-istrazitelji-otkrili-uzrok-pozara-u-mraclinu-mehanicka-iskra-zapalila-drvenu-prasinu-oko-radnog-stroja\/","url":"https:\/\/gorica.info\/policijski-istrazitelji-otkrili-uzrok-pozara-u-mraclinu-mehanicka-iskra-zapalila-drvenu-prasinu-oko-radnog-stroja\/","name":"Policijski istra\u017eitelji otkrili uzrok po\u017eara u Mraclinu: Mehani\u010dka iskra zapalila drvenu pra\u0161inu oko radnog stroja - Gorica Info","isPartOf":{"@id":"https:\/\/gorica.info\/#website"},"primaryImageOfPage":{"@id":"https:\/\/gorica.info\/policijski-istrazitelji-otkrili-uzrok-pozara-u-mraclinu-mehanicka-iskra-zapalila-drvenu-prasinu-oko-radnog-stroja\/#primaryimage"},"image":{"@id":"https:\/\/gorica.info\/policijski-istrazitelji-otkrili-uzrok-pozara-u-mraclinu-mehanicka-iskra-zapalila-drvenu-prasinu-oko-radnog-stroja\/#primaryimage"},"thumbnailUrl":"https:\/\/gorica.info\/wp-content\/uploads\/2023\/04\/pozar-mraclin-foto-jvp-vg.jpg","datePublished":"2023-04-05T08:33:28+00:00","description":"Policijski istra\u017eitelji otkrili uzrok po\u017eara u Mraclinu: Mehani\u010dka iskra zapalila drvenu pra\u0161inu oko radnog stroja \u0161to je dovelo do eksplozije","breadcrumb":{"@id":"https:\/\/gorica.info\/policijski-istrazitelji-otkrili-uzrok-pozara-u-mraclinu-mehanicka-iskra-zapalila-drvenu-prasinu-oko-radnog-stroja\/#breadcrumb"},"inLanguage":"en-US","potentialAction":[{"@type":"ReadAction","target":["https:\/\/gorica.info\/policijski-istrazitelji-otkrili-uzrok-pozara-u-mraclinu-mehanicka-iskra-zapalila-drvenu-prasinu-oko-radnog-stroja\/"]}]},{"@type":"ImageObject","inLanguage":"en-US","@id":"https:\/\/gorica.info\/policijski-istrazitelji-otkrili-uzrok-pozara-u-mraclinu-mehanicka-iskra-zapalila-drvenu-prasinu-oko-radnog-stroja\/#primaryimage","url":"https:\/\/gorica.info\/wp-content\/uploads\/2023\/04\/pozar-mraclin-foto-jvp-vg.jpg","contentUrl":"https:\/\/gorica.info\/wp-content\/uploads\/2023\/04\/pozar-mraclin-foto-jvp-vg.jpg","width":1067,"height":800,"caption":"Foto: JVP Velika Gorica"},{"@type":"BreadcrumbList","@id":"https:\/\/gorica.info\/policijski-istrazitelji-otkrili-uzrok-pozara-u-mraclinu-mehanicka-iskra-zapalila-drvenu-prasinu-oko-radnog-stroja\/#breadcrumb","itemListElement":[{"@type":"ListItem","position":1,"name":"Po\u010detna stranica","item":"https:\/\/gorica.info\/"},{"@type":"ListItem","position":2,"name":"Policijski istra\u017eitelji otkrili uzrok po\u017eara u Mraclinu: Mehani\u010dka iskra zapalila drvenu pra\u0161inu oko radnog stroja"}]},{"@type":"WebSite","@id":"https:\/\/gorica.info\/#website","url":"https:\/\/gorica.info\/","name":"Gorica Info","description":"Vijesti iz Velike Gorice i okolice.","publisher":{"@id":"https:\/\/gorica.info\/#organization"},"potentialAction":[{"@type":"SearchAction","target":{"@type":"EntryPoint","urlTemplate":"https:\/\/gorica.info\/?s={search_term_string}"},"query-input":{"@type":"PropertyValueSpecification","valueRequired":true,"valueName":"search_term_string"}}],"inLanguage":"en-US"},{"@type":["Organization","Place","NewsMediaOrganization"],"@id":"https:\/\/gorica.info\/#organization","name":"Gorica Info","url":"https:\/\/gorica.info\/","logo":{"@id":"https:\/\/gorica.info\/policijski-istrazitelji-otkrili-uzrok-pozara-u-mraclinu-mehanicka-iskra-zapalila-drvenu-prasinu-oko-radnog-stroja\/#local-main-organization-logo"},"image":{"@id":"https:\/\/gorica.info\/policijski-istrazitelji-otkrili-uzrok-pozara-u-mraclinu-mehanicka-iskra-zapalila-drvenu-prasinu-oko-radnog-stroja\/#local-main-organization-logo"},"sameAs":["https:\/\/www.facebook.com\/Goricainfo-106005144489262","https:\/\/x.com\/GoricaInfo","https:\/\/www.instagram.com\/gorica.info\/"],"address":{"@id":"https:\/\/gorica.info\/policijski-istrazitelji-otkrili-uzrok-pozara-u-mraclinu-mehanicka-iskra-zapalila-drvenu-prasinu-oko-radnog-stroja\/#local-main-place-address"},"telephone":[],"openingHoursSpecification":[{"@type":"OpeningHoursSpecification","dayOfWeek":["Monday","Tuesday","Wednesday","Thursday","Friday","Saturday","Sunday"],"opens":"09:00","closes":"17:00"}],"email":"redakcija@gorica.info"},{"@type":"Person","@id":"https:\/\/gorica.info\/#\/schema\/person\/4499af1f22f322670b9b5977ccc2e3de","name":"Gorica. info","description":"Gorica.info je lokalni portal koji prati Veliku Goricu i okolici, svakodnevno donosi najnovije vijesti i pri\u010de, kulturna doga\u0111anja i aktualnosti koje oblikuju \u017eivot gra\u0111ana.","url":"https:\/\/gorica.info\/en\/author\/gorica-info\/"},{"@type":"PostalAddress","@id":"https:\/\/gorica.info\/policijski-istrazitelji-otkrili-uzrok-pozara-u-mraclinu-mehanicka-iskra-zapalila-drvenu-prasinu-oko-radnog-stroja\/#local-main-place-address","streetAddress":"Horvatova 97","addressLocality":"Velika Gorica","postalCode":"10410","addressRegion":"Croatia","addressCountry":"HR"},{"@type":"ImageObject","inLanguage":"en-US","@id":"https:\/\/gorica.info\/policijski-istrazitelji-otkrili-uzrok-pozara-u-mraclinu-mehanicka-iskra-zapalila-drvenu-prasinu-oko-radnog-stroja\/#local-main-organization-logo","url":"https:\/\/gorica.info\/wp-content\/uploads\/2024\/07\/Gorica-Info-Logo-mali.png","contentUrl":"https:\/\/gorica.info\/wp-content\/uploads\/2024\/07\/Gorica-Info-Logo-mali.png","width":450,"height":85,"caption":"Gorica Info"}]},"geo.placename":"Velika Gorica","geo.region":"Croatia"},"_links":{"self":[{"href":"https:\/\/gorica.info\/en\/wp-json\/wp\/v2\/posts\/46776","targetHints":{"allow":["GET"]}}],"collection":[{"href":"https:\/\/gorica.info\/en\/wp-json\/wp\/v2\/posts"}],"about":[{"href":"https:\/\/gorica.info\/en\/wp-json\/wp\/v2\/types\/post"}],"author":[{"embeddable":true,"href":"https:\/\/gorica.info\/en\/wp-json\/wp\/v2\/users\/23"}],"replies":[{"embeddable":true,"href":"https:\/\/gorica.info\/en\/wp-json\/wp\/v2\/comments?post=46776"}],"version-history":[{"count":0,"href":"https:\/\/gorica.info\/en\/wp-json\/wp\/v2\/posts\/46776\/revisions"}],"wp:featuredmedia":[{"embeddable":true,"href":"https:\/\/gorica.info\/en\/wp-json\/wp\/v2\/media\/46777"}],"wp:attachment":[{"href":"https:\/\/gorica.info\/en\/wp-json\/wp\/v2\/media?parent=46776"}],"wp:term":[{"taxonomy":"category","embeddable":true,"href":"https:\/\/gorica.info\/en\/wp-json\/wp\/v2\/categories?post=46776"},{"taxonomy":"post_tag","embeddable":true,"href":"https:\/\/gorica.info\/en\/wp-json\/wp\/v2\/tags?post=46776"}],"curies":[{"name":"wp","href":"https:\/\/api.w.org\/{rel}","templated":true}]}}