{"id":47100,"date":"2023-04-14T10:30:10","date_gmt":"2023-04-14T08:30:10","guid":{"rendered":"https:\/\/gorica.info\/?p=47100"},"modified":"2023-04-14T10:30:10","modified_gmt":"2023-04-14T08:30:10","slug":"sdp-predstavio-listu-za-izvanredne-izbore-za-vijece-mjesnog-odbora-rakitovec-ako-pobijede-radit-ce-na-uklanjanju-brojnih-problema","status":"publish","type":"post","link":"https:\/\/gorica.info\/en\/sdp-predstavio-listu-za-izvanredne-izbore-za-vijece-mjesnog-odbora-rakitovec-ako-pobijede-radit-ce-na-uklanjanju-brojnih-problema\/","title":{"rendered":"SDP predstavio listu za izvanredne izbore za Vije\u0107e Mjesnog odbora Rakitovec: Ako pobijede radit \u0107e na uklanjanju brojnih problema"},"content":{"rendered":"<p>Izvanredni izbori za <a href=\"https:\/\/gorica.info\/en\/2023\/03\/25\/mjestani-opet-biraju-sedam-clanova-vijeca-mjesnog-odbora-rakitovec-na-izborima-ce-snage-odmjeriti-hdz-i-sdp\/\">Vije\u0107e Mjesnog odbora<\/a> Rakitovec odr\u017eat \u0107e se u<strong> nedjelju, 16. travnja<\/strong>.\u00a0Tim povodom u \u010detvrtak je u Rakitovcu<strong> predstavljena lista SDP-a<\/strong>. Kako isti\u010du u priop\u0107enja, listu SDP-a \u010dine ljudi bogatog \u017eivotnog i radnog iskustva. Nositeljica liste je<strong> Mara Diane\u017eevi\u0107<\/strong>, a na listi su jo\u0161<strong> Tomislav Kralj<\/strong>, <strong>Zlata Sever<\/strong>, <strong>\u0110uro Holo\u0161i<\/strong>, <strong>Danijela Bel\u010di\u0107<\/strong>, <strong>Petra \u017dnidar\u010di\u0107<\/strong> i <strong>Ivan Diane\u017eevi\u0107<\/strong>.<\/p>\n<p>&#8211; Svjesni smo da rad vije\u0107nika Mjesnog odbora uvelike ovisi o odlukama i prora\u010dunu onih koji vode <a href=\"http:\/\/www.gorica.hr\/\">Grad Velika Gorica<\/a>, ali neovisno o tome treba inzistirati na provedbi programa, jer ure\u0111enje mjesta biti \u0107e stalni prioritet i zadatak &#8211; isti\u010du iz SDP-a.<\/p>\n<p><img fetchpriority=\"high\" decoding=\"async\" class=\"aligncenter wp-image-47103 size-large\" src=\"https:\/\/gorica.info\/wp-content\/uploads\/2023\/04\/rakitovec-izbori2-vijece-mo-1024x691.jpg\" alt=\"\" width=\"810\" height=\"547\" srcset=\"https:\/\/gorica.info\/wp-content\/uploads\/2023\/04\/rakitovec-izbori2-vijece-mo-1024x691.jpg 1024w, https:\/\/gorica.info\/wp-content\/uploads\/2023\/04\/rakitovec-izbori2-vijece-mo-300x202.jpg 300w, https:\/\/gorica.info\/wp-content\/uploads\/2023\/04\/rakitovec-izbori2-vijece-mo-768x518.jpg 768w, https:\/\/gorica.info\/wp-content\/uploads\/2023\/04\/rakitovec-izbori2-vijece-mo-18x12.jpg 18w, https:\/\/gorica.info\/wp-content\/uploads\/2023\/04\/rakitovec-izbori2-vijece-mo-750x506.jpg 750w, https:\/\/gorica.info\/wp-content\/uploads\/2023\/04\/rakitovec-izbori2-vijece-mo-1140x769.jpg 1140w, https:\/\/gorica.info\/wp-content\/uploads\/2023\/04\/rakitovec-izbori2-vijece-mo.jpg 1100w\" sizes=\"(max-width: 810px) 100vw, 810px\" \/><\/p>\n<p>&#8211; Prioriteti ljudi na listi SDP-a su uklanjanje niza nedostataka i problema prilikom radova na kanalizaciji, ure\u0111enje graba i cjelokupne oborinske odvodnje, inzistiranje na izgradnji pje\u0161a\u010dke staze gdje god je to mogu\u0107e, postavljanje nadstre\u0161nice na autobusnoj stanici u odlaznom smjeru, potok Vrani\u0107 vi\u0161e ne smije biti odvodni kanal, gnojnica farme u Vukovini, ure\u0111enje i asfaltiranje parkirali\u0161ta oko Dru\u0161tvenog doma, zavr\u0161etak ure\u0111enja malonogometnog igrali\u0161ta te nava\u017eanje \u0161ljunka i batude po poljskim putovima koji su zapu\u0161teni i uni\u0161teni.<\/p>\n<p>Dio je to problema koji postoje, ali i svi drugi prijedlozi mje\u0161tana biti \u0107e prioritet u nastojanju za \u0161to boljim i ljep\u0161im \u017eivotom, jer Rakitovec je dom ovih ljudi.<\/p>\n<p>Pokazalo se da prethodno vodstvo Mjesnog odbora nije doraslo voditi Rakitovec, bremenito nizom problema. Treba spomenuti i neprihvatljivo pona\u0161anje pojedinaca koji su donosili odluke bez sjednica, bez potrebnih poziva i zapisnika, a sve s obrazlo\u017eenjem da imaju ve\u0107inu i mogu odlu\u010divati o svemu sami.<\/p>\n<p>Takvo pona\u0161anje rezultiralo je nedovoljnim ure\u0111enjem mjesta, devastacijom i nestankom inventara u Dru\u0161tvenom domu, nedovoljnom informirano\u0161\u0107u mje\u0161tana o velikim problemima za vrijeme radova na kanalizaciji i sli\u010dno.<\/p>\n<p>Pozivamo mje\u0161tane Rakitovca da iskoriste svoje pravo glasa i iza\u0111u na izbore u nedjelju, 16. travnja i daju svoj glas za listu broj 2 \u2013 poru\u010dili su iz <a href=\"https:\/\/web.facebook.com\/GOSDPVG\">gori\u010dkog SDP-a<\/a>.\u00a0<img decoding=\"async\" class=\"aligncenter wp-image-47102 size-large\" src=\"https:\/\/gorica.info\/wp-content\/uploads\/2023\/04\/rakitovec2-izbori-vijece-mo-1024x767.jpg\" alt=\"izvanredne\" width=\"810\" height=\"607\" srcset=\"https:\/\/gorica.info\/wp-content\/uploads\/2023\/04\/rakitovec2-izbori-vijece-mo-1024x767.jpg 1024w, https:\/\/gorica.info\/wp-content\/uploads\/2023\/04\/rakitovec2-izbori-vijece-mo-300x225.jpg 300w, https:\/\/gorica.info\/wp-content\/uploads\/2023\/04\/rakitovec2-izbori-vijece-mo-768x575.jpg 768w, https:\/\/gorica.info\/wp-content\/uploads\/2023\/04\/rakitovec2-izbori-vijece-mo-16x12.jpg 16w, https:\/\/gorica.info\/wp-content\/uploads\/2023\/04\/rakitovec2-izbori-vijece-mo-750x562.jpg 750w, https:\/\/gorica.info\/wp-content\/uploads\/2023\/04\/rakitovec2-izbori-vijece-mo.jpg 1068w\" sizes=\"(max-width: 810px) 100vw, 810px\" \/><\/p>","protected":false},"excerpt":{"rendered":"<p>Izvanredni izbori za Vije\u0107e Mjesnog odbora Rakitovec odr\u017eat \u0107e se u nedjelju, 16. travnja.\u00a0Tim povodom u \u010detvrtak je u Rakitovcu predstavljena lista SDP-a. Kako isti\u010du u priop\u0107enja, listu SDP-a \u010dine ljudi bogatog \u017eivotnog i radnog iskustva. Nositeljica liste je Mara Diane\u017eevi\u0107, a na listi su jo\u0161 Tomislav Kralj, Zlata Sever, \u0110uro Holo\u0161i, Danijela Bel\u010di\u0107, Petra [&hellip;]<\/p>\n","protected":false},"author":25,"featured_media":47101,"comment_status":"open","ping_status":"open","sticky":false,"template":"","format":"standard","meta":{"limit_modified_date":"","last_modified_date":"","jnews-multi-image_gallery":[],"jnews_single_post":[],"jnews_primary_category":[],"jnews_override_counter":[],"footnotes":""},"categories":[90],"tags":[1093,9485,9486,5732,9280],"class_list":["post-47100","post","type-post","status-publish","format-standard","has-post-thumbnail","hentry","category-politika","tag-izvanredni-izbori","tag-lista-sdp-a","tag-mara-dianezevic","tag-rakitovec","tag-vijece-mjesnog-odbora"],"yoast_head":"<!-- This site is optimized with the Yoast SEO Premium plugin v27.4 (Yoast SEO v27.4) - https:\/\/yoast.com\/product\/yoast-seo-premium-wordpress\/ -->\n<title>SDP predstavio listu za izvanredne izbore za Vije\u0107e Mjesnog odbora Rakitovec: Ako pobijede radit \u0107e na uklanjanju brojnih problema - Gorica Info<\/title>\n<meta name=\"description\" content=\"SDP predstavio listu za izvanredne izbore za Vije\u0107e Mjesnog odbora Rakitovec: Ako pobijede radit \u0107e na uklanjanju brojnih problema\" \/>\n<meta name=\"robots\" content=\"index, follow, max-snippet:-1, max-image-preview:large, max-video-preview:-1\" \/>\n<link rel=\"canonical\" href=\"https:\/\/gorica.info\/en\/sdp-predstavio-listu-za-izvanredne-izbore-za-vijece-mjesnog-odbora-rakitovec-ako-pobijede-radit-ce-na-uklanjanju-brojnih-problema\/\" \/>\n<meta property=\"og:locale\" content=\"en_US\" \/>\n<meta property=\"og:type\" content=\"article\" \/>\n<meta property=\"og:title\" content=\"SDP predstavio listu za izvanredne izbore za Vije\u0107e Mjesnog odbora Rakitovec: Ako pobijede radit \u0107e na uklanjanju brojnih problema\" \/>\n<meta property=\"og:description\" content=\"SDP predstavio listu za izvanredne izbore za Vije\u0107e Mjesnog odbora Rakitovec: Ako pobijede radit \u0107e na uklanjanju brojnih problema\" \/>\n<meta property=\"og:url\" content=\"https:\/\/gorica.info\/en\/sdp-predstavio-listu-za-izvanredne-izbore-za-vijece-mjesnog-odbora-rakitovec-ako-pobijede-radit-ce-na-uklanjanju-brojnih-problema\/\" \/>\n<meta property=\"og:site_name\" content=\"Gorica Info\" \/>\n<meta property=\"article:publisher\" content=\"https:\/\/www.facebook.com\/Goricainfo-106005144489262\" \/>\n<meta property=\"article:published_time\" content=\"2023-04-14T08:30:10+00:00\" \/>\n<meta property=\"og:image\" content=\"https:\/\/gorica.info\/wp-content\/uploads\/2023\/04\/rakitovec1-izbori-za-vijece-mjesnog-odbora.jpg\" \/>\n\t<meta property=\"og:image:width\" content=\"1200\" \/>\n\t<meta property=\"og:image:height\" content=\"679\" \/>\n\t<meta property=\"og:image:type\" content=\"image\/jpeg\" \/>\n<meta name=\"author\" content=\"Marta Horvat\" \/>\n<meta name=\"twitter:card\" content=\"summary_large_image\" \/>\n<meta name=\"twitter:creator\" content=\"@GoricaInfo\" \/>\n<meta name=\"twitter:site\" content=\"@GoricaInfo\" \/>\n<meta name=\"twitter:label1\" content=\"Written by\" \/>\n\t<meta name=\"twitter:data1\" content=\"Marta Horvat\" \/>\n\t<meta name=\"twitter:label2\" content=\"Est. reading time\" \/>\n\t<meta name=\"twitter:data2\" content=\"3 minutes\" \/>\n<meta name=\"geo.placename\" content=\"Velika Gorica\" \/>\n<meta name=\"geo.region\" content=\"Croatia\" \/>\n<!-- \/ Yoast SEO Premium plugin. -->","yoast_head_json":{"title":"SDP predstavio listu za izvanredne izbore za Vije\u0107e Mjesnog odbora Rakitovec: Ako pobijede radit \u0107e na uklanjanju brojnih problema - Gorica Info","description":"SDP predstavio listu za izvanredne izbore za Vije\u0107e Mjesnog odbora Rakitovec: Ako pobijede radit \u0107e na uklanjanju brojnih problema","robots":{"index":"index","follow":"follow","max-snippet":"max-snippet:-1","max-image-preview":"max-image-preview:large","max-video-preview":"max-video-preview:-1"},"canonical":"https:\/\/gorica.info\/en\/sdp-predstavio-listu-za-izvanredne-izbore-za-vijece-mjesnog-odbora-rakitovec-ako-pobijede-radit-ce-na-uklanjanju-brojnih-problema\/","og_locale":"en_US","og_type":"article","og_title":"SDP predstavio listu za izvanredne izbore za Vije\u0107e Mjesnog odbora Rakitovec: Ako pobijede radit \u0107e na uklanjanju brojnih problema","og_description":"SDP predstavio listu za izvanredne izbore za Vije\u0107e Mjesnog odbora Rakitovec: Ako pobijede radit \u0107e na uklanjanju brojnih problema","og_url":"https:\/\/gorica.info\/en\/sdp-predstavio-listu-za-izvanredne-izbore-za-vijece-mjesnog-odbora-rakitovec-ako-pobijede-radit-ce-na-uklanjanju-brojnih-problema\/","og_site_name":"Gorica Info","article_publisher":"https:\/\/www.facebook.com\/Goricainfo-106005144489262","article_published_time":"2023-04-14T08:30:10+00:00","og_image":[{"width":1200,"height":679,"url":"https:\/\/gorica.info\/wp-content\/uploads\/2023\/04\/rakitovec1-izbori-za-vijece-mjesnog-odbora.jpg","type":"image\/jpeg"}],"author":"Marta Horvat","twitter_card":"summary_large_image","twitter_creator":"@GoricaInfo","twitter_site":"@GoricaInfo","twitter_misc":{"Written by":"Marta Horvat","Est. reading time":"3 minutes"},"schema":{"@context":"https:\/\/schema.org","@graph":[{"@type":"NewsArticle","@id":"https:\/\/gorica.info\/sdp-predstavio-listu-za-izvanredne-izbore-za-vijece-mjesnog-odbora-rakitovec-ako-pobijede-radit-ce-na-uklanjanju-brojnih-problema\/#article","isPartOf":{"@id":"https:\/\/gorica.info\/sdp-predstavio-listu-za-izvanredne-izbore-za-vijece-mjesnog-odbora-rakitovec-ako-pobijede-radit-ce-na-uklanjanju-brojnih-problema\/"},"author":{"name":"Marta Horvat","@id":"https:\/\/gorica.info\/#\/schema\/person\/b2df2f6fb2a9073c0fa5af2672befd52"},"headline":"SDP predstavio listu za izvanredne izbore za Vije\u0107e Mjesnog odbora Rakitovec: Ako pobijede radit \u0107e na uklanjanju brojnih problema","datePublished":"2023-04-14T08:30:10+00:00","mainEntityOfPage":{"@id":"https:\/\/gorica.info\/sdp-predstavio-listu-za-izvanredne-izbore-za-vijece-mjesnog-odbora-rakitovec-ako-pobijede-radit-ce-na-uklanjanju-brojnih-problema\/"},"wordCount":368,"commentCount":0,"publisher":{"@id":"https:\/\/gorica.info\/#organization"},"image":{"@id":"https:\/\/gorica.info\/sdp-predstavio-listu-za-izvanredne-izbore-za-vijece-mjesnog-odbora-rakitovec-ako-pobijede-radit-ce-na-uklanjanju-brojnih-problema\/#primaryimage"},"thumbnailUrl":"https:\/\/gorica.info\/wp-content\/uploads\/2023\/04\/rakitovec1-izbori-za-vijece-mjesnog-odbora.jpg","keywords":["izvanredni izbori","lista sdp-a","mara diane\u017eevi\u0107","rakitovec","vije\u0107e mjesnog odbora"],"articleSection":["POLITIKA"],"inLanguage":"en-US","potentialAction":[{"@type":"CommentAction","name":"Comment","target":["https:\/\/gorica.info\/sdp-predstavio-listu-za-izvanredne-izbore-za-vijece-mjesnog-odbora-rakitovec-ako-pobijede-radit-ce-na-uklanjanju-brojnih-problema\/#respond"]}],"copyrightYear":"2023","copyrightHolder":{"@id":"https:\/\/gorica.info\/en\/#organization"}},{"@type":"WebPage","@id":"https:\/\/gorica.info\/sdp-predstavio-listu-za-izvanredne-izbore-za-vijece-mjesnog-odbora-rakitovec-ako-pobijede-radit-ce-na-uklanjanju-brojnih-problema\/","url":"https:\/\/gorica.info\/sdp-predstavio-listu-za-izvanredne-izbore-za-vijece-mjesnog-odbora-rakitovec-ako-pobijede-radit-ce-na-uklanjanju-brojnih-problema\/","name":"SDP predstavio listu za izvanredne izbore za Vije\u0107e Mjesnog odbora Rakitovec: Ako pobijede radit \u0107e na uklanjanju brojnih problema - Gorica Info","isPartOf":{"@id":"https:\/\/gorica.info\/#website"},"primaryImageOfPage":{"@id":"https:\/\/gorica.info\/sdp-predstavio-listu-za-izvanredne-izbore-za-vijece-mjesnog-odbora-rakitovec-ako-pobijede-radit-ce-na-uklanjanju-brojnih-problema\/#primaryimage"},"image":{"@id":"https:\/\/gorica.info\/sdp-predstavio-listu-za-izvanredne-izbore-za-vijece-mjesnog-odbora-rakitovec-ako-pobijede-radit-ce-na-uklanjanju-brojnih-problema\/#primaryimage"},"thumbnailUrl":"https:\/\/gorica.info\/wp-content\/uploads\/2023\/04\/rakitovec1-izbori-za-vijece-mjesnog-odbora.jpg","datePublished":"2023-04-14T08:30:10+00:00","description":"SDP predstavio listu za izvanredne izbore za Vije\u0107e Mjesnog odbora Rakitovec: Ako pobijede radit \u0107e na uklanjanju brojnih problema","breadcrumb":{"@id":"https:\/\/gorica.info\/sdp-predstavio-listu-za-izvanredne-izbore-za-vijece-mjesnog-odbora-rakitovec-ako-pobijede-radit-ce-na-uklanjanju-brojnih-problema\/#breadcrumb"},"inLanguage":"en-US","potentialAction":[{"@type":"ReadAction","target":["https:\/\/gorica.info\/sdp-predstavio-listu-za-izvanredne-izbore-za-vijece-mjesnog-odbora-rakitovec-ako-pobijede-radit-ce-na-uklanjanju-brojnih-problema\/"]}]},{"@type":"ImageObject","inLanguage":"en-US","@id":"https:\/\/gorica.info\/sdp-predstavio-listu-za-izvanredne-izbore-za-vijece-mjesnog-odbora-rakitovec-ako-pobijede-radit-ce-na-uklanjanju-brojnih-problema\/#primaryimage","url":"https:\/\/gorica.info\/wp-content\/uploads\/2023\/04\/rakitovec1-izbori-za-vijece-mjesnog-odbora.jpg","contentUrl":"https:\/\/gorica.info\/wp-content\/uploads\/2023\/04\/rakitovec1-izbori-za-vijece-mjesnog-odbora.jpg","width":1100,"height":622,"caption":"Foto: SDP VG"},{"@type":"BreadcrumbList","@id":"https:\/\/gorica.info\/sdp-predstavio-listu-za-izvanredne-izbore-za-vijece-mjesnog-odbora-rakitovec-ako-pobijede-radit-ce-na-uklanjanju-brojnih-problema\/#breadcrumb","itemListElement":[{"@type":"ListItem","position":1,"name":"Po\u010detna stranica","item":"https:\/\/gorica.info\/"},{"@type":"ListItem","position":2,"name":"SDP predstavio listu za izvanredne izbore za Vije\u0107e Mjesnog odbora Rakitovec: Ako pobijede radit \u0107e na uklanjanju brojnih problema"}]},{"@type":"WebSite","@id":"https:\/\/gorica.info\/#website","url":"https:\/\/gorica.info\/","name":"Gorica Info","description":"Vijesti iz Velike Gorice i okolice.","publisher":{"@id":"https:\/\/gorica.info\/#organization"},"potentialAction":[{"@type":"SearchAction","target":{"@type":"EntryPoint","urlTemplate":"https:\/\/gorica.info\/?s={search_term_string}"},"query-input":{"@type":"PropertyValueSpecification","valueRequired":true,"valueName":"search_term_string"}}],"inLanguage":"en-US"},{"@type":["Organization","Place","NewsMediaOrganization"],"@id":"https:\/\/gorica.info\/#organization","name":"Gorica Info","url":"https:\/\/gorica.info\/","logo":{"@id":"https:\/\/gorica.info\/sdp-predstavio-listu-za-izvanredne-izbore-za-vijece-mjesnog-odbora-rakitovec-ako-pobijede-radit-ce-na-uklanjanju-brojnih-problema\/#local-main-organization-logo"},"image":{"@id":"https:\/\/gorica.info\/sdp-predstavio-listu-za-izvanredne-izbore-za-vijece-mjesnog-odbora-rakitovec-ako-pobijede-radit-ce-na-uklanjanju-brojnih-problema\/#local-main-organization-logo"},"sameAs":["https:\/\/www.facebook.com\/Goricainfo-106005144489262","https:\/\/x.com\/GoricaInfo","https:\/\/www.instagram.com\/gorica.info\/"],"address":{"@id":"https:\/\/gorica.info\/sdp-predstavio-listu-za-izvanredne-izbore-za-vijece-mjesnog-odbora-rakitovec-ako-pobijede-radit-ce-na-uklanjanju-brojnih-problema\/#local-main-place-address"},"telephone":[],"openingHoursSpecification":[{"@type":"OpeningHoursSpecification","dayOfWeek":["Monday","Tuesday","Wednesday","Thursday","Friday","Saturday","Sunday"],"opens":"09:00","closes":"17:00"}],"email":"redakcija@gorica.info"},{"@type":"Person","@id":"https:\/\/gorica.info\/#\/schema\/person\/b2df2f6fb2a9073c0fa5af2672befd52","name":"Marta Horvat","description":"Marta Horvat je studentica koja redovito pi\u0161e za portal, prati sva gradska doga\u0111anja i u\u017eiva isprobavati nove recept koje dijeli s na\u0161im \u010ditateljima.","url":"https:\/\/gorica.info\/en\/author\/marta-horvat\/"},{"@type":"PostalAddress","@id":"https:\/\/gorica.info\/sdp-predstavio-listu-za-izvanredne-izbore-za-vijece-mjesnog-odbora-rakitovec-ako-pobijede-radit-ce-na-uklanjanju-brojnih-problema\/#local-main-place-address","streetAddress":"Horvatova 97","addressLocality":"Velika Gorica","postalCode":"10410","addressRegion":"Croatia","addressCountry":"HR"},{"@type":"ImageObject","inLanguage":"en-US","@id":"https:\/\/gorica.info\/sdp-predstavio-listu-za-izvanredne-izbore-za-vijece-mjesnog-odbora-rakitovec-ako-pobijede-radit-ce-na-uklanjanju-brojnih-problema\/#local-main-organization-logo","url":"https:\/\/gorica.info\/wp-content\/uploads\/2024\/07\/Gorica-Info-Logo-mali.png","contentUrl":"https:\/\/gorica.info\/wp-content\/uploads\/2024\/07\/Gorica-Info-Logo-mali.png","width":450,"height":85,"caption":"Gorica Info"}]},"geo.placename":"Velika Gorica","geo.region":"Croatia"},"_links":{"self":[{"href":"https:\/\/gorica.info\/en\/wp-json\/wp\/v2\/posts\/47100","targetHints":{"allow":["GET"]}}],"collection":[{"href":"https:\/\/gorica.info\/en\/wp-json\/wp\/v2\/posts"}],"about":[{"href":"https:\/\/gorica.info\/en\/wp-json\/wp\/v2\/types\/post"}],"author":[{"embeddable":true,"href":"https:\/\/gorica.info\/en\/wp-json\/wp\/v2\/users\/25"}],"replies":[{"embeddable":true,"href":"https:\/\/gorica.info\/en\/wp-json\/wp\/v2\/comments?post=47100"}],"version-history":[{"count":0,"href":"https:\/\/gorica.info\/en\/wp-json\/wp\/v2\/posts\/47100\/revisions"}],"wp:featuredmedia":[{"embeddable":true,"href":"https:\/\/gorica.info\/en\/wp-json\/wp\/v2\/media\/47101"}],"wp:attachment":[{"href":"https:\/\/gorica.info\/en\/wp-json\/wp\/v2\/media?parent=47100"}],"wp:term":[{"taxonomy":"category","embeddable":true,"href":"https:\/\/gorica.info\/en\/wp-json\/wp\/v2\/categories?post=47100"},{"taxonomy":"post_tag","embeddable":true,"href":"https:\/\/gorica.info\/en\/wp-json\/wp\/v2\/tags?post=47100"}],"curies":[{"name":"wp","href":"https:\/\/api.w.org\/{rel}","templated":true}]}}