{"id":47202,"date":"2023-04-16T10:16:22","date_gmt":"2023-04-16T08:16:22","guid":{"rendered":"https:\/\/gorica.info\/?p=47202"},"modified":"2023-04-16T10:16:22","modified_gmt":"2023-04-16T08:16:22","slug":"izlozba-fotografija-carobno-kolo-autorice-ive-lulic-upoznajte-carobni-svijet-nadnaravnih-bica","status":"publish","type":"post","link":"https:\/\/gorica.info\/en\/izlozba-fotografija-carobno-kolo-autorice-ive-lulic-upoznajte-carobni-svijet-nadnaravnih-bica\/","title":{"rendered":"Izlo\u017eba fotografija \u201e\u010carobno kolo\u201c autorice Ive Luli\u0107 u Muzeju Turopolja: Upoznajte \u010darobni svijet nadnaravnih bi\u0107a"},"content":{"rendered":"<p>U <strong>Muzeju Turopolja<\/strong> u <strong>srijedu, 19. travnja<\/strong> otvara se izlo\u017eba <strong>\u201e\u010carobno kolo\u201c<\/strong> autorice <strong>Ive Luli\u0107<\/strong>. Ciklus umjetni\u010dkih fotografija nastao je kao dio projekta \u201ePodravina izme\u0111u mitova i legendi\u201c i predstavit \u0107e \u010darobni svijet nadnaravnih bi\u0107a iz podravskih narodnih vjerovanja i probuditi davne uspomene na pri\u010de o vilama, coprnjicama i drugim neobi\u010dnim stvorenjima koje su bake i djedovi pri\u010dali svojim unucima. Otvorenje izlo\u017ebe je u <strong>14 sati.<\/strong><\/p>\n<p>&#8211; Iva Luli\u0107 umjetnica je koja se bavi re\u017eiranjem fotografskih prikaza mitolo\u0161kih likova i njihovih zgoda iz bajki, narodnih pri\u010da i predaja. Kulisa njihovih pustolovina uvijek je priroda, a pa\u017eljivo odabrane lokacije, doba dana i ozra\u010dje navest \u0107e vas da na trenutak zaboravite da je rije\u010d o fotografiji i pomislite da biste ih mogli susresti ve\u0107 prilikom sljede\u0107eg posjeta obli\u017enjoj \u0161umi\u2013 najavila je Valentina Rado\u0161 iz <a href=\"https:\/\/web.facebook.com\/muzejturopoljavg\">Muzeja Turopolja<\/a>.<\/p>\n<p>Osim \u0161to \u010daroliju pretvaraju u stvarnost, fotografije Ive Luli\u0107 na jedinstven na\u010din slave prirodne ljepote. Autenti\u010dnost i vrijednost ove izlo\u017ebe isti\u010de i \u010dinjenica da su sve fotografije nastale kori\u0161tenjem prirodnog i umjetnog svjetla, bez ra\u010dunalnih efekata i monta\u017ee, a stvorenja \u010darobnih mo\u0107i utjelovili su lokalni stanovnici Podravine u dobi od 5 do 85 godina.<\/p>\n<p>Izlo\u017eba je ve\u0107 izazvala veliki interes javnosti, a nedavno je inspirirala prvu knjigu objavljenu u izdava\u0161tvu Iris Illyrice. Suradnja dviju umjetnica, fotografkinje Ive Luli\u0107 i spisateljice <strong>Adriane Bori\u0107<\/strong>, spojila je sliku i rije\u010d te iznjedrila slikovnicu \u201e\u010carobno kolo\u201c koja \u0107e biti prigodno predstavljena u sklopu izlo\u017ebe.<\/p>\n<p>Na \u017eivopisnim stranicama \u010dudesna bi\u0107a s fotografija o\u017eivjela su i do\u017eivjela nevjerojatne zgode koje \u0107e vas dirnuti, nasmijati, ali i \u0161to\u0161ta nau\u010diti o bogatoj i raznolikoj kulturnoj ba\u0161tini hrvatskog naroda.<\/p>\n<p>Pridru\u017eite nam se na otvorenju i uronite u tajni svijet Vodenjaka, Veda, vila, vje\u0161tica i mnogih drugih, poru\u010duju iz <a href=\"https:\/\/gorica.info\/en\/2023\/02\/11\/ucenici-umjetnicke-skole-franje-lucica-glazbom-protiv-vrsnjackog-nasilja-dodite-na-koncert-u-muzej-turopolja\/\">Muzeja Turopolja<\/a>.<\/p>\n<p>&nbsp;<\/p>\n<p>&nbsp;<\/p>","protected":false},"excerpt":{"rendered":"<p>U Muzeju Turopolja u srijedu, 19. travnja otvara se izlo\u017eba \u201e\u010carobno kolo\u201c autorice Ive Luli\u0107. Ciklus umjetni\u010dkih fotografija nastao je kao dio projekta \u201ePodravina izme\u0111u mitova i legendi\u201c i predstavit \u0107e \u010darobni svijet nadnaravnih bi\u0107a iz podravskih narodnih vjerovanja i probuditi davne uspomene na pri\u010de o vilama, coprnjicama i drugim neobi\u010dnim stvorenjima koje su bake [&hellip;]<\/p>\n","protected":false},"author":25,"featured_media":47204,"comment_status":"open","ping_status":"open","sticky":false,"template":"","format":"standard","meta":{"limit_modified_date":"","last_modified_date":"","jnews-multi-image_gallery":[],"jnews_single_post":[],"jnews_primary_category":[],"jnews_override_counter":[],"footnotes":""},"categories":[84],"tags":[9502,9504,1965,7207,360,9506,9507],"class_list":["post-47202","post","type-post","status-publish","format-standard","has-post-thumbnail","hentry","category-kultura","tag-carobno-kolo","tag-iva-lulic","tag-izlozba","tag-mitska-bica","tag-muzej-turopolja","tag-umjetnicke-fotografije","tag-vile"],"yoast_head":"<!-- This site is optimized with the Yoast SEO Premium plugin v27.4 (Yoast SEO v27.4) - https:\/\/yoast.com\/product\/yoast-seo-premium-wordpress\/ -->\n<title>Izlo\u017eba fotografija \u201e\u010carobno kolo\u201c autorice Ive Luli\u0107 u Muzeju Turopolja: Upoznajte \u010darobni svijet nadnaravnih bi\u0107a - Gorica Info<\/title>\n<meta name=\"description\" content=\"Izlo\u017eba fotografija \u201e\u010carobno kolo\u201c autorice Ive Luli\u0107: Upoznajte \u010darobni svijet nadnaravnih bi\u0107a. Otvorenje je u srijedu, 18. travnja u 16.\" \/>\n<meta name=\"robots\" content=\"index, follow, max-snippet:-1, max-image-preview:large, max-video-preview:-1\" \/>\n<link rel=\"canonical\" href=\"https:\/\/gorica.info\/en\/izlozba-fotografija-carobno-kolo-autorice-ive-lulic-upoznajte-carobni-svijet-nadnaravnih-bica\/\" \/>\n<meta property=\"og:locale\" content=\"en_US\" \/>\n<meta property=\"og:type\" content=\"article\" \/>\n<meta property=\"og:title\" content=\"Izlo\u017eba fotografija \u201e\u010carobno kolo\u201c autorice Ive Luli\u0107 u Muzeju Turopolja: Upoznajte \u010darobni svijet nadnaravnih bi\u0107a\" \/>\n<meta property=\"og:description\" content=\"Izlo\u017eba fotografija \u201e\u010carobno kolo\u201c autorice Ive Luli\u0107: Upoznajte \u010darobni svijet nadnaravnih bi\u0107a. Otvorenje je u srijedu, 18. travnja u 16.\" \/>\n<meta property=\"og:url\" content=\"https:\/\/gorica.info\/en\/izlozba-fotografija-carobno-kolo-autorice-ive-lulic-upoznajte-carobni-svijet-nadnaravnih-bica\/\" \/>\n<meta property=\"og:site_name\" content=\"Gorica Info\" \/>\n<meta property=\"article:publisher\" content=\"https:\/\/www.facebook.com\/Goricainfo-106005144489262\" \/>\n<meta property=\"article:published_time\" content=\"2023-04-16T08:16:22+00:00\" \/>\n<meta property=\"og:image\" content=\"https:\/\/gorica.info\/wp-content\/uploads\/2023\/04\/3-1-scaled-1.jpg\" \/>\n\t<meta property=\"og:image:width\" content=\"1143\" \/>\n\t<meta property=\"og:image:height\" content=\"800\" \/>\n\t<meta property=\"og:image:type\" content=\"image\/jpeg\" \/>\n<meta name=\"author\" content=\"Marta Horvat\" \/>\n<meta name=\"twitter:card\" content=\"summary_large_image\" \/>\n<meta name=\"twitter:creator\" content=\"@GoricaInfo\" \/>\n<meta name=\"twitter:site\" content=\"@GoricaInfo\" \/>\n<meta name=\"twitter:label1\" content=\"Written by\" \/>\n\t<meta name=\"twitter:data1\" content=\"Marta Horvat\" \/>\n\t<meta name=\"twitter:label2\" content=\"Est. reading time\" \/>\n\t<meta name=\"twitter:data2\" content=\"2 minutes\" \/>\n<meta name=\"geo.placename\" content=\"Velika Gorica\" \/>\n<meta name=\"geo.region\" content=\"Croatia\" \/>\n<!-- \/ Yoast SEO Premium plugin. -->","yoast_head_json":{"title":"Izlo\u017eba fotografija \u201e\u010carobno kolo\u201c autorice Ive Luli\u0107 u Muzeju Turopolja: Upoznajte \u010darobni svijet nadnaravnih bi\u0107a - Gorica Info","description":"Izlo\u017eba fotografija \u201e\u010carobno kolo\u201c autorice Ive Luli\u0107: Upoznajte \u010darobni svijet nadnaravnih bi\u0107a. Otvorenje je u srijedu, 18. travnja u 16.","robots":{"index":"index","follow":"follow","max-snippet":"max-snippet:-1","max-image-preview":"max-image-preview:large","max-video-preview":"max-video-preview:-1"},"canonical":"https:\/\/gorica.info\/en\/izlozba-fotografija-carobno-kolo-autorice-ive-lulic-upoznajte-carobni-svijet-nadnaravnih-bica\/","og_locale":"en_US","og_type":"article","og_title":"Izlo\u017eba fotografija \u201e\u010carobno kolo\u201c autorice Ive Luli\u0107 u Muzeju Turopolja: Upoznajte \u010darobni svijet nadnaravnih bi\u0107a","og_description":"Izlo\u017eba fotografija \u201e\u010carobno kolo\u201c autorice Ive Luli\u0107: Upoznajte \u010darobni svijet nadnaravnih bi\u0107a. Otvorenje je u srijedu, 18. travnja u 16.","og_url":"https:\/\/gorica.info\/en\/izlozba-fotografija-carobno-kolo-autorice-ive-lulic-upoznajte-carobni-svijet-nadnaravnih-bica\/","og_site_name":"Gorica Info","article_publisher":"https:\/\/www.facebook.com\/Goricainfo-106005144489262","article_published_time":"2023-04-16T08:16:22+00:00","og_image":[{"width":1143,"height":800,"url":"https:\/\/gorica.info\/wp-content\/uploads\/2023\/04\/3-1-scaled-1.jpg","type":"image\/jpeg"}],"author":"Marta Horvat","twitter_card":"summary_large_image","twitter_creator":"@GoricaInfo","twitter_site":"@GoricaInfo","twitter_misc":{"Written by":"Marta Horvat","Est. reading time":"2 minutes"},"schema":{"@context":"https:\/\/schema.org","@graph":[{"@type":"NewsArticle","@id":"https:\/\/gorica.info\/izlozba-fotografija-carobno-kolo-autorice-ive-lulic-upoznajte-carobni-svijet-nadnaravnih-bica\/#article","isPartOf":{"@id":"https:\/\/gorica.info\/izlozba-fotografija-carobno-kolo-autorice-ive-lulic-upoznajte-carobni-svijet-nadnaravnih-bica\/"},"author":{"name":"Marta Horvat","@id":"https:\/\/gorica.info\/#\/schema\/person\/b2df2f6fb2a9073c0fa5af2672befd52"},"headline":"Izlo\u017eba fotografija \u201e\u010carobno kolo\u201c autorice Ive Luli\u0107 u Muzeju Turopolja: Upoznajte \u010darobni svijet nadnaravnih bi\u0107a","datePublished":"2023-04-16T08:16:22+00:00","mainEntityOfPage":{"@id":"https:\/\/gorica.info\/izlozba-fotografija-carobno-kolo-autorice-ive-lulic-upoznajte-carobni-svijet-nadnaravnih-bica\/"},"wordCount":335,"commentCount":0,"publisher":{"@id":"https:\/\/gorica.info\/#organization"},"image":{"@id":"https:\/\/gorica.info\/izlozba-fotografija-carobno-kolo-autorice-ive-lulic-upoznajte-carobni-svijet-nadnaravnih-bica\/#primaryimage"},"thumbnailUrl":"https:\/\/gorica.info\/wp-content\/uploads\/2023\/04\/3-1-scaled-1.jpg","keywords":["\u010darobno kolo","iva luli\u0107","izlo\u017eba","mitska bi\u0107a","Muzej Turopolja","umjetni\u010dke fotografije","vile"],"articleSection":["KULTURA"],"inLanguage":"en-US","potentialAction":[{"@type":"CommentAction","name":"Comment","target":["https:\/\/gorica.info\/izlozba-fotografija-carobno-kolo-autorice-ive-lulic-upoznajte-carobni-svijet-nadnaravnih-bica\/#respond"]}],"copyrightYear":"2023","copyrightHolder":{"@id":"https:\/\/gorica.info\/en\/#organization"}},{"@type":"WebPage","@id":"https:\/\/gorica.info\/izlozba-fotografija-carobno-kolo-autorice-ive-lulic-upoznajte-carobni-svijet-nadnaravnih-bica\/","url":"https:\/\/gorica.info\/izlozba-fotografija-carobno-kolo-autorice-ive-lulic-upoznajte-carobni-svijet-nadnaravnih-bica\/","name":"Izlo\u017eba fotografija \u201e\u010carobno kolo\u201c autorice Ive Luli\u0107 u Muzeju Turopolja: Upoznajte \u010darobni svijet nadnaravnih bi\u0107a - Gorica Info","isPartOf":{"@id":"https:\/\/gorica.info\/#website"},"primaryImageOfPage":{"@id":"https:\/\/gorica.info\/izlozba-fotografija-carobno-kolo-autorice-ive-lulic-upoznajte-carobni-svijet-nadnaravnih-bica\/#primaryimage"},"image":{"@id":"https:\/\/gorica.info\/izlozba-fotografija-carobno-kolo-autorice-ive-lulic-upoznajte-carobni-svijet-nadnaravnih-bica\/#primaryimage"},"thumbnailUrl":"https:\/\/gorica.info\/wp-content\/uploads\/2023\/04\/3-1-scaled-1.jpg","datePublished":"2023-04-16T08:16:22+00:00","description":"Izlo\u017eba fotografija \u201e\u010carobno kolo\u201c autorice Ive Luli\u0107: Upoznajte \u010darobni svijet nadnaravnih bi\u0107a. Otvorenje je u srijedu, 18. travnja u 16.","breadcrumb":{"@id":"https:\/\/gorica.info\/izlozba-fotografija-carobno-kolo-autorice-ive-lulic-upoznajte-carobni-svijet-nadnaravnih-bica\/#breadcrumb"},"inLanguage":"en-US","potentialAction":[{"@type":"ReadAction","target":["https:\/\/gorica.info\/izlozba-fotografija-carobno-kolo-autorice-ive-lulic-upoznajte-carobni-svijet-nadnaravnih-bica\/"]}]},{"@type":"ImageObject","inLanguage":"en-US","@id":"https:\/\/gorica.info\/izlozba-fotografija-carobno-kolo-autorice-ive-lulic-upoznajte-carobni-svijet-nadnaravnih-bica\/#primaryimage","url":"https:\/\/gorica.info\/wp-content\/uploads\/2023\/04\/3-1-scaled-1.jpg","contentUrl":"https:\/\/gorica.info\/wp-content\/uploads\/2023\/04\/3-1-scaled-1.jpg","width":1100,"height":770,"caption":"Foto: Iva Luli\u0107"},{"@type":"BreadcrumbList","@id":"https:\/\/gorica.info\/izlozba-fotografija-carobno-kolo-autorice-ive-lulic-upoznajte-carobni-svijet-nadnaravnih-bica\/#breadcrumb","itemListElement":[{"@type":"ListItem","position":1,"name":"Po\u010detna stranica","item":"https:\/\/gorica.info\/"},{"@type":"ListItem","position":2,"name":"Izlo\u017eba fotografija \u201e\u010carobno kolo\u201c autorice Ive Luli\u0107 u Muzeju Turopolja: Upoznajte \u010darobni svijet nadnaravnih bi\u0107a"}]},{"@type":"WebSite","@id":"https:\/\/gorica.info\/#website","url":"https:\/\/gorica.info\/","name":"Gorica Info","description":"Vijesti iz Velike Gorice i okolice.","publisher":{"@id":"https:\/\/gorica.info\/#organization"},"potentialAction":[{"@type":"SearchAction","target":{"@type":"EntryPoint","urlTemplate":"https:\/\/gorica.info\/?s={search_term_string}"},"query-input":{"@type":"PropertyValueSpecification","valueRequired":true,"valueName":"search_term_string"}}],"inLanguage":"en-US"},{"@type":["Organization","Place","NewsMediaOrganization"],"@id":"https:\/\/gorica.info\/#organization","name":"Gorica Info","url":"https:\/\/gorica.info\/","logo":{"@id":"https:\/\/gorica.info\/izlozba-fotografija-carobno-kolo-autorice-ive-lulic-upoznajte-carobni-svijet-nadnaravnih-bica\/#local-main-organization-logo"},"image":{"@id":"https:\/\/gorica.info\/izlozba-fotografija-carobno-kolo-autorice-ive-lulic-upoznajte-carobni-svijet-nadnaravnih-bica\/#local-main-organization-logo"},"sameAs":["https:\/\/www.facebook.com\/Goricainfo-106005144489262","https:\/\/x.com\/GoricaInfo","https:\/\/www.instagram.com\/gorica.info\/"],"address":{"@id":"https:\/\/gorica.info\/izlozba-fotografija-carobno-kolo-autorice-ive-lulic-upoznajte-carobni-svijet-nadnaravnih-bica\/#local-main-place-address"},"telephone":[],"openingHoursSpecification":[{"@type":"OpeningHoursSpecification","dayOfWeek":["Monday","Tuesday","Wednesday","Thursday","Friday","Saturday","Sunday"],"opens":"09:00","closes":"17:00"}],"email":"redakcija@gorica.info"},{"@type":"Person","@id":"https:\/\/gorica.info\/#\/schema\/person\/b2df2f6fb2a9073c0fa5af2672befd52","name":"Marta Horvat","description":"Marta Horvat je studentica koja redovito pi\u0161e za portal, prati sva gradska doga\u0111anja i u\u017eiva isprobavati nove recept koje dijeli s na\u0161im \u010ditateljima.","url":"https:\/\/gorica.info\/en\/author\/marta-horvat\/"},{"@type":"PostalAddress","@id":"https:\/\/gorica.info\/izlozba-fotografija-carobno-kolo-autorice-ive-lulic-upoznajte-carobni-svijet-nadnaravnih-bica\/#local-main-place-address","streetAddress":"Horvatova 97","addressLocality":"Velika Gorica","postalCode":"10410","addressRegion":"Croatia","addressCountry":"HR"},{"@type":"ImageObject","inLanguage":"en-US","@id":"https:\/\/gorica.info\/izlozba-fotografija-carobno-kolo-autorice-ive-lulic-upoznajte-carobni-svijet-nadnaravnih-bica\/#local-main-organization-logo","url":"https:\/\/gorica.info\/wp-content\/uploads\/2024\/07\/Gorica-Info-Logo-mali.png","contentUrl":"https:\/\/gorica.info\/wp-content\/uploads\/2024\/07\/Gorica-Info-Logo-mali.png","width":450,"height":85,"caption":"Gorica Info"}]},"geo.placename":"Velika Gorica","geo.region":"Croatia"},"_links":{"self":[{"href":"https:\/\/gorica.info\/en\/wp-json\/wp\/v2\/posts\/47202","targetHints":{"allow":["GET"]}}],"collection":[{"href":"https:\/\/gorica.info\/en\/wp-json\/wp\/v2\/posts"}],"about":[{"href":"https:\/\/gorica.info\/en\/wp-json\/wp\/v2\/types\/post"}],"author":[{"embeddable":true,"href":"https:\/\/gorica.info\/en\/wp-json\/wp\/v2\/users\/25"}],"replies":[{"embeddable":true,"href":"https:\/\/gorica.info\/en\/wp-json\/wp\/v2\/comments?post=47202"}],"version-history":[{"count":0,"href":"https:\/\/gorica.info\/en\/wp-json\/wp\/v2\/posts\/47202\/revisions"}],"wp:featuredmedia":[{"embeddable":true,"href":"https:\/\/gorica.info\/en\/wp-json\/wp\/v2\/media\/47204"}],"wp:attachment":[{"href":"https:\/\/gorica.info\/en\/wp-json\/wp\/v2\/media?parent=47202"}],"wp:term":[{"taxonomy":"category","embeddable":true,"href":"https:\/\/gorica.info\/en\/wp-json\/wp\/v2\/categories?post=47202"},{"taxonomy":"post_tag","embeddable":true,"href":"https:\/\/gorica.info\/en\/wp-json\/wp\/v2\/tags?post=47202"}],"curies":[{"name":"wp","href":"https:\/\/api.w.org\/{rel}","templated":true}]}}