{"id":47291,"date":"2023-04-18T09:52:35","date_gmt":"2023-04-18T07:52:35","guid":{"rendered":"https:\/\/gorica.info\/?p=47291"},"modified":"2023-04-18T09:52:35","modified_gmt":"2023-04-18T07:52:35","slug":"koncert-u-gradskoj-vijecnici-sisacki-glazbenik-i-kantautor-danko-tomanic-donosi-vecer-duhovne-sansone","status":"publish","type":"post","link":"https:\/\/gorica.info\/en\/koncert-u-gradskoj-vijecnici-sisacki-glazbenik-i-kantautor-danko-tomanic-donosi-vecer-duhovne-sansone\/","title":{"rendered":"Koncert u Gradskoj vije\u0107nici: Sisa\u010dki glazbenik i kantautor Danko Tomani\u0107 donosi Ve\u010der duhovne \u0161ansone"},"content":{"rendered":"<p><strong>Danko Tomani\u0107<\/strong>, <a href=\"https:\/\/www.facebook.com\/profile.php?id=100045208399219\">sisa\u010dki glazbenik<\/a> i kantautor, odr\u017eat \u0107e u <strong>utorak od 19.30 sati<\/strong> u <a href=\"https:\/\/www.pouvg.hr\/kultura\/koncerti-i-izlozbe\/vecer-duhovne-sansone-danka-tomanica\/\">Gradskoj vije\u0107nici<\/a> koncert <strong>Ve\u010der duhovne \u0161ansone<\/strong>.<\/p>\n<p>Danko je na hrvatskoj glazbenoj sceni prisutan dugi niz godina. Od devedesetih do danas izdao je dva studijska i jedan live album popularne duhovne glazbe te nekoliko singlova. Nastupao je u skoro svim ve\u0107im mjestima i poznatim dvoranama (Lazareti \u2013 Dubrovnik, mala dvorana \u201eLisinski\u201c, dvorana HGZ-a, festivalska dvorana u Krapini i dr.). Nastupao je i u susjednim dr\u017eavama BiH, Makedonija, Slovenija, ali i u europskim od Njema\u010dke i \u0160vedske, te SAD-a.<\/p>\n<p>Danko Tomani\u0107 ovim <a href=\"https:\/\/gorica.info\/en\/2023\/03\/30\/umjetnicka-skola-franje-lucica-slavi-svoj-dan-koncertom-u-puckom-ucilistu-odusevili-publiku\/\">koncertom<\/a> obilje\u017eava trideset godina karijere.<\/p>\n<p>&nbsp;<\/p>","protected":false},"excerpt":{"rendered":"<p>Danko Tomani\u0107, sisa\u010dki glazbenik i kantautor, odr\u017eat \u0107e u utorak od 19.30 sati u Gradskoj vije\u0107nici koncert Ve\u010der duhovne \u0161ansone. Danko je na hrvatskoj glazbenoj sceni prisutan dugi niz godina. Od devedesetih do danas izdao je dva studijska i jedan live album popularne duhovne glazbe te nekoliko singlova. Nastupao je u skoro svim ve\u0107im mjestima [&hellip;]<\/p>\n","protected":false},"author":25,"featured_media":47292,"comment_status":"open","ping_status":"open","sticky":false,"template":"","format":"standard","meta":{"limit_modified_date":"","last_modified_date":"","jnews-multi-image_gallery":[],"jnews_single_post":[],"jnews_primary_category":[],"jnews_override_counter":[],"footnotes":""},"categories":[84],"tags":[9539,1308,9540,9541,9543],"class_list":["post-47291","post","type-post","status-publish","format-standard","has-post-thumbnail","hentry","category-kultura","tag-danko-tomanic","tag-koncert","tag-sisacki-glazbenik","tag-vecer-duhovne-sansone","tag-vijecnica"],"yoast_head":"<!-- This site is optimized with the Yoast SEO Premium plugin v27.4 (Yoast SEO v27.4) - https:\/\/yoast.com\/product\/yoast-seo-premium-wordpress\/ -->\n<title>Koncert u Gradskoj vije\u0107nici: Sisa\u010dki glazbenik i kantautor Danko Tomani\u0107 donosi Ve\u010der duhovne \u0161ansone - Gorica Info<\/title>\n<meta name=\"description\" content=\"Koncert u Gradskoj vije\u0107nici: Sisa\u010dki glazbenik i kantautor Danko Tomani\u0107 donosi Ve\u010der duhovne \u0161ansone. Koncert po\u010dinje u 19.30 u utorak.\" \/>\n<meta name=\"robots\" content=\"index, follow, max-snippet:-1, max-image-preview:large, max-video-preview:-1\" \/>\n<link rel=\"canonical\" href=\"https:\/\/gorica.info\/en\/koncert-u-gradskoj-vijecnici-sisacki-glazbenik-i-kantautor-danko-tomanic-donosi-vecer-duhovne-sansone\/\" \/>\n<meta property=\"og:locale\" content=\"en_US\" \/>\n<meta property=\"og:type\" content=\"article\" \/>\n<meta property=\"og:title\" content=\"Koncert u Gradskoj vije\u0107nici: Sisa\u010dki glazbenik i kantautor Danko Tomani\u0107 donosi Ve\u010der duhovne \u0161ansone\" \/>\n<meta property=\"og:description\" content=\"Koncert u Gradskoj vije\u0107nici: Sisa\u010dki glazbenik i kantautor Danko Tomani\u0107 donosi Ve\u010der duhovne \u0161ansone. Koncert po\u010dinje u 19.30 u utorak.\" \/>\n<meta property=\"og:url\" content=\"https:\/\/gorica.info\/en\/koncert-u-gradskoj-vijecnici-sisacki-glazbenik-i-kantautor-danko-tomanic-donosi-vecer-duhovne-sansone\/\" \/>\n<meta property=\"og:site_name\" content=\"Gorica Info\" \/>\n<meta property=\"article:publisher\" content=\"https:\/\/www.facebook.com\/Goricainfo-106005144489262\" \/>\n<meta property=\"article:published_time\" content=\"2023-04-18T07:52:35+00:00\" \/>\n<meta property=\"og:image\" content=\"https:\/\/gorica.info\/wp-content\/uploads\/2023\/04\/danko-tomanic-500-7770.jpg\" \/>\n\t<meta property=\"og:image:width\" content=\"550\" \/>\n\t<meta property=\"og:image:height\" content=\"368\" \/>\n\t<meta property=\"og:image:type\" content=\"image\/jpeg\" \/>\n<meta name=\"author\" content=\"Marta Horvat\" \/>\n<meta name=\"twitter:card\" content=\"summary_large_image\" \/>\n<meta name=\"twitter:creator\" content=\"@GoricaInfo\" \/>\n<meta name=\"twitter:site\" content=\"@GoricaInfo\" \/>\n<meta name=\"twitter:label1\" content=\"Written by\" \/>\n\t<meta name=\"twitter:data1\" content=\"Marta Horvat\" \/>\n\t<meta name=\"twitter:label2\" content=\"Est. reading time\" \/>\n\t<meta name=\"twitter:data2\" content=\"1 minute\" \/>\n<meta name=\"geo.placename\" content=\"Velika Gorica\" \/>\n<meta name=\"geo.region\" content=\"Croatia\" \/>\n<!-- \/ Yoast SEO Premium plugin. -->","yoast_head_json":{"title":"Koncert u Gradskoj vije\u0107nici: Sisa\u010dki glazbenik i kantautor Danko Tomani\u0107 donosi Ve\u010der duhovne \u0161ansone - Gorica Info","description":"Koncert u Gradskoj vije\u0107nici: Sisa\u010dki glazbenik i kantautor Danko Tomani\u0107 donosi Ve\u010der duhovne \u0161ansone. Koncert po\u010dinje u 19.30 u utorak.","robots":{"index":"index","follow":"follow","max-snippet":"max-snippet:-1","max-image-preview":"max-image-preview:large","max-video-preview":"max-video-preview:-1"},"canonical":"https:\/\/gorica.info\/en\/koncert-u-gradskoj-vijecnici-sisacki-glazbenik-i-kantautor-danko-tomanic-donosi-vecer-duhovne-sansone\/","og_locale":"en_US","og_type":"article","og_title":"Koncert u Gradskoj vije\u0107nici: Sisa\u010dki glazbenik i kantautor Danko Tomani\u0107 donosi Ve\u010der duhovne \u0161ansone","og_description":"Koncert u Gradskoj vije\u0107nici: Sisa\u010dki glazbenik i kantautor Danko Tomani\u0107 donosi Ve\u010der duhovne \u0161ansone. Koncert po\u010dinje u 19.30 u utorak.","og_url":"https:\/\/gorica.info\/en\/koncert-u-gradskoj-vijecnici-sisacki-glazbenik-i-kantautor-danko-tomanic-donosi-vecer-duhovne-sansone\/","og_site_name":"Gorica Info","article_publisher":"https:\/\/www.facebook.com\/Goricainfo-106005144489262","article_published_time":"2023-04-18T07:52:35+00:00","og_image":[{"width":550,"height":368,"url":"https:\/\/gorica.info\/wp-content\/uploads\/2023\/04\/danko-tomanic-500-7770.jpg","type":"image\/jpeg"}],"author":"Marta Horvat","twitter_card":"summary_large_image","twitter_creator":"@GoricaInfo","twitter_site":"@GoricaInfo","twitter_misc":{"Written by":"Marta Horvat","Est. reading time":"1 minute"},"schema":{"@context":"https:\/\/schema.org","@graph":[{"@type":"NewsArticle","@id":"https:\/\/gorica.info\/koncert-u-gradskoj-vijecnici-sisacki-glazbenik-i-kantautor-danko-tomanic-donosi-vecer-duhovne-sansone\/#article","isPartOf":{"@id":"https:\/\/gorica.info\/koncert-u-gradskoj-vijecnici-sisacki-glazbenik-i-kantautor-danko-tomanic-donosi-vecer-duhovne-sansone\/"},"author":{"name":"Marta Horvat","@id":"https:\/\/gorica.info\/#\/schema\/person\/b2df2f6fb2a9073c0fa5af2672befd52"},"headline":"Koncert u Gradskoj vije\u0107nici: Sisa\u010dki glazbenik i kantautor Danko Tomani\u0107 donosi Ve\u010der duhovne \u0161ansone","datePublished":"2023-04-18T07:52:35+00:00","mainEntityOfPage":{"@id":"https:\/\/gorica.info\/koncert-u-gradskoj-vijecnici-sisacki-glazbenik-i-kantautor-danko-tomanic-donosi-vecer-duhovne-sansone\/"},"wordCount":123,"commentCount":0,"publisher":{"@id":"https:\/\/gorica.info\/#organization"},"image":{"@id":"https:\/\/gorica.info\/koncert-u-gradskoj-vijecnici-sisacki-glazbenik-i-kantautor-danko-tomanic-donosi-vecer-duhovne-sansone\/#primaryimage"},"thumbnailUrl":"https:\/\/gorica.info\/wp-content\/uploads\/2023\/04\/danko-tomanic-500-7770.jpg","keywords":["danko tomani\u0107","koncert","sisa\u010dki glazbenik","ve\u010der duhovne \u0161ansone","vije\u0107nica"],"articleSection":["KULTURA"],"inLanguage":"en-US","potentialAction":[{"@type":"CommentAction","name":"Comment","target":["https:\/\/gorica.info\/koncert-u-gradskoj-vijecnici-sisacki-glazbenik-i-kantautor-danko-tomanic-donosi-vecer-duhovne-sansone\/#respond"]}],"copyrightYear":"2023","copyrightHolder":{"@id":"https:\/\/gorica.info\/en\/#organization"}},{"@type":"WebPage","@id":"https:\/\/gorica.info\/koncert-u-gradskoj-vijecnici-sisacki-glazbenik-i-kantautor-danko-tomanic-donosi-vecer-duhovne-sansone\/","url":"https:\/\/gorica.info\/koncert-u-gradskoj-vijecnici-sisacki-glazbenik-i-kantautor-danko-tomanic-donosi-vecer-duhovne-sansone\/","name":"Koncert u Gradskoj vije\u0107nici: Sisa\u010dki glazbenik i kantautor Danko Tomani\u0107 donosi Ve\u010der duhovne \u0161ansone - Gorica Info","isPartOf":{"@id":"https:\/\/gorica.info\/#website"},"primaryImageOfPage":{"@id":"https:\/\/gorica.info\/koncert-u-gradskoj-vijecnici-sisacki-glazbenik-i-kantautor-danko-tomanic-donosi-vecer-duhovne-sansone\/#primaryimage"},"image":{"@id":"https:\/\/gorica.info\/koncert-u-gradskoj-vijecnici-sisacki-glazbenik-i-kantautor-danko-tomanic-donosi-vecer-duhovne-sansone\/#primaryimage"},"thumbnailUrl":"https:\/\/gorica.info\/wp-content\/uploads\/2023\/04\/danko-tomanic-500-7770.jpg","datePublished":"2023-04-18T07:52:35+00:00","description":"Koncert u Gradskoj vije\u0107nici: Sisa\u010dki glazbenik i kantautor Danko Tomani\u0107 donosi Ve\u010der duhovne \u0161ansone. Koncert po\u010dinje u 19.30 u utorak.","breadcrumb":{"@id":"https:\/\/gorica.info\/koncert-u-gradskoj-vijecnici-sisacki-glazbenik-i-kantautor-danko-tomanic-donosi-vecer-duhovne-sansone\/#breadcrumb"},"inLanguage":"en-US","potentialAction":[{"@type":"ReadAction","target":["https:\/\/gorica.info\/koncert-u-gradskoj-vijecnici-sisacki-glazbenik-i-kantautor-danko-tomanic-donosi-vecer-duhovne-sansone\/"]}]},{"@type":"ImageObject","inLanguage":"en-US","@id":"https:\/\/gorica.info\/koncert-u-gradskoj-vijecnici-sisacki-glazbenik-i-kantautor-danko-tomanic-donosi-vecer-duhovne-sansone\/#primaryimage","url":"https:\/\/gorica.info\/wp-content\/uploads\/2023\/04\/danko-tomanic-500-7770.jpg","contentUrl":"https:\/\/gorica.info\/wp-content\/uploads\/2023\/04\/danko-tomanic-500-7770.jpg","width":550,"height":368,"caption":"Danko Tomani\u0107 slavi 30 godina karijere"},{"@type":"BreadcrumbList","@id":"https:\/\/gorica.info\/koncert-u-gradskoj-vijecnici-sisacki-glazbenik-i-kantautor-danko-tomanic-donosi-vecer-duhovne-sansone\/#breadcrumb","itemListElement":[{"@type":"ListItem","position":1,"name":"Po\u010detna stranica","item":"https:\/\/gorica.info\/"},{"@type":"ListItem","position":2,"name":"Koncert u Gradskoj vije\u0107nici: Sisa\u010dki glazbenik i kantautor Danko Tomani\u0107 donosi Ve\u010der duhovne \u0161ansone"}]},{"@type":"WebSite","@id":"https:\/\/gorica.info\/#website","url":"https:\/\/gorica.info\/","name":"Gorica Info","description":"Vijesti iz Velike Gorice i okolice.","publisher":{"@id":"https:\/\/gorica.info\/#organization"},"potentialAction":[{"@type":"SearchAction","target":{"@type":"EntryPoint","urlTemplate":"https:\/\/gorica.info\/?s={search_term_string}"},"query-input":{"@type":"PropertyValueSpecification","valueRequired":true,"valueName":"search_term_string"}}],"inLanguage":"en-US"},{"@type":["Organization","Place","NewsMediaOrganization"],"@id":"https:\/\/gorica.info\/#organization","name":"Gorica Info","url":"https:\/\/gorica.info\/","logo":{"@id":"https:\/\/gorica.info\/koncert-u-gradskoj-vijecnici-sisacki-glazbenik-i-kantautor-danko-tomanic-donosi-vecer-duhovne-sansone\/#local-main-organization-logo"},"image":{"@id":"https:\/\/gorica.info\/koncert-u-gradskoj-vijecnici-sisacki-glazbenik-i-kantautor-danko-tomanic-donosi-vecer-duhovne-sansone\/#local-main-organization-logo"},"sameAs":["https:\/\/www.facebook.com\/Goricainfo-106005144489262","https:\/\/x.com\/GoricaInfo","https:\/\/www.instagram.com\/gorica.info\/"],"address":{"@id":"https:\/\/gorica.info\/koncert-u-gradskoj-vijecnici-sisacki-glazbenik-i-kantautor-danko-tomanic-donosi-vecer-duhovne-sansone\/#local-main-place-address"},"telephone":[],"openingHoursSpecification":[{"@type":"OpeningHoursSpecification","dayOfWeek":["Monday","Tuesday","Wednesday","Thursday","Friday","Saturday","Sunday"],"opens":"09:00","closes":"17:00"}],"email":"redakcija@gorica.info"},{"@type":"Person","@id":"https:\/\/gorica.info\/#\/schema\/person\/b2df2f6fb2a9073c0fa5af2672befd52","name":"Marta Horvat","description":"Marta Horvat je studentica koja redovito pi\u0161e za portal, prati sva gradska doga\u0111anja i u\u017eiva isprobavati nove recept koje dijeli s na\u0161im \u010ditateljima.","url":"https:\/\/gorica.info\/en\/author\/marta-horvat\/"},{"@type":"PostalAddress","@id":"https:\/\/gorica.info\/koncert-u-gradskoj-vijecnici-sisacki-glazbenik-i-kantautor-danko-tomanic-donosi-vecer-duhovne-sansone\/#local-main-place-address","streetAddress":"Horvatova 97","addressLocality":"Velika Gorica","postalCode":"10410","addressRegion":"Croatia","addressCountry":"HR"},{"@type":"ImageObject","inLanguage":"en-US","@id":"https:\/\/gorica.info\/koncert-u-gradskoj-vijecnici-sisacki-glazbenik-i-kantautor-danko-tomanic-donosi-vecer-duhovne-sansone\/#local-main-organization-logo","url":"https:\/\/gorica.info\/wp-content\/uploads\/2024\/07\/Gorica-Info-Logo-mali.png","contentUrl":"https:\/\/gorica.info\/wp-content\/uploads\/2024\/07\/Gorica-Info-Logo-mali.png","width":450,"height":85,"caption":"Gorica Info"}]},"geo.placename":"Velika Gorica","geo.region":"Croatia"},"_links":{"self":[{"href":"https:\/\/gorica.info\/en\/wp-json\/wp\/v2\/posts\/47291","targetHints":{"allow":["GET"]}}],"collection":[{"href":"https:\/\/gorica.info\/en\/wp-json\/wp\/v2\/posts"}],"about":[{"href":"https:\/\/gorica.info\/en\/wp-json\/wp\/v2\/types\/post"}],"author":[{"embeddable":true,"href":"https:\/\/gorica.info\/en\/wp-json\/wp\/v2\/users\/25"}],"replies":[{"embeddable":true,"href":"https:\/\/gorica.info\/en\/wp-json\/wp\/v2\/comments?post=47291"}],"version-history":[{"count":0,"href":"https:\/\/gorica.info\/en\/wp-json\/wp\/v2\/posts\/47291\/revisions"}],"wp:featuredmedia":[{"embeddable":true,"href":"https:\/\/gorica.info\/en\/wp-json\/wp\/v2\/media\/47292"}],"wp:attachment":[{"href":"https:\/\/gorica.info\/en\/wp-json\/wp\/v2\/media?parent=47291"}],"wp:term":[{"taxonomy":"category","embeddable":true,"href":"https:\/\/gorica.info\/en\/wp-json\/wp\/v2\/categories?post=47291"},{"taxonomy":"post_tag","embeddable":true,"href":"https:\/\/gorica.info\/en\/wp-json\/wp\/v2\/tags?post=47291"}],"curies":[{"name":"wp","href":"https:\/\/api.w.org\/{rel}","templated":true}]}}