{"id":47296,"date":"2023-04-18T10:40:36","date_gmt":"2023-04-18T08:40:36","guid":{"rendered":"https:\/\/gorica.info\/?p=47296"},"modified":"2023-04-18T10:40:36","modified_gmt":"2023-04-18T08:40:36","slug":"jutros-nesreca-na-krizanju-kurilovecke-i-jelaciceve-kada-ce-se-urediti-jedno-od-najnepreglednijih-raskrizja-u-velikoj-gorici","status":"publish","type":"post","link":"https:\/\/gorica.info\/en\/jutros-nesreca-na-krizanju-kurilovecke-i-jelaciceve-kada-ce-se-urediti-jedno-od-najnepreglednijih-raskrizja-u-velikoj-gorici\/","title":{"rendered":"Jutros nesre\u0107a na kri\u017eanju Kurilove\u010dke i Jela\u010di\u0107eve: Kada \u0107e se urediti jedno od najnepreglednijih raskri\u017eja u Velikoj Gorici?"},"content":{"rendered":"<p>Jutros se dogodila prometna nesre\u0107a na kri\u017eanju Kurilove\u010dke i Jela\u010di\u0107eve ulice u Velikoj Gorici. Sudarila su se dva automobila, BMW i slu\u017ebeno vozilo <a href=\"https:\/\/www.hep.hr\">HEP-a<\/a> koje se zaustavilo u ogradi pokraj ceste.<\/p>\n<p>Voza\u010d HEP-ova vozila te\u017ee je ozlije\u0111en.<\/p>\n<p>Velikogori\u010dane koji \u010desto prolaze tim kri\u017eanjem ova nesre\u0107a nije iznenadila. Radi se, naime, o jednom od najnepreglednijih kri\u017eanja u Velikoj Gorici, koje ve\u0107 godinama \u010deka da netko od mjerodavnih napravi ne\u0161to kako bi se pove\u0107ala sigurnost svih sudionika u prometu u tom dijelu na\u0161eg grada.<\/p>\n<p>Dolaze\u0107i iz Jela\u010di\u0107eve na sporno kri\u017eanje iz smjera istoka s vozilom treba u\u0107i duboko u kri\u017eanje kako bi se vidjelo nailazi li netko sa lijeve strane. Preglednost bitno smanjuje visoka \u017eivica uz cestu.<\/p>\n<p><img fetchpriority=\"high\" decoding=\"async\" class=\"aligncenter wp-image-47299 size-large\" src=\"https:\/\/gorica.info\/wp-content\/uploads\/2023\/04\/krizanje-1024x768.jpg\" alt=\"\" width=\"810\" height=\"608\" \/><\/p>\n<p>Ni\u0161ta nije bolje ni ako se do Kurilove\u010dke dolazi Jela\u010di\u0107evom sa zapada, odnosno iz smjera \u017eeljezni\u010dke stanice. Tamo je kri\u017eanje nepregledno zbog raspela i putokaza koji zaklanjaju pogled prema Kurilove\u010dkoj.<\/p>\n<p>Nije ovo prvo opasno kri\u017eanje na Kurilove\u010dkoj koje godinama \u010deka sanaciju. Tako je bilo i sa <a href=\"https:\/\/gorica.info\/en\/2022\/03\/26\/upravo-se-dogodila-prometna-nesreca-na-krizanju-kurilovecke-i-kaciceve-sudarila-se-dva-automobila\/\">kri\u017eanjem Kurilove\u010dke i Ulice Andrije Ka\u010di\u0107a Mio\u0161i\u0107a<\/a> na kojem su, do lanjskog ure\u0111enja s uspornicima, novom signalizacijom i prometnim ogledalima, bile u\u010destale prometne nesre\u0107e.<\/p>","protected":false},"excerpt":{"rendered":"<p>Jutros se dogodila prometna nesre\u0107a na kri\u017eanju Kurilove\u010dke i Jela\u010di\u0107eve ulice u Velikoj Gorici. Sudarila su se dva automobila, BMW i slu\u017ebeno vozilo HEP-a koje se zaustavilo u ogradi pokraj ceste. Voza\u010d HEP-ova vozila te\u017ee je ozlije\u0111en. Velikogori\u010dane koji \u010desto prolaze tim kri\u017eanjem ova nesre\u0107a nije iznenadila. Radi se, naime, o jednom od najnepreglednijih kri\u017eanja [&hellip;]<\/p>\n","protected":false},"author":23,"featured_media":47297,"comment_status":"open","ping_status":"open","sticky":false,"template":"","format":"standard","meta":{"limit_modified_date":"","last_modified_date":"","jnews-multi-image_gallery":[],"jnews_single_post":[],"jnews_primary_category":[],"jnews_override_counter":[],"footnotes":""},"categories":[91],"tags":[9542,5398,9544,519,122],"class_list":["post-47296","post","type-post","status-publish","format-standard","has-post-thumbnail","hentry","category-vg-vazno","tag-jelaciceva-ulica","tag-kurilovecka-ulica","tag-nepregledno-krizanje","tag-nesreca","tag-velika-gorica"],"yoast_head":"<!-- This site is optimized with the Yoast SEO Premium plugin v27.4 (Yoast SEO v27.4) - https:\/\/yoast.com\/product\/yoast-seo-premium-wordpress\/ -->\n<title>Jutros nesre\u0107a na kri\u017eanju Kurilove\u010dke i Jela\u010di\u0107eve: Kada \u0107e se urediti jedno od najnepreglednijih raskri\u017eja u Velikoj Gorici? - Gorica Info<\/title>\n<meta name=\"description\" content=\"Kri\u017eanje Kurilove\u010dke i Jela\u010di\u0107eve ulice u Velikoj Gorici jedno je od najnepreglednijih i pitanje je dana kada \u0107e se dogoditi nova prometna\" \/>\n<meta name=\"robots\" content=\"index, follow, max-snippet:-1, max-image-preview:large, max-video-preview:-1\" \/>\n<link rel=\"canonical\" href=\"https:\/\/gorica.info\/en\/jutros-nesreca-na-krizanju-kurilovecke-i-jelaciceve-kada-ce-se-urediti-jedno-od-najnepreglednijih-raskrizja-u-velikoj-gorici\/\" \/>\n<meta property=\"og:locale\" content=\"en_US\" \/>\n<meta property=\"og:type\" content=\"article\" \/>\n<meta property=\"og:title\" content=\"Jutros nesre\u0107a na kri\u017eanju Kurilove\u010dke i Jela\u010di\u0107eve: Kada \u0107e se urediti jedno od najnepreglednijih raskri\u017eja u Velikoj Gorici?\" \/>\n<meta property=\"og:description\" content=\"Kri\u017eanje Kurilove\u010dke i Jela\u010di\u0107eve ulice u Velikoj Gorici jedno je od najnepreglednijih i pitanje je dana kada \u0107e se dogoditi nova prometna\" \/>\n<meta property=\"og:url\" content=\"https:\/\/gorica.info\/en\/jutros-nesreca-na-krizanju-kurilovecke-i-jelaciceve-kada-ce-se-urediti-jedno-od-najnepreglednijih-raskrizja-u-velikoj-gorici\/\" \/>\n<meta property=\"og:site_name\" content=\"Gorica Info\" \/>\n<meta property=\"article:publisher\" content=\"https:\/\/www.facebook.com\/Goricainfo-106005144489262\" \/>\n<meta property=\"article:published_time\" content=\"2023-04-18T08:40:36+00:00\" \/>\n<meta property=\"og:image\" content=\"https:\/\/gorica.info\/wp-content\/uploads\/2023\/04\/Collage_Fotor-sudar.jpg\" \/>\n\t<meta property=\"og:image:width\" content=\"1200\" \/>\n\t<meta property=\"og:image:height\" content=\"771\" \/>\n\t<meta property=\"og:image:type\" content=\"image\/jpeg\" \/>\n<meta name=\"author\" content=\"Gorica. info\" \/>\n<meta name=\"twitter:card\" content=\"summary_large_image\" \/>\n<meta name=\"twitter:creator\" content=\"@GoricaInfo\" \/>\n<meta name=\"twitter:site\" content=\"@GoricaInfo\" \/>\n<meta name=\"twitter:label1\" content=\"Written by\" \/>\n\t<meta name=\"twitter:data1\" content=\"Gorica. info\" \/>\n\t<meta name=\"twitter:label2\" content=\"Est. reading time\" \/>\n\t<meta name=\"twitter:data2\" content=\"2 minutes\" \/>\n<meta name=\"geo.placename\" content=\"Velika Gorica\" \/>\n<meta name=\"geo.region\" content=\"Croatia\" \/>\n<!-- \/ Yoast SEO Premium plugin. -->","yoast_head_json":{"title":"Jutros nesre\u0107a na kri\u017eanju Kurilove\u010dke i Jela\u010di\u0107eve: Kada \u0107e se urediti jedno od najnepreglednijih raskri\u017eja u Velikoj Gorici? - Gorica Info","description":"Kri\u017eanje Kurilove\u010dke i Jela\u010di\u0107eve ulice u Velikoj Gorici jedno je od najnepreglednijih i pitanje je dana kada \u0107e se dogoditi nova prometna","robots":{"index":"index","follow":"follow","max-snippet":"max-snippet:-1","max-image-preview":"max-image-preview:large","max-video-preview":"max-video-preview:-1"},"canonical":"https:\/\/gorica.info\/en\/jutros-nesreca-na-krizanju-kurilovecke-i-jelaciceve-kada-ce-se-urediti-jedno-od-najnepreglednijih-raskrizja-u-velikoj-gorici\/","og_locale":"en_US","og_type":"article","og_title":"Jutros nesre\u0107a na kri\u017eanju Kurilove\u010dke i Jela\u010di\u0107eve: Kada \u0107e se urediti jedno od najnepreglednijih raskri\u017eja u Velikoj Gorici?","og_description":"Kri\u017eanje Kurilove\u010dke i Jela\u010di\u0107eve ulice u Velikoj Gorici jedno je od najnepreglednijih i pitanje je dana kada \u0107e se dogoditi nova prometna","og_url":"https:\/\/gorica.info\/en\/jutros-nesreca-na-krizanju-kurilovecke-i-jelaciceve-kada-ce-se-urediti-jedno-od-najnepreglednijih-raskrizja-u-velikoj-gorici\/","og_site_name":"Gorica Info","article_publisher":"https:\/\/www.facebook.com\/Goricainfo-106005144489262","article_published_time":"2023-04-18T08:40:36+00:00","og_image":[{"width":1200,"height":771,"url":"https:\/\/gorica.info\/wp-content\/uploads\/2023\/04\/Collage_Fotor-sudar.jpg","type":"image\/jpeg"}],"author":"Gorica. info","twitter_card":"summary_large_image","twitter_creator":"@GoricaInfo","twitter_site":"@GoricaInfo","twitter_misc":{"Written by":"Gorica. info","Est. reading time":"2 minutes"},"schema":{"@context":"https:\/\/schema.org","@graph":[{"@type":"NewsArticle","@id":"https:\/\/gorica.info\/jutros-nesreca-na-krizanju-kurilovecke-i-jelaciceve-kada-ce-se-urediti-jedno-od-najnepreglednijih-raskrizja-u-velikoj-gorici\/#article","isPartOf":{"@id":"https:\/\/gorica.info\/jutros-nesreca-na-krizanju-kurilovecke-i-jelaciceve-kada-ce-se-urediti-jedno-od-najnepreglednijih-raskrizja-u-velikoj-gorici\/"},"author":{"name":"Gorica. info","@id":"https:\/\/gorica.info\/#\/schema\/person\/4499af1f22f322670b9b5977ccc2e3de"},"headline":"Jutros nesre\u0107a na kri\u017eanju Kurilove\u010dke i Jela\u010di\u0107eve: Kada \u0107e se urediti jedno od najnepreglednijih raskri\u017eja u Velikoj Gorici?","datePublished":"2023-04-18T08:40:36+00:00","mainEntityOfPage":{"@id":"https:\/\/gorica.info\/jutros-nesreca-na-krizanju-kurilovecke-i-jelaciceve-kada-ce-se-urediti-jedno-od-najnepreglednijih-raskrizja-u-velikoj-gorici\/"},"wordCount":248,"commentCount":0,"publisher":{"@id":"https:\/\/gorica.info\/#organization"},"image":{"@id":"https:\/\/gorica.info\/jutros-nesreca-na-krizanju-kurilovecke-i-jelaciceve-kada-ce-se-urediti-jedno-od-najnepreglednijih-raskrizja-u-velikoj-gorici\/#primaryimage"},"thumbnailUrl":"https:\/\/gorica.info\/wp-content\/uploads\/2023\/04\/Collage_Fotor-sudar.jpg","keywords":["jela\u010di\u0107eva ulica","kurilove\u010dka ulica","nepregledno kri\u017eanje","nesre\u0107a","Velika Gorica"],"articleSection":["VG VA\u017dNO"],"inLanguage":"en-US","potentialAction":[{"@type":"CommentAction","name":"Comment","target":["https:\/\/gorica.info\/jutros-nesreca-na-krizanju-kurilovecke-i-jelaciceve-kada-ce-se-urediti-jedno-od-najnepreglednijih-raskrizja-u-velikoj-gorici\/#respond"]}],"copyrightYear":"2023","copyrightHolder":{"@id":"https:\/\/gorica.info\/en\/#organization"}},{"@type":"WebPage","@id":"https:\/\/gorica.info\/jutros-nesreca-na-krizanju-kurilovecke-i-jelaciceve-kada-ce-se-urediti-jedno-od-najnepreglednijih-raskrizja-u-velikoj-gorici\/","url":"https:\/\/gorica.info\/jutros-nesreca-na-krizanju-kurilovecke-i-jelaciceve-kada-ce-se-urediti-jedno-od-najnepreglednijih-raskrizja-u-velikoj-gorici\/","name":"Jutros nesre\u0107a na kri\u017eanju Kurilove\u010dke i Jela\u010di\u0107eve: Kada \u0107e se urediti jedno od najnepreglednijih raskri\u017eja u Velikoj Gorici? - Gorica Info","isPartOf":{"@id":"https:\/\/gorica.info\/#website"},"primaryImageOfPage":{"@id":"https:\/\/gorica.info\/jutros-nesreca-na-krizanju-kurilovecke-i-jelaciceve-kada-ce-se-urediti-jedno-od-najnepreglednijih-raskrizja-u-velikoj-gorici\/#primaryimage"},"image":{"@id":"https:\/\/gorica.info\/jutros-nesreca-na-krizanju-kurilovecke-i-jelaciceve-kada-ce-se-urediti-jedno-od-najnepreglednijih-raskrizja-u-velikoj-gorici\/#primaryimage"},"thumbnailUrl":"https:\/\/gorica.info\/wp-content\/uploads\/2023\/04\/Collage_Fotor-sudar.jpg","datePublished":"2023-04-18T08:40:36+00:00","description":"Kri\u017eanje Kurilove\u010dke i Jela\u010di\u0107eve ulice u Velikoj Gorici jedno je od najnepreglednijih i pitanje je dana kada \u0107e se dogoditi nova prometna","breadcrumb":{"@id":"https:\/\/gorica.info\/jutros-nesreca-na-krizanju-kurilovecke-i-jelaciceve-kada-ce-se-urediti-jedno-od-najnepreglednijih-raskrizja-u-velikoj-gorici\/#breadcrumb"},"inLanguage":"en-US","potentialAction":[{"@type":"ReadAction","target":["https:\/\/gorica.info\/jutros-nesreca-na-krizanju-kurilovecke-i-jelaciceve-kada-ce-se-urediti-jedno-od-najnepreglednijih-raskrizja-u-velikoj-gorici\/"]}]},{"@type":"ImageObject","inLanguage":"en-US","@id":"https:\/\/gorica.info\/jutros-nesreca-na-krizanju-kurilovecke-i-jelaciceve-kada-ce-se-urediti-jedno-od-najnepreglednijih-raskrizja-u-velikoj-gorici\/#primaryimage","url":"https:\/\/gorica.info\/wp-content\/uploads\/2023\/04\/Collage_Fotor-sudar.jpg","contentUrl":"https:\/\/gorica.info\/wp-content\/uploads\/2023\/04\/Collage_Fotor-sudar.jpg","width":1100,"height":707,"caption":"Nepregldno kri\u017eanje Kurilove\u010dke i Jela\u010di\u0107eve \/ Foto: Gorica.info"},{"@type":"BreadcrumbList","@id":"https:\/\/gorica.info\/jutros-nesreca-na-krizanju-kurilovecke-i-jelaciceve-kada-ce-se-urediti-jedno-od-najnepreglednijih-raskrizja-u-velikoj-gorici\/#breadcrumb","itemListElement":[{"@type":"ListItem","position":1,"name":"Po\u010detna stranica","item":"https:\/\/gorica.info\/"},{"@type":"ListItem","position":2,"name":"Jutros nesre\u0107a na kri\u017eanju Kurilove\u010dke i Jela\u010di\u0107eve: Kada \u0107e se urediti jedno od najnepreglednijih raskri\u017eja u Velikoj Gorici?"}]},{"@type":"WebSite","@id":"https:\/\/gorica.info\/#website","url":"https:\/\/gorica.info\/","name":"Gorica Info","description":"Vijesti iz Velike Gorice i okolice.","publisher":{"@id":"https:\/\/gorica.info\/#organization"},"potentialAction":[{"@type":"SearchAction","target":{"@type":"EntryPoint","urlTemplate":"https:\/\/gorica.info\/?s={search_term_string}"},"query-input":{"@type":"PropertyValueSpecification","valueRequired":true,"valueName":"search_term_string"}}],"inLanguage":"en-US"},{"@type":["Organization","Place","NewsMediaOrganization"],"@id":"https:\/\/gorica.info\/#organization","name":"Gorica Info","url":"https:\/\/gorica.info\/","logo":{"@id":"https:\/\/gorica.info\/jutros-nesreca-na-krizanju-kurilovecke-i-jelaciceve-kada-ce-se-urediti-jedno-od-najnepreglednijih-raskrizja-u-velikoj-gorici\/#local-main-organization-logo"},"image":{"@id":"https:\/\/gorica.info\/jutros-nesreca-na-krizanju-kurilovecke-i-jelaciceve-kada-ce-se-urediti-jedno-od-najnepreglednijih-raskrizja-u-velikoj-gorici\/#local-main-organization-logo"},"sameAs":["https:\/\/www.facebook.com\/Goricainfo-106005144489262","https:\/\/x.com\/GoricaInfo","https:\/\/www.instagram.com\/gorica.info\/"],"address":{"@id":"https:\/\/gorica.info\/jutros-nesreca-na-krizanju-kurilovecke-i-jelaciceve-kada-ce-se-urediti-jedno-od-najnepreglednijih-raskrizja-u-velikoj-gorici\/#local-main-place-address"},"telephone":[],"openingHoursSpecification":[{"@type":"OpeningHoursSpecification","dayOfWeek":["Monday","Tuesday","Wednesday","Thursday","Friday","Saturday","Sunday"],"opens":"09:00","closes":"17:00"}],"email":"redakcija@gorica.info"},{"@type":"Person","@id":"https:\/\/gorica.info\/#\/schema\/person\/4499af1f22f322670b9b5977ccc2e3de","name":"Gorica. info","description":"Gorica.info je lokalni portal koji prati Veliku Goricu i okolici, svakodnevno donosi najnovije vijesti i pri\u010de, kulturna doga\u0111anja i aktualnosti koje oblikuju \u017eivot gra\u0111ana.","url":"https:\/\/gorica.info\/en\/author\/gorica-info\/"},{"@type":"PostalAddress","@id":"https:\/\/gorica.info\/jutros-nesreca-na-krizanju-kurilovecke-i-jelaciceve-kada-ce-se-urediti-jedno-od-najnepreglednijih-raskrizja-u-velikoj-gorici\/#local-main-place-address","streetAddress":"Horvatova 97","addressLocality":"Velika Gorica","postalCode":"10410","addressRegion":"Croatia","addressCountry":"HR"},{"@type":"ImageObject","inLanguage":"en-US","@id":"https:\/\/gorica.info\/jutros-nesreca-na-krizanju-kurilovecke-i-jelaciceve-kada-ce-se-urediti-jedno-od-najnepreglednijih-raskrizja-u-velikoj-gorici\/#local-main-organization-logo","url":"https:\/\/gorica.info\/wp-content\/uploads\/2024\/07\/Gorica-Info-Logo-mali.png","contentUrl":"https:\/\/gorica.info\/wp-content\/uploads\/2024\/07\/Gorica-Info-Logo-mali.png","width":450,"height":85,"caption":"Gorica Info"}]},"geo.placename":"Velika Gorica","geo.region":"Croatia"},"_links":{"self":[{"href":"https:\/\/gorica.info\/en\/wp-json\/wp\/v2\/posts\/47296","targetHints":{"allow":["GET"]}}],"collection":[{"href":"https:\/\/gorica.info\/en\/wp-json\/wp\/v2\/posts"}],"about":[{"href":"https:\/\/gorica.info\/en\/wp-json\/wp\/v2\/types\/post"}],"author":[{"embeddable":true,"href":"https:\/\/gorica.info\/en\/wp-json\/wp\/v2\/users\/23"}],"replies":[{"embeddable":true,"href":"https:\/\/gorica.info\/en\/wp-json\/wp\/v2\/comments?post=47296"}],"version-history":[{"count":0,"href":"https:\/\/gorica.info\/en\/wp-json\/wp\/v2\/posts\/47296\/revisions"}],"wp:featuredmedia":[{"embeddable":true,"href":"https:\/\/gorica.info\/en\/wp-json\/wp\/v2\/media\/47297"}],"wp:attachment":[{"href":"https:\/\/gorica.info\/en\/wp-json\/wp\/v2\/media?parent=47296"}],"wp:term":[{"taxonomy":"category","embeddable":true,"href":"https:\/\/gorica.info\/en\/wp-json\/wp\/v2\/categories?post=47296"},{"taxonomy":"post_tag","embeddable":true,"href":"https:\/\/gorica.info\/en\/wp-json\/wp\/v2\/tags?post=47296"}],"curies":[{"name":"wp","href":"https:\/\/api.w.org\/{rel}","templated":true}]}}