{"id":47330,"date":"2023-04-19T08:56:19","date_gmt":"2023-04-19T06:56:19","guid":{"rendered":"https:\/\/gorica.info\/?p=47330"},"modified":"2023-04-19T08:56:19","modified_gmt":"2023-04-19T06:56:19","slug":"doznajte-sto-sve-gradska-knjiznica-velika-gorica-organizira-za-noc-knjige-predstavljanje-knjiga-za-djecu-gostovanja-pisaca-prodaju-otpisanih-knjiga","status":"publish","type":"post","link":"https:\/\/gorica.info\/en\/doznajte-sto-sve-gradska-knjiznica-velika-gorica-organizira-za-noc-knjige-predstavljanje-knjiga-za-djecu-gostovanja-pisaca-prodaju-otpisanih-knjiga\/","title":{"rendered":"Doznajte \u0161to sve Gradska knji\u017enica organizira za No\u0107 knjige: Predstavljanje knjiga za djecu, gostovanja pisaca, prodaju otpisanih knjiga&#8230;"},"content":{"rendered":"<p>No\u0107 knjige odr\u017eat \u0107e se u petak, 21. travnja. Tim povodom <a href=\"https:\/\/www.knjiznica-vg.hr\/noc-knjige-u-sredisnjem-i-djecjem-odjelu\/\">Gradska knji\u017enica<\/a> pripremila je zanimljiv i bogat program na Dje\u010djem i Sredi\u0161njem odjelu.<\/p>\n<h4><strong>Dje\u010dji odjel<\/strong><\/h4>\n<p><strong>11.00 sati \u2013 Predstavljanje knjige Crna kraljica 1,2,3 Mirjane Novak Perjanec<\/strong><\/p>\n<p>Legenda ka\u017ee da je neko\u0107 davno postojala \u017eena o\u010daravaju\u0107e ljepote, ali opaka srca pa je sama pomisao na nju budila strah u njezinim podanicima i neprijateljima. Ime joj se spominjalo \u0161aptom, a navodna djela izazivala jezu. Bila je to Barbara Celjska, u narodu poznata kao Crna kraljica. Pri\u010du o njoj ispri\u010dala je Mirjana Novak Perjanec, autorica istoimene knjige u tri nastavka od kojih \u0107emo za No\u0107 knjige predstaviti njezin prvi dio.<\/p>\n<p>Knjigu ilustrirao Boris Kugler, a urednica joj je Silvija \u0160esto.<\/p>\n<p><strong>14.15 sati \u2013 Spu\u0161tanje na mali mjesec \u2013 gostovanje Milane Vukovi\u0107 Runji\u0107<\/strong><\/p>\n<p>Milana Vukovi\u0107 Runji\u0107 ro\u0111ena je u Zagrebu, 20. o\u017eujka 1970., gdje je diplomirala i magistrirala knji\u017eevnost na Filozofskom fakultetu. Od prve zbirke pjesama iz 1989. godine do danas objavila je 24 knjige poezije, romana, zbirki pri\u010da i eseja. Od 1995. po\u010dinje s pisanjem za dnevne i tjedne novine. U svibnju 2016. za knji\u017eevni rad dobila je Nagradu Grada Zagreba.<\/p>\n<p>-Ne mogu tajiti da me na pisanje knji\u017eevnosti za djecu i mlade nadahnula moja k\u0107er Antonija koja je i jedna od glavnih heroina trilogije. Nadahnuo me i moj kvart, a sve \u0161to mi se doga\u0111alo u stvarnome \u017eivotu, kao kroz neki \u010darobni lijevak ulilo se u bajku. Tako da na jednoj strani imamo svijet vje\u0161tica, vje\u0161taca, \u010darobnih \u0161tapi\u0107a i staklenih kugli, dok na drugoj potpuno \u201eobi\u010dan i normalan\u201c \u017eivot sa vrti\u0107em, \u0161kolom, parki\u0107em, \u0161kolskim igrali\u0161tem, trgovinom, papirnicom, frizerskim salonom, autobusima, automobilima, putovanjima na posao i svime \u0161to nas okru\u017euje u neposrednoj stvarnosti \u2013 ka\u017ee Milana.<\/p>\n<p>Milana \u0107e govoriti o tome za\u0161to je va\u017eno pisati za djecu i mlade, pisati op\u0107enito i \u010ditati \u0161to vi\u0161e u ovom na\u0161em svijetu koji bi knjigu najradije ostavio na tavanu i zaboravio.<\/p>\n<h4><strong>Sredi\u0161nji odjel<\/strong><\/h4>\n<p><strong>16.00 \u2013 19.30 sati \u2013 Prodaja knjiga iz otpisa \u201dEuro plati knjigu uhvati!\u201d<\/strong><\/p>\n<p>U akciji \u201eEuro plati i knjigu uhvati!\u201c prodajemo knjige iz knji\u017eni\u010dnog otpisa po jedinstvenoj cijeni od jednog eura. Potra\u017eite knjigu beletristike ili dje\u010dju slikovnicu kojom \u0107ete obogatiti svoju ku\u0107nu biblioteku ili razveseliti nekog vama dragog!<\/p>\n<p><strong>18.00 sati \u2013 \u00a0Sa\u0161a Ceci \u2013 Smijemo li vjerovati znanosti? (predavanje)<\/strong><\/p>\n<p>Sa\u0161a Ceci ro\u0111en je 3. sije\u010dnja 1973. u Zagrebu, gdje je zavr\u0161io srednju \u0161kolu i faks. Osnovnu je zavr\u0161io u dana\u0161njoj Velikoj Gorici, gdje je proveo djetinjstvo o kojem \u010desto pi\u0161e u svojim tekstovima. Studirao je fiziku koju je na iznena\u0111enje nekih, svoje najvi\u0161e, i doktorirao fiziku elementarnih \u010destica. \u010clan je udruge Skeptici koji organiziraju Skeptike u pubu.<\/p>\n<p>Jedan od autora i voditelja emisije Tre\u0107i element na HRT-u ve\u0107 deset sezona. O pandemiji je pisao na svom blogu na Facebooku pa je nastala zadnja od njegove \u010detiri knjige znanosti, stvarnosti i svemu ostalome.<\/p>\n<p><strong>19.00 \u2013 19.30 sati \u2013 Glazbeni intermezzo uz Sini\u0161u Belo\u0161evi\u0107a<\/strong><\/p>\n<p><strong>19.30 sati \u2013 Ivana Dela\u010d \u2013 \u201dSF &#8211; sva lica jednog \u017eanra\u201d (razgovor s knji\u017eevnicom)<\/strong><\/p>\n<p>Ivana Dela\u010d je ro\u0111ena 1983. godine u Zagrebu, gdje je 2007. godine diplomirala psihologiju. Pisanjem spekulativne fikcije se bavi oduvijek, a objavljuje od 2006. godine. Dosad je objavila \u010detrdesetak pri\u010da u raznim \u017eanrovskim zbirkama i publikacijama i tri romana \u2013 hvaljeni fantasy roman za djecu \u201cPegazari\u201d (2009.), urban fantasy roman za mlade \u201cIzgnani\u201d (2016.) i feministi\u010dki steampunk \u201cJapodinine muke\u201d (2018.).<\/p>\n<p>Dobitnica je triju nagrada SFERA, dok su \u201cPegazari\u201d i \u201cIzgnani\u201d nagra\u0111eni i nagradom Artefakt, a kratka pri\u010da \u201cReminiscencije o\u017eenjenog vilenjaka\u201d Prvom nagradom Istrakona.<\/p>\n<p>No\u0107 knjige je manifestacija pokrenuta 2012. godine, kako bi se, bez zatvaranja o\u010diju pred \u010desto nelijepom svakodnevicom, barem na jedan dan govorilo o \u010daroliji stvaranja i radosti \u010ditanja knjiga. Cilj projekta je kroz jedinstvenu manifestaciju potaknuti kulturu \u010ditanja i uva\u017eavanja knjige kao civilizacijskog i kulturnog dosega te dati poticaj razgovoru o statusu i va\u017enosti knjige u suvremenom dru\u0161tvu.<\/p>\n<p>Povod za to pru\u017eaju nam Svjetski dan knjige i autorskih prava (23. travnja) i Dan hrvatske knjige (22. travnja), najavili su iz <a href=\"https:\/\/gorica.info\/en\/2023\/04\/11\/gradska-knjiznica-poziva-napisite-pismo-mariji-juric-zagorki-i-osvojite-vrijedne-nagrade\/\">Gradske knji\u017enice<\/a>.<\/p>\n<p>&nbsp;<\/p>\n<p>&nbsp;<\/p>\n<p>&nbsp;<\/p>\n<p>&nbsp;<\/p>\n<p>&nbsp;<\/p>","protected":false},"excerpt":{"rendered":"<p>No\u0107 knjige odr\u017eat \u0107e se u petak, 21. travnja. Tim povodom Gradska knji\u017enica pripremila je zanimljiv i bogat program na Dje\u010djem i Sredi\u0161njem odjelu. Dje\u010dji odjel 11.00 sati \u2013 Predstavljanje knjige Crna kraljica 1,2,3 Mirjane Novak Perjanec Legenda ka\u017ee da je neko\u0107 davno postojala \u017eena o\u010daravaju\u0107e ljepote, ali opaka srca pa je sama pomisao na [&hellip;]<\/p>\n","protected":false},"author":23,"featured_media":47331,"comment_status":"open","ping_status":"open","sticky":false,"template":"","format":"standard","meta":{"limit_modified_date":"","last_modified_date":"","jnews-multi-image_gallery":[],"jnews_single_post":[],"jnews_primary_category":[],"jnews_override_counter":[],"footnotes":""},"categories":[84],"tags":[223,2540,3331,9550,9551],"class_list":["post-47330","post","type-post","status-publish","format-standard","has-post-thumbnail","hentry","category-kultura","tag-gradska-knjiznica","tag-noc-knjige","tag-predavanja","tag-psici","tag-razgovori-s-piscima"],"yoast_head":"<!-- This site is optimized with the Yoast SEO Premium plugin v27.4 (Yoast SEO v27.4) - https:\/\/yoast.com\/product\/yoast-seo-premium-wordpress\/ -->\n<title>Doznajte \u0161to sve Gradska knji\u017enica organizira za No\u0107 knjige: Predstavljanje knjiga za djecu, gostovanja pisaca, prodaju otpisanih knjiga... - Gorica Info<\/title>\n<meta name=\"description\" content=\"Doznajte \u0161to sve Gradska knji\u017enica Velika Gorica organizira za No\u0107 knjige: Predstavljanje knjiga za djecu, gostovanja pisaca, prodaju...\" \/>\n<meta name=\"robots\" content=\"index, follow, max-snippet:-1, max-image-preview:large, max-video-preview:-1\" \/>\n<link rel=\"canonical\" href=\"https:\/\/gorica.info\/en\/doznajte-sto-sve-gradska-knjiznica-velika-gorica-organizira-za-noc-knjige-predstavljanje-knjiga-za-djecu-gostovanja-pisaca-prodaju-otpisanih-knjiga\/\" \/>\n<meta property=\"og:locale\" content=\"en_US\" \/>\n<meta property=\"og:type\" content=\"article\" \/>\n<meta property=\"og:title\" content=\"Doznajte \u0161to sve Gradska knji\u017enica organizira za No\u0107 knjige: Predstavljanje knjiga za djecu, gostovanja pisaca, prodaju otpisanih knjiga...\" \/>\n<meta property=\"og:description\" content=\"Doznajte \u0161to sve Gradska knji\u017enica Velika Gorica organizira za No\u0107 knjige: Predstavljanje knjiga za djecu, gostovanja pisaca, prodaju...\" \/>\n<meta property=\"og:url\" content=\"https:\/\/gorica.info\/en\/doznajte-sto-sve-gradska-knjiznica-velika-gorica-organizira-za-noc-knjige-predstavljanje-knjiga-za-djecu-gostovanja-pisaca-prodaju-otpisanih-knjiga\/\" \/>\n<meta property=\"og:site_name\" content=\"Gorica Info\" \/>\n<meta property=\"article:publisher\" content=\"https:\/\/www.facebook.com\/Goricainfo-106005144489262\" \/>\n<meta property=\"article:published_time\" content=\"2023-04-19T06:56:19+00:00\" \/>\n<meta property=\"og:image\" content=\"https:\/\/gorica.info\/wp-content\/uploads\/2023\/04\/promocija-gradska-knjiznica-vg-foto-fb.jpg\" \/>\n\t<meta property=\"og:image:width\" content=\"800\" \/>\n\t<meta property=\"og:image:height\" content=\"800\" \/>\n\t<meta property=\"og:image:type\" content=\"image\/jpeg\" \/>\n<meta name=\"author\" content=\"Gorica. info\" \/>\n<meta name=\"twitter:card\" content=\"summary_large_image\" \/>\n<meta name=\"twitter:creator\" content=\"@GoricaInfo\" \/>\n<meta name=\"twitter:site\" content=\"@GoricaInfo\" \/>\n<meta name=\"twitter:label1\" content=\"Written by\" \/>\n\t<meta name=\"twitter:data1\" content=\"Gorica. info\" \/>\n\t<meta name=\"twitter:label2\" content=\"Est. reading time\" \/>\n\t<meta name=\"twitter:data2\" content=\"4 minutes\" \/>\n<meta name=\"geo.placename\" content=\"Velika Gorica\" \/>\n<meta name=\"geo.region\" content=\"Croatia\" \/>\n<!-- \/ Yoast SEO Premium plugin. -->","yoast_head_json":{"title":"Doznajte \u0161to sve Gradska knji\u017enica organizira za No\u0107 knjige: Predstavljanje knjiga za djecu, gostovanja pisaca, prodaju otpisanih knjiga... - Gorica Info","description":"Doznajte \u0161to sve Gradska knji\u017enica Velika Gorica organizira za No\u0107 knjige: Predstavljanje knjiga za djecu, gostovanja pisaca, prodaju...","robots":{"index":"index","follow":"follow","max-snippet":"max-snippet:-1","max-image-preview":"max-image-preview:large","max-video-preview":"max-video-preview:-1"},"canonical":"https:\/\/gorica.info\/en\/doznajte-sto-sve-gradska-knjiznica-velika-gorica-organizira-za-noc-knjige-predstavljanje-knjiga-za-djecu-gostovanja-pisaca-prodaju-otpisanih-knjiga\/","og_locale":"en_US","og_type":"article","og_title":"Doznajte \u0161to sve Gradska knji\u017enica organizira za No\u0107 knjige: Predstavljanje knjiga za djecu, gostovanja pisaca, prodaju otpisanih knjiga...","og_description":"Doznajte \u0161to sve Gradska knji\u017enica Velika Gorica organizira za No\u0107 knjige: Predstavljanje knjiga za djecu, gostovanja pisaca, prodaju...","og_url":"https:\/\/gorica.info\/en\/doznajte-sto-sve-gradska-knjiznica-velika-gorica-organizira-za-noc-knjige-predstavljanje-knjiga-za-djecu-gostovanja-pisaca-prodaju-otpisanih-knjiga\/","og_site_name":"Gorica Info","article_publisher":"https:\/\/www.facebook.com\/Goricainfo-106005144489262","article_published_time":"2023-04-19T06:56:19+00:00","og_image":[{"width":800,"height":800,"url":"https:\/\/gorica.info\/wp-content\/uploads\/2023\/04\/promocija-gradska-knjiznica-vg-foto-fb.jpg","type":"image\/jpeg"}],"author":"Gorica. info","twitter_card":"summary_large_image","twitter_creator":"@GoricaInfo","twitter_site":"@GoricaInfo","twitter_misc":{"Written by":"Gorica. info","Est. reading time":"4 minutes"},"schema":{"@context":"https:\/\/schema.org","@graph":[{"@type":"NewsArticle","@id":"https:\/\/gorica.info\/doznajte-sto-sve-gradska-knjiznica-velika-gorica-organizira-za-noc-knjige-predstavljanje-knjiga-za-djecu-gostovanja-pisaca-prodaju-otpisanih-knjiga\/#article","isPartOf":{"@id":"https:\/\/gorica.info\/doznajte-sto-sve-gradska-knjiznica-velika-gorica-organizira-za-noc-knjige-predstavljanje-knjiga-za-djecu-gostovanja-pisaca-prodaju-otpisanih-knjiga\/"},"author":{"name":"Gorica. info","@id":"https:\/\/gorica.info\/#\/schema\/person\/4499af1f22f322670b9b5977ccc2e3de"},"headline":"Doznajte \u0161to sve Gradska knji\u017enica organizira za No\u0107 knjige: Predstavljanje knjiga za djecu, gostovanja pisaca, prodaju otpisanih knjiga&#8230;","datePublished":"2023-04-19T06:56:19+00:00","mainEntityOfPage":{"@id":"https:\/\/gorica.info\/doznajte-sto-sve-gradska-knjiznica-velika-gorica-organizira-za-noc-knjige-predstavljanje-knjiga-za-djecu-gostovanja-pisaca-prodaju-otpisanih-knjiga\/"},"wordCount":711,"commentCount":0,"publisher":{"@id":"https:\/\/gorica.info\/#organization"},"image":{"@id":"https:\/\/gorica.info\/doznajte-sto-sve-gradska-knjiznica-velika-gorica-organizira-za-noc-knjige-predstavljanje-knjiga-za-djecu-gostovanja-pisaca-prodaju-otpisanih-knjiga\/#primaryimage"},"thumbnailUrl":"https:\/\/gorica.info\/wp-content\/uploads\/2023\/04\/promocija-gradska-knjiznica-vg-foto-fb.jpg","keywords":["gradska knji\u017enica","no\u0107 knjige","predavanja","psici","razgovori s piscima"],"articleSection":["KULTURA"],"inLanguage":"en-US","potentialAction":[{"@type":"CommentAction","name":"Comment","target":["https:\/\/gorica.info\/doznajte-sto-sve-gradska-knjiznica-velika-gorica-organizira-za-noc-knjige-predstavljanje-knjiga-za-djecu-gostovanja-pisaca-prodaju-otpisanih-knjiga\/#respond"]}],"copyrightYear":"2023","copyrightHolder":{"@id":"https:\/\/gorica.info\/en\/#organization"}},{"@type":"WebPage","@id":"https:\/\/gorica.info\/doznajte-sto-sve-gradska-knjiznica-velika-gorica-organizira-za-noc-knjige-predstavljanje-knjiga-za-djecu-gostovanja-pisaca-prodaju-otpisanih-knjiga\/","url":"https:\/\/gorica.info\/doznajte-sto-sve-gradska-knjiznica-velika-gorica-organizira-za-noc-knjige-predstavljanje-knjiga-za-djecu-gostovanja-pisaca-prodaju-otpisanih-knjiga\/","name":"Doznajte \u0161to sve Gradska knji\u017enica organizira za No\u0107 knjige: Predstavljanje knjiga za djecu, gostovanja pisaca, prodaju otpisanih knjiga... - Gorica Info","isPartOf":{"@id":"https:\/\/gorica.info\/#website"},"primaryImageOfPage":{"@id":"https:\/\/gorica.info\/doznajte-sto-sve-gradska-knjiznica-velika-gorica-organizira-za-noc-knjige-predstavljanje-knjiga-za-djecu-gostovanja-pisaca-prodaju-otpisanih-knjiga\/#primaryimage"},"image":{"@id":"https:\/\/gorica.info\/doznajte-sto-sve-gradska-knjiznica-velika-gorica-organizira-za-noc-knjige-predstavljanje-knjiga-za-djecu-gostovanja-pisaca-prodaju-otpisanih-knjiga\/#primaryimage"},"thumbnailUrl":"https:\/\/gorica.info\/wp-content\/uploads\/2023\/04\/promocija-gradska-knjiznica-vg-foto-fb.jpg","datePublished":"2023-04-19T06:56:19+00:00","description":"Doznajte \u0161to sve Gradska knji\u017enica Velika Gorica organizira za No\u0107 knjige: Predstavljanje knjiga za djecu, gostovanja pisaca, prodaju...","breadcrumb":{"@id":"https:\/\/gorica.info\/doznajte-sto-sve-gradska-knjiznica-velika-gorica-organizira-za-noc-knjige-predstavljanje-knjiga-za-djecu-gostovanja-pisaca-prodaju-otpisanih-knjiga\/#breadcrumb"},"inLanguage":"en-US","potentialAction":[{"@type":"ReadAction","target":["https:\/\/gorica.info\/doznajte-sto-sve-gradska-knjiznica-velika-gorica-organizira-za-noc-knjige-predstavljanje-knjiga-za-djecu-gostovanja-pisaca-prodaju-otpisanih-knjiga\/"]}]},{"@type":"ImageObject","inLanguage":"en-US","@id":"https:\/\/gorica.info\/doznajte-sto-sve-gradska-knjiznica-velika-gorica-organizira-za-noc-knjige-predstavljanje-knjiga-za-djecu-gostovanja-pisaca-prodaju-otpisanih-knjiga\/#primaryimage","url":"https:\/\/gorica.info\/wp-content\/uploads\/2023\/04\/promocija-gradska-knjiznica-vg-foto-fb.jpg","contentUrl":"https:\/\/gorica.info\/wp-content\/uploads\/2023\/04\/promocija-gradska-knjiznica-vg-foto-fb.jpg","width":800,"height":800,"caption":"Foto: Gradska knji\u017enica VG"},{"@type":"BreadcrumbList","@id":"https:\/\/gorica.info\/doznajte-sto-sve-gradska-knjiznica-velika-gorica-organizira-za-noc-knjige-predstavljanje-knjiga-za-djecu-gostovanja-pisaca-prodaju-otpisanih-knjiga\/#breadcrumb","itemListElement":[{"@type":"ListItem","position":1,"name":"Po\u010detna stranica","item":"https:\/\/gorica.info\/"},{"@type":"ListItem","position":2,"name":"Doznajte \u0161to sve Gradska knji\u017enica organizira za No\u0107 knjige: Predstavljanje knjiga za djecu, gostovanja pisaca, prodaju otpisanih knjiga&#8230;"}]},{"@type":"WebSite","@id":"https:\/\/gorica.info\/#website","url":"https:\/\/gorica.info\/","name":"Gorica Info","description":"Vijesti iz Velike Gorice i okolice.","publisher":{"@id":"https:\/\/gorica.info\/#organization"},"potentialAction":[{"@type":"SearchAction","target":{"@type":"EntryPoint","urlTemplate":"https:\/\/gorica.info\/?s={search_term_string}"},"query-input":{"@type":"PropertyValueSpecification","valueRequired":true,"valueName":"search_term_string"}}],"inLanguage":"en-US"},{"@type":["Organization","Place","NewsMediaOrganization"],"@id":"https:\/\/gorica.info\/#organization","name":"Gorica Info","url":"https:\/\/gorica.info\/","logo":{"@id":"https:\/\/gorica.info\/doznajte-sto-sve-gradska-knjiznica-velika-gorica-organizira-za-noc-knjige-predstavljanje-knjiga-za-djecu-gostovanja-pisaca-prodaju-otpisanih-knjiga\/#local-main-organization-logo"},"image":{"@id":"https:\/\/gorica.info\/doznajte-sto-sve-gradska-knjiznica-velika-gorica-organizira-za-noc-knjige-predstavljanje-knjiga-za-djecu-gostovanja-pisaca-prodaju-otpisanih-knjiga\/#local-main-organization-logo"},"sameAs":["https:\/\/www.facebook.com\/Goricainfo-106005144489262","https:\/\/x.com\/GoricaInfo","https:\/\/www.instagram.com\/gorica.info\/"],"address":{"@id":"https:\/\/gorica.info\/doznajte-sto-sve-gradska-knjiznica-velika-gorica-organizira-za-noc-knjige-predstavljanje-knjiga-za-djecu-gostovanja-pisaca-prodaju-otpisanih-knjiga\/#local-main-place-address"},"telephone":[],"openingHoursSpecification":[{"@type":"OpeningHoursSpecification","dayOfWeek":["Monday","Tuesday","Wednesday","Thursday","Friday","Saturday","Sunday"],"opens":"09:00","closes":"17:00"}],"email":"redakcija@gorica.info"},{"@type":"Person","@id":"https:\/\/gorica.info\/#\/schema\/person\/4499af1f22f322670b9b5977ccc2e3de","name":"Gorica. info","description":"Gorica.info je lokalni portal koji prati Veliku Goricu i okolici, svakodnevno donosi najnovije vijesti i pri\u010de, kulturna doga\u0111anja i aktualnosti koje oblikuju \u017eivot gra\u0111ana.","url":"https:\/\/gorica.info\/en\/author\/gorica-info\/"},{"@type":"PostalAddress","@id":"https:\/\/gorica.info\/doznajte-sto-sve-gradska-knjiznica-velika-gorica-organizira-za-noc-knjige-predstavljanje-knjiga-za-djecu-gostovanja-pisaca-prodaju-otpisanih-knjiga\/#local-main-place-address","streetAddress":"Horvatova 97","addressLocality":"Velika Gorica","postalCode":"10410","addressRegion":"Croatia","addressCountry":"HR"},{"@type":"ImageObject","inLanguage":"en-US","@id":"https:\/\/gorica.info\/doznajte-sto-sve-gradska-knjiznica-velika-gorica-organizira-za-noc-knjige-predstavljanje-knjiga-za-djecu-gostovanja-pisaca-prodaju-otpisanih-knjiga\/#local-main-organization-logo","url":"https:\/\/gorica.info\/wp-content\/uploads\/2024\/07\/Gorica-Info-Logo-mali.png","contentUrl":"https:\/\/gorica.info\/wp-content\/uploads\/2024\/07\/Gorica-Info-Logo-mali.png","width":450,"height":85,"caption":"Gorica Info"}]},"geo.placename":"Velika Gorica","geo.region":"Croatia"},"_links":{"self":[{"href":"https:\/\/gorica.info\/en\/wp-json\/wp\/v2\/posts\/47330","targetHints":{"allow":["GET"]}}],"collection":[{"href":"https:\/\/gorica.info\/en\/wp-json\/wp\/v2\/posts"}],"about":[{"href":"https:\/\/gorica.info\/en\/wp-json\/wp\/v2\/types\/post"}],"author":[{"embeddable":true,"href":"https:\/\/gorica.info\/en\/wp-json\/wp\/v2\/users\/23"}],"replies":[{"embeddable":true,"href":"https:\/\/gorica.info\/en\/wp-json\/wp\/v2\/comments?post=47330"}],"version-history":[{"count":0,"href":"https:\/\/gorica.info\/en\/wp-json\/wp\/v2\/posts\/47330\/revisions"}],"wp:featuredmedia":[{"embeddable":true,"href":"https:\/\/gorica.info\/en\/wp-json\/wp\/v2\/media\/47331"}],"wp:attachment":[{"href":"https:\/\/gorica.info\/en\/wp-json\/wp\/v2\/media?parent=47330"}],"wp:term":[{"taxonomy":"category","embeddable":true,"href":"https:\/\/gorica.info\/en\/wp-json\/wp\/v2\/categories?post=47330"},{"taxonomy":"post_tag","embeddable":true,"href":"https:\/\/gorica.info\/en\/wp-json\/wp\/v2\/tags?post=47330"}],"curies":[{"name":"wp","href":"https:\/\/api.w.org\/{rel}","templated":true}]}}