{"id":47384,"date":"2023-04-20T13:37:36","date_gmt":"2023-04-20T11:37:36","guid":{"rendered":"https:\/\/gorica.info\/?p=47384"},"modified":"2023-04-20T13:37:36","modified_gmt":"2023-04-20T11:37:36","slug":"plesni-odjel-umjetnicke-skole-franje-lucica-obiljezava-20-godina-djelovanja","status":"publish","type":"post","link":"https:\/\/gorica.info\/en\/plesni-odjel-umjetnicke-skole-franje-lucica-obiljezava-20-godina-djelovanja\/","title":{"rendered":"Plesni odjel Umjetni\u010dke \u0161kole Franje Lu\u010di\u0107a obilje\u017eava 20 godina djelovanja"},"content":{"rendered":"<p><strong>Plesni odjel Umjetni\u010dke \u0161kole Franje Lu\u010di\u0107a<\/strong> obilje\u017eava <a href=\"https:\/\/web.facebook.com\/PlesniOdjelVelikaGorica\">20 godina djelovanja<\/a>. Tim povodom organiziraju cijeli doga\u0111anja <strong>od ponedjeljka, 24. do subote, 29. travnja<\/strong>.<\/p>\n<p>&#8211; Na\u0161i sada\u0161nji i biv\u0161i maturanti okupiti \u0107e se u jednoj lijepoj pri\u010di koja uklju\u010duje radionice, filmsku ve\u010der, razmjenu iskustava, a sve \u0107e biti okrunjeno izlo\u017ebom fotografija koje prikazuju dvadeset godina plesnih uspomena i gala plesnom ve\u010deri \u2013 najavila je<strong> Ana Genzi\u0107<\/strong>, voditeljica Plesnog odjela.<\/p>\n<p>Na\u0161a<a href=\"https:\/\/gorica.info\/en\/2023\/03\/30\/umjetnicka-skola-franje-lucica-slavi-svoj-dan-koncertom-u-puckom-ucilistu-odusevili-publiku\/\"> \u0161kola<\/a>, uklju\u010duju\u0107i Plesni odjel ostvaruje dugi niz godina zavidne rezultate na dr\u017eavnim i me\u0111unarodnim natjecanjima a mo\u017eemo se pohvaliti i nekim velikim suradnjama me\u0111u odjelima (projekt Queen, Pink Floyd i drugi) te velikim projektima ostvarenim u suradnji s HGM-om &#8211; isti\u010de Genzi\u0107.<\/p>\n<p>Glavno doga\u0111anje bit \u0107e u<strong> subotu, 29. travnja<\/strong> kada se u 17 sati u Umjetni\u010dkoj \u0161koli otvara izlo\u017eba fotografija koja prikazuje kako se razvijao Plesni odjel, a u 18 sati na <strong>Sceni Gorica<\/strong> po\u010dinje Plesna ve\u010der na kojoj \u0107e u\u010denici pokazati svoje umije\u0107e.<\/p>\n<p>&nbsp;<\/p>\n<p>&nbsp;<\/p>\n<p>&nbsp;<\/p>\n<p>&nbsp;<\/p>\n<p>&nbsp;<\/p>","protected":false},"excerpt":{"rendered":"<p>Plesni odjel Umjetni\u010dke \u0161kole Franje Lu\u010di\u0107a obilje\u017eava 20 godina djelovanja. Tim povodom organiziraju cijeli doga\u0111anja od ponedjeljka, 24. do subote, 29. travnja. &#8211; Na\u0161i sada\u0161nji i biv\u0161i maturanti okupiti \u0107e se u jednoj lijepoj pri\u010di koja uklju\u010duje radionice, filmsku ve\u010der, razmjenu iskustava, a sve \u0107e biti okrunjeno izlo\u017ebom fotografija koje prikazuju dvadeset godina plesnih uspomena [&hellip;]<\/p>\n","protected":false},"author":23,"featured_media":47385,"comment_status":"open","ping_status":"open","sticky":false,"template":"","format":"standard","meta":{"limit_modified_date":"","last_modified_date":"","jnews-multi-image_gallery":[],"jnews_single_post":[],"jnews_primary_category":[],"jnews_override_counter":[],"footnotes":""},"categories":[87],"tags":[9571,3705],"class_list":["post-47384","post","type-post","status-publish","format-standard","has-post-thumbnail","hentry","category-gorica","tag-plesni-odjel","tag-umjetnicka-skola-franje-lucica"],"yoast_head":"<!-- This site is optimized with the Yoast SEO Premium plugin v27.5 (Yoast SEO v27.5) - https:\/\/yoast.com\/product\/yoast-seo-premium-wordpress\/ -->\n<title>Plesni odjel Umjetni\u010dke \u0161kole Franje Lu\u010di\u0107a obilje\u017eava 20 godina djelovanja - Gorica Info<\/title>\n<meta name=\"description\" content=\"Plesni odjel Umjetni\u010dke \u0161kole Franje Lu\u010di\u0107a obilje\u017eava 20. godina djelovanja. Proslava \u0107e trajati cijeli sljede\u0107i tjedan.\" \/>\n<meta name=\"robots\" content=\"index, follow, max-snippet:-1, max-image-preview:large, max-video-preview:-1\" \/>\n<link rel=\"canonical\" href=\"https:\/\/gorica.info\/en\/plesni-odjel-umjetnicke-skole-franje-lucica-obiljezava-20-godina-djelovanja\/\" \/>\n<meta property=\"og:locale\" content=\"en_US\" \/>\n<meta property=\"og:type\" content=\"article\" \/>\n<meta property=\"og:title\" content=\"Plesni odjel Umjetni\u010dke \u0161kole Franje Lu\u010di\u0107a obilje\u017eava 20 godina djelovanja\" \/>\n<meta property=\"og:description\" content=\"Plesni odjel Umjetni\u010dke \u0161kole Franje Lu\u010di\u0107a obilje\u017eava 20. godina djelovanja. Proslava \u0107e trajati cijeli sljede\u0107i tjedan.\" \/>\n<meta property=\"og:url\" content=\"https:\/\/gorica.info\/en\/plesni-odjel-umjetnicke-skole-franje-lucica-obiljezava-20-godina-djelovanja\/\" \/>\n<meta property=\"og:site_name\" content=\"Gorica Info\" \/>\n<meta property=\"article:publisher\" content=\"https:\/\/www.facebook.com\/Goricainfo-106005144489262\" \/>\n<meta property=\"article:published_time\" content=\"2023-04-20T11:37:36+00:00\" \/>\n<meta property=\"og:image\" content=\"https:\/\/gorica.info\/wp-content\/uploads\/2023\/04\/plesni-odjel-umjetnicka-skola-foto-fb-e1681990563660.jpg\" \/>\n\t<meta property=\"og:image:width\" content=\"720\" \/>\n\t<meta property=\"og:image:height\" content=\"549\" \/>\n\t<meta property=\"og:image:type\" content=\"image\/jpeg\" \/>\n<meta name=\"author\" content=\"Gorica. info\" \/>\n<meta name=\"twitter:card\" content=\"summary_large_image\" \/>\n<meta name=\"twitter:creator\" content=\"@GoricaInfo\" \/>\n<meta name=\"twitter:site\" content=\"@GoricaInfo\" \/>\n<meta name=\"twitter:label1\" content=\"Written by\" \/>\n\t<meta name=\"twitter:data1\" content=\"Gorica. info\" \/>\n\t<meta name=\"twitter:label2\" content=\"Est. reading time\" \/>\n\t<meta name=\"twitter:data2\" content=\"1 minute\" \/>\n<meta name=\"geo.placename\" content=\"Velika Gorica\" \/>\n<meta name=\"geo.region\" content=\"Croatia\" \/>\n<!-- \/ Yoast SEO Premium plugin. -->","yoast_head_json":{"title":"Plesni odjel Umjetni\u010dke \u0161kole Franje Lu\u010di\u0107a obilje\u017eava 20 godina djelovanja - Gorica Info","description":"Plesni odjel Umjetni\u010dke \u0161kole Franje Lu\u010di\u0107a obilje\u017eava 20. godina djelovanja. Proslava \u0107e trajati cijeli sljede\u0107i tjedan.","robots":{"index":"index","follow":"follow","max-snippet":"max-snippet:-1","max-image-preview":"max-image-preview:large","max-video-preview":"max-video-preview:-1"},"canonical":"https:\/\/gorica.info\/en\/plesni-odjel-umjetnicke-skole-franje-lucica-obiljezava-20-godina-djelovanja\/","og_locale":"en_US","og_type":"article","og_title":"Plesni odjel Umjetni\u010dke \u0161kole Franje Lu\u010di\u0107a obilje\u017eava 20 godina djelovanja","og_description":"Plesni odjel Umjetni\u010dke \u0161kole Franje Lu\u010di\u0107a obilje\u017eava 20. godina djelovanja. Proslava \u0107e trajati cijeli sljede\u0107i tjedan.","og_url":"https:\/\/gorica.info\/en\/plesni-odjel-umjetnicke-skole-franje-lucica-obiljezava-20-godina-djelovanja\/","og_site_name":"Gorica Info","article_publisher":"https:\/\/www.facebook.com\/Goricainfo-106005144489262","article_published_time":"2023-04-20T11:37:36+00:00","og_image":[{"width":720,"height":549,"url":"https:\/\/gorica.info\/wp-content\/uploads\/2023\/04\/plesni-odjel-umjetnicka-skola-foto-fb-e1681990563660.jpg","type":"image\/jpeg"}],"author":"Gorica. info","twitter_card":"summary_large_image","twitter_creator":"@GoricaInfo","twitter_site":"@GoricaInfo","twitter_misc":{"Written by":"Gorica. info","Est. reading time":"1 minute"},"schema":{"@context":"https:\/\/schema.org","@graph":[{"@type":"NewsArticle","@id":"https:\/\/gorica.info\/plesni-odjel-umjetnicke-skole-franje-lucica-obiljezava-20-godina-djelovanja\/#article","isPartOf":{"@id":"https:\/\/gorica.info\/plesni-odjel-umjetnicke-skole-franje-lucica-obiljezava-20-godina-djelovanja\/"},"author":{"name":"Gorica. info","@id":"https:\/\/gorica.info\/#\/schema\/person\/4499af1f22f322670b9b5977ccc2e3de"},"headline":"Plesni odjel Umjetni\u010dke \u0161kole Franje Lu\u010di\u0107a obilje\u017eava 20 godina djelovanja","datePublished":"2023-04-20T11:37:36+00:00","mainEntityOfPage":{"@id":"https:\/\/gorica.info\/plesni-odjel-umjetnicke-skole-franje-lucica-obiljezava-20-godina-djelovanja\/"},"wordCount":192,"commentCount":0,"publisher":{"@id":"https:\/\/gorica.info\/#organization"},"image":{"@id":"https:\/\/gorica.info\/plesni-odjel-umjetnicke-skole-franje-lucica-obiljezava-20-godina-djelovanja\/#primaryimage"},"thumbnailUrl":"https:\/\/gorica.info\/wp-content\/uploads\/2023\/04\/plesni-odjel-umjetnicka-skola-foto-fb-e1681990563660.jpg","keywords":["plesni odjel","umjetni\u010dka \u0161kola franje lu\u010di\u0107a"],"articleSection":["GORICA"],"inLanguage":"en-US","potentialAction":[{"@type":"CommentAction","name":"Comment","target":["https:\/\/gorica.info\/plesni-odjel-umjetnicke-skole-franje-lucica-obiljezava-20-godina-djelovanja\/#respond"]}],"copyrightYear":"2023","copyrightHolder":{"@id":"https:\/\/gorica.info\/en\/#organization"}},{"@type":"WebPage","@id":"https:\/\/gorica.info\/plesni-odjel-umjetnicke-skole-franje-lucica-obiljezava-20-godina-djelovanja\/","url":"https:\/\/gorica.info\/plesni-odjel-umjetnicke-skole-franje-lucica-obiljezava-20-godina-djelovanja\/","name":"Plesni odjel Umjetni\u010dke \u0161kole Franje Lu\u010di\u0107a obilje\u017eava 20 godina djelovanja - Gorica Info","isPartOf":{"@id":"https:\/\/gorica.info\/#website"},"primaryImageOfPage":{"@id":"https:\/\/gorica.info\/plesni-odjel-umjetnicke-skole-franje-lucica-obiljezava-20-godina-djelovanja\/#primaryimage"},"image":{"@id":"https:\/\/gorica.info\/plesni-odjel-umjetnicke-skole-franje-lucica-obiljezava-20-godina-djelovanja\/#primaryimage"},"thumbnailUrl":"https:\/\/gorica.info\/wp-content\/uploads\/2023\/04\/plesni-odjel-umjetnicka-skola-foto-fb-e1681990563660.jpg","datePublished":"2023-04-20T11:37:36+00:00","description":"Plesni odjel Umjetni\u010dke \u0161kole Franje Lu\u010di\u0107a obilje\u017eava 20. godina djelovanja. Proslava \u0107e trajati cijeli sljede\u0107i tjedan.","breadcrumb":{"@id":"https:\/\/gorica.info\/plesni-odjel-umjetnicke-skole-franje-lucica-obiljezava-20-godina-djelovanja\/#breadcrumb"},"inLanguage":"en-US","potentialAction":[{"@type":"ReadAction","target":["https:\/\/gorica.info\/plesni-odjel-umjetnicke-skole-franje-lucica-obiljezava-20-godina-djelovanja\/"]}]},{"@type":"ImageObject","inLanguage":"en-US","@id":"https:\/\/gorica.info\/plesni-odjel-umjetnicke-skole-franje-lucica-obiljezava-20-godina-djelovanja\/#primaryimage","url":"https:\/\/gorica.info\/wp-content\/uploads\/2023\/04\/plesni-odjel-umjetnicka-skola-foto-fb-e1681990563660.jpg","contentUrl":"https:\/\/gorica.info\/wp-content\/uploads\/2023\/04\/plesni-odjel-umjetnicka-skola-foto-fb-e1681990563660.jpg","width":720,"height":549,"caption":"Foto: Plesni odjel FB"},{"@type":"BreadcrumbList","@id":"https:\/\/gorica.info\/plesni-odjel-umjetnicke-skole-franje-lucica-obiljezava-20-godina-djelovanja\/#breadcrumb","itemListElement":[{"@type":"ListItem","position":1,"name":"Po\u010detna stranica","item":"https:\/\/gorica.info\/"},{"@type":"ListItem","position":2,"name":"Plesni odjel Umjetni\u010dke \u0161kole Franje Lu\u010di\u0107a obilje\u017eava 20 godina djelovanja"}]},{"@type":"WebSite","@id":"https:\/\/gorica.info\/#website","url":"https:\/\/gorica.info\/","name":"Gorica Info","description":"Vijesti iz Velike Gorice i okolice.","publisher":{"@id":"https:\/\/gorica.info\/#organization"},"potentialAction":[{"@type":"SearchAction","target":{"@type":"EntryPoint","urlTemplate":"https:\/\/gorica.info\/?s={search_term_string}"},"query-input":{"@type":"PropertyValueSpecification","valueRequired":true,"valueName":"search_term_string"}}],"inLanguage":"en-US"},{"@type":["Organization","Place","NewsMediaOrganization"],"@id":"https:\/\/gorica.info\/#organization","name":"Gorica Info","url":"https:\/\/gorica.info\/","logo":{"@id":"https:\/\/gorica.info\/plesni-odjel-umjetnicke-skole-franje-lucica-obiljezava-20-godina-djelovanja\/#local-main-organization-logo"},"image":{"@id":"https:\/\/gorica.info\/plesni-odjel-umjetnicke-skole-franje-lucica-obiljezava-20-godina-djelovanja\/#local-main-organization-logo"},"sameAs":["https:\/\/www.facebook.com\/Goricainfo-106005144489262","https:\/\/x.com\/GoricaInfo","https:\/\/www.instagram.com\/gorica.info\/"],"address":{"@id":"https:\/\/gorica.info\/plesni-odjel-umjetnicke-skole-franje-lucica-obiljezava-20-godina-djelovanja\/#local-main-place-address"},"telephone":[],"openingHoursSpecification":[{"@type":"OpeningHoursSpecification","dayOfWeek":["Monday","Tuesday","Wednesday","Thursday","Friday","Saturday","Sunday"],"opens":"09:00","closes":"17:00"}],"email":"redakcija@gorica.info"},{"@type":"Person","@id":"https:\/\/gorica.info\/#\/schema\/person\/4499af1f22f322670b9b5977ccc2e3de","name":"Gorica. info","description":"Gorica.info je lokalni portal koji prati Veliku Goricu i okolici, svakodnevno donosi najnovije vijesti i pri\u010de, kulturna doga\u0111anja i aktualnosti koje oblikuju \u017eivot gra\u0111ana.","url":"https:\/\/gorica.info\/en\/author\/gorica-info\/"},{"@type":"PostalAddress","@id":"https:\/\/gorica.info\/plesni-odjel-umjetnicke-skole-franje-lucica-obiljezava-20-godina-djelovanja\/#local-main-place-address","streetAddress":"Horvatova 97","addressLocality":"Velika Gorica","postalCode":"10410","addressRegion":"Croatia","addressCountry":"HR"},{"@type":"ImageObject","inLanguage":"en-US","@id":"https:\/\/gorica.info\/plesni-odjel-umjetnicke-skole-franje-lucica-obiljezava-20-godina-djelovanja\/#local-main-organization-logo","url":"https:\/\/gorica.info\/wp-content\/uploads\/2024\/07\/Gorica-Info-Logo-mali.png","contentUrl":"https:\/\/gorica.info\/wp-content\/uploads\/2024\/07\/Gorica-Info-Logo-mali.png","width":450,"height":85,"caption":"Gorica Info"}]},"geo.placename":"Velika Gorica","geo.region":"Croatia"},"_links":{"self":[{"href":"https:\/\/gorica.info\/en\/wp-json\/wp\/v2\/posts\/47384","targetHints":{"allow":["GET"]}}],"collection":[{"href":"https:\/\/gorica.info\/en\/wp-json\/wp\/v2\/posts"}],"about":[{"href":"https:\/\/gorica.info\/en\/wp-json\/wp\/v2\/types\/post"}],"author":[{"embeddable":true,"href":"https:\/\/gorica.info\/en\/wp-json\/wp\/v2\/users\/23"}],"replies":[{"embeddable":true,"href":"https:\/\/gorica.info\/en\/wp-json\/wp\/v2\/comments?post=47384"}],"version-history":[{"count":0,"href":"https:\/\/gorica.info\/en\/wp-json\/wp\/v2\/posts\/47384\/revisions"}],"wp:featuredmedia":[{"embeddable":true,"href":"https:\/\/gorica.info\/en\/wp-json\/wp\/v2\/media\/47385"}],"wp:attachment":[{"href":"https:\/\/gorica.info\/en\/wp-json\/wp\/v2\/media?parent=47384"}],"wp:term":[{"taxonomy":"category","embeddable":true,"href":"https:\/\/gorica.info\/en\/wp-json\/wp\/v2\/categories?post=47384"},{"taxonomy":"post_tag","embeddable":true,"href":"https:\/\/gorica.info\/en\/wp-json\/wp\/v2\/tags?post=47384"}],"curies":[{"name":"wp","href":"https:\/\/api.w.org\/{rel}","templated":true}]}}