{"id":47592,"date":"2023-04-25T08:41:14","date_gmt":"2023-04-25T06:41:14","guid":{"rendered":"https:\/\/gorica.info\/?p=47592"},"modified":"2023-04-25T08:41:14","modified_gmt":"2023-04-25T06:41:14","slug":"u-frontalnom-sudaru-dva-automobila-poginula-jedna-osoba-traje-policijski-ocevid","status":"publish","type":"post","link":"https:\/\/gorica.info\/en\/u-frontalnom-sudaru-dva-automobila-poginula-jedna-osoba-traje-policijski-ocevid\/","title":{"rendered":"U frontalnom sudaru dva automobila poginula jedna osoba: Traje policijski o\u010devid"},"content":{"rendered":"<p>U <strong>frontalnom sudaru<\/strong> dva automobila poginula je jedna osoba. Prometna nesre\u0107a dogodila se no\u0107as u Sesvetama.<\/p>\n<p>&#8211; Jedna osoba <a href=\"https:\/\/gorica.info\/en\/2023\/04\/20\/strasna-prometna-nesreca-na-naplatnim-kucicama-automobilom-udario-u-beton-vozac-ispao-i-poginuo\/\">poginula<\/a> je no\u0107as u frontalnom sudaru dva automobila, javili su iz <a href=\"https:\/\/zagrebacka-policija.gov.hr\/\">zagreba\u010dke policije.<\/a><\/p>\n<p>Do nesre\u0107e je do\u0161lo u<strong> Kobilja\u010dkoj ulici<\/strong> oko 1:20 sati. Promet je bio zatvoren i odvijao se obilazno.<\/p>\n<p>U tijeku je o\u010devid, a vi\u0161e informacija bit \u0107e poznato po njegovu zavr\u0161etku.<\/p>\n<p>&nbsp;<\/p>","protected":false},"excerpt":{"rendered":"<p>U frontalnom sudaru dva automobila poginula je jedna osoba. Prometna nesre\u0107a dogodila se no\u0107as u Sesvetama. &#8211; Jedna osoba poginula je no\u0107as u frontalnom sudaru dva automobila, javili su iz zagreba\u010dke policije. Do nesre\u0107e je do\u0161lo u Kobilja\u010dkoj ulici oko 1:20 sati. Promet je bio zatvoren i odvijao se obilazno. U tijeku je o\u010devid, a [&hellip;]<\/p>\n","protected":false},"author":23,"featured_media":47593,"comment_status":"open","ping_status":"open","sticky":false,"template":"","format":"standard","meta":{"limit_modified_date":"","last_modified_date":"","jnews-multi-image_gallery":[],"jnews_single_post":[],"jnews_primary_category":[],"jnews_override_counter":[],"footnotes":""},"categories":[93],"tags":[9610,9611,5253,1303,2220,1254],"class_list":["post-47592","post","type-post","status-publish","format-standard","has-post-thumbnail","hentry","category-crna-kronika","tag-frontalni-sudar","tag-kobiljacka-ulica","tag-poginula-osoba","tag-sesvete","tag-strasna-nesreca","tag-zagrebacka-policija"],"yoast_head":"<!-- This site is optimized with the Yoast SEO Premium plugin v27.4 (Yoast SEO v27.4) - https:\/\/yoast.com\/product\/yoast-seo-premium-wordpress\/ -->\n<title>U frontalnom sudaru dva automobila poginula jedna osoba: Traje policijski o\u010devid - Gorica Info<\/title>\n<meta name=\"description\" content=\"U frontalnom sudaru dva automobila no\u0107as u Sesvetama poginula je jedna osoba: Traje policijski o\u010devid koji \u0107e utvrditi tko je skrivio nesre\u0107u\" \/>\n<meta name=\"robots\" content=\"index, follow, max-snippet:-1, max-image-preview:large, max-video-preview:-1\" \/>\n<link rel=\"canonical\" href=\"https:\/\/gorica.info\/en\/u-frontalnom-sudaru-dva-automobila-poginula-jedna-osoba-traje-policijski-ocevid\/\" \/>\n<meta property=\"og:locale\" content=\"en_US\" \/>\n<meta property=\"og:type\" content=\"article\" \/>\n<meta property=\"og:title\" content=\"U frontalnom sudaru dva automobila poginula jedna osoba: Traje policijski o\u010devid\" \/>\n<meta property=\"og:description\" content=\"U frontalnom sudaru dva automobila no\u0107as u Sesvetama poginula je jedna osoba: Traje policijski o\u010devid koji \u0107e utvrditi tko je skrivio nesre\u0107u\" \/>\n<meta property=\"og:url\" content=\"https:\/\/gorica.info\/en\/u-frontalnom-sudaru-dva-automobila-poginula-jedna-osoba-traje-policijski-ocevid\/\" \/>\n<meta property=\"og:site_name\" content=\"Gorica Info\" \/>\n<meta property=\"article:publisher\" content=\"https:\/\/www.facebook.com\/Goricainfo-106005144489262\" \/>\n<meta property=\"article:published_time\" content=\"2023-04-25T06:41:14+00:00\" \/>\n<meta property=\"og:image\" content=\"https:\/\/gorica.info\/wp-content\/uploads\/2023\/04\/policija-bljeskalica.jpg\" \/>\n\t<meta property=\"og:image:width\" content=\"750\" \/>\n\t<meta property=\"og:image:height\" content=\"500\" \/>\n\t<meta property=\"og:image:type\" content=\"image\/jpeg\" \/>\n<meta name=\"author\" content=\"Gorica. info\" \/>\n<meta name=\"twitter:card\" content=\"summary_large_image\" \/>\n<meta name=\"twitter:creator\" content=\"@GoricaInfo\" \/>\n<meta name=\"twitter:site\" content=\"@GoricaInfo\" \/>\n<meta name=\"twitter:label1\" content=\"Written by\" \/>\n\t<meta name=\"twitter:data1\" content=\"Gorica. info\" \/>\n\t<meta name=\"twitter:label2\" content=\"Est. reading time\" \/>\n\t<meta name=\"twitter:data2\" content=\"1 minute\" \/>\n<meta name=\"geo.placename\" content=\"Velika Gorica\" \/>\n<meta name=\"geo.region\" content=\"Croatia\" \/>\n<!-- \/ Yoast SEO Premium plugin. -->","yoast_head_json":{"title":"U frontalnom sudaru dva automobila poginula jedna osoba: Traje policijski o\u010devid - Gorica Info","description":"U frontalnom sudaru dva automobila no\u0107as u Sesvetama poginula je jedna osoba: Traje policijski o\u010devid koji \u0107e utvrditi tko je skrivio nesre\u0107u","robots":{"index":"index","follow":"follow","max-snippet":"max-snippet:-1","max-image-preview":"max-image-preview:large","max-video-preview":"max-video-preview:-1"},"canonical":"https:\/\/gorica.info\/en\/u-frontalnom-sudaru-dva-automobila-poginula-jedna-osoba-traje-policijski-ocevid\/","og_locale":"en_US","og_type":"article","og_title":"U frontalnom sudaru dva automobila poginula jedna osoba: Traje policijski o\u010devid","og_description":"U frontalnom sudaru dva automobila no\u0107as u Sesvetama poginula je jedna osoba: Traje policijski o\u010devid koji \u0107e utvrditi tko je skrivio nesre\u0107u","og_url":"https:\/\/gorica.info\/en\/u-frontalnom-sudaru-dva-automobila-poginula-jedna-osoba-traje-policijski-ocevid\/","og_site_name":"Gorica Info","article_publisher":"https:\/\/www.facebook.com\/Goricainfo-106005144489262","article_published_time":"2023-04-25T06:41:14+00:00","og_image":[{"width":750,"height":500,"url":"https:\/\/gorica.info\/wp-content\/uploads\/2023\/04\/policija-bljeskalica.jpg","type":"image\/jpeg"}],"author":"Gorica. info","twitter_card":"summary_large_image","twitter_creator":"@GoricaInfo","twitter_site":"@GoricaInfo","twitter_misc":{"Written by":"Gorica. info","Est. reading time":"1 minute"},"schema":{"@context":"https:\/\/schema.org","@graph":[{"@type":"NewsArticle","@id":"https:\/\/gorica.info\/u-frontalnom-sudaru-dva-automobila-poginula-jedna-osoba-traje-policijski-ocevid\/#article","isPartOf":{"@id":"https:\/\/gorica.info\/u-frontalnom-sudaru-dva-automobila-poginula-jedna-osoba-traje-policijski-ocevid\/"},"author":{"name":"Gorica. info","@id":"https:\/\/gorica.info\/#\/schema\/person\/4499af1f22f322670b9b5977ccc2e3de"},"headline":"U frontalnom sudaru dva automobila poginula jedna osoba: Traje policijski o\u010devid","datePublished":"2023-04-25T06:41:14+00:00","mainEntityOfPage":{"@id":"https:\/\/gorica.info\/u-frontalnom-sudaru-dva-automobila-poginula-jedna-osoba-traje-policijski-ocevid\/"},"wordCount":85,"commentCount":0,"publisher":{"@id":"https:\/\/gorica.info\/#organization"},"image":{"@id":"https:\/\/gorica.info\/u-frontalnom-sudaru-dva-automobila-poginula-jedna-osoba-traje-policijski-ocevid\/#primaryimage"},"thumbnailUrl":"https:\/\/gorica.info\/wp-content\/uploads\/2023\/04\/policija-bljeskalica.jpg","keywords":["frontalni sudar","kobilja\u010dka ulica","poginula osoba","sesvete","stra\u0161na nesre\u0107a","zagreba\u010dka policija"],"articleSection":["CRNA KRONIKA"],"inLanguage":"en-US","potentialAction":[{"@type":"CommentAction","name":"Comment","target":["https:\/\/gorica.info\/u-frontalnom-sudaru-dva-automobila-poginula-jedna-osoba-traje-policijski-ocevid\/#respond"]}],"copyrightYear":"2023","copyrightHolder":{"@id":"https:\/\/gorica.info\/en\/#organization"}},{"@type":"WebPage","@id":"https:\/\/gorica.info\/u-frontalnom-sudaru-dva-automobila-poginula-jedna-osoba-traje-policijski-ocevid\/","url":"https:\/\/gorica.info\/u-frontalnom-sudaru-dva-automobila-poginula-jedna-osoba-traje-policijski-ocevid\/","name":"U frontalnom sudaru dva automobila poginula jedna osoba: Traje policijski o\u010devid - Gorica Info","isPartOf":{"@id":"https:\/\/gorica.info\/#website"},"primaryImageOfPage":{"@id":"https:\/\/gorica.info\/u-frontalnom-sudaru-dva-automobila-poginula-jedna-osoba-traje-policijski-ocevid\/#primaryimage"},"image":{"@id":"https:\/\/gorica.info\/u-frontalnom-sudaru-dva-automobila-poginula-jedna-osoba-traje-policijski-ocevid\/#primaryimage"},"thumbnailUrl":"https:\/\/gorica.info\/wp-content\/uploads\/2023\/04\/policija-bljeskalica.jpg","datePublished":"2023-04-25T06:41:14+00:00","description":"U frontalnom sudaru dva automobila no\u0107as u Sesvetama poginula je jedna osoba: Traje policijski o\u010devid koji \u0107e utvrditi tko je skrivio nesre\u0107u","breadcrumb":{"@id":"https:\/\/gorica.info\/u-frontalnom-sudaru-dva-automobila-poginula-jedna-osoba-traje-policijski-ocevid\/#breadcrumb"},"inLanguage":"en-US","potentialAction":[{"@type":"ReadAction","target":["https:\/\/gorica.info\/u-frontalnom-sudaru-dva-automobila-poginula-jedna-osoba-traje-policijski-ocevid\/"]}]},{"@type":"ImageObject","inLanguage":"en-US","@id":"https:\/\/gorica.info\/u-frontalnom-sudaru-dva-automobila-poginula-jedna-osoba-traje-policijski-ocevid\/#primaryimage","url":"https:\/\/gorica.info\/wp-content\/uploads\/2023\/04\/policija-bljeskalica.jpg","contentUrl":"https:\/\/gorica.info\/wp-content\/uploads\/2023\/04\/policija-bljeskalica.jpg","width":750,"height":500,"caption":"Foto: Policija"},{"@type":"BreadcrumbList","@id":"https:\/\/gorica.info\/u-frontalnom-sudaru-dva-automobila-poginula-jedna-osoba-traje-policijski-ocevid\/#breadcrumb","itemListElement":[{"@type":"ListItem","position":1,"name":"Po\u010detna stranica","item":"https:\/\/gorica.info\/"},{"@type":"ListItem","position":2,"name":"U frontalnom sudaru dva automobila poginula jedna osoba: Traje policijski o\u010devid"}]},{"@type":"WebSite","@id":"https:\/\/gorica.info\/#website","url":"https:\/\/gorica.info\/","name":"Gorica Info","description":"Vijesti iz Velike Gorice i okolice.","publisher":{"@id":"https:\/\/gorica.info\/#organization"},"potentialAction":[{"@type":"SearchAction","target":{"@type":"EntryPoint","urlTemplate":"https:\/\/gorica.info\/?s={search_term_string}"},"query-input":{"@type":"PropertyValueSpecification","valueRequired":true,"valueName":"search_term_string"}}],"inLanguage":"en-US"},{"@type":["Organization","Place","NewsMediaOrganization"],"@id":"https:\/\/gorica.info\/#organization","name":"Gorica Info","url":"https:\/\/gorica.info\/","logo":{"@id":"https:\/\/gorica.info\/u-frontalnom-sudaru-dva-automobila-poginula-jedna-osoba-traje-policijski-ocevid\/#local-main-organization-logo"},"image":{"@id":"https:\/\/gorica.info\/u-frontalnom-sudaru-dva-automobila-poginula-jedna-osoba-traje-policijski-ocevid\/#local-main-organization-logo"},"sameAs":["https:\/\/www.facebook.com\/Goricainfo-106005144489262","https:\/\/x.com\/GoricaInfo","https:\/\/www.instagram.com\/gorica.info\/"],"address":{"@id":"https:\/\/gorica.info\/u-frontalnom-sudaru-dva-automobila-poginula-jedna-osoba-traje-policijski-ocevid\/#local-main-place-address"},"telephone":[],"openingHoursSpecification":[{"@type":"OpeningHoursSpecification","dayOfWeek":["Monday","Tuesday","Wednesday","Thursday","Friday","Saturday","Sunday"],"opens":"09:00","closes":"17:00"}],"email":"redakcija@gorica.info"},{"@type":"Person","@id":"https:\/\/gorica.info\/#\/schema\/person\/4499af1f22f322670b9b5977ccc2e3de","name":"Gorica. info","description":"Gorica.info je lokalni portal koji prati Veliku Goricu i okolici, svakodnevno donosi najnovije vijesti i pri\u010de, kulturna doga\u0111anja i aktualnosti koje oblikuju \u017eivot gra\u0111ana.","url":"https:\/\/gorica.info\/en\/author\/gorica-info\/"},{"@type":"PostalAddress","@id":"https:\/\/gorica.info\/u-frontalnom-sudaru-dva-automobila-poginula-jedna-osoba-traje-policijski-ocevid\/#local-main-place-address","streetAddress":"Horvatova 97","addressLocality":"Velika Gorica","postalCode":"10410","addressRegion":"Croatia","addressCountry":"HR"},{"@type":"ImageObject","inLanguage":"en-US","@id":"https:\/\/gorica.info\/u-frontalnom-sudaru-dva-automobila-poginula-jedna-osoba-traje-policijski-ocevid\/#local-main-organization-logo","url":"https:\/\/gorica.info\/wp-content\/uploads\/2024\/07\/Gorica-Info-Logo-mali.png","contentUrl":"https:\/\/gorica.info\/wp-content\/uploads\/2024\/07\/Gorica-Info-Logo-mali.png","width":450,"height":85,"caption":"Gorica Info"}]},"geo.placename":"Velika Gorica","geo.region":"Croatia"},"_links":{"self":[{"href":"https:\/\/gorica.info\/en\/wp-json\/wp\/v2\/posts\/47592","targetHints":{"allow":["GET"]}}],"collection":[{"href":"https:\/\/gorica.info\/en\/wp-json\/wp\/v2\/posts"}],"about":[{"href":"https:\/\/gorica.info\/en\/wp-json\/wp\/v2\/types\/post"}],"author":[{"embeddable":true,"href":"https:\/\/gorica.info\/en\/wp-json\/wp\/v2\/users\/23"}],"replies":[{"embeddable":true,"href":"https:\/\/gorica.info\/en\/wp-json\/wp\/v2\/comments?post=47592"}],"version-history":[{"count":0,"href":"https:\/\/gorica.info\/en\/wp-json\/wp\/v2\/posts\/47592\/revisions"}],"wp:featuredmedia":[{"embeddable":true,"href":"https:\/\/gorica.info\/en\/wp-json\/wp\/v2\/media\/47593"}],"wp:attachment":[{"href":"https:\/\/gorica.info\/en\/wp-json\/wp\/v2\/media?parent=47592"}],"wp:term":[{"taxonomy":"category","embeddable":true,"href":"https:\/\/gorica.info\/en\/wp-json\/wp\/v2\/categories?post=47592"},{"taxonomy":"post_tag","embeddable":true,"href":"https:\/\/gorica.info\/en\/wp-json\/wp\/v2\/tags?post=47592"}],"curies":[{"name":"wp","href":"https:\/\/api.w.org\/{rel}","templated":true}]}}