{"id":47777,"date":"2023-04-29T09:17:14","date_gmt":"2023-04-29T07:17:14","guid":{"rendered":"https:\/\/gorica.info\/?p=47777"},"modified":"2023-04-29T09:17:14","modified_gmt":"2023-04-29T07:17:14","slug":"u-znak-zahvale-velikogorickom-umjetniku-u-puckom-ucilistu-otvorena-galerija-trumbetas-i-izlozba-ex-librisi","status":"publish","type":"post","link":"https:\/\/gorica.info\/en\/u-znak-zahvale-velikogorickom-umjetniku-u-puckom-ucilistu-otvorena-galerija-trumbetas-i-izlozba-ex-librisi\/","title":{"rendered":"U znak zahvale velikogori\u010dkom umjetniku: U Pu\u010dkom u\u010dili\u0161tu otvorena Galerija Trumbeta\u0161 i izlo\u017eba Ex Librisi"},"content":{"rendered":"<p>Izlo\u017ebeni prostor u <strong>Pu\u010dkom otvorenom u\u010dili\u0161tu<\/strong> od petka nosi ime po najpoznatijem velikogori\u010dkom umjetniku 20. i 21. stolje\u0107a <strong>Dragutinu Trumbeta\u0161u<\/strong>. Naime, povodom pete obljetnice od smrti ovog svestranog umjetnika organiziran je poseban program. <a href=\"https:\/\/gorica.info\/en\/2023\/04\/22\/u-puckom-ucilistu-otvara-se-galerija-trumbetas-i-izlozba-ex-librisi-dragutina-trumbetasa\/\">Izlo\u017ebeni prostor<\/a> Pu\u010dkog u\u010dili\u0161ta preimenovan je u <strong>Galeriju Trumbeta\u0161<\/strong> te otvorena izlo\u017eba <strong>Ex Librisi<\/strong>.<\/p>\n<p>Izlo\u017ebu je otvorio gradona\u010delnik<strong> Kre\u0161imir A\u010dkar<\/strong> s \u010dlanovima obitelji Trumbeta\u0161 istaknuv\u0161i kako se na ovaj na\u010din \u017eeli zahvaliti umjetniku koji je promovirao Turopolje u svijetu.<\/p>\n<p><img fetchpriority=\"high\" decoding=\"async\" class=\"aligncenter wp-image-47780 size-large\" src=\"https:\/\/gorica.info\/wp-content\/uploads\/2023\/04\/galerija-trumbetas-otvorenje1-1024x682.jpg\" alt=\"\" width=\"810\" height=\"539\" \/><\/p>\n<p>Na izlo\u017ebi su izlo\u017eeni Ex Librisi koje je po\u010detkom ove godine Galerija Gal\u017eenica otkupila od umjetnikove obitelji. Vrijedna zbirka sadr\u017ei <strong>dvadeset radova<\/strong> nastalih u razdoblju <strong>od 1984. do 2014. godine<\/strong>.<\/p>\n<p>U hrvatskim muzejima i galerijama, ve\u0107inom, su zastupljeni Trumbeta\u0161evi grafi\u010dki listovi i mape. Stoga su ovo izuzetno vrijedni radovi, ne samo, jer su do sada bili nepoznati javnosti, ve\u0107 i zato \u0161to se radi o originalnim, jo\u0161 neotisnutim, likovnim radovima, jedinstvenim u stvarala\u0161tvu ovog autora.<\/p>\n<p>Autor koncepcije izlo\u017ebe je <strong>Jurica \u0160kofa\u010d<\/strong>, a kustosi su<strong> Tea Gudek \u0160najder<\/strong> i <strong>Jurica \u0160kofa\u010d<\/strong>. Izlo\u017ebu mo\u017eete pogledati do<strong> 19. svibnja<\/strong>.<\/p>\n<p><img decoding=\"async\" class=\"aligncenter wp-image-47785 size-large\" src=\"https:\/\/gorica.info\/wp-content\/uploads\/2023\/04\/galerija-trumbetas-1024x682.jpg\" alt=\"\" width=\"810\" height=\"539\" \/><\/p>\n<p>Prvu samostalnu izlo\u017ebu Trumbeta\u0161ovih djela organizirao je <strong>1975. Bo\u017eo Bi\u0161kupi\u0107<\/strong> u Kuli Lotr\u0161\u010dak u Zagrebu. Tada je obajvljena i mapa Gastarbeiter s predgovorom Veselka Ten\u017eere, a Bogdan \u017di\u017ei\u0107 snimio je dokumentarni film o Trumbeta\u0161u.<\/p>\n<p>U ciklusu crte\u017ea Gastarbeiter Trumbeta\u0161, preko svog antijunaka Ton\u010deka, na simboli\u010dan na\u010din progovara o muci svojih zemljaka u stranoj zemlji. Od 1976. do 1980. priredio je vi\u0161e od 60-ak samostalnih izlo\u017ebi, a brojne televizijske postaje snimaju dokumentarce o njemu.<\/p>\n<p>Godine 1987. crta nove cikluse: Ex libris, \u017divot kao zmija, Ljudsko smetli\u0161te te kalendare s motivima Turopolja. Njegovi crte\u017ei su i dalje nadahnuti svakida\u0161njicom i velikim razumijevanjem za poni\u017eene i uvrije\u0111ene, ljude s dna. Zna\u010dajan pomak, u irealno, \u010dini 1990. ciklusom Dragi Vincent &#8211; dopisivanje s van Goghom, za koji je nacrtao oko 150 radova, isti\u010du Jurica \u0160kofa\u010d, autor koncepcije <a href=\"https:\/\/www.pouvg.hr\/naslovna\/\">izlo\u017ebe<\/a>.<\/p>\n<p><img decoding=\"async\" class=\"alignnone wp-image-47781 size-medium\" src=\"https:\/\/gorica.info\/wp-content\/uploads\/2023\/04\/galerija-trumbetas-otvorenje2-e1682752625565-300x178.jpg\" alt=\"\" width=\"300\" height=\"178\" \/><\/p>\n<p><img loading=\"lazy\" decoding=\"async\" class=\"aligncenter wp-image-47782 size-large\" src=\"https:\/\/gorica.info\/wp-content\/uploads\/2023\/04\/galerija-trumbetas-otvorenje3-1024x576.jpg\" alt=\"\" width=\"810\" height=\"456\" srcset=\"https:\/\/gorica.info\/wp-content\/uploads\/2023\/04\/galerija-trumbetas-otvorenje3-1024x576.jpg 1024w, https:\/\/gorica.info\/wp-content\/uploads\/2023\/04\/galerija-trumbetas-otvorenje3-300x169.jpg 300w, https:\/\/gorica.info\/wp-content\/uploads\/2023\/04\/galerija-trumbetas-otvorenje3-768x432.jpg 768w, https:\/\/gorica.info\/wp-content\/uploads\/2023\/04\/galerija-trumbetas-otvorenje3-18x10.jpg 18w, https:\/\/gorica.info\/wp-content\/uploads\/2023\/04\/galerija-trumbetas-otvorenje3-750x422.jpg 750w, https:\/\/gorica.info\/wp-content\/uploads\/2023\/04\/galerija-trumbetas-otvorenje3-1140x641.jpg 1140w, https:\/\/gorica.info\/wp-content\/uploads\/2023\/04\/galerija-trumbetas-otvorenje3.jpg 1100w\" sizes=\"(max-width: 810px) 100vw, 810px\" \/><\/p>\n<p><img loading=\"lazy\" decoding=\"async\" class=\"aligncenter wp-image-47783 size-large\" src=\"https:\/\/gorica.info\/wp-content\/uploads\/2023\/04\/galerija-trumbetas-otvorenje4-1024x682.jpg\" alt=\"\" width=\"810\" height=\"539\" \/><\/p>\n<p><img loading=\"lazy\" decoding=\"async\" class=\"aligncenter wp-image-47784 size-large\" src=\"https:\/\/gorica.info\/wp-content\/uploads\/2023\/04\/galerija-trumbetas-otvorenje5-1024x731.jpg\" alt=\"\" width=\"810\" height=\"578\" srcset=\"https:\/\/gorica.info\/wp-content\/uploads\/2023\/04\/galerija-trumbetas-otvorenje5-1024x731.jpg 1024w, https:\/\/gorica.info\/wp-content\/uploads\/2023\/04\/galerija-trumbetas-otvorenje5-300x214.jpg 300w, https:\/\/gorica.info\/wp-content\/uploads\/2023\/04\/galerija-trumbetas-otvorenje5-768x548.jpg 768w, https:\/\/gorica.info\/wp-content\/uploads\/2023\/04\/galerija-trumbetas-otvorenje5-18x12.jpg 18w, https:\/\/gorica.info\/wp-content\/uploads\/2023\/04\/galerija-trumbetas-otvorenje5-120x86.jpg 120w, https:\/\/gorica.info\/wp-content\/uploads\/2023\/04\/galerija-trumbetas-otvorenje5-350x250.jpg 350w, https:\/\/gorica.info\/wp-content\/uploads\/2023\/04\/galerija-trumbetas-otvorenje5-750x535.jpg 750w, https:\/\/gorica.info\/wp-content\/uploads\/2023\/04\/galerija-trumbetas-otvorenje5.jpg 1100w\" sizes=\"(max-width: 810px) 100vw, 810px\" \/><\/p>\n<p>&nbsp;<\/p>\n<p>&nbsp;<\/p>","protected":false},"excerpt":{"rendered":"<p>Izlo\u017ebeni prostor u Pu\u010dkom otvorenom u\u010dili\u0161tu od petka nosi ime po najpoznatijem velikogori\u010dkom umjetniku 20. i 21. stolje\u0107a Dragutinu Trumbeta\u0161u. Naime, povodom pete obljetnice od smrti ovog svestranog umjetnika organiziran je poseban program. Izlo\u017ebeni prostor Pu\u010dkog u\u010dili\u0161ta preimenovan je u Galeriju Trumbeta\u0161 te otvorena izlo\u017eba Ex Librisi. Izlo\u017ebu je otvorio gradona\u010delnik Kre\u0161imir A\u010dkar s \u010dlanovima [&hellip;]<\/p>\n","protected":false},"author":25,"featured_media":47778,"comment_status":"open","ping_status":"open","sticky":false,"template":"","format":"standard","meta":{"limit_modified_date":"","last_modified_date":"","jnews-multi-image_gallery":[],"jnews_single_post":[],"jnews_primary_category":[],"jnews_override_counter":[],"footnotes":""},"categories":[84],"tags":[9444,4370,253,2393,294],"class_list":["post-47777","post","type-post","status-publish","format-standard","has-post-thumbnail","hentry","category-kultura","tag-dragutin-trumbetas","tag-galerija-trumbetas","tag-kresimir-ackar","tag-otvorenje","tag-pucko-otvoreno-uciliste"],"yoast_head":"<!-- This site is optimized with the Yoast SEO Premium plugin v27.4 (Yoast SEO v27.4) - https:\/\/yoast.com\/product\/yoast-seo-premium-wordpress\/ -->\n<title>U znak zahvale velikogori\u010dkom umjetniku: U Pu\u010dkom u\u010dili\u0161tu otvorena Galerija Trumbeta\u0161 i izlo\u017eba Ex Librisi - Gorica Info<\/title>\n<meta name=\"description\" content=\"U znak zahvale poznatom velikogori\u010dkom umjetniku: U Pu\u010dkom u\u010dili\u0161tu otvorena Galerija Trumbeta\u0161 i izlo\u017eba Ex Librisi.\" \/>\n<meta name=\"robots\" content=\"index, follow, max-snippet:-1, max-image-preview:large, max-video-preview:-1\" \/>\n<link rel=\"canonical\" href=\"https:\/\/gorica.info\/en\/u-znak-zahvale-velikogorickom-umjetniku-u-puckom-ucilistu-otvorena-galerija-trumbetas-i-izlozba-ex-librisi\/\" \/>\n<meta property=\"og:locale\" content=\"en_US\" \/>\n<meta property=\"og:type\" content=\"article\" \/>\n<meta property=\"og:title\" content=\"U znak zahvale velikogori\u010dkom umjetniku: U Pu\u010dkom u\u010dili\u0161tu otvorena Galerija Trumbeta\u0161 i izlo\u017eba Ex Librisi\" \/>\n<meta property=\"og:description\" content=\"U znak zahvale poznatom velikogori\u010dkom umjetniku: U Pu\u010dkom u\u010dili\u0161tu otvorena Galerija Trumbeta\u0161 i izlo\u017eba Ex Librisi.\" \/>\n<meta property=\"og:url\" content=\"https:\/\/gorica.info\/en\/u-znak-zahvale-velikogorickom-umjetniku-u-puckom-ucilistu-otvorena-galerija-trumbetas-i-izlozba-ex-librisi\/\" \/>\n<meta property=\"og:site_name\" content=\"Gorica Info\" \/>\n<meta property=\"article:publisher\" content=\"https:\/\/www.facebook.com\/Goricainfo-106005144489262\" \/>\n<meta property=\"article:published_time\" content=\"2023-04-29T07:17:14+00:00\" \/>\n<meta property=\"og:image\" content=\"https:\/\/gorica.info\/wp-content\/uploads\/2023\/04\/galerija-trumbetas-otvorenje6.jpg\" \/>\n\t<meta property=\"og:image:width\" content=\"1200\" \/>\n\t<meta property=\"og:image:height\" content=\"771\" \/>\n\t<meta property=\"og:image:type\" content=\"image\/jpeg\" \/>\n<meta name=\"author\" content=\"Marta Horvat\" \/>\n<meta name=\"twitter:card\" content=\"summary_large_image\" \/>\n<meta name=\"twitter:creator\" content=\"@GoricaInfo\" \/>\n<meta name=\"twitter:site\" content=\"@GoricaInfo\" \/>\n<meta name=\"twitter:label1\" content=\"Written by\" \/>\n\t<meta name=\"twitter:data1\" content=\"Marta Horvat\" \/>\n\t<meta name=\"twitter:label2\" content=\"Est. reading time\" \/>\n\t<meta name=\"twitter:data2\" content=\"3 minutes\" \/>\n<meta name=\"geo.placename\" content=\"Velika Gorica\" \/>\n<meta name=\"geo.region\" content=\"Croatia\" \/>\n<!-- \/ Yoast SEO Premium plugin. -->","yoast_head_json":{"title":"U znak zahvale velikogori\u010dkom umjetniku: U Pu\u010dkom u\u010dili\u0161tu otvorena Galerija Trumbeta\u0161 i izlo\u017eba Ex Librisi - Gorica Info","description":"U znak zahvale poznatom velikogori\u010dkom umjetniku: U Pu\u010dkom u\u010dili\u0161tu otvorena Galerija Trumbeta\u0161 i izlo\u017eba Ex Librisi.","robots":{"index":"index","follow":"follow","max-snippet":"max-snippet:-1","max-image-preview":"max-image-preview:large","max-video-preview":"max-video-preview:-1"},"canonical":"https:\/\/gorica.info\/en\/u-znak-zahvale-velikogorickom-umjetniku-u-puckom-ucilistu-otvorena-galerija-trumbetas-i-izlozba-ex-librisi\/","og_locale":"en_US","og_type":"article","og_title":"U znak zahvale velikogori\u010dkom umjetniku: U Pu\u010dkom u\u010dili\u0161tu otvorena Galerija Trumbeta\u0161 i izlo\u017eba Ex Librisi","og_description":"U znak zahvale poznatom velikogori\u010dkom umjetniku: U Pu\u010dkom u\u010dili\u0161tu otvorena Galerija Trumbeta\u0161 i izlo\u017eba Ex Librisi.","og_url":"https:\/\/gorica.info\/en\/u-znak-zahvale-velikogorickom-umjetniku-u-puckom-ucilistu-otvorena-galerija-trumbetas-i-izlozba-ex-librisi\/","og_site_name":"Gorica Info","article_publisher":"https:\/\/www.facebook.com\/Goricainfo-106005144489262","article_published_time":"2023-04-29T07:17:14+00:00","og_image":[{"width":1200,"height":771,"url":"https:\/\/gorica.info\/wp-content\/uploads\/2023\/04\/galerija-trumbetas-otvorenje6.jpg","type":"image\/jpeg"}],"author":"Marta Horvat","twitter_card":"summary_large_image","twitter_creator":"@GoricaInfo","twitter_site":"@GoricaInfo","twitter_misc":{"Written by":"Marta Horvat","Est. reading time":"3 minutes"},"schema":{"@context":"https:\/\/schema.org","@graph":[{"@type":"NewsArticle","@id":"https:\/\/gorica.info\/u-znak-zahvale-velikogorickom-umjetniku-u-puckom-ucilistu-otvorena-galerija-trumbetas-i-izlozba-ex-librisi\/#article","isPartOf":{"@id":"https:\/\/gorica.info\/u-znak-zahvale-velikogorickom-umjetniku-u-puckom-ucilistu-otvorena-galerija-trumbetas-i-izlozba-ex-librisi\/"},"author":{"name":"Marta Horvat","@id":"https:\/\/gorica.info\/#\/schema\/person\/b2df2f6fb2a9073c0fa5af2672befd52"},"headline":"U znak zahvale velikogori\u010dkom umjetniku: U Pu\u010dkom u\u010dili\u0161tu otvorena Galerija Trumbeta\u0161 i izlo\u017eba Ex Librisi","datePublished":"2023-04-29T07:17:14+00:00","mainEntityOfPage":{"@id":"https:\/\/gorica.info\/u-znak-zahvale-velikogorickom-umjetniku-u-puckom-ucilistu-otvorena-galerija-trumbetas-i-izlozba-ex-librisi\/"},"wordCount":365,"commentCount":0,"publisher":{"@id":"https:\/\/gorica.info\/#organization"},"image":{"@id":"https:\/\/gorica.info\/u-znak-zahvale-velikogorickom-umjetniku-u-puckom-ucilistu-otvorena-galerija-trumbetas-i-izlozba-ex-librisi\/#primaryimage"},"thumbnailUrl":"https:\/\/gorica.info\/wp-content\/uploads\/2023\/04\/galerija-trumbetas-otvorenje6.jpg","keywords":["dragutin trumbeta\u0161","galerija trumbeta\u0161","Kre\u0161imir A\u010dkar","otvorenje","Pu\u010dko otvoreno u\u010dili\u0161te"],"articleSection":["KULTURA"],"inLanguage":"en-US","potentialAction":[{"@type":"CommentAction","name":"Comment","target":["https:\/\/gorica.info\/u-znak-zahvale-velikogorickom-umjetniku-u-puckom-ucilistu-otvorena-galerija-trumbetas-i-izlozba-ex-librisi\/#respond"]}],"copyrightYear":"2023","copyrightHolder":{"@id":"https:\/\/gorica.info\/en\/#organization"}},{"@type":"WebPage","@id":"https:\/\/gorica.info\/u-znak-zahvale-velikogorickom-umjetniku-u-puckom-ucilistu-otvorena-galerija-trumbetas-i-izlozba-ex-librisi\/","url":"https:\/\/gorica.info\/u-znak-zahvale-velikogorickom-umjetniku-u-puckom-ucilistu-otvorena-galerija-trumbetas-i-izlozba-ex-librisi\/","name":"U znak zahvale velikogori\u010dkom umjetniku: U Pu\u010dkom u\u010dili\u0161tu otvorena Galerija Trumbeta\u0161 i izlo\u017eba Ex Librisi - Gorica Info","isPartOf":{"@id":"https:\/\/gorica.info\/#website"},"primaryImageOfPage":{"@id":"https:\/\/gorica.info\/u-znak-zahvale-velikogorickom-umjetniku-u-puckom-ucilistu-otvorena-galerija-trumbetas-i-izlozba-ex-librisi\/#primaryimage"},"image":{"@id":"https:\/\/gorica.info\/u-znak-zahvale-velikogorickom-umjetniku-u-puckom-ucilistu-otvorena-galerija-trumbetas-i-izlozba-ex-librisi\/#primaryimage"},"thumbnailUrl":"https:\/\/gorica.info\/wp-content\/uploads\/2023\/04\/galerija-trumbetas-otvorenje6.jpg","datePublished":"2023-04-29T07:17:14+00:00","description":"U znak zahvale poznatom velikogori\u010dkom umjetniku: U Pu\u010dkom u\u010dili\u0161tu otvorena Galerija Trumbeta\u0161 i izlo\u017eba Ex Librisi.","breadcrumb":{"@id":"https:\/\/gorica.info\/u-znak-zahvale-velikogorickom-umjetniku-u-puckom-ucilistu-otvorena-galerija-trumbetas-i-izlozba-ex-librisi\/#breadcrumb"},"inLanguage":"en-US","potentialAction":[{"@type":"ReadAction","target":["https:\/\/gorica.info\/u-znak-zahvale-velikogorickom-umjetniku-u-puckom-ucilistu-otvorena-galerija-trumbetas-i-izlozba-ex-librisi\/"]}]},{"@type":"ImageObject","inLanguage":"en-US","@id":"https:\/\/gorica.info\/u-znak-zahvale-velikogorickom-umjetniku-u-puckom-ucilistu-otvorena-galerija-trumbetas-i-izlozba-ex-librisi\/#primaryimage","url":"https:\/\/gorica.info\/wp-content\/uploads\/2023\/04\/galerija-trumbetas-otvorenje6.jpg","contentUrl":"https:\/\/gorica.info\/wp-content\/uploads\/2023\/04\/galerija-trumbetas-otvorenje6.jpg","width":1100,"height":707,"caption":"Foto: FB K. A\u010dkara"},{"@type":"BreadcrumbList","@id":"https:\/\/gorica.info\/u-znak-zahvale-velikogorickom-umjetniku-u-puckom-ucilistu-otvorena-galerija-trumbetas-i-izlozba-ex-librisi\/#breadcrumb","itemListElement":[{"@type":"ListItem","position":1,"name":"Po\u010detna stranica","item":"https:\/\/gorica.info\/"},{"@type":"ListItem","position":2,"name":"U znak zahvale velikogori\u010dkom umjetniku: U Pu\u010dkom u\u010dili\u0161tu otvorena Galerija Trumbeta\u0161 i izlo\u017eba Ex Librisi"}]},{"@type":"WebSite","@id":"https:\/\/gorica.info\/#website","url":"https:\/\/gorica.info\/","name":"Gorica Info","description":"Vijesti iz Velike Gorice i okolice.","publisher":{"@id":"https:\/\/gorica.info\/#organization"},"potentialAction":[{"@type":"SearchAction","target":{"@type":"EntryPoint","urlTemplate":"https:\/\/gorica.info\/?s={search_term_string}"},"query-input":{"@type":"PropertyValueSpecification","valueRequired":true,"valueName":"search_term_string"}}],"inLanguage":"en-US"},{"@type":["Organization","Place","NewsMediaOrganization"],"@id":"https:\/\/gorica.info\/#organization","name":"Gorica Info","url":"https:\/\/gorica.info\/","logo":{"@id":"https:\/\/gorica.info\/u-znak-zahvale-velikogorickom-umjetniku-u-puckom-ucilistu-otvorena-galerija-trumbetas-i-izlozba-ex-librisi\/#local-main-organization-logo"},"image":{"@id":"https:\/\/gorica.info\/u-znak-zahvale-velikogorickom-umjetniku-u-puckom-ucilistu-otvorena-galerija-trumbetas-i-izlozba-ex-librisi\/#local-main-organization-logo"},"sameAs":["https:\/\/www.facebook.com\/Goricainfo-106005144489262","https:\/\/x.com\/GoricaInfo","https:\/\/www.instagram.com\/gorica.info\/"],"address":{"@id":"https:\/\/gorica.info\/u-znak-zahvale-velikogorickom-umjetniku-u-puckom-ucilistu-otvorena-galerija-trumbetas-i-izlozba-ex-librisi\/#local-main-place-address"},"telephone":[],"openingHoursSpecification":[{"@type":"OpeningHoursSpecification","dayOfWeek":["Monday","Tuesday","Wednesday","Thursday","Friday","Saturday","Sunday"],"opens":"09:00","closes":"17:00"}],"email":"redakcija@gorica.info"},{"@type":"Person","@id":"https:\/\/gorica.info\/#\/schema\/person\/b2df2f6fb2a9073c0fa5af2672befd52","name":"Marta Horvat","description":"Marta Horvat je studentica koja redovito pi\u0161e za portal, prati sva gradska doga\u0111anja i u\u017eiva isprobavati nove recept koje dijeli s na\u0161im \u010ditateljima.","url":"https:\/\/gorica.info\/en\/author\/marta-horvat\/"},{"@type":"PostalAddress","@id":"https:\/\/gorica.info\/u-znak-zahvale-velikogorickom-umjetniku-u-puckom-ucilistu-otvorena-galerija-trumbetas-i-izlozba-ex-librisi\/#local-main-place-address","streetAddress":"Horvatova 97","addressLocality":"Velika Gorica","postalCode":"10410","addressRegion":"Croatia","addressCountry":"HR"},{"@type":"ImageObject","inLanguage":"en-US","@id":"https:\/\/gorica.info\/u-znak-zahvale-velikogorickom-umjetniku-u-puckom-ucilistu-otvorena-galerija-trumbetas-i-izlozba-ex-librisi\/#local-main-organization-logo","url":"https:\/\/gorica.info\/wp-content\/uploads\/2024\/07\/Gorica-Info-Logo-mali.png","contentUrl":"https:\/\/gorica.info\/wp-content\/uploads\/2024\/07\/Gorica-Info-Logo-mali.png","width":450,"height":85,"caption":"Gorica Info"}]},"geo.placename":"Velika Gorica","geo.region":"Croatia"},"_links":{"self":[{"href":"https:\/\/gorica.info\/en\/wp-json\/wp\/v2\/posts\/47777","targetHints":{"allow":["GET"]}}],"collection":[{"href":"https:\/\/gorica.info\/en\/wp-json\/wp\/v2\/posts"}],"about":[{"href":"https:\/\/gorica.info\/en\/wp-json\/wp\/v2\/types\/post"}],"author":[{"embeddable":true,"href":"https:\/\/gorica.info\/en\/wp-json\/wp\/v2\/users\/25"}],"replies":[{"embeddable":true,"href":"https:\/\/gorica.info\/en\/wp-json\/wp\/v2\/comments?post=47777"}],"version-history":[{"count":0,"href":"https:\/\/gorica.info\/en\/wp-json\/wp\/v2\/posts\/47777\/revisions"}],"wp:featuredmedia":[{"embeddable":true,"href":"https:\/\/gorica.info\/en\/wp-json\/wp\/v2\/media\/47778"}],"wp:attachment":[{"href":"https:\/\/gorica.info\/en\/wp-json\/wp\/v2\/media?parent=47777"}],"wp:term":[{"taxonomy":"category","embeddable":true,"href":"https:\/\/gorica.info\/en\/wp-json\/wp\/v2\/categories?post=47777"},{"taxonomy":"post_tag","embeddable":true,"href":"https:\/\/gorica.info\/en\/wp-json\/wp\/v2\/tags?post=47777"}],"curies":[{"name":"wp","href":"https:\/\/api.w.org\/{rel}","templated":true}]}}