{"id":47957,"date":"2023-05-03T15:20:10","date_gmt":"2023-05-03T13:20:10","guid":{"rendered":"https:\/\/gorica.info\/?p=47957"},"modified":"2023-05-03T15:20:10","modified_gmt":"2023-05-03T13:20:10","slug":"prijem-u-zupaniji-zamjenik-zupana-ervin-kolarec-nagradio-srebrnu-karatisticu-sadeu-becirovic","status":"publish","type":"post","link":"https:\/\/gorica.info\/en\/prijem-u-zupaniji-zamjenik-zupana-ervin-kolarec-nagradio-srebrnu-karatisticu-sadeu-becirovic\/","title":{"rendered":"Prijem u \u017eupaniji: Zamjenik \u017eupana Ervin Kolarec nagradio srebrnu karatisticu Sadeu Be\u0107irovi\u0107"},"content":{"rendered":"<p>Zamjenik \u017eupana <a href=\"https:\/\/gorica.info\/en\/2023\/04\/27\/na-zagrebackom-velesajmu-ucenicima-osmih-razreda-predstavljaju-se-obrtnicke-i-strukovne-skole\/\">Zagreba\u010dke \u017eupanije<\/a> <strong>Ervin Kolarec<\/strong> primio je i prigodno nagradio samoborsku sporta\u0161icu \u2013 <strong>Sadeu Be\u0107irovi\u0107<\/strong>, hrvatsku reprezentativku i karatisticu Karate kluba Samobor. Sadea je nedavno osvojila srebrnu medalju u ekipnoj kategoriji na Prvenstvu Europe u \u0161panjolskoj Guadalajari, izvijestili su iz <a href=\"https:\/\/www.zagrebacka-zupanija.hr\/vijesti\/7239\/prijem-srebrne-karatistice-sadee-becirovic\">\u017eupanije<\/a>.<\/p>\n<p>&#8211; Ovo je izuzetno velik uspjeh, Sadea Be\u0107irovi\u0107 je i sporta\u0161ica godine u Zagreba\u010dkoj \u017eupaniji za 2022. godinu, i aktualna prvakinja Hrvatske te joj se na ovaj na\u010din \u017eelimo zahvaliti na njenim rezultatima i \u017eelimo joj dati punu podr\u0161ku &#8211; rekao je Kolarec.<\/p>\n<p><img fetchpriority=\"high\" decoding=\"async\" class=\"aligncenter wp-image-47960 size-full\" src=\"https:\/\/gorica.info\/wp-content\/uploads\/2023\/05\/img_20230503_110504.jpg__648x432_q85_subsampling-2.jpg\" alt=\"\" width=\"574\" height=\"432\" srcset=\"https:\/\/gorica.info\/wp-content\/uploads\/2023\/05\/img_20230503_110504.jpg__648x432_q85_subsampling-2.jpg 574w, https:\/\/gorica.info\/wp-content\/uploads\/2023\/05\/img_20230503_110504.jpg__648x432_q85_subsampling-2-300x226.jpg 300w, https:\/\/gorica.info\/wp-content\/uploads\/2023\/05\/img_20230503_110504.jpg__648x432_q85_subsampling-2-16x12.jpg 16w\" sizes=\"(max-width: 574px) 100vw, 574px\" \/><\/p>\n<p>Istaknuo je i da na podru\u010dju Zagreba\u010dke \u017eupanije djeluje oko 680 registriranih sportskih klubova, 20.000 aktivnih sporta\u0161a te preko 1600 trenera, sudaca i delegata. &#8211; Da bismo do\u0161li do ovako sjajnih rezultata koji nas smje\u0161taju u sam vrh sportske karte Hrvatske bitno je ulagati u infrastrukturu &#8211; rekao je Kolarec.<\/p>\n<p>U \u017eupaniji postoji vi\u0161e od <strong>200 sportskih objekata<\/strong>, au ovoj godini iz \u017eupanijskog prora\u010duna za sport je namijenjeno 1,2 milijuna eura.<\/p>\n<p><img decoding=\"async\" class=\"aligncenter wp-image-47959 size-full\" src=\"https:\/\/gorica.info\/wp-content\/uploads\/2023\/05\/img_20230503_110722.jpg__648x432_q85_subsampling-2.jpg\" alt=\"karatisticu\" width=\"574\" height=\"432\" srcset=\"https:\/\/gorica.info\/wp-content\/uploads\/2023\/05\/img_20230503_110722.jpg__648x432_q85_subsampling-2.jpg 574w, https:\/\/gorica.info\/wp-content\/uploads\/2023\/05\/img_20230503_110722.jpg__648x432_q85_subsampling-2-300x226.jpg 300w, https:\/\/gorica.info\/wp-content\/uploads\/2023\/05\/img_20230503_110722.jpg__648x432_q85_subsampling-2-16x12.jpg 16w\" sizes=\"(max-width: 574px) 100vw, 574px\" \/><\/p>\n<p>&#8211; Velika je stvar biti drugu godinu zaredom u finalu Europskog prvenstva, pogotovo za nas po\u0161to smo mlade &#8211; rekla je Be\u0107irovi\u0107 zahvaliv\u0161i Zagreba\u010dkoj \u017eupaniji \u0161to prepoznaje rad, trud i rezultate sporta\u0161a. Naime, hrvatska \u017eenska karate reprezentacija u prvom je kolu pobijedila Srbiju, zatim su pro\u0161le velesilu Tursku, a u polufinalu su pobijedile jednu od najja\u010dih reprezentacija Francusku. U finalu su, na\u017ealost, pora\u017eene od Njema\u010dke 0:2.<\/p>\n<p>&#8211; U pojedina\u010dnoj konkurenciji sam do\u0161la do \u010detvrtfinala gdje sam izgubila od puno iskusnije natjecateljice. Iako je ostao \u017eal za pojedina\u010dnom medaljom, vjerujem da me uz ovakav rad u klubu i ovakvog trenera i uz podr\u0161ku obitelji koja je uvijek uz mene tek \u010dekaju velike stvari &#8211; najavila je Be\u0107irovi\u0107 koja uz profesionalno bavljenje sportom studira i poslovnu ekonomiju na Ekonomskom fakultetu u Zagrebu.<\/p>\n<p>Sadein trener <strong>Darko \u0160imunec<\/strong> izrazio je vjeru da \u0107e Sadea nastaviti postizati ovako sjajne rezultate.<\/p>\n<p>&#8211; Prva prilika je Svjetsko prvenstvo u Budimpe\u0161ti u listopadu gdje se nadamo ekipnoj medalji, a &#8216;pucamo&#8217; i na onu pojedina\u010dnu &#8211; sportski se izrazio \u0160imunec te zahvalio na \u017dupaniji i Zajednici sportskih udruga i saveza Zagreba\u010dke \u017eupanije na potpori.<\/p>\n<p><img decoding=\"async\" class=\"aligncenter wp-image-47958 size-full\" src=\"https:\/\/gorica.info\/wp-content\/uploads\/2023\/05\/img_20230503_110832.jpg__648x432_q85_subsampling-2.jpg\" alt=\"karatisticu\" width=\"574\" height=\"432\" srcset=\"https:\/\/gorica.info\/wp-content\/uploads\/2023\/05\/img_20230503_110832.jpg__648x432_q85_subsampling-2.jpg 574w, https:\/\/gorica.info\/wp-content\/uploads\/2023\/05\/img_20230503_110832.jpg__648x432_q85_subsampling-2-300x226.jpg 300w, https:\/\/gorica.info\/wp-content\/uploads\/2023\/05\/img_20230503_110832.jpg__648x432_q85_subsampling-2-16x12.jpg 16w\" sizes=\"(max-width: 574px) 100vw, 574px\" \/><\/p>\n<p>U ime Zajednice sportskih udruga i saveza Zagreba\u010dke \u017eupanije obratio se predsjednik <strong>Vladimir Bregovi\u0107<\/strong> koji je \u010destitao Sadei na kontinuitetu u postizanju sportskih rezultata.<\/p>\n<p>&#8211; Zajednica te\u017ei tome da sporta\u0161i iz Zagreba\u010dke \u017eupanije nemaju potrebu odlaziti u Zagreb ili strane klubove, nego da sve za svoj sportski razvoj dobivaju tamo gdje su se po\u010deli baviti sa sportom &#8211; rekao je Bregovi\u0107.<\/p>\n<p><img loading=\"lazy\" decoding=\"async\" class=\"aligncenter wp-image-47962 size-full\" src=\"https:\/\/gorica.info\/wp-content\/uploads\/2023\/05\/sadea.jpg__648x432_q85_subsampling-2.jpg\" alt=\"karatisticu\" width=\"644\" height=\"432\" srcset=\"https:\/\/gorica.info\/wp-content\/uploads\/2023\/05\/sadea.jpg__648x432_q85_subsampling-2.jpg 644w, https:\/\/gorica.info\/wp-content\/uploads\/2023\/05\/sadea.jpg__648x432_q85_subsampling-2-300x201.jpg 300w, https:\/\/gorica.info\/wp-content\/uploads\/2023\/05\/sadea.jpg__648x432_q85_subsampling-2-18x12.jpg 18w\" sizes=\"(max-width: 644px) 100vw, 644px\" \/><\/p>","protected":false},"excerpt":{"rendered":"<p>Zamjenik \u017eupana Zagreba\u010dke \u017eupanije Ervin Kolarec primio je i prigodno nagradio samoborsku sporta\u0161icu \u2013 Sadeu Be\u0107irovi\u0107, hrvatsku reprezentativku i karatisticu Karate kluba Samobor. Sadea je nedavno osvojila srebrnu medalju u ekipnoj kategoriji na Prvenstvu Europe u \u0161panjolskoj Guadalajari, izvijestili su iz \u017eupanije. &#8211; Ovo je izuzetno velik uspjeh, Sadea Be\u0107irovi\u0107 je i sporta\u0161ica godine u [&hellip;]<\/p>\n","protected":false},"author":25,"featured_media":47961,"comment_status":"open","ping_status":"open","sticky":false,"template":"","format":"standard","meta":{"limit_modified_date":"","last_modified_date":"","jnews-multi-image_gallery":[],"jnews_single_post":[],"jnews_primary_category":[],"jnews_override_counter":[],"footnotes":""},"categories":[108],"tags":[611,2241,4455,149],"class_list":["post-47957","post","type-post","status-publish","format-standard","has-post-thumbnail","hentry","category-zupanija","tag-ervin-kolarec","tag-karate","tag-sadea-becirovic","tag-zagrebacka-zupanija"],"yoast_head":"<!-- This site is optimized with the Yoast SEO Premium plugin v27.5 (Yoast SEO v27.5) - https:\/\/yoast.com\/product\/yoast-seo-premium-wordpress\/ -->\n<title>Prijem u \u017eupaniji: Zamjenik \u017eupana Ervin Kolarec nagradio srebrnu karatisticu Sadeu Be\u0107irovi\u0107 - Gorica Info<\/title>\n<meta name=\"description\" content=\"Prijem u Zagreba\u010dkoj \u017eupaniji: Zamjenik \u017eupana Ervin Kolarec nagradio srebrnu karatisticu Sadeu Be\u0107irovi\u0107 iz Samobora.\" \/>\n<meta name=\"robots\" content=\"index, follow, max-snippet:-1, max-image-preview:large, max-video-preview:-1\" \/>\n<link rel=\"canonical\" href=\"https:\/\/gorica.info\/en\/prijem-u-zupaniji-zamjenik-zupana-ervin-kolarec-nagradio-srebrnu-karatisticu-sadeu-becirovic\/\" \/>\n<meta property=\"og:locale\" content=\"en_US\" \/>\n<meta property=\"og:type\" content=\"article\" \/>\n<meta property=\"og:title\" content=\"Prijem u \u017eupaniji: Zamjenik \u017eupana Ervin Kolarec nagradio srebrnu karatisticu Sadeu Be\u0107irovi\u0107\" \/>\n<meta property=\"og:description\" content=\"Prijem u Zagreba\u010dkoj \u017eupaniji: Zamjenik \u017eupana Ervin Kolarec nagradio srebrnu karatisticu Sadeu Be\u0107irovi\u0107 iz Samobora.\" \/>\n<meta property=\"og:url\" content=\"https:\/\/gorica.info\/en\/prijem-u-zupaniji-zamjenik-zupana-ervin-kolarec-nagradio-srebrnu-karatisticu-sadeu-becirovic\/\" \/>\n<meta property=\"og:site_name\" content=\"Gorica Info\" \/>\n<meta property=\"article:publisher\" content=\"https:\/\/www.facebook.com\/Goricainfo-106005144489262\" \/>\n<meta property=\"article:published_time\" content=\"2023-05-03T13:20:10+00:00\" \/>\n<meta property=\"og:image\" content=\"https:\/\/gorica.info\/wp-content\/uploads\/2023\/05\/img_20230503_111501_1.jpg__648x432_q85_subsampling-2.jpg\" \/>\n\t<meta property=\"og:image:width\" content=\"576\" \/>\n\t<meta property=\"og:image:height\" content=\"432\" \/>\n\t<meta property=\"og:image:type\" content=\"image\/jpeg\" \/>\n<meta name=\"author\" content=\"Marta Horvat\" \/>\n<meta name=\"twitter:card\" content=\"summary_large_image\" \/>\n<meta name=\"twitter:creator\" content=\"@GoricaInfo\" \/>\n<meta name=\"twitter:site\" content=\"@GoricaInfo\" \/>\n<meta name=\"twitter:label1\" content=\"Written by\" \/>\n\t<meta name=\"twitter:data1\" content=\"Marta Horvat\" \/>\n\t<meta name=\"twitter:label2\" content=\"Est. reading time\" \/>\n\t<meta name=\"twitter:data2\" content=\"3 minutes\" \/>\n<meta name=\"geo.placename\" content=\"Velika Gorica\" \/>\n<meta name=\"geo.region\" content=\"Croatia\" \/>\n<!-- \/ Yoast SEO Premium plugin. -->","yoast_head_json":{"title":"Prijem u \u017eupaniji: Zamjenik \u017eupana Ervin Kolarec nagradio srebrnu karatisticu Sadeu Be\u0107irovi\u0107 - Gorica Info","description":"Prijem u Zagreba\u010dkoj \u017eupaniji: Zamjenik \u017eupana Ervin Kolarec nagradio srebrnu karatisticu Sadeu Be\u0107irovi\u0107 iz Samobora.","robots":{"index":"index","follow":"follow","max-snippet":"max-snippet:-1","max-image-preview":"max-image-preview:large","max-video-preview":"max-video-preview:-1"},"canonical":"https:\/\/gorica.info\/en\/prijem-u-zupaniji-zamjenik-zupana-ervin-kolarec-nagradio-srebrnu-karatisticu-sadeu-becirovic\/","og_locale":"en_US","og_type":"article","og_title":"Prijem u \u017eupaniji: Zamjenik \u017eupana Ervin Kolarec nagradio srebrnu karatisticu Sadeu Be\u0107irovi\u0107","og_description":"Prijem u Zagreba\u010dkoj \u017eupaniji: Zamjenik \u017eupana Ervin Kolarec nagradio srebrnu karatisticu Sadeu Be\u0107irovi\u0107 iz Samobora.","og_url":"https:\/\/gorica.info\/en\/prijem-u-zupaniji-zamjenik-zupana-ervin-kolarec-nagradio-srebrnu-karatisticu-sadeu-becirovic\/","og_site_name":"Gorica Info","article_publisher":"https:\/\/www.facebook.com\/Goricainfo-106005144489262","article_published_time":"2023-05-03T13:20:10+00:00","og_image":[{"width":576,"height":432,"url":"https:\/\/gorica.info\/wp-content\/uploads\/2023\/05\/img_20230503_111501_1.jpg__648x432_q85_subsampling-2.jpg","type":"image\/jpeg"}],"author":"Marta Horvat","twitter_card":"summary_large_image","twitter_creator":"@GoricaInfo","twitter_site":"@GoricaInfo","twitter_misc":{"Written by":"Marta Horvat","Est. reading time":"3 minutes"},"schema":{"@context":"https:\/\/schema.org","@graph":[{"@type":"NewsArticle","@id":"https:\/\/gorica.info\/prijem-u-zupaniji-zamjenik-zupana-ervin-kolarec-nagradio-srebrnu-karatisticu-sadeu-becirovic\/#article","isPartOf":{"@id":"https:\/\/gorica.info\/prijem-u-zupaniji-zamjenik-zupana-ervin-kolarec-nagradio-srebrnu-karatisticu-sadeu-becirovic\/"},"author":{"name":"Marta Horvat","@id":"https:\/\/gorica.info\/#\/schema\/person\/b2df2f6fb2a9073c0fa5af2672befd52"},"headline":"Prijem u \u017eupaniji: Zamjenik \u017eupana Ervin Kolarec nagradio srebrnu karatisticu Sadeu Be\u0107irovi\u0107","datePublished":"2023-05-03T13:20:10+00:00","mainEntityOfPage":{"@id":"https:\/\/gorica.info\/prijem-u-zupaniji-zamjenik-zupana-ervin-kolarec-nagradio-srebrnu-karatisticu-sadeu-becirovic\/"},"wordCount":445,"commentCount":0,"publisher":{"@id":"https:\/\/gorica.info\/#organization"},"image":{"@id":"https:\/\/gorica.info\/prijem-u-zupaniji-zamjenik-zupana-ervin-kolarec-nagradio-srebrnu-karatisticu-sadeu-becirovic\/#primaryimage"},"thumbnailUrl":"https:\/\/gorica.info\/wp-content\/uploads\/2023\/05\/img_20230503_111501_1.jpg__648x432_q85_subsampling-2.jpg","keywords":["ervin kolarec","karate","sadea be\u0107irovi\u0107","Zagreba\u010dka \u017eupanija"],"articleSection":["\u017dUPANIJA"],"inLanguage":"en-US","potentialAction":[{"@type":"CommentAction","name":"Comment","target":["https:\/\/gorica.info\/prijem-u-zupaniji-zamjenik-zupana-ervin-kolarec-nagradio-srebrnu-karatisticu-sadeu-becirovic\/#respond"]}],"copyrightYear":"2023","copyrightHolder":{"@id":"https:\/\/gorica.info\/en\/#organization"}},{"@type":"WebPage","@id":"https:\/\/gorica.info\/prijem-u-zupaniji-zamjenik-zupana-ervin-kolarec-nagradio-srebrnu-karatisticu-sadeu-becirovic\/","url":"https:\/\/gorica.info\/prijem-u-zupaniji-zamjenik-zupana-ervin-kolarec-nagradio-srebrnu-karatisticu-sadeu-becirovic\/","name":"Prijem u \u017eupaniji: Zamjenik \u017eupana Ervin Kolarec nagradio srebrnu karatisticu Sadeu Be\u0107irovi\u0107 - Gorica Info","isPartOf":{"@id":"https:\/\/gorica.info\/#website"},"primaryImageOfPage":{"@id":"https:\/\/gorica.info\/prijem-u-zupaniji-zamjenik-zupana-ervin-kolarec-nagradio-srebrnu-karatisticu-sadeu-becirovic\/#primaryimage"},"image":{"@id":"https:\/\/gorica.info\/prijem-u-zupaniji-zamjenik-zupana-ervin-kolarec-nagradio-srebrnu-karatisticu-sadeu-becirovic\/#primaryimage"},"thumbnailUrl":"https:\/\/gorica.info\/wp-content\/uploads\/2023\/05\/img_20230503_111501_1.jpg__648x432_q85_subsampling-2.jpg","datePublished":"2023-05-03T13:20:10+00:00","description":"Prijem u Zagreba\u010dkoj \u017eupaniji: Zamjenik \u017eupana Ervin Kolarec nagradio srebrnu karatisticu Sadeu Be\u0107irovi\u0107 iz Samobora.","breadcrumb":{"@id":"https:\/\/gorica.info\/prijem-u-zupaniji-zamjenik-zupana-ervin-kolarec-nagradio-srebrnu-karatisticu-sadeu-becirovic\/#breadcrumb"},"inLanguage":"en-US","potentialAction":[{"@type":"ReadAction","target":["https:\/\/gorica.info\/prijem-u-zupaniji-zamjenik-zupana-ervin-kolarec-nagradio-srebrnu-karatisticu-sadeu-becirovic\/"]}]},{"@type":"ImageObject","inLanguage":"en-US","@id":"https:\/\/gorica.info\/prijem-u-zupaniji-zamjenik-zupana-ervin-kolarec-nagradio-srebrnu-karatisticu-sadeu-becirovic\/#primaryimage","url":"https:\/\/gorica.info\/wp-content\/uploads\/2023\/05\/img_20230503_111501_1.jpg__648x432_q85_subsampling-2.jpg","contentUrl":"https:\/\/gorica.info\/wp-content\/uploads\/2023\/05\/img_20230503_111501_1.jpg__648x432_q85_subsampling-2.jpg","width":576,"height":432,"caption":"Foto: Zagreba\u010dka \u017eupanija"},{"@type":"BreadcrumbList","@id":"https:\/\/gorica.info\/prijem-u-zupaniji-zamjenik-zupana-ervin-kolarec-nagradio-srebrnu-karatisticu-sadeu-becirovic\/#breadcrumb","itemListElement":[{"@type":"ListItem","position":1,"name":"Po\u010detna stranica","item":"https:\/\/gorica.info\/"},{"@type":"ListItem","position":2,"name":"Prijem u \u017eupaniji: Zamjenik \u017eupana Ervin Kolarec nagradio srebrnu karatisticu Sadeu Be\u0107irovi\u0107"}]},{"@type":"WebSite","@id":"https:\/\/gorica.info\/#website","url":"https:\/\/gorica.info\/","name":"Gorica Info","description":"Vijesti iz Velike Gorice i okolice.","publisher":{"@id":"https:\/\/gorica.info\/#organization"},"potentialAction":[{"@type":"SearchAction","target":{"@type":"EntryPoint","urlTemplate":"https:\/\/gorica.info\/?s={search_term_string}"},"query-input":{"@type":"PropertyValueSpecification","valueRequired":true,"valueName":"search_term_string"}}],"inLanguage":"en-US"},{"@type":["Organization","Place","NewsMediaOrganization"],"@id":"https:\/\/gorica.info\/#organization","name":"Gorica Info","url":"https:\/\/gorica.info\/","logo":{"@id":"https:\/\/gorica.info\/prijem-u-zupaniji-zamjenik-zupana-ervin-kolarec-nagradio-srebrnu-karatisticu-sadeu-becirovic\/#local-main-organization-logo"},"image":{"@id":"https:\/\/gorica.info\/prijem-u-zupaniji-zamjenik-zupana-ervin-kolarec-nagradio-srebrnu-karatisticu-sadeu-becirovic\/#local-main-organization-logo"},"sameAs":["https:\/\/www.facebook.com\/Goricainfo-106005144489262","https:\/\/x.com\/GoricaInfo","https:\/\/www.instagram.com\/gorica.info\/"],"address":{"@id":"https:\/\/gorica.info\/prijem-u-zupaniji-zamjenik-zupana-ervin-kolarec-nagradio-srebrnu-karatisticu-sadeu-becirovic\/#local-main-place-address"},"telephone":[],"openingHoursSpecification":[{"@type":"OpeningHoursSpecification","dayOfWeek":["Monday","Tuesday","Wednesday","Thursday","Friday","Saturday","Sunday"],"opens":"09:00","closes":"17:00"}],"email":"redakcija@gorica.info"},{"@type":"Person","@id":"https:\/\/gorica.info\/#\/schema\/person\/b2df2f6fb2a9073c0fa5af2672befd52","name":"Marta Horvat","description":"Marta Horvat je studentica koja redovito pi\u0161e za portal, prati sva gradska doga\u0111anja i u\u017eiva isprobavati nove recept koje dijeli s na\u0161im \u010ditateljima.","url":"https:\/\/gorica.info\/en\/author\/marta-horvat\/"},{"@type":"PostalAddress","@id":"https:\/\/gorica.info\/prijem-u-zupaniji-zamjenik-zupana-ervin-kolarec-nagradio-srebrnu-karatisticu-sadeu-becirovic\/#local-main-place-address","streetAddress":"Horvatova 97","addressLocality":"Velika Gorica","postalCode":"10410","addressRegion":"Croatia","addressCountry":"HR"},{"@type":"ImageObject","inLanguage":"en-US","@id":"https:\/\/gorica.info\/prijem-u-zupaniji-zamjenik-zupana-ervin-kolarec-nagradio-srebrnu-karatisticu-sadeu-becirovic\/#local-main-organization-logo","url":"https:\/\/gorica.info\/wp-content\/uploads\/2024\/07\/Gorica-Info-Logo-mali.png","contentUrl":"https:\/\/gorica.info\/wp-content\/uploads\/2024\/07\/Gorica-Info-Logo-mali.png","width":450,"height":85,"caption":"Gorica Info"}]},"geo.placename":"Velika Gorica","geo.region":"Croatia"},"_links":{"self":[{"href":"https:\/\/gorica.info\/en\/wp-json\/wp\/v2\/posts\/47957","targetHints":{"allow":["GET"]}}],"collection":[{"href":"https:\/\/gorica.info\/en\/wp-json\/wp\/v2\/posts"}],"about":[{"href":"https:\/\/gorica.info\/en\/wp-json\/wp\/v2\/types\/post"}],"author":[{"embeddable":true,"href":"https:\/\/gorica.info\/en\/wp-json\/wp\/v2\/users\/25"}],"replies":[{"embeddable":true,"href":"https:\/\/gorica.info\/en\/wp-json\/wp\/v2\/comments?post=47957"}],"version-history":[{"count":0,"href":"https:\/\/gorica.info\/en\/wp-json\/wp\/v2\/posts\/47957\/revisions"}],"wp:featuredmedia":[{"embeddable":true,"href":"https:\/\/gorica.info\/en\/wp-json\/wp\/v2\/media\/47961"}],"wp:attachment":[{"href":"https:\/\/gorica.info\/en\/wp-json\/wp\/v2\/media?parent=47957"}],"wp:term":[{"taxonomy":"category","embeddable":true,"href":"https:\/\/gorica.info\/en\/wp-json\/wp\/v2\/categories?post=47957"},{"taxonomy":"post_tag","embeddable":true,"href":"https:\/\/gorica.info\/en\/wp-json\/wp\/v2\/tags?post=47957"}],"curies":[{"name":"wp","href":"https:\/\/api.w.org\/{rel}","templated":true}]}}