{"id":47983,"date":"2023-05-04T09:15:49","date_gmt":"2023-05-04T07:15:49","guid":{"rendered":"https:\/\/gorica.info\/?p=47983"},"modified":"2023-05-04T09:15:49","modified_gmt":"2023-05-04T07:15:49","slug":"tuzna-vijest-preminuo-popularni-pjevac-jasmin-stavros-zadnjih-mjeseci-borio-se-s-teskom-bolescu","status":"publish","type":"post","link":"https:\/\/gorica.info\/en\/tuzna-vijest-preminuo-popularni-pjevac-jasmin-stavros-zadnjih-mjeseci-borio-se-s-teskom-bolescu\/","title":{"rendered":"Tu\u017ena vijest: Preminuo popularni pjeva\u010d Jasmin Stavros. Zadnjih mjeseci borio se s te\u0161kom bole\u0161\u0107u"},"content":{"rendered":"<p>Pjeva\u010d <strong>Jasmin Stavros<\/strong> preminuo je u srijedu nave\u010der u dobi od<strong> 68 godina<\/strong>. Borio se s te\u0161kom bole\u0161\u0107u, rakom kostiju i lije\u010dio u bolnici na Jordanovcu.<\/p>\n<p>Podsjetimo, krajem o\u017eujka ove godine potvr\u0111eno je da Stavros boluje od raka kostiju. Pjeva\u010d je odmah hospitaliziran, a lije\u010dnici su posumnjali da se rak pro\u0161irio i na \u017eeludac.<\/p>\n<p>Trpio je jake bolove, po\u010detkom travnja preba\u010den je iz Vinogradske bolnice u KBC Rebro, a zatim u bolnicu na Jordanovcu gdje je i preminuo.<\/p>\n<p>Ro\u0111en je kao<strong> Milo Vasi\u0107<\/strong>, a ime Jasmin Stavros dao mu je <a href=\"https:\/\/gorica.info\/en\/2023\/02\/05\/sanja-marinko-i-zec-o-bandu-muzici-zivotu-i-karijeri-ne-smijemo-koristiti-ime-novi-fosili-ali-o-rajku-sve-najbolje\/\">Rajko Dujmi\u0107<\/a>.<\/p>\n<p>Bio je poznat po <a href=\"https:\/\/web.facebook.com\/search\/top?q=jasmin%20stavros\">pjesmama<\/a> &#8216;Umoran sam&#8217;, &#8216;Dao bih sto Amerika&#8217;, &#8216;Kad se prijatelji rastaju&#8217;&#8230;<\/p>\n<div class=\"jeg_video_container jeg_video_content\"><iframe title=\"Jasmin Stavros - Kad se prijatelji rastaju | Dalibor Petko Show | CMCTV\" width=\"500\" height=\"281\" src=\"https:\/\/www.youtube.com\/embed\/QsL8xt2fXzs?feature=oembed\" frameborder=\"0\" allow=\"accelerometer; autoplay; clipboard-write; encrypted-media; gyroscope; picture-in-picture; web-share\" referrerpolicy=\"strict-origin-when-cross-origin\" allowfullscreen><\/iframe><\/div>\n<p>&nbsp;<\/p>","protected":false},"excerpt":{"rendered":"<p>Pjeva\u010d Jasmin Stavros preminuo je u srijedu nave\u010der u dobi od 68 godina. Borio se s te\u0161kom bole\u0161\u0107u, rakom kostiju i lije\u010dio u bolnici na Jordanovcu. Podsjetimo, krajem o\u017eujka ove godine potvr\u0111eno je da Stavros boluje od raka kostiju. Pjeva\u010d je odmah hospitaliziran, a lije\u010dnici su posumnjali da se rak pro\u0161irio i na \u017eeludac. Trpio [&hellip;]<\/p>\n","protected":false},"author":23,"featured_media":47984,"comment_status":"open","ping_status":"open","sticky":false,"template":"","format":"standard","meta":{"limit_modified_date":"","last_modified_date":"","jnews-multi-image_gallery":[],"jnews_single_post":[],"jnews_primary_category":[],"jnews_override_counter":[],"footnotes":""},"categories":[96],"tags":[9715,9716,9717,1549],"class_list":["post-47983","post","type-post","status-publish","format-standard","has-post-thumbnail","hentry","category-vijesti","tag-boelst","tag-bolnica-na-jordanovcu","tag-jasmin-stavros","tag-preminuo"],"yoast_head":"<!-- This site is optimized with the Yoast SEO Premium plugin v27.4 (Yoast SEO v27.4) - https:\/\/yoast.com\/product\/yoast-seo-premium-wordpress\/ -->\n<title>Tu\u017ena vijest: Preminuo popularni pjeva\u010d Jasmin Stavros. Zadnjih mjeseci borio se s te\u0161kom bole\u0161\u0107u - Gorica Info<\/title>\n<meta name=\"description\" content=\"Tu\u017ena vijest: Kasno sino\u0107 preminuo je popularni pjeva\u010d Jasmin Stavros. Zadnjih mjeseci borio se s te\u0161kom bole\u0161\u0107u.\" \/>\n<meta name=\"robots\" content=\"index, follow, max-snippet:-1, max-image-preview:large, max-video-preview:-1\" \/>\n<link rel=\"canonical\" href=\"https:\/\/gorica.info\/en\/tuzna-vijest-preminuo-popularni-pjevac-jasmin-stavros-zadnjih-mjeseci-borio-se-s-teskom-bolescu\/\" \/>\n<meta property=\"og:locale\" content=\"en_US\" \/>\n<meta property=\"og:type\" content=\"article\" \/>\n<meta property=\"og:title\" content=\"Tu\u017ena vijest: Preminuo popularni pjeva\u010d Jasmin Stavros. Zadnjih mjeseci borio se s te\u0161kom bole\u0161\u0107u\" \/>\n<meta property=\"og:description\" content=\"Tu\u017ena vijest: Kasno sino\u0107 preminuo je popularni pjeva\u010d Jasmin Stavros. Zadnjih mjeseci borio se s te\u0161kom bole\u0161\u0107u.\" \/>\n<meta property=\"og:url\" content=\"https:\/\/gorica.info\/en\/tuzna-vijest-preminuo-popularni-pjevac-jasmin-stavros-zadnjih-mjeseci-borio-se-s-teskom-bolescu\/\" \/>\n<meta property=\"og:site_name\" content=\"Gorica Info\" \/>\n<meta property=\"article:publisher\" content=\"https:\/\/www.facebook.com\/Goricainfo-106005144489262\" \/>\n<meta property=\"article:published_time\" content=\"2023-05-04T07:15:49+00:00\" \/>\n<meta property=\"og:image\" content=\"https:\/\/gorica.info\/wp-content\/uploads\/2023\/05\/jasmin-stavros-fb_Fotor-e1683184495330.jpg\" \/>\n\t<meta property=\"og:image:width\" content=\"809\" \/>\n\t<meta property=\"og:image:height\" content=\"671\" \/>\n\t<meta property=\"og:image:type\" content=\"image\/jpeg\" \/>\n<meta name=\"author\" content=\"Gorica. info\" \/>\n<meta name=\"twitter:card\" content=\"summary_large_image\" \/>\n<meta name=\"twitter:creator\" content=\"@GoricaInfo\" \/>\n<meta name=\"twitter:site\" content=\"@GoricaInfo\" \/>\n<meta name=\"twitter:label1\" content=\"Written by\" \/>\n\t<meta name=\"twitter:data1\" content=\"Gorica. info\" \/>\n\t<meta name=\"twitter:label2\" content=\"Est. reading time\" \/>\n\t<meta name=\"twitter:data2\" content=\"1 minute\" \/>\n<meta name=\"geo.placename\" content=\"Velika Gorica\" \/>\n<meta name=\"geo.region\" content=\"Croatia\" \/>\n<!-- \/ Yoast SEO Premium plugin. -->","yoast_head_json":{"title":"Tu\u017ena vijest: Preminuo popularni pjeva\u010d Jasmin Stavros. Zadnjih mjeseci borio se s te\u0161kom bole\u0161\u0107u - Gorica Info","description":"Tu\u017ena vijest: Kasno sino\u0107 preminuo je popularni pjeva\u010d Jasmin Stavros. Zadnjih mjeseci borio se s te\u0161kom bole\u0161\u0107u.","robots":{"index":"index","follow":"follow","max-snippet":"max-snippet:-1","max-image-preview":"max-image-preview:large","max-video-preview":"max-video-preview:-1"},"canonical":"https:\/\/gorica.info\/en\/tuzna-vijest-preminuo-popularni-pjevac-jasmin-stavros-zadnjih-mjeseci-borio-se-s-teskom-bolescu\/","og_locale":"en_US","og_type":"article","og_title":"Tu\u017ena vijest: Preminuo popularni pjeva\u010d Jasmin Stavros. Zadnjih mjeseci borio se s te\u0161kom bole\u0161\u0107u","og_description":"Tu\u017ena vijest: Kasno sino\u0107 preminuo je popularni pjeva\u010d Jasmin Stavros. Zadnjih mjeseci borio se s te\u0161kom bole\u0161\u0107u.","og_url":"https:\/\/gorica.info\/en\/tuzna-vijest-preminuo-popularni-pjevac-jasmin-stavros-zadnjih-mjeseci-borio-se-s-teskom-bolescu\/","og_site_name":"Gorica Info","article_publisher":"https:\/\/www.facebook.com\/Goricainfo-106005144489262","article_published_time":"2023-05-04T07:15:49+00:00","og_image":[{"width":809,"height":671,"url":"https:\/\/gorica.info\/wp-content\/uploads\/2023\/05\/jasmin-stavros-fb_Fotor-e1683184495330.jpg","type":"image\/jpeg"}],"author":"Gorica. info","twitter_card":"summary_large_image","twitter_creator":"@GoricaInfo","twitter_site":"@GoricaInfo","twitter_misc":{"Written by":"Gorica. info","Est. reading time":"1 minute"},"schema":{"@context":"https:\/\/schema.org","@graph":[{"@type":"NewsArticle","@id":"https:\/\/gorica.info\/tuzna-vijest-preminuo-popularni-pjevac-jasmin-stavros-zadnjih-mjeseci-borio-se-s-teskom-bolescu\/#article","isPartOf":{"@id":"https:\/\/gorica.info\/tuzna-vijest-preminuo-popularni-pjevac-jasmin-stavros-zadnjih-mjeseci-borio-se-s-teskom-bolescu\/"},"author":{"name":"Gorica. info","@id":"https:\/\/gorica.info\/#\/schema\/person\/4499af1f22f322670b9b5977ccc2e3de"},"headline":"Tu\u017ena vijest: Preminuo popularni pjeva\u010d Jasmin Stavros. Zadnjih mjeseci borio se s te\u0161kom bole\u0161\u0107u","datePublished":"2023-05-04T07:15:49+00:00","mainEntityOfPage":{"@id":"https:\/\/gorica.info\/tuzna-vijest-preminuo-popularni-pjevac-jasmin-stavros-zadnjih-mjeseci-borio-se-s-teskom-bolescu\/"},"wordCount":164,"commentCount":0,"publisher":{"@id":"https:\/\/gorica.info\/#organization"},"image":{"@id":"https:\/\/gorica.info\/tuzna-vijest-preminuo-popularni-pjevac-jasmin-stavros-zadnjih-mjeseci-borio-se-s-teskom-bolescu\/#primaryimage"},"thumbnailUrl":"https:\/\/gorica.info\/wp-content\/uploads\/2023\/05\/jasmin-stavros-fb_Fotor-e1683184495330.jpg","keywords":["boelst","bolnica na jordanovcu","jasmin stavros","preminuo"],"articleSection":["VIJESTI"],"inLanguage":"en-US","potentialAction":[{"@type":"CommentAction","name":"Comment","target":["https:\/\/gorica.info\/tuzna-vijest-preminuo-popularni-pjevac-jasmin-stavros-zadnjih-mjeseci-borio-se-s-teskom-bolescu\/#respond"]}],"copyrightYear":"2023","copyrightHolder":{"@id":"https:\/\/gorica.info\/en\/#organization"}},{"@type":"WebPage","@id":"https:\/\/gorica.info\/tuzna-vijest-preminuo-popularni-pjevac-jasmin-stavros-zadnjih-mjeseci-borio-se-s-teskom-bolescu\/","url":"https:\/\/gorica.info\/tuzna-vijest-preminuo-popularni-pjevac-jasmin-stavros-zadnjih-mjeseci-borio-se-s-teskom-bolescu\/","name":"Tu\u017ena vijest: Preminuo popularni pjeva\u010d Jasmin Stavros. Zadnjih mjeseci borio se s te\u0161kom bole\u0161\u0107u - Gorica Info","isPartOf":{"@id":"https:\/\/gorica.info\/#website"},"primaryImageOfPage":{"@id":"https:\/\/gorica.info\/tuzna-vijest-preminuo-popularni-pjevac-jasmin-stavros-zadnjih-mjeseci-borio-se-s-teskom-bolescu\/#primaryimage"},"image":{"@id":"https:\/\/gorica.info\/tuzna-vijest-preminuo-popularni-pjevac-jasmin-stavros-zadnjih-mjeseci-borio-se-s-teskom-bolescu\/#primaryimage"},"thumbnailUrl":"https:\/\/gorica.info\/wp-content\/uploads\/2023\/05\/jasmin-stavros-fb_Fotor-e1683184495330.jpg","datePublished":"2023-05-04T07:15:49+00:00","description":"Tu\u017ena vijest: Kasno sino\u0107 preminuo je popularni pjeva\u010d Jasmin Stavros. Zadnjih mjeseci borio se s te\u0161kom bole\u0161\u0107u.","breadcrumb":{"@id":"https:\/\/gorica.info\/tuzna-vijest-preminuo-popularni-pjevac-jasmin-stavros-zadnjih-mjeseci-borio-se-s-teskom-bolescu\/#breadcrumb"},"inLanguage":"en-US","potentialAction":[{"@type":"ReadAction","target":["https:\/\/gorica.info\/tuzna-vijest-preminuo-popularni-pjevac-jasmin-stavros-zadnjih-mjeseci-borio-se-s-teskom-bolescu\/"]}]},{"@type":"ImageObject","inLanguage":"en-US","@id":"https:\/\/gorica.info\/tuzna-vijest-preminuo-popularni-pjevac-jasmin-stavros-zadnjih-mjeseci-borio-se-s-teskom-bolescu\/#primaryimage","url":"https:\/\/gorica.info\/wp-content\/uploads\/2023\/05\/jasmin-stavros-fb_Fotor-e1683184495330.jpg","contentUrl":"https:\/\/gorica.info\/wp-content\/uploads\/2023\/05\/jasmin-stavros-fb_Fotor-e1683184495330.jpg","width":809,"height":671,"caption":"jasmin stavros"},{"@type":"BreadcrumbList","@id":"https:\/\/gorica.info\/tuzna-vijest-preminuo-popularni-pjevac-jasmin-stavros-zadnjih-mjeseci-borio-se-s-teskom-bolescu\/#breadcrumb","itemListElement":[{"@type":"ListItem","position":1,"name":"Po\u010detna stranica","item":"https:\/\/gorica.info\/"},{"@type":"ListItem","position":2,"name":"Tu\u017ena vijest: Preminuo popularni pjeva\u010d Jasmin Stavros. Zadnjih mjeseci borio se s te\u0161kom bole\u0161\u0107u"}]},{"@type":"WebSite","@id":"https:\/\/gorica.info\/#website","url":"https:\/\/gorica.info\/","name":"Gorica Info","description":"Vijesti iz Velike Gorice i okolice.","publisher":{"@id":"https:\/\/gorica.info\/#organization"},"potentialAction":[{"@type":"SearchAction","target":{"@type":"EntryPoint","urlTemplate":"https:\/\/gorica.info\/?s={search_term_string}"},"query-input":{"@type":"PropertyValueSpecification","valueRequired":true,"valueName":"search_term_string"}}],"inLanguage":"en-US"},{"@type":["Organization","Place","NewsMediaOrganization"],"@id":"https:\/\/gorica.info\/#organization","name":"Gorica Info","url":"https:\/\/gorica.info\/","logo":{"@id":"https:\/\/gorica.info\/tuzna-vijest-preminuo-popularni-pjevac-jasmin-stavros-zadnjih-mjeseci-borio-se-s-teskom-bolescu\/#local-main-organization-logo"},"image":{"@id":"https:\/\/gorica.info\/tuzna-vijest-preminuo-popularni-pjevac-jasmin-stavros-zadnjih-mjeseci-borio-se-s-teskom-bolescu\/#local-main-organization-logo"},"sameAs":["https:\/\/www.facebook.com\/Goricainfo-106005144489262","https:\/\/x.com\/GoricaInfo","https:\/\/www.instagram.com\/gorica.info\/"],"address":{"@id":"https:\/\/gorica.info\/tuzna-vijest-preminuo-popularni-pjevac-jasmin-stavros-zadnjih-mjeseci-borio-se-s-teskom-bolescu\/#local-main-place-address"},"telephone":[],"openingHoursSpecification":[{"@type":"OpeningHoursSpecification","dayOfWeek":["Monday","Tuesday","Wednesday","Thursday","Friday","Saturday","Sunday"],"opens":"09:00","closes":"17:00"}],"email":"redakcija@gorica.info"},{"@type":"Person","@id":"https:\/\/gorica.info\/#\/schema\/person\/4499af1f22f322670b9b5977ccc2e3de","name":"Gorica. info","description":"Gorica.info je lokalni portal koji prati Veliku Goricu i okolici, svakodnevno donosi najnovije vijesti i pri\u010de, kulturna doga\u0111anja i aktualnosti koje oblikuju \u017eivot gra\u0111ana.","url":"https:\/\/gorica.info\/en\/author\/gorica-info\/"},{"@type":"PostalAddress","@id":"https:\/\/gorica.info\/tuzna-vijest-preminuo-popularni-pjevac-jasmin-stavros-zadnjih-mjeseci-borio-se-s-teskom-bolescu\/#local-main-place-address","streetAddress":"Horvatova 97","addressLocality":"Velika Gorica","postalCode":"10410","addressRegion":"Croatia","addressCountry":"HR"},{"@type":"ImageObject","inLanguage":"en-US","@id":"https:\/\/gorica.info\/tuzna-vijest-preminuo-popularni-pjevac-jasmin-stavros-zadnjih-mjeseci-borio-se-s-teskom-bolescu\/#local-main-organization-logo","url":"https:\/\/gorica.info\/wp-content\/uploads\/2024\/07\/Gorica-Info-Logo-mali.png","contentUrl":"https:\/\/gorica.info\/wp-content\/uploads\/2024\/07\/Gorica-Info-Logo-mali.png","width":450,"height":85,"caption":"Gorica Info"}]},"geo.placename":"Velika Gorica","geo.region":"Croatia"},"_links":{"self":[{"href":"https:\/\/gorica.info\/en\/wp-json\/wp\/v2\/posts\/47983","targetHints":{"allow":["GET"]}}],"collection":[{"href":"https:\/\/gorica.info\/en\/wp-json\/wp\/v2\/posts"}],"about":[{"href":"https:\/\/gorica.info\/en\/wp-json\/wp\/v2\/types\/post"}],"author":[{"embeddable":true,"href":"https:\/\/gorica.info\/en\/wp-json\/wp\/v2\/users\/23"}],"replies":[{"embeddable":true,"href":"https:\/\/gorica.info\/en\/wp-json\/wp\/v2\/comments?post=47983"}],"version-history":[{"count":0,"href":"https:\/\/gorica.info\/en\/wp-json\/wp\/v2\/posts\/47983\/revisions"}],"wp:featuredmedia":[{"embeddable":true,"href":"https:\/\/gorica.info\/en\/wp-json\/wp\/v2\/media\/47984"}],"wp:attachment":[{"href":"https:\/\/gorica.info\/en\/wp-json\/wp\/v2\/media?parent=47983"}],"wp:term":[{"taxonomy":"category","embeddable":true,"href":"https:\/\/gorica.info\/en\/wp-json\/wp\/v2\/categories?post=47983"},{"taxonomy":"post_tag","embeddable":true,"href":"https:\/\/gorica.info\/en\/wp-json\/wp\/v2\/tags?post=47983"}],"curies":[{"name":"wp","href":"https:\/\/api.w.org\/{rel}","templated":true}]}}