{"id":48124,"date":"2023-05-07T09:04:17","date_gmt":"2023-05-07T07:04:17","guid":{"rendered":"https:\/\/gorica.info\/?p=48124"},"modified":"2023-05-07T09:04:17","modified_gmt":"2023-05-07T07:04:17","slug":"patricija-luksic-iz-gradica-pobjednica-natjecanja-najljepsa-mama-hrvatske","status":"publish","type":"post","link":"https:\/\/gorica.info\/en\/patricija-luksic-iz-gradica-pobjednica-natjecanja-najljepsa-mama-hrvatske\/","title":{"rendered":"Lijepe vijesti iz \u0160ibenika: Patricija Luk\u0161i\u0107 iz Gradi\u0107a pobjednica natjecanja Najljep\u0161a Mama Hrvatske"},"content":{"rendered":"<p><strong>Patricija Luk\u0161i\u0107<\/strong> (34) iz Gradi\u0107a <a href=\"https:\/\/gorica.info\/en\/2023\/05\/06\/finale-zvijezde-pjevaju-velikogoricanka-ivanka-mazurkijevic-s-lucijom-serbedzijom-medu-tri-najbolja-para\/\">pobjednica<\/a> je u<a href=\"https:\/\/www.facebook.com\/n.mama.hrvatske\"> izboru<\/a><strong> Najljep\u0161a Mama Hrvatske<\/strong> koje je odr\u017eano u \u0160ibeniku. Patricija je magistra prava, aktivno djeluje u udruzi \u201cPonos domovine\u201d, a od 2015. je predsjednica udruge. Na natjecanje se prijavila kao glas majki posvojiteljica i udomiteljica koje svoju djecu ra\u0111aju iz srca, obzirom da su joj njena djeca najve\u0107a ljubav, smisao i inspiracija.<\/p>\n<p>Titulu Najljep\u0161e Mame Hrvatske Dijamant u \u0160ibeniku ponijela je <strong>Ankica Biondi\u0107<\/strong>, dok je u novoj kategoriji Najljep\u0161e Mama Hrvatske Platinum okrunjena <strong>Jadranka Luketa<\/strong>. Natjecalo se 16 mama i u tri izlaska predstavile su se \u017eiriju i publici. U finale se palsirala i <strong>Marina Pavi\u010di\u0107<\/strong> iz Velike Mlake u kategoriji mama od 40-53 godine.<\/p>\n<p><img fetchpriority=\"high\" decoding=\"async\" class=\"aligncenter wp-image-48126 size-large\" src=\"https:\/\/gorica.info\/wp-content\/uploads\/2023\/05\/najljepsa-mama-hrvatske-1024x682.jpg\" alt=\"mama\" width=\"810\" height=\"539\" \/><\/p>\n<p>Najljep\u0161a Mama Hrvatske elegantnost je Ksenija Brajkovi\u0107.<\/p>\n<p>Najljep\u0161a Mama Hrvatske osobnost je Marina Kenda.<\/p>\n<p>Najljep\u0161a Mama Hrvatske fotogeni\u010dnost je Dora Kova\u010devi\u0107 Kauzlari\u0107.<\/p>\n<p>Najljep\u0161a Mama Hrvatske stil postala je Ana Japec Buneta.<\/p>\n<p>Najljep\u0161a Mama Hrvatske fashion je Tina Juri\u010dev \u0160piri\u0107.<\/p>\n<p>Najljep\u0161a Mama Hrvatske glamour je Matea Liber.<\/p>\n<p>&nbsp;<\/p>\n<p>&nbsp;<\/p>","protected":false},"excerpt":{"rendered":"<p>Patricija Luk\u0161i\u0107 (34) iz Gradi\u0107a pobjednica je u izboru Najljep\u0161a Mama Hrvatske koje je odr\u017eano u \u0160ibeniku. Patricija je magistra prava, aktivno djeluje u udruzi \u201cPonos domovine\u201d, a od 2015. je predsjednica udruge. Na natjecanje se prijavila kao glas majki posvojiteljica i udomiteljica koje svoju djecu ra\u0111aju iz srca, obzirom da su joj njena djeca [&hellip;]<\/p>\n","protected":false},"author":23,"featured_media":48125,"comment_status":"open","ping_status":"open","sticky":false,"template":"","format":"standard","meta":{"limit_modified_date":"","last_modified_date":"","jnews-multi-image_gallery":[],"jnews_single_post":[],"jnews_primary_category":[],"jnews_override_counter":[],"footnotes":""},"categories":[109],"tags":[123,9750,2207,9751],"class_list":["post-48124","post","type-post","status-publish","format-standard","has-post-thumbnail","hentry","category-zivot","tag-izbor","tag-najljepsa-mama-hrvatske","tag-natjecanje","tag-patricija-luksic"],"yoast_head":"<!-- This site is optimized with the Yoast SEO Premium plugin v27.5 (Yoast SEO v27.5) - https:\/\/yoast.com\/product\/yoast-seo-premium-wordpress\/ -->\n<title>Lijepe vijesti iz \u0160ibenika: Patricija Luk\u0161i\u0107 iz Gradi\u0107a pobjednica natjecanja Najljep\u0161a Mama Hrvatske - Gorica Info<\/title>\n<meta name=\"description\" content=\"Patricija Luk\u0161i\u0107 iz Gradi\u0107a pobjednica je natjecanja Najljep\u0161a Mama Hrvatske odr\u017eanog u \u0160ibeniku u subotu nave\u010der.\" \/>\n<meta name=\"robots\" content=\"index, follow, max-snippet:-1, max-image-preview:large, max-video-preview:-1\" \/>\n<link rel=\"canonical\" href=\"https:\/\/gorica.info\/en\/patricija-luksic-iz-gradica-pobjednica-natjecanja-najljepsa-mama-hrvatske\/\" \/>\n<meta property=\"og:locale\" content=\"en_US\" \/>\n<meta property=\"og:type\" content=\"article\" \/>\n<meta property=\"og:title\" content=\"Lijepe vijesti iz \u0160ibenika: Patricija Luk\u0161i\u0107 iz Gradi\u0107a pobjednica natjecanja Najljep\u0161a Mama Hrvatske\" \/>\n<meta property=\"og:description\" content=\"Patricija Luk\u0161i\u0107 iz Gradi\u0107a pobjednica je natjecanja Najljep\u0161a Mama Hrvatske odr\u017eanog u \u0160ibeniku u subotu nave\u010der.\" \/>\n<meta property=\"og:url\" content=\"https:\/\/gorica.info\/en\/patricija-luksic-iz-gradica-pobjednica-natjecanja-najljepsa-mama-hrvatske\/\" \/>\n<meta property=\"og:site_name\" content=\"Gorica Info\" \/>\n<meta property=\"article:publisher\" content=\"https:\/\/www.facebook.com\/Goricainfo-106005144489262\" \/>\n<meta property=\"article:published_time\" content=\"2023-05-07T07:04:17+00:00\" \/>\n<meta property=\"og:image\" content=\"https:\/\/gorica.info\/wp-content\/uploads\/2023\/05\/najljepsa-mama-hrvatske1.jpg\" \/>\n\t<meta property=\"og:image:width\" content=\"1200\" \/>\n\t<meta property=\"og:image:height\" content=\"800\" \/>\n\t<meta property=\"og:image:type\" content=\"image\/jpeg\" \/>\n<meta name=\"author\" content=\"Gorica. info\" \/>\n<meta name=\"twitter:card\" content=\"summary_large_image\" \/>\n<meta name=\"twitter:creator\" content=\"@GoricaInfo\" \/>\n<meta name=\"twitter:site\" content=\"@GoricaInfo\" \/>\n<meta name=\"twitter:label1\" content=\"Written by\" \/>\n\t<meta name=\"twitter:data1\" content=\"Gorica. info\" \/>\n\t<meta name=\"twitter:label2\" content=\"Est. reading time\" \/>\n\t<meta name=\"twitter:data2\" content=\"2 minutes\" \/>\n<meta name=\"geo.placename\" content=\"Velika Gorica\" \/>\n<meta name=\"geo.region\" content=\"Croatia\" \/>\n<!-- \/ Yoast SEO Premium plugin. -->","yoast_head_json":{"title":"Lijepe vijesti iz \u0160ibenika: Patricija Luk\u0161i\u0107 iz Gradi\u0107a pobjednica natjecanja Najljep\u0161a Mama Hrvatske - Gorica Info","description":"Patricija Luk\u0161i\u0107 iz Gradi\u0107a pobjednica je natjecanja Najljep\u0161a Mama Hrvatske odr\u017eanog u \u0160ibeniku u subotu nave\u010der.","robots":{"index":"index","follow":"follow","max-snippet":"max-snippet:-1","max-image-preview":"max-image-preview:large","max-video-preview":"max-video-preview:-1"},"canonical":"https:\/\/gorica.info\/en\/patricija-luksic-iz-gradica-pobjednica-natjecanja-najljepsa-mama-hrvatske\/","og_locale":"en_US","og_type":"article","og_title":"Lijepe vijesti iz \u0160ibenika: Patricija Luk\u0161i\u0107 iz Gradi\u0107a pobjednica natjecanja Najljep\u0161a Mama Hrvatske","og_description":"Patricija Luk\u0161i\u0107 iz Gradi\u0107a pobjednica je natjecanja Najljep\u0161a Mama Hrvatske odr\u017eanog u \u0160ibeniku u subotu nave\u010der.","og_url":"https:\/\/gorica.info\/en\/patricija-luksic-iz-gradica-pobjednica-natjecanja-najljepsa-mama-hrvatske\/","og_site_name":"Gorica Info","article_publisher":"https:\/\/www.facebook.com\/Goricainfo-106005144489262","article_published_time":"2023-05-07T07:04:17+00:00","og_image":[{"width":1200,"height":800,"url":"https:\/\/gorica.info\/wp-content\/uploads\/2023\/05\/najljepsa-mama-hrvatske1.jpg","type":"image\/jpeg"}],"author":"Gorica. info","twitter_card":"summary_large_image","twitter_creator":"@GoricaInfo","twitter_site":"@GoricaInfo","twitter_misc":{"Written by":"Gorica. info","Est. reading time":"2 minutes"},"schema":{"@context":"https:\/\/schema.org","@graph":[{"@type":"NewsArticle","@id":"https:\/\/gorica.info\/patricija-luksic-iz-gradica-pobjednica-natjecanja-najljepsa-mama-hrvatske\/#article","isPartOf":{"@id":"https:\/\/gorica.info\/patricija-luksic-iz-gradica-pobjednica-natjecanja-najljepsa-mama-hrvatske\/"},"author":{"name":"Gorica. info","@id":"https:\/\/gorica.info\/#\/schema\/person\/4499af1f22f322670b9b5977ccc2e3de"},"headline":"Lijepe vijesti iz \u0160ibenika: Patricija Luk\u0161i\u0107 iz Gradi\u0107a pobjednica natjecanja Najljep\u0161a Mama Hrvatske","datePublished":"2023-05-07T07:04:17+00:00","mainEntityOfPage":{"@id":"https:\/\/gorica.info\/patricija-luksic-iz-gradica-pobjednica-natjecanja-najljepsa-mama-hrvatske\/"},"wordCount":192,"commentCount":0,"publisher":{"@id":"https:\/\/gorica.info\/#organization"},"image":{"@id":"https:\/\/gorica.info\/patricija-luksic-iz-gradica-pobjednica-natjecanja-najljepsa-mama-hrvatske\/#primaryimage"},"thumbnailUrl":"https:\/\/gorica.info\/wp-content\/uploads\/2023\/05\/najljepsa-mama-hrvatske1.jpg","keywords":["izbor","najljep\u0161a mama hrvatske","natjecanje","patricija luk\u0161i\u0107"],"articleSection":["\u017dIVOT"],"inLanguage":"en-US","potentialAction":[{"@type":"CommentAction","name":"Comment","target":["https:\/\/gorica.info\/patricija-luksic-iz-gradica-pobjednica-natjecanja-najljepsa-mama-hrvatske\/#respond"]}],"copyrightYear":"2023","copyrightHolder":{"@id":"https:\/\/gorica.info\/en\/#organization"}},{"@type":"WebPage","@id":"https:\/\/gorica.info\/patricija-luksic-iz-gradica-pobjednica-natjecanja-najljepsa-mama-hrvatske\/","url":"https:\/\/gorica.info\/patricija-luksic-iz-gradica-pobjednica-natjecanja-najljepsa-mama-hrvatske\/","name":"Lijepe vijesti iz \u0160ibenika: Patricija Luk\u0161i\u0107 iz Gradi\u0107a pobjednica natjecanja Najljep\u0161a Mama Hrvatske - Gorica Info","isPartOf":{"@id":"https:\/\/gorica.info\/#website"},"primaryImageOfPage":{"@id":"https:\/\/gorica.info\/patricija-luksic-iz-gradica-pobjednica-natjecanja-najljepsa-mama-hrvatske\/#primaryimage"},"image":{"@id":"https:\/\/gorica.info\/patricija-luksic-iz-gradica-pobjednica-natjecanja-najljepsa-mama-hrvatske\/#primaryimage"},"thumbnailUrl":"https:\/\/gorica.info\/wp-content\/uploads\/2023\/05\/najljepsa-mama-hrvatske1.jpg","datePublished":"2023-05-07T07:04:17+00:00","description":"Patricija Luk\u0161i\u0107 iz Gradi\u0107a pobjednica je natjecanja Najljep\u0161a Mama Hrvatske odr\u017eanog u \u0160ibeniku u subotu nave\u010der.","breadcrumb":{"@id":"https:\/\/gorica.info\/patricija-luksic-iz-gradica-pobjednica-natjecanja-najljepsa-mama-hrvatske\/#breadcrumb"},"inLanguage":"en-US","potentialAction":[{"@type":"ReadAction","target":["https:\/\/gorica.info\/patricija-luksic-iz-gradica-pobjednica-natjecanja-najljepsa-mama-hrvatske\/"]}]},{"@type":"ImageObject","inLanguage":"en-US","@id":"https:\/\/gorica.info\/patricija-luksic-iz-gradica-pobjednica-natjecanja-najljepsa-mama-hrvatske\/#primaryimage","url":"https:\/\/gorica.info\/wp-content\/uploads\/2023\/05\/najljepsa-mama-hrvatske1.jpg","contentUrl":"https:\/\/gorica.info\/wp-content\/uploads\/2023\/05\/najljepsa-mama-hrvatske1.jpg","width":1100,"height":733,"caption":"Foto: FB Najljep\u0161a Mama Hrvatske"},{"@type":"BreadcrumbList","@id":"https:\/\/gorica.info\/patricija-luksic-iz-gradica-pobjednica-natjecanja-najljepsa-mama-hrvatske\/#breadcrumb","itemListElement":[{"@type":"ListItem","position":1,"name":"Po\u010detna stranica","item":"https:\/\/gorica.info\/"},{"@type":"ListItem","position":2,"name":"Lijepe vijesti iz \u0160ibenika: Patricija Luk\u0161i\u0107 iz Gradi\u0107a pobjednica natjecanja Najljep\u0161a Mama Hrvatske"}]},{"@type":"WebSite","@id":"https:\/\/gorica.info\/#website","url":"https:\/\/gorica.info\/","name":"Gorica Info","description":"Vijesti iz Velike Gorice i okolice.","publisher":{"@id":"https:\/\/gorica.info\/#organization"},"potentialAction":[{"@type":"SearchAction","target":{"@type":"EntryPoint","urlTemplate":"https:\/\/gorica.info\/?s={search_term_string}"},"query-input":{"@type":"PropertyValueSpecification","valueRequired":true,"valueName":"search_term_string"}}],"inLanguage":"en-US"},{"@type":["Organization","Place","NewsMediaOrganization"],"@id":"https:\/\/gorica.info\/#organization","name":"Gorica Info","url":"https:\/\/gorica.info\/","logo":{"@id":"https:\/\/gorica.info\/patricija-luksic-iz-gradica-pobjednica-natjecanja-najljepsa-mama-hrvatske\/#local-main-organization-logo"},"image":{"@id":"https:\/\/gorica.info\/patricija-luksic-iz-gradica-pobjednica-natjecanja-najljepsa-mama-hrvatske\/#local-main-organization-logo"},"sameAs":["https:\/\/www.facebook.com\/Goricainfo-106005144489262","https:\/\/x.com\/GoricaInfo","https:\/\/www.instagram.com\/gorica.info\/"],"address":{"@id":"https:\/\/gorica.info\/patricija-luksic-iz-gradica-pobjednica-natjecanja-najljepsa-mama-hrvatske\/#local-main-place-address"},"telephone":[],"openingHoursSpecification":[{"@type":"OpeningHoursSpecification","dayOfWeek":["Monday","Tuesday","Wednesday","Thursday","Friday","Saturday","Sunday"],"opens":"09:00","closes":"17:00"}],"email":"redakcija@gorica.info"},{"@type":"Person","@id":"https:\/\/gorica.info\/#\/schema\/person\/4499af1f22f322670b9b5977ccc2e3de","name":"Gorica. info","description":"Gorica.info je lokalni portal koji prati Veliku Goricu i okolici, svakodnevno donosi najnovije vijesti i pri\u010de, kulturna doga\u0111anja i aktualnosti koje oblikuju \u017eivot gra\u0111ana.","url":"https:\/\/gorica.info\/en\/author\/gorica-info\/"},{"@type":"PostalAddress","@id":"https:\/\/gorica.info\/patricija-luksic-iz-gradica-pobjednica-natjecanja-najljepsa-mama-hrvatske\/#local-main-place-address","streetAddress":"Horvatova 97","addressLocality":"Velika Gorica","postalCode":"10410","addressRegion":"Croatia","addressCountry":"HR"},{"@type":"ImageObject","inLanguage":"en-US","@id":"https:\/\/gorica.info\/patricija-luksic-iz-gradica-pobjednica-natjecanja-najljepsa-mama-hrvatske\/#local-main-organization-logo","url":"https:\/\/gorica.info\/wp-content\/uploads\/2024\/07\/Gorica-Info-Logo-mali.png","contentUrl":"https:\/\/gorica.info\/wp-content\/uploads\/2024\/07\/Gorica-Info-Logo-mali.png","width":450,"height":85,"caption":"Gorica Info"}]},"geo.placename":"Velika Gorica","geo.region":"Croatia"},"_links":{"self":[{"href":"https:\/\/gorica.info\/en\/wp-json\/wp\/v2\/posts\/48124","targetHints":{"allow":["GET"]}}],"collection":[{"href":"https:\/\/gorica.info\/en\/wp-json\/wp\/v2\/posts"}],"about":[{"href":"https:\/\/gorica.info\/en\/wp-json\/wp\/v2\/types\/post"}],"author":[{"embeddable":true,"href":"https:\/\/gorica.info\/en\/wp-json\/wp\/v2\/users\/23"}],"replies":[{"embeddable":true,"href":"https:\/\/gorica.info\/en\/wp-json\/wp\/v2\/comments?post=48124"}],"version-history":[{"count":0,"href":"https:\/\/gorica.info\/en\/wp-json\/wp\/v2\/posts\/48124\/revisions"}],"wp:featuredmedia":[{"embeddable":true,"href":"https:\/\/gorica.info\/en\/wp-json\/wp\/v2\/media\/48125"}],"wp:attachment":[{"href":"https:\/\/gorica.info\/en\/wp-json\/wp\/v2\/media?parent=48124"}],"wp:term":[{"taxonomy":"category","embeddable":true,"href":"https:\/\/gorica.info\/en\/wp-json\/wp\/v2\/categories?post=48124"},{"taxonomy":"post_tag","embeddable":true,"href":"https:\/\/gorica.info\/en\/wp-json\/wp\/v2\/tags?post=48124"}],"curies":[{"name":"wp","href":"https:\/\/api.w.org\/{rel}","templated":true}]}}