{"id":48599,"date":"2023-05-17T06:12:17","date_gmt":"2023-05-17T04:12:17","guid":{"rendered":"https:\/\/gorica.info\/?p=48599"},"modified":"2023-05-17T06:12:17","modified_gmt":"2023-05-17T04:12:17","slug":"cekicem-zatukao-zenu-na-spavanju-visoki-kazneni-sud-mu-povecao-kaznu-zatvora-s-15-na-19-godina","status":"publish","type":"post","link":"https:\/\/gorica.info\/en\/cekicem-zatukao-zenu-na-spavanju-visoki-kazneni-sud-mu-povecao-kaznu-zatvora-s-15-na-19-godina\/","title":{"rendered":"\u010ceki\u0107em zatukao \u017eenu na spavanju: Visoki kazneni sud mu pove\u0107ao kaznu zatvora s 15 na 19 godina"},"content":{"rendered":"<p>Mu\u0161karcu koji je<strong> \u010deki\u0107em zatukao \u017eenu<\/strong> na spavanju, <a href=\"https:\/\/sudovi.hr\/sites\/default\/files\/priopcenja\/2023-05\/I%20K%C5%BE-55-2023-Neboj%C5%A1a%20Ru%C5%BEi%C4%87.pdf\">Visoki kazneni sud<\/a> pove\u0107ao je <strong>kaznu zatvora<\/strong> na <strong>19 godina<\/strong>. Naime, Visoki kazneni sud prihvatio je <strong>\u017ealbu dr\u017eavnog odvjetnika<\/strong> te preina\u010dio prvostupanjsku presudu \u017dupanijskog suda u Zagrebu u odluci o kazni osudiv\u0161i optu\u017eenika zbog kaznenog djela te\u0161kog ubojstva na kaznu zatvora od 19 godina.<\/p>\n<p>Uz kaznu je optu\u017eeniku izre\u010dena sigurnosna mjera <strong>obveznog psihijatrijskog lije\u010denja<\/strong>, u <strong>trajanju od 5 godina<\/strong> koja te\u010de od izvr\u0161nosti presude. Prvostupanjskom je presudom optu\u017eenik osu\u0111en na kaznu zatvora u trajanju od 15 godina.<\/p>\n<p>&#8211; Optu\u017eenik je osu\u0111en jer je u o\u017eujku 2022., u stanu u<a style=\"background-color: #ffffff\" href=\"https:\/\/gorica.info\/en\/2022\/03\/27\/policija-objavila-detalje-ubojstva-u-zagrebu-ubojica-nesretnoj-zeni-zadao-vise-udaraca-po-glavi\/\"> Pre\u010dkom,<\/a> u kojem je stanovao sa suprugom u namjeri da ju li\u0161i \u017eivota, dok je spavala na bra\u010dnom krevetu, \u010deki\u0107em zadao vi\u0161e sna\u017enih udaraca u predjelu glave i vrata, od kojih je ozljeda preminula na mjestu doga\u0111aja &#8211; navodi se u presudi.<\/p>\n<p>Visoki kazneni sud ocijenio je kako je prvostupanjski sud ispravno u svojoj odluci, proglasiv\u0161i optu\u017eenika krivim za po\u010dinjeno te\u0161ko ubojstvo. U presudi navode kako je osu\u0111enik \u017eenu ubio na na\u010din da joj zadao 12 udaraca \u010deki\u0107em u glavu, od \u010dega je osam udaraca ocijenjeno jakim intenzitetom te \u010detiri udarca srednje jakog intenziteta. Dok ju je udaro u glavu, mu\u0161karac je nesretnoj \u017eeni sjedio na donjem dijelu tijela kako bi sprije\u010dio da pobjegne. To je sud ocijenio kao upornost u po\u010dinjenju kaznenog djela.<\/p>\n<p>Osim toga, Visoki kazneni sud smatra da je prvostupanjski sud ispravno neiskrenim ocijenio optu\u017eenikovo \u017ealjenja i kajanja za po\u010dinjeno kazneno djelo, nalaze\u0107i da je u pitanju postupanje kako bi se dobio povoljniji ishod kaznenog postupka.<\/p>","protected":false},"excerpt":{"rendered":"<p>Mu\u0161karcu koji je \u010deki\u0107em zatukao \u017eenu na spavanju, Visoki kazneni sud pove\u0107ao je kaznu zatvora na 19 godina. Naime, Visoki kazneni sud prihvatio je \u017ealbu dr\u017eavnog odvjetnika te preina\u010dio prvostupanjsku presudu \u017dupanijskog suda u Zagrebu u odluci o kazni osudiv\u0161i optu\u017eenika zbog kaznenog djela te\u0161kog ubojstva na kaznu zatvora od 19 godina. Uz kaznu je [&hellip;]<\/p>\n","protected":false},"author":23,"featured_media":48600,"comment_status":"open","ping_status":"open","sticky":false,"template":"","format":"standard","meta":{"limit_modified_date":"","last_modified_date":"","jnews-multi-image_gallery":[],"jnews_single_post":[],"jnews_primary_category":[],"jnews_override_counter":[],"footnotes":""},"categories":[83],"tags":[9922,2113,2460,1640,2202,2184,7328],"class_list":["post-48599","post","type-post","status-publish","format-standard","has-post-thumbnail","hentry","category-drustvo","tag-cekic","tag-kazna-zatvora","tag-precko","tag-presuda","tag-ubio-zenu","tag-visoki-kazneni-sud","tag-zalba"],"yoast_head":"<!-- This site is optimized with the Yoast SEO Premium plugin v27.4 (Yoast SEO v27.4) - https:\/\/yoast.com\/product\/yoast-seo-premium-wordpress\/ -->\n<title>\u010ceki\u0107em zatukao \u017eenu na spavanju: Visoki kazneni sud mu pove\u0107ao kaznu zatvora s 15 na 19 godina - Gorica Info<\/title>\n<meta name=\"description\" content=\"\u010ceki\u0107em zatukao \u017eenu na spavanju. Visoki kazneni sud mu pove\u0107ao kaznu zatvora s 15 na 19 godina i dosudio obavezno lije\u010denje.\" \/>\n<meta name=\"robots\" content=\"index, follow, max-snippet:-1, max-image-preview:large, max-video-preview:-1\" \/>\n<link rel=\"canonical\" href=\"https:\/\/gorica.info\/en\/cekicem-zatukao-zenu-na-spavanju-visoki-kazneni-sud-mu-povecao-kaznu-zatvora-s-15-na-19-godina\/\" \/>\n<meta property=\"og:locale\" content=\"en_US\" \/>\n<meta property=\"og:type\" content=\"article\" \/>\n<meta property=\"og:title\" content=\"\u010ceki\u0107em zatukao \u017eenu na spavanju: Visoki kazneni sud mu pove\u0107ao kaznu zatvora s 15 na 19 godina\" \/>\n<meta property=\"og:description\" content=\"\u010ceki\u0107em zatukao \u017eenu na spavanju. Visoki kazneni sud mu pove\u0107ao kaznu zatvora s 15 na 19 godina i dosudio obavezno lije\u010denje.\" \/>\n<meta property=\"og:url\" content=\"https:\/\/gorica.info\/en\/cekicem-zatukao-zenu-na-spavanju-visoki-kazneni-sud-mu-povecao-kaznu-zatvora-s-15-na-19-godina\/\" \/>\n<meta property=\"og:site_name\" content=\"Gorica Info\" \/>\n<meta property=\"article:publisher\" content=\"https:\/\/www.facebook.com\/Goricainfo-106005144489262\" \/>\n<meta property=\"article:published_time\" content=\"2023-05-17T04:12:17+00:00\" \/>\n<meta property=\"og:image\" content=\"https:\/\/gorica.info\/wp-content\/uploads\/2023\/05\/sudnica-foto-pixabay.jpg\" \/>\n\t<meta property=\"og:image:width\" content=\"1067\" \/>\n\t<meta property=\"og:image:height\" content=\"800\" \/>\n\t<meta property=\"og:image:type\" content=\"image\/jpeg\" \/>\n<meta name=\"author\" content=\"Gorica. info\" \/>\n<meta name=\"twitter:card\" content=\"summary_large_image\" \/>\n<meta name=\"twitter:creator\" content=\"@GoricaInfo\" \/>\n<meta name=\"twitter:site\" content=\"@GoricaInfo\" \/>\n<meta name=\"twitter:label1\" content=\"Written by\" \/>\n\t<meta name=\"twitter:data1\" content=\"Gorica. info\" \/>\n\t<meta name=\"twitter:label2\" content=\"Est. reading time\" \/>\n\t<meta name=\"twitter:data2\" content=\"2 minutes\" \/>\n<meta name=\"geo.placename\" content=\"Velika Gorica\" \/>\n<meta name=\"geo.region\" content=\"Croatia\" \/>\n<!-- \/ Yoast SEO Premium plugin. -->","yoast_head_json":{"title":"\u010ceki\u0107em zatukao \u017eenu na spavanju: Visoki kazneni sud mu pove\u0107ao kaznu zatvora s 15 na 19 godina - Gorica Info","description":"\u010ceki\u0107em zatukao \u017eenu na spavanju. Visoki kazneni sud mu pove\u0107ao kaznu zatvora s 15 na 19 godina i dosudio obavezno lije\u010denje.","robots":{"index":"index","follow":"follow","max-snippet":"max-snippet:-1","max-image-preview":"max-image-preview:large","max-video-preview":"max-video-preview:-1"},"canonical":"https:\/\/gorica.info\/en\/cekicem-zatukao-zenu-na-spavanju-visoki-kazneni-sud-mu-povecao-kaznu-zatvora-s-15-na-19-godina\/","og_locale":"en_US","og_type":"article","og_title":"\u010ceki\u0107em zatukao \u017eenu na spavanju: Visoki kazneni sud mu pove\u0107ao kaznu zatvora s 15 na 19 godina","og_description":"\u010ceki\u0107em zatukao \u017eenu na spavanju. Visoki kazneni sud mu pove\u0107ao kaznu zatvora s 15 na 19 godina i dosudio obavezno lije\u010denje.","og_url":"https:\/\/gorica.info\/en\/cekicem-zatukao-zenu-na-spavanju-visoki-kazneni-sud-mu-povecao-kaznu-zatvora-s-15-na-19-godina\/","og_site_name":"Gorica Info","article_publisher":"https:\/\/www.facebook.com\/Goricainfo-106005144489262","article_published_time":"2023-05-17T04:12:17+00:00","og_image":[{"width":1067,"height":800,"url":"https:\/\/gorica.info\/wp-content\/uploads\/2023\/05\/sudnica-foto-pixabay.jpg","type":"image\/jpeg"}],"author":"Gorica. info","twitter_card":"summary_large_image","twitter_creator":"@GoricaInfo","twitter_site":"@GoricaInfo","twitter_misc":{"Written by":"Gorica. info","Est. reading time":"2 minutes"},"schema":{"@context":"https:\/\/schema.org","@graph":[{"@type":"NewsArticle","@id":"https:\/\/gorica.info\/cekicem-zatukao-zenu-na-spavanju-visoki-kazneni-sud-mu-povecao-kaznu-zatvora-s-15-na-19-godina\/#article","isPartOf":{"@id":"https:\/\/gorica.info\/cekicem-zatukao-zenu-na-spavanju-visoki-kazneni-sud-mu-povecao-kaznu-zatvora-s-15-na-19-godina\/"},"author":{"name":"Gorica. info","@id":"https:\/\/gorica.info\/#\/schema\/person\/4499af1f22f322670b9b5977ccc2e3de"},"headline":"\u010ceki\u0107em zatukao \u017eenu na spavanju: Visoki kazneni sud mu pove\u0107ao kaznu zatvora s 15 na 19 godina","datePublished":"2023-05-17T04:12:17+00:00","mainEntityOfPage":{"@id":"https:\/\/gorica.info\/cekicem-zatukao-zenu-na-spavanju-visoki-kazneni-sud-mu-povecao-kaznu-zatvora-s-15-na-19-godina\/"},"wordCount":305,"commentCount":0,"publisher":{"@id":"https:\/\/gorica.info\/#organization"},"image":{"@id":"https:\/\/gorica.info\/cekicem-zatukao-zenu-na-spavanju-visoki-kazneni-sud-mu-povecao-kaznu-zatvora-s-15-na-19-godina\/#primaryimage"},"thumbnailUrl":"https:\/\/gorica.info\/wp-content\/uploads\/2023\/05\/sudnica-foto-pixabay.jpg","keywords":["\u010deki\u0107","kazna zatvora","pre\u010dko","presuda","ubio \u017eenu","visoki kazneni sud","\u017ealba"],"articleSection":["DRU\u0160TVO"],"inLanguage":"en-US","potentialAction":[{"@type":"CommentAction","name":"Comment","target":["https:\/\/gorica.info\/cekicem-zatukao-zenu-na-spavanju-visoki-kazneni-sud-mu-povecao-kaznu-zatvora-s-15-na-19-godina\/#respond"]}],"copyrightYear":"2023","copyrightHolder":{"@id":"https:\/\/gorica.info\/en\/#organization"}},{"@type":"WebPage","@id":"https:\/\/gorica.info\/cekicem-zatukao-zenu-na-spavanju-visoki-kazneni-sud-mu-povecao-kaznu-zatvora-s-15-na-19-godina\/","url":"https:\/\/gorica.info\/cekicem-zatukao-zenu-na-spavanju-visoki-kazneni-sud-mu-povecao-kaznu-zatvora-s-15-na-19-godina\/","name":"\u010ceki\u0107em zatukao \u017eenu na spavanju: Visoki kazneni sud mu pove\u0107ao kaznu zatvora s 15 na 19 godina - Gorica Info","isPartOf":{"@id":"https:\/\/gorica.info\/#website"},"primaryImageOfPage":{"@id":"https:\/\/gorica.info\/cekicem-zatukao-zenu-na-spavanju-visoki-kazneni-sud-mu-povecao-kaznu-zatvora-s-15-na-19-godina\/#primaryimage"},"image":{"@id":"https:\/\/gorica.info\/cekicem-zatukao-zenu-na-spavanju-visoki-kazneni-sud-mu-povecao-kaznu-zatvora-s-15-na-19-godina\/#primaryimage"},"thumbnailUrl":"https:\/\/gorica.info\/wp-content\/uploads\/2023\/05\/sudnica-foto-pixabay.jpg","datePublished":"2023-05-17T04:12:17+00:00","description":"\u010ceki\u0107em zatukao \u017eenu na spavanju. Visoki kazneni sud mu pove\u0107ao kaznu zatvora s 15 na 19 godina i dosudio obavezno lije\u010denje.","breadcrumb":{"@id":"https:\/\/gorica.info\/cekicem-zatukao-zenu-na-spavanju-visoki-kazneni-sud-mu-povecao-kaznu-zatvora-s-15-na-19-godina\/#breadcrumb"},"inLanguage":"en-US","potentialAction":[{"@type":"ReadAction","target":["https:\/\/gorica.info\/cekicem-zatukao-zenu-na-spavanju-visoki-kazneni-sud-mu-povecao-kaznu-zatvora-s-15-na-19-godina\/"]}]},{"@type":"ImageObject","inLanguage":"en-US","@id":"https:\/\/gorica.info\/cekicem-zatukao-zenu-na-spavanju-visoki-kazneni-sud-mu-povecao-kaznu-zatvora-s-15-na-19-godina\/#primaryimage","url":"https:\/\/gorica.info\/wp-content\/uploads\/2023\/05\/sudnica-foto-pixabay.jpg","contentUrl":"https:\/\/gorica.info\/wp-content\/uploads\/2023\/05\/sudnica-foto-pixabay.jpg","width":1067,"height":800,"caption":"Foto: Pixabay"},{"@type":"BreadcrumbList","@id":"https:\/\/gorica.info\/cekicem-zatukao-zenu-na-spavanju-visoki-kazneni-sud-mu-povecao-kaznu-zatvora-s-15-na-19-godina\/#breadcrumb","itemListElement":[{"@type":"ListItem","position":1,"name":"Po\u010detna stranica","item":"https:\/\/gorica.info\/"},{"@type":"ListItem","position":2,"name":"\u010ceki\u0107em zatukao \u017eenu na spavanju: Visoki kazneni sud mu pove\u0107ao kaznu zatvora s 15 na 19 godina"}]},{"@type":"WebSite","@id":"https:\/\/gorica.info\/#website","url":"https:\/\/gorica.info\/","name":"Gorica Info","description":"Vijesti iz Velike Gorice i okolice.","publisher":{"@id":"https:\/\/gorica.info\/#organization"},"potentialAction":[{"@type":"SearchAction","target":{"@type":"EntryPoint","urlTemplate":"https:\/\/gorica.info\/?s={search_term_string}"},"query-input":{"@type":"PropertyValueSpecification","valueRequired":true,"valueName":"search_term_string"}}],"inLanguage":"en-US"},{"@type":["Organization","Place","NewsMediaOrganization"],"@id":"https:\/\/gorica.info\/#organization","name":"Gorica Info","url":"https:\/\/gorica.info\/","logo":{"@id":"https:\/\/gorica.info\/cekicem-zatukao-zenu-na-spavanju-visoki-kazneni-sud-mu-povecao-kaznu-zatvora-s-15-na-19-godina\/#local-main-organization-logo"},"image":{"@id":"https:\/\/gorica.info\/cekicem-zatukao-zenu-na-spavanju-visoki-kazneni-sud-mu-povecao-kaznu-zatvora-s-15-na-19-godina\/#local-main-organization-logo"},"sameAs":["https:\/\/www.facebook.com\/Goricainfo-106005144489262","https:\/\/x.com\/GoricaInfo","https:\/\/www.instagram.com\/gorica.info\/"],"address":{"@id":"https:\/\/gorica.info\/cekicem-zatukao-zenu-na-spavanju-visoki-kazneni-sud-mu-povecao-kaznu-zatvora-s-15-na-19-godina\/#local-main-place-address"},"telephone":[],"openingHoursSpecification":[{"@type":"OpeningHoursSpecification","dayOfWeek":["Monday","Tuesday","Wednesday","Thursday","Friday","Saturday","Sunday"],"opens":"09:00","closes":"17:00"}],"email":"redakcija@gorica.info"},{"@type":"Person","@id":"https:\/\/gorica.info\/#\/schema\/person\/4499af1f22f322670b9b5977ccc2e3de","name":"Gorica. info","description":"Gorica.info je lokalni portal koji prati Veliku Goricu i okolici, svakodnevno donosi najnovije vijesti i pri\u010de, kulturna doga\u0111anja i aktualnosti koje oblikuju \u017eivot gra\u0111ana.","url":"https:\/\/gorica.info\/en\/author\/gorica-info\/"},{"@type":"PostalAddress","@id":"https:\/\/gorica.info\/cekicem-zatukao-zenu-na-spavanju-visoki-kazneni-sud-mu-povecao-kaznu-zatvora-s-15-na-19-godina\/#local-main-place-address","streetAddress":"Horvatova 97","addressLocality":"Velika Gorica","postalCode":"10410","addressRegion":"Croatia","addressCountry":"HR"},{"@type":"ImageObject","inLanguage":"en-US","@id":"https:\/\/gorica.info\/cekicem-zatukao-zenu-na-spavanju-visoki-kazneni-sud-mu-povecao-kaznu-zatvora-s-15-na-19-godina\/#local-main-organization-logo","url":"https:\/\/gorica.info\/wp-content\/uploads\/2024\/07\/Gorica-Info-Logo-mali.png","contentUrl":"https:\/\/gorica.info\/wp-content\/uploads\/2024\/07\/Gorica-Info-Logo-mali.png","width":450,"height":85,"caption":"Gorica Info"}]},"geo.placename":"Velika Gorica","geo.region":"Croatia"},"_links":{"self":[{"href":"https:\/\/gorica.info\/en\/wp-json\/wp\/v2\/posts\/48599","targetHints":{"allow":["GET"]}}],"collection":[{"href":"https:\/\/gorica.info\/en\/wp-json\/wp\/v2\/posts"}],"about":[{"href":"https:\/\/gorica.info\/en\/wp-json\/wp\/v2\/types\/post"}],"author":[{"embeddable":true,"href":"https:\/\/gorica.info\/en\/wp-json\/wp\/v2\/users\/23"}],"replies":[{"embeddable":true,"href":"https:\/\/gorica.info\/en\/wp-json\/wp\/v2\/comments?post=48599"}],"version-history":[{"count":0,"href":"https:\/\/gorica.info\/en\/wp-json\/wp\/v2\/posts\/48599\/revisions"}],"wp:featuredmedia":[{"embeddable":true,"href":"https:\/\/gorica.info\/en\/wp-json\/wp\/v2\/media\/48600"}],"wp:attachment":[{"href":"https:\/\/gorica.info\/en\/wp-json\/wp\/v2\/media?parent=48599"}],"wp:term":[{"taxonomy":"category","embeddable":true,"href":"https:\/\/gorica.info\/en\/wp-json\/wp\/v2\/categories?post=48599"},{"taxonomy":"post_tag","embeddable":true,"href":"https:\/\/gorica.info\/en\/wp-json\/wp\/v2\/tags?post=48599"}],"curies":[{"name":"wp","href":"https:\/\/api.w.org\/{rel}","templated":true}]}}