{"id":48870,"date":"2023-05-21T18:55:30","date_gmt":"2023-05-21T16:55:30","guid":{"rendered":"https:\/\/gorica.info\/?p=48870"},"modified":"2023-05-21T18:55:30","modified_gmt":"2023-05-21T16:55:30","slug":"vikend-iz-snova-za-hnk-goricu-nakon-sjajnog-uspjeha-prve-momcadi-i-zenska-ekipa-gorice-plasirala-se-u-prvu-ligu","status":"publish","type":"post","link":"https:\/\/gorica.info\/en\/vikend-iz-snova-za-hnk-goricu-nakon-sjajnog-uspjeha-prve-momcadi-i-zenska-ekipa-gorice-plasirala-se-u-prvu-ligu\/","title":{"rendered":"Vikend iz snova za HNK Goricu: Nakon sjajnog uspjeha prve mom\u010dadi i \u017eenska ekipa Gorice plasirala se u prvu ligu"},"content":{"rendered":"<p><strong>\u017denska nogometna ekipa HNK Gorice<\/strong> igrat \u0107e sljede\u0107e sezone<strong> prvu nogometnu ligu<\/strong>. U dvije kvalifikacijske utakmice gori\u010dke su nogometa\u0161ice nadvisile suparnice iz \u010dakove\u010dkog <strong>Me\u0111imurja<\/strong>. <a href=\"https:\/\/gorica.info\/en\/2023\/05\/12\/zenski-nogometni-klub-gorica-na-pragu-ulaska-u-prvu-nogometnu-ligu-za-zene-u-subotu-igraju-kvalifikacijsku-utakmicu\/\">Prva je utakmica<\/a> u \u010cakovcu zavr\u0161ila 1-1, a u nedjelju je Gorica slavila s 1-0. Dovoljno da se i \u017eenska ekipa plasira u Prvu HNL\u017d.<\/p>\n<p>&#8211; \u010cestitao bih svim sudionicama u dana\u0161njem dvoboju, i na\u0161ima i gostuju\u0107ima. Ipak posebno bih \u010destitao na\u0161im djevojkama koje su odli\u010dno zavr\u0161ile ovu iznimno izazovnu sezonu. Znamo da je curama prva liga pro\u0161le godine izmakla za dlaku, pa nam je to nekako visilo nad glavom ove sezone. Iscrpili smo se i fizi\u010dki i emocionalno &#8211; kazao je nakon utakmice trener <a href=\"https:\/\/www.hnk-gorica.hr\/znk-gorica\/1360\">\u017dNK Gorice<\/a> <strong>Marko Biljan.<\/strong><\/p>\n<p>Zadovoljstvo nije krila ni kapetanica <strong>Perica Cicijelj<\/strong>.<\/p>\n<p>&#8211; Osje\u0107aj je sjajan. Dvije godine radile smo za ovo. Lani smo izgubile prvenstvo od Hajduka zbog jednog gola i ostao je nekakav gorak okus. Dale smo sve od sebe jer ovakve se utakmice dobivaju na mi\u0161i\u0107e. Ove godine nam se sve vratilo &#8211; kazala je Perica Cicijelj \u010destitaju\u0107i seniorskoj mom\u010dadi Gorice na ostanku u prvoj ligi.<\/p>\n<p>Bio je to, dakle, vikend iz snova za HNK Goricu. Idemo dalje&#8230;<\/p>","protected":false},"excerpt":{"rendered":"<p>\u017denska nogometna ekipa HNK Gorice igrat \u0107e sljede\u0107e sezone prvu nogometnu ligu. U dvije kvalifikacijske utakmice gori\u010dke su nogometa\u0161ice nadvisile suparnice iz \u010dakove\u010dkog Me\u0111imurja. Prva je utakmica u \u010cakovcu zavr\u0161ila 1-1, a u nedjelju je Gorica slavila s 1-0. Dovoljno da se i \u017eenska ekipa plasira u Prvu HNL\u017d. &#8211; \u010cestitao bih svim sudionicama u [&hellip;]<\/p>\n","protected":false},"author":23,"featured_media":48871,"comment_status":"open","ping_status":"open","sticky":false,"template":"","format":"standard","meta":{"limit_modified_date":"","last_modified_date":"","jnews-multi-image_gallery":[],"jnews_single_post":[],"jnews_primary_category":[],"jnews_override_counter":[],"footnotes":""},"categories":[101],"tags":[131,9841,9990,9991,9992,248],"class_list":["post-48870","post","type-post","status-publish","format-standard","has-post-thumbnail","hentry","category-nogomet","tag-hnk-gorica","tag-kvalifikacije","tag-marko-biljan","tag-perica-cicijelj","tag-prva-liga","tag-znk-gorica"],"yoast_head":"<!-- This site is optimized with the Yoast SEO Premium plugin v27.5 (Yoast SEO v27.5) - https:\/\/yoast.com\/product\/yoast-seo-premium-wordpress\/ -->\n<title>Vikend iz snova za HNK Goricu: Nakon sjajnog uspjeha prve mom\u010dadi i \u017eenska ekipa Gorice plasirala se u prvu ligu - Gorica Info<\/title>\n<meta name=\"description\" content=\"\u017denska nogometna ekipa HNK Gorice igrat \u0107e sljede\u0107e sezone prvu nogometnu ligu. Time je upotpunjen vikend iz svona za gori\u010dki klub...\" \/>\n<meta name=\"robots\" content=\"index, follow, max-snippet:-1, max-image-preview:large, max-video-preview:-1\" \/>\n<link rel=\"canonical\" href=\"https:\/\/gorica.info\/en\/vikend-iz-snova-za-hnk-goricu-nakon-sjajnog-uspjeha-prve-momcadi-i-zenska-ekipa-gorice-plasirala-se-u-prvu-ligu\/\" \/>\n<meta property=\"og:locale\" content=\"en_US\" \/>\n<meta property=\"og:type\" content=\"article\" \/>\n<meta property=\"og:title\" content=\"Vikend iz snova za HNK Goricu: Nakon sjajnog uspjeha prve mom\u010dadi i \u017eenska ekipa Gorice plasirala se u prvu ligu\" \/>\n<meta property=\"og:description\" content=\"\u017denska nogometna ekipa HNK Gorice igrat \u0107e sljede\u0107e sezone prvu nogometnu ligu. Time je upotpunjen vikend iz svona za gori\u010dki klub...\" \/>\n<meta property=\"og:url\" content=\"https:\/\/gorica.info\/en\/vikend-iz-snova-za-hnk-goricu-nakon-sjajnog-uspjeha-prve-momcadi-i-zenska-ekipa-gorice-plasirala-se-u-prvu-ligu\/\" \/>\n<meta property=\"og:site_name\" content=\"Gorica Info\" \/>\n<meta property=\"article:publisher\" content=\"https:\/\/www.facebook.com\/Goricainfo-106005144489262\" \/>\n<meta property=\"article:published_time\" content=\"2023-05-21T16:55:30+00:00\" \/>\n<meta property=\"og:image\" content=\"https:\/\/gorica.info\/wp-content\/uploads\/2023\/05\/Collage_Fotor-znk-gorica.jpg\" \/>\n\t<meta property=\"og:image:width\" content=\"1200\" \/>\n\t<meta property=\"og:image:height\" content=\"771\" \/>\n\t<meta property=\"og:image:type\" content=\"image\/jpeg\" \/>\n<meta name=\"author\" content=\"Gorica. info\" \/>\n<meta name=\"twitter:card\" content=\"summary_large_image\" \/>\n<meta name=\"twitter:creator\" content=\"@GoricaInfo\" \/>\n<meta name=\"twitter:site\" content=\"@GoricaInfo\" \/>\n<meta name=\"twitter:label1\" content=\"Written by\" \/>\n\t<meta name=\"twitter:data1\" content=\"Gorica. info\" \/>\n\t<meta name=\"twitter:label2\" content=\"Est. reading time\" \/>\n\t<meta name=\"twitter:data2\" content=\"2 minutes\" \/>\n<meta name=\"geo.placename\" content=\"Velika Gorica\" \/>\n<meta name=\"geo.region\" content=\"Croatia\" \/>\n<!-- \/ Yoast SEO Premium plugin. -->","yoast_head_json":{"title":"Vikend iz snova za HNK Goricu: Nakon sjajnog uspjeha prve mom\u010dadi i \u017eenska ekipa Gorice plasirala se u prvu ligu - Gorica Info","description":"\u017denska nogometna ekipa HNK Gorice igrat \u0107e sljede\u0107e sezone prvu nogometnu ligu. Time je upotpunjen vikend iz svona za gori\u010dki klub...","robots":{"index":"index","follow":"follow","max-snippet":"max-snippet:-1","max-image-preview":"max-image-preview:large","max-video-preview":"max-video-preview:-1"},"canonical":"https:\/\/gorica.info\/en\/vikend-iz-snova-za-hnk-goricu-nakon-sjajnog-uspjeha-prve-momcadi-i-zenska-ekipa-gorice-plasirala-se-u-prvu-ligu\/","og_locale":"en_US","og_type":"article","og_title":"Vikend iz snova za HNK Goricu: Nakon sjajnog uspjeha prve mom\u010dadi i \u017eenska ekipa Gorice plasirala se u prvu ligu","og_description":"\u017denska nogometna ekipa HNK Gorice igrat \u0107e sljede\u0107e sezone prvu nogometnu ligu. Time je upotpunjen vikend iz svona za gori\u010dki klub...","og_url":"https:\/\/gorica.info\/en\/vikend-iz-snova-za-hnk-goricu-nakon-sjajnog-uspjeha-prve-momcadi-i-zenska-ekipa-gorice-plasirala-se-u-prvu-ligu\/","og_site_name":"Gorica Info","article_publisher":"https:\/\/www.facebook.com\/Goricainfo-106005144489262","article_published_time":"2023-05-21T16:55:30+00:00","og_image":[{"width":1200,"height":771,"url":"https:\/\/gorica.info\/wp-content\/uploads\/2023\/05\/Collage_Fotor-znk-gorica.jpg","type":"image\/jpeg"}],"author":"Gorica. info","twitter_card":"summary_large_image","twitter_creator":"@GoricaInfo","twitter_site":"@GoricaInfo","twitter_misc":{"Written by":"Gorica. info","Est. reading time":"2 minutes"},"schema":{"@context":"https:\/\/schema.org","@graph":[{"@type":"NewsArticle","@id":"https:\/\/gorica.info\/vikend-iz-snova-za-hnk-goricu-nakon-sjajnog-uspjeha-prve-momcadi-i-zenska-ekipa-gorice-plasirala-se-u-prvu-ligu\/#article","isPartOf":{"@id":"https:\/\/gorica.info\/vikend-iz-snova-za-hnk-goricu-nakon-sjajnog-uspjeha-prve-momcadi-i-zenska-ekipa-gorice-plasirala-se-u-prvu-ligu\/"},"author":{"name":"Gorica. info","@id":"https:\/\/gorica.info\/#\/schema\/person\/4499af1f22f322670b9b5977ccc2e3de"},"headline":"Vikend iz snova za HNK Goricu: Nakon sjajnog uspjeha prve mom\u010dadi i \u017eenska ekipa Gorice plasirala se u prvu ligu","datePublished":"2023-05-21T16:55:30+00:00","mainEntityOfPage":{"@id":"https:\/\/gorica.info\/vikend-iz-snova-za-hnk-goricu-nakon-sjajnog-uspjeha-prve-momcadi-i-zenska-ekipa-gorice-plasirala-se-u-prvu-ligu\/"},"wordCount":229,"commentCount":0,"publisher":{"@id":"https:\/\/gorica.info\/#organization"},"image":{"@id":"https:\/\/gorica.info\/vikend-iz-snova-za-hnk-goricu-nakon-sjajnog-uspjeha-prve-momcadi-i-zenska-ekipa-gorice-plasirala-se-u-prvu-ligu\/#primaryimage"},"thumbnailUrl":"https:\/\/gorica.info\/wp-content\/uploads\/2023\/05\/Collage_Fotor-znk-gorica.jpg","keywords":["HNK Gorica","kvalifikacije","marko biljan","perica cicijelj","prva liga","\u017dNK Gorica"],"articleSection":["NOGOMET"],"inLanguage":"en-US","potentialAction":[{"@type":"CommentAction","name":"Comment","target":["https:\/\/gorica.info\/vikend-iz-snova-za-hnk-goricu-nakon-sjajnog-uspjeha-prve-momcadi-i-zenska-ekipa-gorice-plasirala-se-u-prvu-ligu\/#respond"]}],"copyrightYear":"2023","copyrightHolder":{"@id":"https:\/\/gorica.info\/en\/#organization"}},{"@type":"WebPage","@id":"https:\/\/gorica.info\/vikend-iz-snova-za-hnk-goricu-nakon-sjajnog-uspjeha-prve-momcadi-i-zenska-ekipa-gorice-plasirala-se-u-prvu-ligu\/","url":"https:\/\/gorica.info\/vikend-iz-snova-za-hnk-goricu-nakon-sjajnog-uspjeha-prve-momcadi-i-zenska-ekipa-gorice-plasirala-se-u-prvu-ligu\/","name":"Vikend iz snova za HNK Goricu: Nakon sjajnog uspjeha prve mom\u010dadi i \u017eenska ekipa Gorice plasirala se u prvu ligu - Gorica Info","isPartOf":{"@id":"https:\/\/gorica.info\/#website"},"primaryImageOfPage":{"@id":"https:\/\/gorica.info\/vikend-iz-snova-za-hnk-goricu-nakon-sjajnog-uspjeha-prve-momcadi-i-zenska-ekipa-gorice-plasirala-se-u-prvu-ligu\/#primaryimage"},"image":{"@id":"https:\/\/gorica.info\/vikend-iz-snova-za-hnk-goricu-nakon-sjajnog-uspjeha-prve-momcadi-i-zenska-ekipa-gorice-plasirala-se-u-prvu-ligu\/#primaryimage"},"thumbnailUrl":"https:\/\/gorica.info\/wp-content\/uploads\/2023\/05\/Collage_Fotor-znk-gorica.jpg","datePublished":"2023-05-21T16:55:30+00:00","description":"\u017denska nogometna ekipa HNK Gorice igrat \u0107e sljede\u0107e sezone prvu nogometnu ligu. Time je upotpunjen vikend iz svona za gori\u010dki klub...","breadcrumb":{"@id":"https:\/\/gorica.info\/vikend-iz-snova-za-hnk-goricu-nakon-sjajnog-uspjeha-prve-momcadi-i-zenska-ekipa-gorice-plasirala-se-u-prvu-ligu\/#breadcrumb"},"inLanguage":"en-US","potentialAction":[{"@type":"ReadAction","target":["https:\/\/gorica.info\/vikend-iz-snova-za-hnk-goricu-nakon-sjajnog-uspjeha-prve-momcadi-i-zenska-ekipa-gorice-plasirala-se-u-prvu-ligu\/"]}]},{"@type":"ImageObject","inLanguage":"en-US","@id":"https:\/\/gorica.info\/vikend-iz-snova-za-hnk-goricu-nakon-sjajnog-uspjeha-prve-momcadi-i-zenska-ekipa-gorice-plasirala-se-u-prvu-ligu\/#primaryimage","url":"https:\/\/gorica.info\/wp-content\/uploads\/2023\/05\/Collage_Fotor-znk-gorica.jpg","contentUrl":"https:\/\/gorica.info\/wp-content\/uploads\/2023\/05\/Collage_Fotor-znk-gorica.jpg","width":1100,"height":707,"caption":"\u017denska ekipa HNK Gorice plasirala se u Prvu ligu \/ Foto: HNK Gorica"},{"@type":"BreadcrumbList","@id":"https:\/\/gorica.info\/vikend-iz-snova-za-hnk-goricu-nakon-sjajnog-uspjeha-prve-momcadi-i-zenska-ekipa-gorice-plasirala-se-u-prvu-ligu\/#breadcrumb","itemListElement":[{"@type":"ListItem","position":1,"name":"Po\u010detna stranica","item":"https:\/\/gorica.info\/"},{"@type":"ListItem","position":2,"name":"Vikend iz snova za HNK Goricu: Nakon sjajnog uspjeha prve mom\u010dadi i \u017eenska ekipa Gorice plasirala se u prvu ligu"}]},{"@type":"WebSite","@id":"https:\/\/gorica.info\/#website","url":"https:\/\/gorica.info\/","name":"Gorica Info","description":"Vijesti iz Velike Gorice i okolice.","publisher":{"@id":"https:\/\/gorica.info\/#organization"},"potentialAction":[{"@type":"SearchAction","target":{"@type":"EntryPoint","urlTemplate":"https:\/\/gorica.info\/?s={search_term_string}"},"query-input":{"@type":"PropertyValueSpecification","valueRequired":true,"valueName":"search_term_string"}}],"inLanguage":"en-US"},{"@type":["Organization","Place","NewsMediaOrganization"],"@id":"https:\/\/gorica.info\/#organization","name":"Gorica Info","url":"https:\/\/gorica.info\/","logo":{"@id":"https:\/\/gorica.info\/vikend-iz-snova-za-hnk-goricu-nakon-sjajnog-uspjeha-prve-momcadi-i-zenska-ekipa-gorice-plasirala-se-u-prvu-ligu\/#local-main-organization-logo"},"image":{"@id":"https:\/\/gorica.info\/vikend-iz-snova-za-hnk-goricu-nakon-sjajnog-uspjeha-prve-momcadi-i-zenska-ekipa-gorice-plasirala-se-u-prvu-ligu\/#local-main-organization-logo"},"sameAs":["https:\/\/www.facebook.com\/Goricainfo-106005144489262","https:\/\/x.com\/GoricaInfo","https:\/\/www.instagram.com\/gorica.info\/"],"address":{"@id":"https:\/\/gorica.info\/vikend-iz-snova-za-hnk-goricu-nakon-sjajnog-uspjeha-prve-momcadi-i-zenska-ekipa-gorice-plasirala-se-u-prvu-ligu\/#local-main-place-address"},"telephone":[],"openingHoursSpecification":[{"@type":"OpeningHoursSpecification","dayOfWeek":["Monday","Tuesday","Wednesday","Thursday","Friday","Saturday","Sunday"],"opens":"09:00","closes":"17:00"}],"email":"redakcija@gorica.info"},{"@type":"Person","@id":"https:\/\/gorica.info\/#\/schema\/person\/4499af1f22f322670b9b5977ccc2e3de","name":"Gorica. info","description":"Gorica.info je lokalni portal koji prati Veliku Goricu i okolici, svakodnevno donosi najnovije vijesti i pri\u010de, kulturna doga\u0111anja i aktualnosti koje oblikuju \u017eivot gra\u0111ana.","url":"https:\/\/gorica.info\/en\/author\/gorica-info\/"},{"@type":"PostalAddress","@id":"https:\/\/gorica.info\/vikend-iz-snova-za-hnk-goricu-nakon-sjajnog-uspjeha-prve-momcadi-i-zenska-ekipa-gorice-plasirala-se-u-prvu-ligu\/#local-main-place-address","streetAddress":"Horvatova 97","addressLocality":"Velika Gorica","postalCode":"10410","addressRegion":"Croatia","addressCountry":"HR"},{"@type":"ImageObject","inLanguage":"en-US","@id":"https:\/\/gorica.info\/vikend-iz-snova-za-hnk-goricu-nakon-sjajnog-uspjeha-prve-momcadi-i-zenska-ekipa-gorice-plasirala-se-u-prvu-ligu\/#local-main-organization-logo","url":"https:\/\/gorica.info\/wp-content\/uploads\/2024\/07\/Gorica-Info-Logo-mali.png","contentUrl":"https:\/\/gorica.info\/wp-content\/uploads\/2024\/07\/Gorica-Info-Logo-mali.png","width":450,"height":85,"caption":"Gorica Info"}]},"geo.placename":"Velika Gorica","geo.region":"Croatia"},"_links":{"self":[{"href":"https:\/\/gorica.info\/en\/wp-json\/wp\/v2\/posts\/48870","targetHints":{"allow":["GET"]}}],"collection":[{"href":"https:\/\/gorica.info\/en\/wp-json\/wp\/v2\/posts"}],"about":[{"href":"https:\/\/gorica.info\/en\/wp-json\/wp\/v2\/types\/post"}],"author":[{"embeddable":true,"href":"https:\/\/gorica.info\/en\/wp-json\/wp\/v2\/users\/23"}],"replies":[{"embeddable":true,"href":"https:\/\/gorica.info\/en\/wp-json\/wp\/v2\/comments?post=48870"}],"version-history":[{"count":0,"href":"https:\/\/gorica.info\/en\/wp-json\/wp\/v2\/posts\/48870\/revisions"}],"wp:featuredmedia":[{"embeddable":true,"href":"https:\/\/gorica.info\/en\/wp-json\/wp\/v2\/media\/48871"}],"wp:attachment":[{"href":"https:\/\/gorica.info\/en\/wp-json\/wp\/v2\/media?parent=48870"}],"wp:term":[{"taxonomy":"category","embeddable":true,"href":"https:\/\/gorica.info\/en\/wp-json\/wp\/v2\/categories?post=48870"},{"taxonomy":"post_tag","embeddable":true,"href":"https:\/\/gorica.info\/en\/wp-json\/wp\/v2\/tags?post=48870"}],"curies":[{"name":"wp","href":"https:\/\/api.w.org\/{rel}","templated":true}]}}