{"id":49112,"date":"2023-05-26T11:06:14","date_gmt":"2023-05-26T09:06:14","guid":{"rendered":"https:\/\/gorica.info\/?p=49112"},"modified":"2023-05-26T11:06:14","modified_gmt":"2023-05-26T09:06:14","slug":"vijece-gc-hrvatski-velikani-ima-novo-vodstvo-ivana-mlinar-podnijela-ostavku-novi-predsjednik-je-kresimir-safranko","status":"publish","type":"post","link":"https:\/\/gorica.info\/en\/vijece-gc-hrvatski-velikani-ima-novo-vodstvo-ivana-mlinar-podnijela-ostavku-novi-predsjednik-je-kresimir-safranko\/","title":{"rendered":"Vije\u0107e G\u010c Hrvatski velikani ima novo vodstvo: Ivana Mlinar podnijela ostavku, novi predsjednik je Kre\u0161imir \u0160afranko"},"content":{"rendered":"<p><strong>Vije\u0107e gradske \u010detvrti Hrvatski velikani<\/strong> ima novog predsjednika. Dosada\u0161nja predsjednica<strong> Ivana Mlinar (SDP)<\/strong> podnijela je neopozivu ostavku, a mandat predsjednice prepustila je <strong>Kre\u0161imiru \u0160afranku<\/strong> (SDP).<\/p>\n<p>Na sjednici Vije\u0107a odr\u017eanoj u \u010detvrtak, kandidaturu za predsjednika podnio je i<a href=\"https:\/\/gorica.info\/en\/2022\/10\/20\/smjena-u-vijecu-gc-hrvatski-velikani-zoran-lovric-podnio-ostavku-nova-predsjednica-ivana-mlinar\/\"> <strong>Ivan Godini\u0107<\/strong><\/a>. \u010clanovi Vije\u0107a su glasali, a Kre\u0161imir \u0160afranko je dobio sedam glasova i postao novi predsjednik.<\/p>\n<p>Za potpredsjednika izabran je <strong>Boris Mu\u017eek<\/strong> (HDZ), tajnik je <strong>Svetislav Debija\u0111i<\/strong>, a blagajnika <strong>Vladimir Markov<\/strong>.<\/p>\n<p>Podsjetimo, Ivana Mlinar postala je predsjednica Vije\u0107a nakon \u0161to je u listopadu 2022. <strong>Zoran Lovri\u0107<\/strong> (Most) podnio ostavku.<\/p>\n<p>U\u00a0<strong>Hrvatskim velikanima <\/strong>na zadnjim lokalnim izborima pobijedila je lista SDP-a, dobiv\u0161i \u010detiri vije\u0107ni\u010dka mjesta, a toliko je, bez obzira na ne\u0161to manji broj glasova, dobila i lista HDZ-a. Tri je osvojio Most s partnerima. I postizborni dogovori su zavr\u0161ili odlukom da na \u010delo te gradske \u010detvrti do\u0111e Mostovac Zoran Lovri\u0107. Most je tada dogovorio suradnju sa SDP-om.<\/p>\n<p>Sada su se stvari potpuno promijenile, SDP je sklopio dogovor s HDZ-om.<\/p>\n<p><a href=\"https:\/\/www.facebook.com\/HrvatskivelikaniGorica\">Vije\u0107e<\/a> je tako\u0111er jednoglasno donijelo odluku da se budu\u0107i <strong>park za pse<\/strong> izgradi uz obilaznicu na nekoj od gradskih parcela.<\/p>\n<p>&nbsp;<\/p>","protected":false},"excerpt":{"rendered":"<p>Vije\u0107e gradske \u010detvrti Hrvatski velikani ima novog predsjednika. Dosada\u0161nja predsjednica Ivana Mlinar (SDP) podnijela je neopozivu ostavku, a mandat predsjednice prepustila je Kre\u0161imiru \u0160afranku (SDP). Na sjednici Vije\u0107a odr\u017eanoj u \u010detvrtak, kandidaturu za predsjednika podnio je i Ivan Godini\u0107. \u010clanovi Vije\u0107a su glasali, a Kre\u0161imir \u0160afranko je dobio sedam glasova i postao novi predsjednik. Za [&hellip;]<\/p>\n","protected":false},"author":23,"featured_media":49113,"comment_status":"open","ping_status":"open","sticky":false,"template":"","format":"standard","meta":{"limit_modified_date":"","last_modified_date":"","jnews-multi-image_gallery":[],"jnews_single_post":[],"jnews_primary_category":[],"jnews_override_counter":[],"footnotes":""},"categories":[90],"tags":[2136,10051,6752],"class_list":["post-49112","post","type-post","status-publish","format-standard","has-post-thumbnail","hentry","category-politika","tag-ivana-mlinar","tag-kresimir-safranko","tag-vijece-gradske-cetvrti-hrvatski-velikani"],"yoast_head":"<!-- This site is optimized with the Yoast SEO Premium plugin v27.4 (Yoast SEO v27.4) - https:\/\/yoast.com\/product\/yoast-seo-premium-wordpress\/ -->\n<title>Vije\u0107e G\u010c Hrvatski velikani ima novo vodstvo: Ivana Mlinar podnijela ostavku, novi predsjednik je Kre\u0161imir \u0160afranko - Gorica Info<\/title>\n<meta name=\"description\" content=\"Vije\u0107e G\u010c Hrvatski velikani ima novo vodstvo: Ivana Mlinar podnijela ostavku, novi predsjednik je Kre\u0161imir \u0160afranko\" \/>\n<meta name=\"robots\" content=\"index, follow, max-snippet:-1, max-image-preview:large, max-video-preview:-1\" \/>\n<link rel=\"canonical\" href=\"https:\/\/gorica.info\/en\/vijece-gc-hrvatski-velikani-ima-novo-vodstvo-ivana-mlinar-podnijela-ostavku-novi-predsjednik-je-kresimir-safranko\/\" \/>\n<meta property=\"og:locale\" content=\"en_US\" \/>\n<meta property=\"og:type\" content=\"article\" \/>\n<meta property=\"og:title\" content=\"Vije\u0107e G\u010c Hrvatski velikani ima novo vodstvo: Ivana Mlinar podnijela ostavku, novi predsjednik je Kre\u0161imir \u0160afranko\" \/>\n<meta property=\"og:description\" content=\"Vije\u0107e G\u010c Hrvatski velikani ima novo vodstvo: Ivana Mlinar podnijela ostavku, novi predsjednik je Kre\u0161imir \u0160afranko\" \/>\n<meta property=\"og:url\" content=\"https:\/\/gorica.info\/en\/vijece-gc-hrvatski-velikani-ima-novo-vodstvo-ivana-mlinar-podnijela-ostavku-novi-predsjednik-je-kresimir-safranko\/\" \/>\n<meta property=\"og:site_name\" content=\"Gorica Info\" \/>\n<meta property=\"article:publisher\" content=\"https:\/\/www.facebook.com\/Goricainfo-106005144489262\" \/>\n<meta property=\"article:published_time\" content=\"2023-05-26T09:06:14+00:00\" \/>\n<meta property=\"og:image\" content=\"https:\/\/gorica.info\/wp-content\/uploads\/2023\/05\/vgc-svih-11_Fotor.jpg\" \/>\n\t<meta property=\"og:image:width\" content=\"1009\" \/>\n\t<meta property=\"og:image:height\" content=\"800\" \/>\n\t<meta property=\"og:image:type\" content=\"image\/jpeg\" \/>\n<meta name=\"author\" content=\"Gorica. info\" \/>\n<meta name=\"twitter:card\" content=\"summary_large_image\" \/>\n<meta name=\"twitter:creator\" content=\"@GoricaInfo\" \/>\n<meta name=\"twitter:site\" content=\"@GoricaInfo\" \/>\n<meta name=\"twitter:label1\" content=\"Written by\" \/>\n\t<meta name=\"twitter:data1\" content=\"Gorica. info\" \/>\n\t<meta name=\"twitter:label2\" content=\"Est. reading time\" \/>\n\t<meta name=\"twitter:data2\" content=\"1 minute\" \/>\n<meta name=\"geo.placename\" content=\"Velika Gorica\" \/>\n<meta name=\"geo.region\" content=\"Croatia\" \/>\n<!-- \/ Yoast SEO Premium plugin. -->","yoast_head_json":{"title":"Vije\u0107e G\u010c Hrvatski velikani ima novo vodstvo: Ivana Mlinar podnijela ostavku, novi predsjednik je Kre\u0161imir \u0160afranko - Gorica Info","description":"Vije\u0107e G\u010c Hrvatski velikani ima novo vodstvo: Ivana Mlinar podnijela ostavku, novi predsjednik je Kre\u0161imir \u0160afranko","robots":{"index":"index","follow":"follow","max-snippet":"max-snippet:-1","max-image-preview":"max-image-preview:large","max-video-preview":"max-video-preview:-1"},"canonical":"https:\/\/gorica.info\/en\/vijece-gc-hrvatski-velikani-ima-novo-vodstvo-ivana-mlinar-podnijela-ostavku-novi-predsjednik-je-kresimir-safranko\/","og_locale":"en_US","og_type":"article","og_title":"Vije\u0107e G\u010c Hrvatski velikani ima novo vodstvo: Ivana Mlinar podnijela ostavku, novi predsjednik je Kre\u0161imir \u0160afranko","og_description":"Vije\u0107e G\u010c Hrvatski velikani ima novo vodstvo: Ivana Mlinar podnijela ostavku, novi predsjednik je Kre\u0161imir \u0160afranko","og_url":"https:\/\/gorica.info\/en\/vijece-gc-hrvatski-velikani-ima-novo-vodstvo-ivana-mlinar-podnijela-ostavku-novi-predsjednik-je-kresimir-safranko\/","og_site_name":"Gorica Info","article_publisher":"https:\/\/www.facebook.com\/Goricainfo-106005144489262","article_published_time":"2023-05-26T09:06:14+00:00","og_image":[{"width":1009,"height":800,"url":"https:\/\/gorica.info\/wp-content\/uploads\/2023\/05\/vgc-svih-11_Fotor.jpg","type":"image\/jpeg"}],"author":"Gorica. info","twitter_card":"summary_large_image","twitter_creator":"@GoricaInfo","twitter_site":"@GoricaInfo","twitter_misc":{"Written by":"Gorica. info","Est. reading time":"1 minute"},"schema":{"@context":"https:\/\/schema.org","@graph":[{"@type":"NewsArticle","@id":"https:\/\/gorica.info\/vijece-gc-hrvatski-velikani-ima-novo-vodstvo-ivana-mlinar-podnijela-ostavku-novi-predsjednik-je-kresimir-safranko\/#article","isPartOf":{"@id":"https:\/\/gorica.info\/vijece-gc-hrvatski-velikani-ima-novo-vodstvo-ivana-mlinar-podnijela-ostavku-novi-predsjednik-je-kresimir-safranko\/"},"author":{"name":"Gorica. info","@id":"https:\/\/gorica.info\/#\/schema\/person\/4499af1f22f322670b9b5977ccc2e3de"},"headline":"Vije\u0107e G\u010c Hrvatski velikani ima novo vodstvo: Ivana Mlinar podnijela ostavku, novi predsjednik je Kre\u0161imir \u0160afranko","datePublished":"2023-05-26T09:06:14+00:00","mainEntityOfPage":{"@id":"https:\/\/gorica.info\/vijece-gc-hrvatski-velikani-ima-novo-vodstvo-ivana-mlinar-podnijela-ostavku-novi-predsjednik-je-kresimir-safranko\/"},"wordCount":214,"commentCount":0,"publisher":{"@id":"https:\/\/gorica.info\/#organization"},"image":{"@id":"https:\/\/gorica.info\/vijece-gc-hrvatski-velikani-ima-novo-vodstvo-ivana-mlinar-podnijela-ostavku-novi-predsjednik-je-kresimir-safranko\/#primaryimage"},"thumbnailUrl":"https:\/\/gorica.info\/wp-content\/uploads\/2023\/05\/vgc-svih-11_Fotor.jpg","keywords":["ivana mlinar","kre\u0161imir \u0161afranko","vije\u0107e gradske \u010detvrti hrvatski velikani"],"articleSection":["POLITIKA"],"inLanguage":"en-US","potentialAction":[{"@type":"CommentAction","name":"Comment","target":["https:\/\/gorica.info\/vijece-gc-hrvatski-velikani-ima-novo-vodstvo-ivana-mlinar-podnijela-ostavku-novi-predsjednik-je-kresimir-safranko\/#respond"]}],"copyrightYear":"2023","copyrightHolder":{"@id":"https:\/\/gorica.info\/en\/#organization"}},{"@type":"WebPage","@id":"https:\/\/gorica.info\/vijece-gc-hrvatski-velikani-ima-novo-vodstvo-ivana-mlinar-podnijela-ostavku-novi-predsjednik-je-kresimir-safranko\/","url":"https:\/\/gorica.info\/vijece-gc-hrvatski-velikani-ima-novo-vodstvo-ivana-mlinar-podnijela-ostavku-novi-predsjednik-je-kresimir-safranko\/","name":"Vije\u0107e G\u010c Hrvatski velikani ima novo vodstvo: Ivana Mlinar podnijela ostavku, novi predsjednik je Kre\u0161imir \u0160afranko - Gorica Info","isPartOf":{"@id":"https:\/\/gorica.info\/#website"},"primaryImageOfPage":{"@id":"https:\/\/gorica.info\/vijece-gc-hrvatski-velikani-ima-novo-vodstvo-ivana-mlinar-podnijela-ostavku-novi-predsjednik-je-kresimir-safranko\/#primaryimage"},"image":{"@id":"https:\/\/gorica.info\/vijece-gc-hrvatski-velikani-ima-novo-vodstvo-ivana-mlinar-podnijela-ostavku-novi-predsjednik-je-kresimir-safranko\/#primaryimage"},"thumbnailUrl":"https:\/\/gorica.info\/wp-content\/uploads\/2023\/05\/vgc-svih-11_Fotor.jpg","datePublished":"2023-05-26T09:06:14+00:00","description":"Vije\u0107e G\u010c Hrvatski velikani ima novo vodstvo: Ivana Mlinar podnijela ostavku, novi predsjednik je Kre\u0161imir \u0160afranko","breadcrumb":{"@id":"https:\/\/gorica.info\/vijece-gc-hrvatski-velikani-ima-novo-vodstvo-ivana-mlinar-podnijela-ostavku-novi-predsjednik-je-kresimir-safranko\/#breadcrumb"},"inLanguage":"en-US","potentialAction":[{"@type":"ReadAction","target":["https:\/\/gorica.info\/vijece-gc-hrvatski-velikani-ima-novo-vodstvo-ivana-mlinar-podnijela-ostavku-novi-predsjednik-je-kresimir-safranko\/"]}]},{"@type":"ImageObject","inLanguage":"en-US","@id":"https:\/\/gorica.info\/vijece-gc-hrvatski-velikani-ima-novo-vodstvo-ivana-mlinar-podnijela-ostavku-novi-predsjednik-je-kresimir-safranko\/#primaryimage","url":"https:\/\/gorica.info\/wp-content\/uploads\/2023\/05\/vgc-svih-11_Fotor.jpg","contentUrl":"https:\/\/gorica.info\/wp-content\/uploads\/2023\/05\/vgc-svih-11_Fotor.jpg","width":1009,"height":800,"caption":"\u0161afranko"},{"@type":"BreadcrumbList","@id":"https:\/\/gorica.info\/vijece-gc-hrvatski-velikani-ima-novo-vodstvo-ivana-mlinar-podnijela-ostavku-novi-predsjednik-je-kresimir-safranko\/#breadcrumb","itemListElement":[{"@type":"ListItem","position":1,"name":"Po\u010detna stranica","item":"https:\/\/gorica.info\/"},{"@type":"ListItem","position":2,"name":"Vije\u0107e G\u010c Hrvatski velikani ima novo vodstvo: Ivana Mlinar podnijela ostavku, novi predsjednik je Kre\u0161imir \u0160afranko"}]},{"@type":"WebSite","@id":"https:\/\/gorica.info\/#website","url":"https:\/\/gorica.info\/","name":"Gorica Info","description":"Vijesti iz Velike Gorice i okolice.","publisher":{"@id":"https:\/\/gorica.info\/#organization"},"potentialAction":[{"@type":"SearchAction","target":{"@type":"EntryPoint","urlTemplate":"https:\/\/gorica.info\/?s={search_term_string}"},"query-input":{"@type":"PropertyValueSpecification","valueRequired":true,"valueName":"search_term_string"}}],"inLanguage":"en-US"},{"@type":["Organization","Place","NewsMediaOrganization"],"@id":"https:\/\/gorica.info\/#organization","name":"Gorica Info","url":"https:\/\/gorica.info\/","logo":{"@id":"https:\/\/gorica.info\/vijece-gc-hrvatski-velikani-ima-novo-vodstvo-ivana-mlinar-podnijela-ostavku-novi-predsjednik-je-kresimir-safranko\/#local-main-organization-logo"},"image":{"@id":"https:\/\/gorica.info\/vijece-gc-hrvatski-velikani-ima-novo-vodstvo-ivana-mlinar-podnijela-ostavku-novi-predsjednik-je-kresimir-safranko\/#local-main-organization-logo"},"sameAs":["https:\/\/www.facebook.com\/Goricainfo-106005144489262","https:\/\/x.com\/GoricaInfo","https:\/\/www.instagram.com\/gorica.info\/"],"address":{"@id":"https:\/\/gorica.info\/vijece-gc-hrvatski-velikani-ima-novo-vodstvo-ivana-mlinar-podnijela-ostavku-novi-predsjednik-je-kresimir-safranko\/#local-main-place-address"},"telephone":[],"openingHoursSpecification":[{"@type":"OpeningHoursSpecification","dayOfWeek":["Monday","Tuesday","Wednesday","Thursday","Friday","Saturday","Sunday"],"opens":"09:00","closes":"17:00"}],"email":"redakcija@gorica.info"},{"@type":"Person","@id":"https:\/\/gorica.info\/#\/schema\/person\/4499af1f22f322670b9b5977ccc2e3de","name":"Gorica. info","description":"Gorica.info je lokalni portal koji prati Veliku Goricu i okolici, svakodnevno donosi najnovije vijesti i pri\u010de, kulturna doga\u0111anja i aktualnosti koje oblikuju \u017eivot gra\u0111ana.","url":"https:\/\/gorica.info\/en\/author\/gorica-info\/"},{"@type":"PostalAddress","@id":"https:\/\/gorica.info\/vijece-gc-hrvatski-velikani-ima-novo-vodstvo-ivana-mlinar-podnijela-ostavku-novi-predsjednik-je-kresimir-safranko\/#local-main-place-address","streetAddress":"Horvatova 97","addressLocality":"Velika Gorica","postalCode":"10410","addressRegion":"Croatia","addressCountry":"HR"},{"@type":"ImageObject","inLanguage":"en-US","@id":"https:\/\/gorica.info\/vijece-gc-hrvatski-velikani-ima-novo-vodstvo-ivana-mlinar-podnijela-ostavku-novi-predsjednik-je-kresimir-safranko\/#local-main-organization-logo","url":"https:\/\/gorica.info\/wp-content\/uploads\/2024\/07\/Gorica-Info-Logo-mali.png","contentUrl":"https:\/\/gorica.info\/wp-content\/uploads\/2024\/07\/Gorica-Info-Logo-mali.png","width":450,"height":85,"caption":"Gorica Info"}]},"geo.placename":"Velika Gorica","geo.region":"Croatia"},"_links":{"self":[{"href":"https:\/\/gorica.info\/en\/wp-json\/wp\/v2\/posts\/49112","targetHints":{"allow":["GET"]}}],"collection":[{"href":"https:\/\/gorica.info\/en\/wp-json\/wp\/v2\/posts"}],"about":[{"href":"https:\/\/gorica.info\/en\/wp-json\/wp\/v2\/types\/post"}],"author":[{"embeddable":true,"href":"https:\/\/gorica.info\/en\/wp-json\/wp\/v2\/users\/23"}],"replies":[{"embeddable":true,"href":"https:\/\/gorica.info\/en\/wp-json\/wp\/v2\/comments?post=49112"}],"version-history":[{"count":0,"href":"https:\/\/gorica.info\/en\/wp-json\/wp\/v2\/posts\/49112\/revisions"}],"wp:featuredmedia":[{"embeddable":true,"href":"https:\/\/gorica.info\/en\/wp-json\/wp\/v2\/media\/49113"}],"wp:attachment":[{"href":"https:\/\/gorica.info\/en\/wp-json\/wp\/v2\/media?parent=49112"}],"wp:term":[{"taxonomy":"category","embeddable":true,"href":"https:\/\/gorica.info\/en\/wp-json\/wp\/v2\/categories?post=49112"},{"taxonomy":"post_tag","embeddable":true,"href":"https:\/\/gorica.info\/en\/wp-json\/wp\/v2\/tags?post=49112"}],"curies":[{"name":"wp","href":"https:\/\/api.w.org\/{rel}","templated":true}]}}