{"id":49270,"date":"2023-05-29T16:18:25","date_gmt":"2023-05-29T14:18:25","guid":{"rendered":"https:\/\/gorica.info\/?p=49270"},"modified":"2023-05-29T16:18:25","modified_gmt":"2023-05-29T14:18:25","slug":"neispravne-elektricne-instalacije-izazvale-pozar-pecenjare-muskarac-se-nagutao-dima-i-zavrsio-u-bolnici","status":"publish","type":"post","link":"https:\/\/gorica.info\/en\/neispravne-elektricne-instalacije-izazvale-pozar-pecenjare-muskarac-se-nagutao-dima-i-zavrsio-u-bolnici\/","title":{"rendered":"Neispravne elektri\u010dne instalacije izazvale po\u017ear pe\u010denjare: Mu\u0161karac se nagutao dima i zavr\u0161io u bolnici"},"content":{"rendered":"<p><strong>Po\u017ear sjenice<\/strong> u <strong>Mi\u010devcu<\/strong>, koja je slu\u017eila i kao <strong>pe\u010denjera<\/strong>, najvjerojatnije su izazvale<strong> neispravne elektri\u010dne instalacije<\/strong> na fri\u017eideru.\u00a0Utvrdila je to <a href=\"https:\/\/zagrebacka-policija.gov.hr\/vijesti\/pozar-sjenice-nadopuna-informacije-od-28-svibnja\/94246\">policija<\/a> nakon obavljenog o\u010devida.<\/p>\n<p><a href=\"https:\/\/gorica.info\/en\/2023\/05\/25\/muskarac-zaspao-s-cigaretom-i-izazvao-pozar-zadobio-je-teske-ozljede-od-kojih-je-preminuo-u-bolnici\/\">Po\u017ear<\/a> na sjenici u vlasni\u0161tvu 60-godi\u0161njakinje izbio je u no\u0107i sa subote na nedjelje te je nagorjelo <strong>drveno krovi\u0161te<\/strong>.<\/p>\n<p>Zbog <strong>udisanja dima<\/strong> lije\u010dni\u010dka pomo\u0107 pru\u017eena je <strong>37-godi\u0161njem \u010dlanu obitelji<\/strong>. Mu\u0161karac je prevezen u Klini\u010dki bolni\u010dki centar Zagreb.<\/p>\n<p>Materijalna \u0161teta iznosi oko <strong>1500 eura<\/strong>.<\/p>","protected":false},"excerpt":{"rendered":"<p>Po\u017ear sjenice u Mi\u010devcu, koja je slu\u017eila i kao pe\u010denjera, najvjerojatnije su izazvale neispravne elektri\u010dne instalacije na fri\u017eideru.\u00a0Utvrdila je to policija nakon obavljenog o\u010devida. Po\u017ear na sjenici u vlasni\u0161tvu 60-godi\u0161njakinje izbio je u no\u0107i sa subote na nedjelje te je nagorjelo drveno krovi\u0161te. Zbog udisanja dima lije\u010dni\u010dka pomo\u0107 pru\u017eena je 37-godi\u0161njem \u010dlanu obitelji. Mu\u0161karac je [&hellip;]<\/p>\n","protected":false},"author":23,"featured_media":49271,"comment_status":"open","ping_status":"open","sticky":false,"template":"","format":"standard","meta":{"limit_modified_date":"","last_modified_date":"","jnews-multi-image_gallery":[],"jnews_single_post":[],"jnews_primary_category":[],"jnews_override_counter":[],"footnotes":""},"categories":[96],"tags":[10081,6961,518,10082,1017,10083,345,10084],"class_list":["post-49270","post","type-post","status-publish","format-standard","has-post-thumbnail","hentry","category-vijesti","tag-elektricne-instalacije","tag-micevec","tag-muskarac","tag-nagutao-dima","tag-ocevid","tag-pecenjara","tag-pozar","tag-sjenica"],"yoast_head":"<!-- This site is optimized with the Yoast SEO Premium plugin v27.4 (Yoast SEO v27.4) - https:\/\/yoast.com\/product\/yoast-seo-premium-wordpress\/ -->\n<title>Neispravne elektri\u010dne instalacije izazvale po\u017ear pe\u010denjare: Mu\u0161karac se nagutao dima i zavr\u0161io u bolnici - Gorica Info<\/title>\n<meta name=\"description\" content=\"Neispravne elektri\u010dne instalacije izazvale po\u017ear pe\u010denjare u Mi\u010devcu: Mu\u0161karac se nagutao dima i zavr\u0161io u bolnici.\" \/>\n<meta name=\"robots\" content=\"index, follow, max-snippet:-1, max-image-preview:large, max-video-preview:-1\" \/>\n<link rel=\"canonical\" href=\"https:\/\/gorica.info\/en\/neispravne-elektricne-instalacije-izazvale-pozar-pecenjare-muskarac-se-nagutao-dima-i-zavrsio-u-bolnici\/\" \/>\n<meta property=\"og:locale\" content=\"en_US\" \/>\n<meta property=\"og:type\" content=\"article\" \/>\n<meta property=\"og:title\" content=\"Neispravne elektri\u010dne instalacije izazvale po\u017ear pe\u010denjare: Mu\u0161karac se nagutao dima i zavr\u0161io u bolnici\" \/>\n<meta property=\"og:description\" content=\"Neispravne elektri\u010dne instalacije izazvale po\u017ear pe\u010denjare u Mi\u010devcu: Mu\u0161karac se nagutao dima i zavr\u0161io u bolnici.\" \/>\n<meta property=\"og:url\" content=\"https:\/\/gorica.info\/en\/neispravne-elektricne-instalacije-izazvale-pozar-pecenjare-muskarac-se-nagutao-dima-i-zavrsio-u-bolnici\/\" \/>\n<meta property=\"og:site_name\" content=\"Gorica Info\" \/>\n<meta property=\"article:publisher\" content=\"https:\/\/www.facebook.com\/Goricainfo-106005144489262\" \/>\n<meta property=\"article:published_time\" content=\"2023-05-29T14:18:25+00:00\" \/>\n<meta property=\"og:image\" content=\"https:\/\/gorica.info\/wp-content\/uploads\/2023\/05\/hitna-pomoc-vg2023.jpg\" \/>\n\t<meta property=\"og:image:width\" content=\"1070\" \/>\n\t<meta property=\"og:image:height\" content=\"800\" \/>\n\t<meta property=\"og:image:type\" content=\"image\/jpeg\" \/>\n<meta name=\"author\" content=\"Gorica. info\" \/>\n<meta name=\"twitter:card\" content=\"summary_large_image\" \/>\n<meta name=\"twitter:creator\" content=\"@GoricaInfo\" \/>\n<meta name=\"twitter:site\" content=\"@GoricaInfo\" \/>\n<meta name=\"twitter:label1\" content=\"Written by\" \/>\n\t<meta name=\"twitter:data1\" content=\"Gorica. info\" \/>\n\t<meta name=\"twitter:label2\" content=\"Est. reading time\" \/>\n\t<meta name=\"twitter:data2\" content=\"1 minute\" \/>\n<meta name=\"geo.placename\" content=\"Velika Gorica\" \/>\n<meta name=\"geo.region\" content=\"Croatia\" \/>\n<!-- \/ Yoast SEO Premium plugin. -->","yoast_head_json":{"title":"Neispravne elektri\u010dne instalacije izazvale po\u017ear pe\u010denjare: Mu\u0161karac se nagutao dima i zavr\u0161io u bolnici - Gorica Info","description":"Neispravne elektri\u010dne instalacije izazvale po\u017ear pe\u010denjare u Mi\u010devcu: Mu\u0161karac se nagutao dima i zavr\u0161io u bolnici.","robots":{"index":"index","follow":"follow","max-snippet":"max-snippet:-1","max-image-preview":"max-image-preview:large","max-video-preview":"max-video-preview:-1"},"canonical":"https:\/\/gorica.info\/en\/neispravne-elektricne-instalacije-izazvale-pozar-pecenjare-muskarac-se-nagutao-dima-i-zavrsio-u-bolnici\/","og_locale":"en_US","og_type":"article","og_title":"Neispravne elektri\u010dne instalacije izazvale po\u017ear pe\u010denjare: Mu\u0161karac se nagutao dima i zavr\u0161io u bolnici","og_description":"Neispravne elektri\u010dne instalacije izazvale po\u017ear pe\u010denjare u Mi\u010devcu: Mu\u0161karac se nagutao dima i zavr\u0161io u bolnici.","og_url":"https:\/\/gorica.info\/en\/neispravne-elektricne-instalacije-izazvale-pozar-pecenjare-muskarac-se-nagutao-dima-i-zavrsio-u-bolnici\/","og_site_name":"Gorica Info","article_publisher":"https:\/\/www.facebook.com\/Goricainfo-106005144489262","article_published_time":"2023-05-29T14:18:25+00:00","og_image":[{"width":1070,"height":800,"url":"https:\/\/gorica.info\/wp-content\/uploads\/2023\/05\/hitna-pomoc-vg2023.jpg","type":"image\/jpeg"}],"author":"Gorica. info","twitter_card":"summary_large_image","twitter_creator":"@GoricaInfo","twitter_site":"@GoricaInfo","twitter_misc":{"Written by":"Gorica. info","Est. reading time":"1 minute"},"schema":{"@context":"https:\/\/schema.org","@graph":[{"@type":"NewsArticle","@id":"https:\/\/gorica.info\/neispravne-elektricne-instalacije-izazvale-pozar-pecenjare-muskarac-se-nagutao-dima-i-zavrsio-u-bolnici\/#article","isPartOf":{"@id":"https:\/\/gorica.info\/neispravne-elektricne-instalacije-izazvale-pozar-pecenjare-muskarac-se-nagutao-dima-i-zavrsio-u-bolnici\/"},"author":{"name":"Gorica. info","@id":"https:\/\/gorica.info\/#\/schema\/person\/4499af1f22f322670b9b5977ccc2e3de"},"headline":"Neispravne elektri\u010dne instalacije izazvale po\u017ear pe\u010denjare: Mu\u0161karac se nagutao dima i zavr\u0161io u bolnici","datePublished":"2023-05-29T14:18:25+00:00","mainEntityOfPage":{"@id":"https:\/\/gorica.info\/neispravne-elektricne-instalacije-izazvale-pozar-pecenjare-muskarac-se-nagutao-dima-i-zavrsio-u-bolnici\/"},"wordCount":105,"commentCount":0,"publisher":{"@id":"https:\/\/gorica.info\/#organization"},"image":{"@id":"https:\/\/gorica.info\/neispravne-elektricne-instalacije-izazvale-pozar-pecenjare-muskarac-se-nagutao-dima-i-zavrsio-u-bolnici\/#primaryimage"},"thumbnailUrl":"https:\/\/gorica.info\/wp-content\/uploads\/2023\/05\/hitna-pomoc-vg2023.jpg","keywords":["elektri\u010dne instalacije","mi\u010devec","mu\u0161karac","nagutao dima","o\u010devid","pe\u010denjara","po\u017ear","sjenica"],"articleSection":["VIJESTI"],"inLanguage":"en-US","potentialAction":[{"@type":"CommentAction","name":"Comment","target":["https:\/\/gorica.info\/neispravne-elektricne-instalacije-izazvale-pozar-pecenjare-muskarac-se-nagutao-dima-i-zavrsio-u-bolnici\/#respond"]}],"copyrightYear":"2023","copyrightHolder":{"@id":"https:\/\/gorica.info\/en\/#organization"}},{"@type":"WebPage","@id":"https:\/\/gorica.info\/neispravne-elektricne-instalacije-izazvale-pozar-pecenjare-muskarac-se-nagutao-dima-i-zavrsio-u-bolnici\/","url":"https:\/\/gorica.info\/neispravne-elektricne-instalacije-izazvale-pozar-pecenjare-muskarac-se-nagutao-dima-i-zavrsio-u-bolnici\/","name":"Neispravne elektri\u010dne instalacije izazvale po\u017ear pe\u010denjare: Mu\u0161karac se nagutao dima i zavr\u0161io u bolnici - Gorica Info","isPartOf":{"@id":"https:\/\/gorica.info\/#website"},"primaryImageOfPage":{"@id":"https:\/\/gorica.info\/neispravne-elektricne-instalacije-izazvale-pozar-pecenjare-muskarac-se-nagutao-dima-i-zavrsio-u-bolnici\/#primaryimage"},"image":{"@id":"https:\/\/gorica.info\/neispravne-elektricne-instalacije-izazvale-pozar-pecenjare-muskarac-se-nagutao-dima-i-zavrsio-u-bolnici\/#primaryimage"},"thumbnailUrl":"https:\/\/gorica.info\/wp-content\/uploads\/2023\/05\/hitna-pomoc-vg2023.jpg","datePublished":"2023-05-29T14:18:25+00:00","description":"Neispravne elektri\u010dne instalacije izazvale po\u017ear pe\u010denjare u Mi\u010devcu: Mu\u0161karac se nagutao dima i zavr\u0161io u bolnici.","breadcrumb":{"@id":"https:\/\/gorica.info\/neispravne-elektricne-instalacije-izazvale-pozar-pecenjare-muskarac-se-nagutao-dima-i-zavrsio-u-bolnici\/#breadcrumb"},"inLanguage":"en-US","potentialAction":[{"@type":"ReadAction","target":["https:\/\/gorica.info\/neispravne-elektricne-instalacije-izazvale-pozar-pecenjare-muskarac-se-nagutao-dima-i-zavrsio-u-bolnici\/"]}]},{"@type":"ImageObject","inLanguage":"en-US","@id":"https:\/\/gorica.info\/neispravne-elektricne-instalacije-izazvale-pozar-pecenjare-muskarac-se-nagutao-dima-i-zavrsio-u-bolnici\/#primaryimage","url":"https:\/\/gorica.info\/wp-content\/uploads\/2023\/05\/hitna-pomoc-vg2023.jpg","contentUrl":"https:\/\/gorica.info\/wp-content\/uploads\/2023\/05\/hitna-pomoc-vg2023.jpg","width":1070,"height":800,"caption":"Foto: Gorica.info"},{"@type":"BreadcrumbList","@id":"https:\/\/gorica.info\/neispravne-elektricne-instalacije-izazvale-pozar-pecenjare-muskarac-se-nagutao-dima-i-zavrsio-u-bolnici\/#breadcrumb","itemListElement":[{"@type":"ListItem","position":1,"name":"Po\u010detna stranica","item":"https:\/\/gorica.info\/"},{"@type":"ListItem","position":2,"name":"Neispravne elektri\u010dne instalacije izazvale po\u017ear pe\u010denjare: Mu\u0161karac se nagutao dima i zavr\u0161io u bolnici"}]},{"@type":"WebSite","@id":"https:\/\/gorica.info\/#website","url":"https:\/\/gorica.info\/","name":"Gorica Info","description":"Vijesti iz Velike Gorice i okolice.","publisher":{"@id":"https:\/\/gorica.info\/#organization"},"potentialAction":[{"@type":"SearchAction","target":{"@type":"EntryPoint","urlTemplate":"https:\/\/gorica.info\/?s={search_term_string}"},"query-input":{"@type":"PropertyValueSpecification","valueRequired":true,"valueName":"search_term_string"}}],"inLanguage":"en-US"},{"@type":["Organization","Place","NewsMediaOrganization"],"@id":"https:\/\/gorica.info\/#organization","name":"Gorica Info","url":"https:\/\/gorica.info\/","logo":{"@id":"https:\/\/gorica.info\/neispravne-elektricne-instalacije-izazvale-pozar-pecenjare-muskarac-se-nagutao-dima-i-zavrsio-u-bolnici\/#local-main-organization-logo"},"image":{"@id":"https:\/\/gorica.info\/neispravne-elektricne-instalacije-izazvale-pozar-pecenjare-muskarac-se-nagutao-dima-i-zavrsio-u-bolnici\/#local-main-organization-logo"},"sameAs":["https:\/\/www.facebook.com\/Goricainfo-106005144489262","https:\/\/x.com\/GoricaInfo","https:\/\/www.instagram.com\/gorica.info\/"],"address":{"@id":"https:\/\/gorica.info\/neispravne-elektricne-instalacije-izazvale-pozar-pecenjare-muskarac-se-nagutao-dima-i-zavrsio-u-bolnici\/#local-main-place-address"},"telephone":[],"openingHoursSpecification":[{"@type":"OpeningHoursSpecification","dayOfWeek":["Monday","Tuesday","Wednesday","Thursday","Friday","Saturday","Sunday"],"opens":"09:00","closes":"17:00"}],"email":"redakcija@gorica.info"},{"@type":"Person","@id":"https:\/\/gorica.info\/#\/schema\/person\/4499af1f22f322670b9b5977ccc2e3de","name":"Gorica. info","description":"Gorica.info je lokalni portal koji prati Veliku Goricu i okolici, svakodnevno donosi najnovije vijesti i pri\u010de, kulturna doga\u0111anja i aktualnosti koje oblikuju \u017eivot gra\u0111ana.","url":"https:\/\/gorica.info\/en\/author\/gorica-info\/"},{"@type":"PostalAddress","@id":"https:\/\/gorica.info\/neispravne-elektricne-instalacije-izazvale-pozar-pecenjare-muskarac-se-nagutao-dima-i-zavrsio-u-bolnici\/#local-main-place-address","streetAddress":"Horvatova 97","addressLocality":"Velika Gorica","postalCode":"10410","addressRegion":"Croatia","addressCountry":"HR"},{"@type":"ImageObject","inLanguage":"en-US","@id":"https:\/\/gorica.info\/neispravne-elektricne-instalacije-izazvale-pozar-pecenjare-muskarac-se-nagutao-dima-i-zavrsio-u-bolnici\/#local-main-organization-logo","url":"https:\/\/gorica.info\/wp-content\/uploads\/2024\/07\/Gorica-Info-Logo-mali.png","contentUrl":"https:\/\/gorica.info\/wp-content\/uploads\/2024\/07\/Gorica-Info-Logo-mali.png","width":450,"height":85,"caption":"Gorica Info"}]},"geo.placename":"Velika Gorica","geo.region":"Croatia"},"_links":{"self":[{"href":"https:\/\/gorica.info\/en\/wp-json\/wp\/v2\/posts\/49270","targetHints":{"allow":["GET"]}}],"collection":[{"href":"https:\/\/gorica.info\/en\/wp-json\/wp\/v2\/posts"}],"about":[{"href":"https:\/\/gorica.info\/en\/wp-json\/wp\/v2\/types\/post"}],"author":[{"embeddable":true,"href":"https:\/\/gorica.info\/en\/wp-json\/wp\/v2\/users\/23"}],"replies":[{"embeddable":true,"href":"https:\/\/gorica.info\/en\/wp-json\/wp\/v2\/comments?post=49270"}],"version-history":[{"count":0,"href":"https:\/\/gorica.info\/en\/wp-json\/wp\/v2\/posts\/49270\/revisions"}],"wp:featuredmedia":[{"embeddable":true,"href":"https:\/\/gorica.info\/en\/wp-json\/wp\/v2\/media\/49271"}],"wp:attachment":[{"href":"https:\/\/gorica.info\/en\/wp-json\/wp\/v2\/media?parent=49270"}],"wp:term":[{"taxonomy":"category","embeddable":true,"href":"https:\/\/gorica.info\/en\/wp-json\/wp\/v2\/categories?post=49270"},{"taxonomy":"post_tag","embeddable":true,"href":"https:\/\/gorica.info\/en\/wp-json\/wp\/v2\/tags?post=49270"}],"curies":[{"name":"wp","href":"https:\/\/api.w.org\/{rel}","templated":true}]}}