{"id":50009,"date":"2023-06-13T10:52:14","date_gmt":"2023-06-13T08:52:14","guid":{"rendered":"https:\/\/gorica.info\/?p=50009"},"modified":"2023-06-13T10:52:14","modified_gmt":"2023-06-13T08:52:14","slug":"upisite-klince-u-ljetni-sportski-kamp-koji-organizira-klokan-sport-namijenjen-je-djeci-od-sest-do-12-godina","status":"publish","type":"post","link":"https:\/\/gorica.info\/en\/upisite-klince-u-ljetni-sportski-kamp-koji-organizira-klokan-sport-namijenjen-je-djeci-od-sest-do-12-godina\/","title":{"rendered":"Upi\u0161ite klince u Ljetni sportski kamp koji organizira Klokan Sport: Namijenjen je djeci od \u0161est do 12 godina"},"content":{"rendered":"<p><strong>Ljetni sportski kamp<\/strong> za djecu u Velikoj Gorici drugu godinu zaredom organizira Klokan Sport. Kamp je namijenjen klincima <strong>od \u0161est do 12 godina<\/strong>, a nudi bogate sportske sadr\u017eaje.<\/p>\n<p>&#8211; O\u010dekujemo puno zabave, rekreacije, tr\u010danja, skakanja, sportskih igara, smijeha i lijepih uspomena. Osiguran ru\u010dak i svje\u017ea vo\u0107na u\u017eina svaki dan \u2013 najavili su iz Klokan Sporta.<\/p>\n<p><img fetchpriority=\"high\" decoding=\"async\" class=\"aligncenter wp-image-50011 size-large\" src=\"https:\/\/gorica.info\/wp-content\/uploads\/2023\/06\/IMG_20220717_192741_688-1024x800.jpg\" alt=\"klokan sport\" width=\"810\" height=\"633\" \/><\/p>\n<p>Cijena pet dana<a href=\"https:\/\/uzsr-klokansport.hr\/kamp\/\"> kampa<\/a> iznosi<strong> 140 eura<\/strong>, bra\u0107a i sestre imaju 10 posto popusta.<\/p>\n<p>Kamp se odr\u017eava <strong>od ponedjeljka do petka<\/strong>, od 8 do 16 sati, po\u010dinje zadnji tjedan u lipnju i traje kroz cijeli srpanj.<\/p>\n<p><img decoding=\"async\" class=\"aligncenter wp-image-50010 size-large\" src=\"https:\/\/gorica.info\/wp-content\/uploads\/2023\/06\/IMG_20220708_133429-1024x770.jpg\" alt=\"klokan sport\" width=\"810\" height=\"609\" srcset=\"https:\/\/gorica.info\/wp-content\/uploads\/2023\/06\/IMG_20220708_133429-1024x770.jpg 1024w, https:\/\/gorica.info\/wp-content\/uploads\/2023\/06\/IMG_20220708_133429-300x226.jpg 300w, https:\/\/gorica.info\/wp-content\/uploads\/2023\/06\/IMG_20220708_133429-768x577.jpg 768w, https:\/\/gorica.info\/wp-content\/uploads\/2023\/06\/IMG_20220708_133429-16x12.jpg 16w, https:\/\/gorica.info\/wp-content\/uploads\/2023\/06\/IMG_20220708_133429-750x564.jpg 750w, https:\/\/gorica.info\/wp-content\/uploads\/2023\/06\/IMG_20220708_133429.jpg 1064w\" sizes=\"(max-width: 810px) 100vw, 810px\" \/><\/p>\n<p><a href=\"https:\/\/gorica.info\/en\/2023\/05\/09\/ljetni-kamp-kuliram-u-puckom-otvorenom-ucilistu-za-klince-od-7-do-10-godina-cijena-120-eura\/\">Program<\/a> uklju\u010duje kupanje i malu \u0161kolu plivanja u Gradskom bazenu (\u010detiri dana kampa), sportove na otvorenom (hokej na travi, streli\u010darstvo, bo\u0107anje, nogomet, odbojka), tenis na teniskim terenima TK iTeam VG. Tu su jo\u0161 vodene igre u pje\u0161\u010danoj Areni VG, sportske igre u dvorani, jednodnevni izlet na Klju\u010di\u0107 Brdo mini busom (peti dan kampa), paintball (za djecu stariju od sedam godina).<\/p>\n<p>&nbsp;<\/p>\n<p>&nbsp;<\/p>","protected":false},"excerpt":{"rendered":"<p>Ljetni sportski kamp za djecu u Velikoj Gorici drugu godinu zaredom organizira Klokan Sport. Kamp je namijenjen klincima od \u0161est do 12 godina, a nudi bogate sportske sadr\u017eaje. &#8211; O\u010dekujemo puno zabave, rekreacije, tr\u010danja, skakanja, sportskih igara, smijeha i lijepih uspomena. Osiguran ru\u010dak i svje\u017ea vo\u0107na u\u017eina svaki dan \u2013 najavili su iz Klokan Sporta. [&hellip;]<\/p>\n","protected":false},"author":23,"featured_media":50012,"comment_status":"open","ping_status":"open","sticky":false,"template":"","format":"standard","meta":{"limit_modified_date":"","last_modified_date":"","jnews-multi-image_gallery":[],"jnews_single_post":[],"jnews_primary_category":[],"jnews_override_counter":[],"footnotes":""},"categories":[83],"tags":[157,6174,3623,10223,10224,10225],"class_list":["post-50009","post","type-post","status-publish","format-standard","has-post-thumbnail","hentry","category-drustvo","tag-djeca","tag-druzenje","tag-klinci","tag-klokan-sport","tag-ljetni-sportski-kamp","tag-sportski-sadrzaji"],"yoast_head":"<!-- This site is optimized with the Yoast SEO Premium plugin v27.5 (Yoast SEO v27.5) - https:\/\/yoast.com\/product\/yoast-seo-premium-wordpress\/ -->\n<title>Upi\u0161ite klince u Ljetni sportski kamp koji organizira Klokan Sport: Namijenjen je djeci od \u0161est do 12 godina - Gorica Info<\/title>\n<meta name=\"description\" content=\"Upi\u0161ite klince u Ljetni sportski kamp koji organizira Klokan sport: Namijenjen je djeci od \u0161est do 12 godina\" \/>\n<meta name=\"robots\" content=\"index, follow, max-snippet:-1, max-image-preview:large, max-video-preview:-1\" \/>\n<link rel=\"canonical\" href=\"https:\/\/gorica.info\/en\/upisite-klince-u-ljetni-sportski-kamp-koji-organizira-klokan-sport-namijenjen-je-djeci-od-sest-do-12-godina\/\" \/>\n<meta property=\"og:locale\" content=\"en_US\" \/>\n<meta property=\"og:type\" content=\"article\" \/>\n<meta property=\"og:title\" content=\"Upi\u0161ite klince u Ljetni sportski kamp koji organizira Klokan Sport: Namijenjen je djeci od \u0161est do 12 godina\" \/>\n<meta property=\"og:description\" content=\"Upi\u0161ite klince u Ljetni sportski kamp koji organizira Klokan sport: Namijenjen je djeci od \u0161est do 12 godina\" \/>\n<meta property=\"og:url\" content=\"https:\/\/gorica.info\/en\/upisite-klince-u-ljetni-sportski-kamp-koji-organizira-klokan-sport-namijenjen-je-djeci-od-sest-do-12-godina\/\" \/>\n<meta property=\"og:site_name\" content=\"Gorica Info\" \/>\n<meta property=\"article:publisher\" content=\"https:\/\/www.facebook.com\/Goricainfo-106005144489262\" \/>\n<meta property=\"article:published_time\" content=\"2023-06-13T08:52:14+00:00\" \/>\n<meta property=\"og:image\" content=\"https:\/\/gorica.info\/wp-content\/uploads\/2023\/06\/IMG_20220711_220609_607-e1686560224141.jpg\" \/>\n\t<meta property=\"og:image:width\" content=\"1140\" \/>\n\t<meta property=\"og:image:height\" content=\"661\" \/>\n\t<meta property=\"og:image:type\" content=\"image\/jpeg\" \/>\n<meta name=\"author\" content=\"Gorica. info\" \/>\n<meta name=\"twitter:card\" content=\"summary_large_image\" \/>\n<meta name=\"twitter:creator\" content=\"@GoricaInfo\" \/>\n<meta name=\"twitter:site\" content=\"@GoricaInfo\" \/>\n<meta name=\"twitter:label1\" content=\"Written by\" \/>\n\t<meta name=\"twitter:data1\" content=\"Gorica. info\" \/>\n\t<meta name=\"twitter:label2\" content=\"Est. reading time\" \/>\n\t<meta name=\"twitter:data2\" content=\"2 minutes\" \/>\n<meta name=\"geo.placename\" content=\"Velika Gorica\" \/>\n<meta name=\"geo.region\" content=\"Croatia\" \/>\n<!-- \/ Yoast SEO Premium plugin. -->","yoast_head_json":{"title":"Upi\u0161ite klince u Ljetni sportski kamp koji organizira Klokan Sport: Namijenjen je djeci od \u0161est do 12 godina - Gorica Info","description":"Upi\u0161ite klince u Ljetni sportski kamp koji organizira Klokan sport: Namijenjen je djeci od \u0161est do 12 godina","robots":{"index":"index","follow":"follow","max-snippet":"max-snippet:-1","max-image-preview":"max-image-preview:large","max-video-preview":"max-video-preview:-1"},"canonical":"https:\/\/gorica.info\/en\/upisite-klince-u-ljetni-sportski-kamp-koji-organizira-klokan-sport-namijenjen-je-djeci-od-sest-do-12-godina\/","og_locale":"en_US","og_type":"article","og_title":"Upi\u0161ite klince u Ljetni sportski kamp koji organizira Klokan Sport: Namijenjen je djeci od \u0161est do 12 godina","og_description":"Upi\u0161ite klince u Ljetni sportski kamp koji organizira Klokan sport: Namijenjen je djeci od \u0161est do 12 godina","og_url":"https:\/\/gorica.info\/en\/upisite-klince-u-ljetni-sportski-kamp-koji-organizira-klokan-sport-namijenjen-je-djeci-od-sest-do-12-godina\/","og_site_name":"Gorica Info","article_publisher":"https:\/\/www.facebook.com\/Goricainfo-106005144489262","article_published_time":"2023-06-13T08:52:14+00:00","og_image":[{"width":1140,"height":661,"url":"https:\/\/gorica.info\/wp-content\/uploads\/2023\/06\/IMG_20220711_220609_607-e1686560224141.jpg","type":"image\/jpeg"}],"author":"Gorica. info","twitter_card":"summary_large_image","twitter_creator":"@GoricaInfo","twitter_site":"@GoricaInfo","twitter_misc":{"Written by":"Gorica. info","Est. reading time":"2 minutes"},"schema":{"@context":"https:\/\/schema.org","@graph":[{"@type":"NewsArticle","@id":"https:\/\/gorica.info\/upisite-klince-u-ljetni-sportski-kamp-koji-organizira-klokan-sport-namijenjen-je-djeci-od-sest-do-12-godina\/#article","isPartOf":{"@id":"https:\/\/gorica.info\/upisite-klince-u-ljetni-sportski-kamp-koji-organizira-klokan-sport-namijenjen-je-djeci-od-sest-do-12-godina\/"},"author":{"name":"Gorica. info","@id":"https:\/\/gorica.info\/#\/schema\/person\/4499af1f22f322670b9b5977ccc2e3de"},"headline":"Upi\u0161ite klince u Ljetni sportski kamp koji organizira Klokan Sport: Namijenjen je djeci od \u0161est do 12 godina","datePublished":"2023-06-13T08:52:14+00:00","mainEntityOfPage":{"@id":"https:\/\/gorica.info\/upisite-klince-u-ljetni-sportski-kamp-koji-organizira-klokan-sport-namijenjen-je-djeci-od-sest-do-12-godina\/"},"wordCount":180,"commentCount":0,"publisher":{"@id":"https:\/\/gorica.info\/#organization"},"image":{"@id":"https:\/\/gorica.info\/upisite-klince-u-ljetni-sportski-kamp-koji-organizira-klokan-sport-namijenjen-je-djeci-od-sest-do-12-godina\/#primaryimage"},"thumbnailUrl":"https:\/\/gorica.info\/wp-content\/uploads\/2023\/06\/IMG_20220711_220609_607-e1686560224141.jpg","keywords":["djeca","dru\u017eenje","klinci","klokan sport","ljetni sportski kamp","sportski sadr\u017eaji"],"articleSection":["DRU\u0160TVO"],"inLanguage":"en-US","potentialAction":[{"@type":"CommentAction","name":"Comment","target":["https:\/\/gorica.info\/upisite-klince-u-ljetni-sportski-kamp-koji-organizira-klokan-sport-namijenjen-je-djeci-od-sest-do-12-godina\/#respond"]}],"copyrightYear":"2023","copyrightHolder":{"@id":"https:\/\/gorica.info\/en\/#organization"}},{"@type":"WebPage","@id":"https:\/\/gorica.info\/upisite-klince-u-ljetni-sportski-kamp-koji-organizira-klokan-sport-namijenjen-je-djeci-od-sest-do-12-godina\/","url":"https:\/\/gorica.info\/upisite-klince-u-ljetni-sportski-kamp-koji-organizira-klokan-sport-namijenjen-je-djeci-od-sest-do-12-godina\/","name":"Upi\u0161ite klince u Ljetni sportski kamp koji organizira Klokan Sport: Namijenjen je djeci od \u0161est do 12 godina - Gorica Info","isPartOf":{"@id":"https:\/\/gorica.info\/#website"},"primaryImageOfPage":{"@id":"https:\/\/gorica.info\/upisite-klince-u-ljetni-sportski-kamp-koji-organizira-klokan-sport-namijenjen-je-djeci-od-sest-do-12-godina\/#primaryimage"},"image":{"@id":"https:\/\/gorica.info\/upisite-klince-u-ljetni-sportski-kamp-koji-organizira-klokan-sport-namijenjen-je-djeci-od-sest-do-12-godina\/#primaryimage"},"thumbnailUrl":"https:\/\/gorica.info\/wp-content\/uploads\/2023\/06\/IMG_20220711_220609_607-e1686560224141.jpg","datePublished":"2023-06-13T08:52:14+00:00","description":"Upi\u0161ite klince u Ljetni sportski kamp koji organizira Klokan sport: Namijenjen je djeci od \u0161est do 12 godina","breadcrumb":{"@id":"https:\/\/gorica.info\/upisite-klince-u-ljetni-sportski-kamp-koji-organizira-klokan-sport-namijenjen-je-djeci-od-sest-do-12-godina\/#breadcrumb"},"inLanguage":"en-US","potentialAction":[{"@type":"ReadAction","target":["https:\/\/gorica.info\/upisite-klince-u-ljetni-sportski-kamp-koji-organizira-klokan-sport-namijenjen-je-djeci-od-sest-do-12-godina\/"]}]},{"@type":"ImageObject","inLanguage":"en-US","@id":"https:\/\/gorica.info\/upisite-klince-u-ljetni-sportski-kamp-koji-organizira-klokan-sport-namijenjen-je-djeci-od-sest-do-12-godina\/#primaryimage","url":"https:\/\/gorica.info\/wp-content\/uploads\/2023\/06\/IMG_20220711_220609_607-e1686560224141.jpg","contentUrl":"https:\/\/gorica.info\/wp-content\/uploads\/2023\/06\/IMG_20220711_220609_607-e1686560224141.jpg","width":1100,"height":638,"caption":"Foto: Klokan Sport"},{"@type":"BreadcrumbList","@id":"https:\/\/gorica.info\/upisite-klince-u-ljetni-sportski-kamp-koji-organizira-klokan-sport-namijenjen-je-djeci-od-sest-do-12-godina\/#breadcrumb","itemListElement":[{"@type":"ListItem","position":1,"name":"Po\u010detna stranica","item":"https:\/\/gorica.info\/"},{"@type":"ListItem","position":2,"name":"Upi\u0161ite klince u Ljetni sportski kamp koji organizira Klokan Sport: Namijenjen je djeci od \u0161est do 12 godina"}]},{"@type":"WebSite","@id":"https:\/\/gorica.info\/#website","url":"https:\/\/gorica.info\/","name":"Gorica Info","description":"Vijesti iz Velike Gorice i okolice.","publisher":{"@id":"https:\/\/gorica.info\/#organization"},"potentialAction":[{"@type":"SearchAction","target":{"@type":"EntryPoint","urlTemplate":"https:\/\/gorica.info\/?s={search_term_string}"},"query-input":{"@type":"PropertyValueSpecification","valueRequired":true,"valueName":"search_term_string"}}],"inLanguage":"en-US"},{"@type":["Organization","Place","NewsMediaOrganization"],"@id":"https:\/\/gorica.info\/#organization","name":"Gorica Info","url":"https:\/\/gorica.info\/","logo":{"@id":"https:\/\/gorica.info\/upisite-klince-u-ljetni-sportski-kamp-koji-organizira-klokan-sport-namijenjen-je-djeci-od-sest-do-12-godina\/#local-main-organization-logo"},"image":{"@id":"https:\/\/gorica.info\/upisite-klince-u-ljetni-sportski-kamp-koji-organizira-klokan-sport-namijenjen-je-djeci-od-sest-do-12-godina\/#local-main-organization-logo"},"sameAs":["https:\/\/www.facebook.com\/Goricainfo-106005144489262","https:\/\/x.com\/GoricaInfo","https:\/\/www.instagram.com\/gorica.info\/"],"address":{"@id":"https:\/\/gorica.info\/upisite-klince-u-ljetni-sportski-kamp-koji-organizira-klokan-sport-namijenjen-je-djeci-od-sest-do-12-godina\/#local-main-place-address"},"telephone":[],"openingHoursSpecification":[{"@type":"OpeningHoursSpecification","dayOfWeek":["Monday","Tuesday","Wednesday","Thursday","Friday","Saturday","Sunday"],"opens":"09:00","closes":"17:00"}],"email":"redakcija@gorica.info"},{"@type":"Person","@id":"https:\/\/gorica.info\/#\/schema\/person\/4499af1f22f322670b9b5977ccc2e3de","name":"Gorica. info","description":"Gorica.info je lokalni portal koji prati Veliku Goricu i okolici, svakodnevno donosi najnovije vijesti i pri\u010de, kulturna doga\u0111anja i aktualnosti koje oblikuju \u017eivot gra\u0111ana.","url":"https:\/\/gorica.info\/en\/author\/gorica-info\/"},{"@type":"PostalAddress","@id":"https:\/\/gorica.info\/upisite-klince-u-ljetni-sportski-kamp-koji-organizira-klokan-sport-namijenjen-je-djeci-od-sest-do-12-godina\/#local-main-place-address","streetAddress":"Horvatova 97","addressLocality":"Velika Gorica","postalCode":"10410","addressRegion":"Croatia","addressCountry":"HR"},{"@type":"ImageObject","inLanguage":"en-US","@id":"https:\/\/gorica.info\/upisite-klince-u-ljetni-sportski-kamp-koji-organizira-klokan-sport-namijenjen-je-djeci-od-sest-do-12-godina\/#local-main-organization-logo","url":"https:\/\/gorica.info\/wp-content\/uploads\/2024\/07\/Gorica-Info-Logo-mali.png","contentUrl":"https:\/\/gorica.info\/wp-content\/uploads\/2024\/07\/Gorica-Info-Logo-mali.png","width":450,"height":85,"caption":"Gorica Info"}]},"geo.placename":"Velika Gorica","geo.region":"Croatia"},"_links":{"self":[{"href":"https:\/\/gorica.info\/en\/wp-json\/wp\/v2\/posts\/50009","targetHints":{"allow":["GET"]}}],"collection":[{"href":"https:\/\/gorica.info\/en\/wp-json\/wp\/v2\/posts"}],"about":[{"href":"https:\/\/gorica.info\/en\/wp-json\/wp\/v2\/types\/post"}],"author":[{"embeddable":true,"href":"https:\/\/gorica.info\/en\/wp-json\/wp\/v2\/users\/23"}],"replies":[{"embeddable":true,"href":"https:\/\/gorica.info\/en\/wp-json\/wp\/v2\/comments?post=50009"}],"version-history":[{"count":0,"href":"https:\/\/gorica.info\/en\/wp-json\/wp\/v2\/posts\/50009\/revisions"}],"wp:featuredmedia":[{"embeddable":true,"href":"https:\/\/gorica.info\/en\/wp-json\/wp\/v2\/media\/50012"}],"wp:attachment":[{"href":"https:\/\/gorica.info\/en\/wp-json\/wp\/v2\/media?parent=50009"}],"wp:term":[{"taxonomy":"category","embeddable":true,"href":"https:\/\/gorica.info\/en\/wp-json\/wp\/v2\/categories?post=50009"},{"taxonomy":"post_tag","embeddable":true,"href":"https:\/\/gorica.info\/en\/wp-json\/wp\/v2\/tags?post=50009"}],"curies":[{"name":"wp","href":"https:\/\/api.w.org\/{rel}","templated":true}]}}