{"id":50393,"date":"2023-06-19T08:42:19","date_gmt":"2023-06-19T06:42:19","guid":{"rendered":"https:\/\/gorica.info\/?p=50393"},"modified":"2023-06-19T08:42:19","modified_gmt":"2023-06-19T06:42:19","slug":"mladi-vozac-koji-je-divljao-na-parkiralistu-u-buzinu-ide-na-mjesec-dana-u-istrazni-zatvor","status":"publish","type":"post","link":"https:\/\/gorica.info\/en\/mladi-vozac-koji-je-divljao-na-parkiralistu-u-buzinu-ide-na-mjesec-dana-u-istrazni-zatvor\/","title":{"rendered":"Mladi voza\u010d koji je divljao na parkirali\u0161tu u Buzinu i ozlijedio petero ljudi: Ide na mjesec dana u istra\u017eni zatvor"},"content":{"rendered":"<p>Sutkinja velikogori\u010dkog<a href=\"https:\/\/sudovi.hr\/hr\/zsvg\"> \u017dupanijskog suda<\/a> poslala je u <strong>istra\u017eni zatvor<\/strong> 23-godi\u0161njeg<strong> Jana Ehrlicha<\/strong> koji je u petak nave\u010der divljao automobilom na parkirali\u0161tu u Buzinu i <strong>ozlijedio petero ljudi<\/strong>.<\/p>\n<p>Na ro\u010di\u0161tu odr\u017eanom u nedjelju nave\u010der u Velikoj Gorici sutkinja je odredila jednomjese\u010dni istra\u017eni zatvor osumnji\u010denom zbog mogu\u0107nosti ponavljanja kaznenog djela.<\/p>\n<figure id=\"attachment_50395\" aria-describedby=\"caption-attachment-50395\" style=\"width: 644px\" class=\"wp-caption aligncenter\"><img fetchpriority=\"high\" decoding=\"async\" class=\"wp-image-50395 size-full\" src=\"https:\/\/gorica.info\/wp-content\/uploads\/2023\/06\/mladi-vozac1.jpg\" alt=\"istra\u017eni\" width=\"644\" height=\"439\" srcset=\"https:\/\/gorica.info\/wp-content\/uploads\/2023\/06\/mladi-vozac1.jpg 644w, https:\/\/gorica.info\/wp-content\/uploads\/2023\/06\/mladi-vozac1-300x205.jpg 300w, https:\/\/gorica.info\/wp-content\/uploads\/2023\/06\/mladi-vozac1-18x12.jpg 18w\" sizes=\"(max-width: 644px) 100vw, 644px\" \/><figcaption id=\"caption-attachment-50395\" class=\"wp-caption-text\">Foto: Screenshot<\/figcaption><\/figure>\n<p>Mladi\u0107 je Mercedesom na parkirali\u0161tu zagreba\u010dkog trgova\u010dkog centra Supernova <a href=\"https:\/\/gorica.info\/en\/2023\/06\/17\/policija-objavila-nove-informacije-o-strasnoj-nesreci-kod-supernove-preme-prvim-testiranjima-vozac-mercedesa-nije-bio-pijan-niti-drogiran\/\">naletio na pje\u0161ake<\/a> neprilago\u0111enom brzinom tijekom tzv. autosusreta. Izgubio je kontrolu nad vozilom, zaletio se u skupinu pje\u0161aka, pri \u010demu ih je doslovno razbacao.<\/p>\n<p>U nesre\u0107i je jedna osoba zadobila osobito te\u0161ke i po \u017eivot opasne ozljede, dvije osobe su pretrpjele te\u0161ke tjelesne ozljede, a dvije su osoba lak\u0161e ozlije\u0111ene.<\/p>\n<p>Mladi\u0107 na sudu nije govorio ni\u0161ta, djelovao je potresen.<\/p>\n<p>&nbsp;<\/p>\n<p>&nbsp;<\/p>","protected":false},"excerpt":{"rendered":"<p>Sutkinja velikogori\u010dkog \u017dupanijskog suda poslala je u istra\u017eni zatvor 23-godi\u0161njeg Jana Ehrlicha koji je u petak nave\u010der divljao automobilom na parkirali\u0161tu u Buzinu i ozlijedio petero ljudi. Na ro\u010di\u0161tu odr\u017eanom u nedjelju nave\u010der u Velikoj Gorici sutkinja je odredila jednomjese\u010dni istra\u017eni zatvor osumnji\u010denom zbog mogu\u0107nosti ponavljanja kaznenog djela. Mladi\u0107 je Mercedesom na parkirali\u0161tu zagreba\u010dkog trgova\u010dkog [&hellip;]<\/p>\n","protected":false},"author":23,"featured_media":50394,"comment_status":"open","ping_status":"open","sticky":false,"template":"","format":"standard","meta":{"limit_modified_date":"","last_modified_date":"","jnews-multi-image_gallery":[],"jnews_single_post":[],"jnews_primary_category":[],"jnews_override_counter":[],"footnotes":""},"categories":[93],"tags":[10298,2329,1099,10299,519,10300,4002],"class_list":["post-50393","post","type-post","status-publish","format-standard","has-post-thumbnail","hentry","category-crna-kronika","tag-autosusret","tag-buzin","tag-istrazni-zatvor","tag-jan-ehrlich","tag-nesreca","tag-nesreca-na-parkiralistu","tag-sutkinja"],"yoast_head":"<!-- This site is optimized with the Yoast SEO Premium plugin v27.4 (Yoast SEO v27.4) - https:\/\/yoast.com\/product\/yoast-seo-premium-wordpress\/ -->\n<title>Mladi voza\u010d koji je divljao na parkirali\u0161tu u Buzinu i ozlijedio petero ljudi: Ide na mjesec dana u istra\u017eni zatvor - Gorica Info<\/title>\n<meta name=\"description\" content=\"Mladi voza\u010d koji je divljao na parkirali\u0161tu i ozlijedio petero ljudi u Buzinu ide na mjesec dana u istra\u017eni zatvor.\" \/>\n<meta name=\"robots\" content=\"index, follow, max-snippet:-1, max-image-preview:large, max-video-preview:-1\" \/>\n<link rel=\"canonical\" href=\"https:\/\/gorica.info\/en\/mladi-vozac-koji-je-divljao-na-parkiralistu-u-buzinu-ide-na-mjesec-dana-u-istrazni-zatvor\/\" \/>\n<meta property=\"og:locale\" content=\"en_US\" \/>\n<meta property=\"og:type\" content=\"article\" \/>\n<meta property=\"og:title\" content=\"Mladi voza\u010d koji je divljao na parkirali\u0161tu u Buzinu i ozlijedio petero ljudi: Ide na mjesec dana u istra\u017eni zatvor\" \/>\n<meta property=\"og:description\" content=\"Mladi voza\u010d koji je divljao na parkirali\u0161tu i ozlijedio petero ljudi u Buzinu ide na mjesec dana u istra\u017eni zatvor.\" \/>\n<meta property=\"og:url\" content=\"https:\/\/gorica.info\/en\/mladi-vozac-koji-je-divljao-na-parkiralistu-u-buzinu-ide-na-mjesec-dana-u-istrazni-zatvor\/\" \/>\n<meta property=\"og:site_name\" content=\"Gorica Info\" \/>\n<meta property=\"article:publisher\" content=\"https:\/\/www.facebook.com\/Goricainfo-106005144489262\" \/>\n<meta property=\"article:published_time\" content=\"2023-06-19T06:42:19+00:00\" \/>\n<meta property=\"og:image\" content=\"https:\/\/gorica.info\/wp-content\/uploads\/2023\/06\/jan-ehrlich.jpg\" \/>\n\t<meta property=\"og:image:width\" content=\"1200\" \/>\n\t<meta property=\"og:image:height\" content=\"771\" \/>\n\t<meta property=\"og:image:type\" content=\"image\/jpeg\" \/>\n<meta name=\"author\" content=\"Gorica. info\" \/>\n<meta name=\"twitter:card\" content=\"summary_large_image\" \/>\n<meta name=\"twitter:creator\" content=\"@GoricaInfo\" \/>\n<meta name=\"twitter:site\" content=\"@GoricaInfo\" \/>\n<meta name=\"twitter:label1\" content=\"Written by\" \/>\n\t<meta name=\"twitter:data1\" content=\"Gorica. info\" \/>\n\t<meta name=\"twitter:label2\" content=\"Est. reading time\" \/>\n\t<meta name=\"twitter:data2\" content=\"1 minute\" \/>\n<meta name=\"geo.placename\" content=\"Velika Gorica\" \/>\n<meta name=\"geo.region\" content=\"Croatia\" \/>\n<!-- \/ Yoast SEO Premium plugin. -->","yoast_head_json":{"title":"Mladi voza\u010d koji je divljao na parkirali\u0161tu u Buzinu i ozlijedio petero ljudi: Ide na mjesec dana u istra\u017eni zatvor - Gorica Info","description":"Mladi voza\u010d koji je divljao na parkirali\u0161tu i ozlijedio petero ljudi u Buzinu ide na mjesec dana u istra\u017eni zatvor.","robots":{"index":"index","follow":"follow","max-snippet":"max-snippet:-1","max-image-preview":"max-image-preview:large","max-video-preview":"max-video-preview:-1"},"canonical":"https:\/\/gorica.info\/en\/mladi-vozac-koji-je-divljao-na-parkiralistu-u-buzinu-ide-na-mjesec-dana-u-istrazni-zatvor\/","og_locale":"en_US","og_type":"article","og_title":"Mladi voza\u010d koji je divljao na parkirali\u0161tu u Buzinu i ozlijedio petero ljudi: Ide na mjesec dana u istra\u017eni zatvor","og_description":"Mladi voza\u010d koji je divljao na parkirali\u0161tu i ozlijedio petero ljudi u Buzinu ide na mjesec dana u istra\u017eni zatvor.","og_url":"https:\/\/gorica.info\/en\/mladi-vozac-koji-je-divljao-na-parkiralistu-u-buzinu-ide-na-mjesec-dana-u-istrazni-zatvor\/","og_site_name":"Gorica Info","article_publisher":"https:\/\/www.facebook.com\/Goricainfo-106005144489262","article_published_time":"2023-06-19T06:42:19+00:00","og_image":[{"width":1200,"height":771,"url":"https:\/\/gorica.info\/wp-content\/uploads\/2023\/06\/jan-ehrlich.jpg","type":"image\/jpeg"}],"author":"Gorica. info","twitter_card":"summary_large_image","twitter_creator":"@GoricaInfo","twitter_site":"@GoricaInfo","twitter_misc":{"Written by":"Gorica. info","Est. reading time":"1 minute"},"schema":{"@context":"https:\/\/schema.org","@graph":[{"@type":"NewsArticle","@id":"https:\/\/gorica.info\/mladi-vozac-koji-je-divljao-na-parkiralistu-u-buzinu-ide-na-mjesec-dana-u-istrazni-zatvor\/#article","isPartOf":{"@id":"https:\/\/gorica.info\/mladi-vozac-koji-je-divljao-na-parkiralistu-u-buzinu-ide-na-mjesec-dana-u-istrazni-zatvor\/"},"author":{"name":"Gorica. info","@id":"https:\/\/gorica.info\/#\/schema\/person\/4499af1f22f322670b9b5977ccc2e3de"},"headline":"Mladi voza\u010d koji je divljao na parkirali\u0161tu u Buzinu i ozlijedio petero ljudi: Ide na mjesec dana u istra\u017eni zatvor","datePublished":"2023-06-19T06:42:19+00:00","mainEntityOfPage":{"@id":"https:\/\/gorica.info\/mladi-vozac-koji-je-divljao-na-parkiralistu-u-buzinu-ide-na-mjesec-dana-u-istrazni-zatvor\/"},"wordCount":174,"commentCount":0,"publisher":{"@id":"https:\/\/gorica.info\/#organization"},"image":{"@id":"https:\/\/gorica.info\/mladi-vozac-koji-je-divljao-na-parkiralistu-u-buzinu-ide-na-mjesec-dana-u-istrazni-zatvor\/#primaryimage"},"thumbnailUrl":"https:\/\/gorica.info\/wp-content\/uploads\/2023\/06\/jan-ehrlich.jpg","keywords":["autosusret","buzin","istra\u017eni zatvor","jan ehrlich","nesre\u0107a","nesre\u0107a na parkirali\u0161tu","sutkinja"],"articleSection":["CRNA KRONIKA"],"inLanguage":"en-US","potentialAction":[{"@type":"CommentAction","name":"Comment","target":["https:\/\/gorica.info\/mladi-vozac-koji-je-divljao-na-parkiralistu-u-buzinu-ide-na-mjesec-dana-u-istrazni-zatvor\/#respond"]}],"copyrightYear":"2023","copyrightHolder":{"@id":"https:\/\/gorica.info\/en\/#organization"}},{"@type":"WebPage","@id":"https:\/\/gorica.info\/mladi-vozac-koji-je-divljao-na-parkiralistu-u-buzinu-ide-na-mjesec-dana-u-istrazni-zatvor\/","url":"https:\/\/gorica.info\/mladi-vozac-koji-je-divljao-na-parkiralistu-u-buzinu-ide-na-mjesec-dana-u-istrazni-zatvor\/","name":"Mladi voza\u010d koji je divljao na parkirali\u0161tu u Buzinu i ozlijedio petero ljudi: Ide na mjesec dana u istra\u017eni zatvor - Gorica Info","isPartOf":{"@id":"https:\/\/gorica.info\/#website"},"primaryImageOfPage":{"@id":"https:\/\/gorica.info\/mladi-vozac-koji-je-divljao-na-parkiralistu-u-buzinu-ide-na-mjesec-dana-u-istrazni-zatvor\/#primaryimage"},"image":{"@id":"https:\/\/gorica.info\/mladi-vozac-koji-je-divljao-na-parkiralistu-u-buzinu-ide-na-mjesec-dana-u-istrazni-zatvor\/#primaryimage"},"thumbnailUrl":"https:\/\/gorica.info\/wp-content\/uploads\/2023\/06\/jan-ehrlich.jpg","datePublished":"2023-06-19T06:42:19+00:00","description":"Mladi voza\u010d koji je divljao na parkirali\u0161tu i ozlijedio petero ljudi u Buzinu ide na mjesec dana u istra\u017eni zatvor.","breadcrumb":{"@id":"https:\/\/gorica.info\/mladi-vozac-koji-je-divljao-na-parkiralistu-u-buzinu-ide-na-mjesec-dana-u-istrazni-zatvor\/#breadcrumb"},"inLanguage":"en-US","potentialAction":[{"@type":"ReadAction","target":["https:\/\/gorica.info\/mladi-vozac-koji-je-divljao-na-parkiralistu-u-buzinu-ide-na-mjesec-dana-u-istrazni-zatvor\/"]}]},{"@type":"ImageObject","inLanguage":"en-US","@id":"https:\/\/gorica.info\/mladi-vozac-koji-je-divljao-na-parkiralistu-u-buzinu-ide-na-mjesec-dana-u-istrazni-zatvor\/#primaryimage","url":"https:\/\/gorica.info\/wp-content\/uploads\/2023\/06\/jan-ehrlich.jpg","contentUrl":"https:\/\/gorica.info\/wp-content\/uploads\/2023\/06\/jan-ehrlich.jpg","width":1100,"height":707,"caption":"Foto: Screenshot"},{"@type":"BreadcrumbList","@id":"https:\/\/gorica.info\/mladi-vozac-koji-je-divljao-na-parkiralistu-u-buzinu-ide-na-mjesec-dana-u-istrazni-zatvor\/#breadcrumb","itemListElement":[{"@type":"ListItem","position":1,"name":"Po\u010detna stranica","item":"https:\/\/gorica.info\/"},{"@type":"ListItem","position":2,"name":"Mladi voza\u010d koji je divljao na parkirali\u0161tu u Buzinu i ozlijedio petero ljudi: Ide na mjesec dana u istra\u017eni zatvor"}]},{"@type":"WebSite","@id":"https:\/\/gorica.info\/#website","url":"https:\/\/gorica.info\/","name":"Gorica Info","description":"Vijesti iz Velike Gorice i okolice.","publisher":{"@id":"https:\/\/gorica.info\/#organization"},"potentialAction":[{"@type":"SearchAction","target":{"@type":"EntryPoint","urlTemplate":"https:\/\/gorica.info\/?s={search_term_string}"},"query-input":{"@type":"PropertyValueSpecification","valueRequired":true,"valueName":"search_term_string"}}],"inLanguage":"en-US"},{"@type":["Organization","Place","NewsMediaOrganization"],"@id":"https:\/\/gorica.info\/#organization","name":"Gorica Info","url":"https:\/\/gorica.info\/","logo":{"@id":"https:\/\/gorica.info\/mladi-vozac-koji-je-divljao-na-parkiralistu-u-buzinu-ide-na-mjesec-dana-u-istrazni-zatvor\/#local-main-organization-logo"},"image":{"@id":"https:\/\/gorica.info\/mladi-vozac-koji-je-divljao-na-parkiralistu-u-buzinu-ide-na-mjesec-dana-u-istrazni-zatvor\/#local-main-organization-logo"},"sameAs":["https:\/\/www.facebook.com\/Goricainfo-106005144489262","https:\/\/x.com\/GoricaInfo","https:\/\/www.instagram.com\/gorica.info\/"],"address":{"@id":"https:\/\/gorica.info\/mladi-vozac-koji-je-divljao-na-parkiralistu-u-buzinu-ide-na-mjesec-dana-u-istrazni-zatvor\/#local-main-place-address"},"telephone":[],"openingHoursSpecification":[{"@type":"OpeningHoursSpecification","dayOfWeek":["Monday","Tuesday","Wednesday","Thursday","Friday","Saturday","Sunday"],"opens":"09:00","closes":"17:00"}],"email":"redakcija@gorica.info"},{"@type":"Person","@id":"https:\/\/gorica.info\/#\/schema\/person\/4499af1f22f322670b9b5977ccc2e3de","name":"Gorica. info","description":"Gorica.info je lokalni portal koji prati Veliku Goricu i okolici, svakodnevno donosi najnovije vijesti i pri\u010de, kulturna doga\u0111anja i aktualnosti koje oblikuju \u017eivot gra\u0111ana.","url":"https:\/\/gorica.info\/en\/author\/gorica-info\/"},{"@type":"PostalAddress","@id":"https:\/\/gorica.info\/mladi-vozac-koji-je-divljao-na-parkiralistu-u-buzinu-ide-na-mjesec-dana-u-istrazni-zatvor\/#local-main-place-address","streetAddress":"Horvatova 97","addressLocality":"Velika Gorica","postalCode":"10410","addressRegion":"Croatia","addressCountry":"HR"},{"@type":"ImageObject","inLanguage":"en-US","@id":"https:\/\/gorica.info\/mladi-vozac-koji-je-divljao-na-parkiralistu-u-buzinu-ide-na-mjesec-dana-u-istrazni-zatvor\/#local-main-organization-logo","url":"https:\/\/gorica.info\/wp-content\/uploads\/2024\/07\/Gorica-Info-Logo-mali.png","contentUrl":"https:\/\/gorica.info\/wp-content\/uploads\/2024\/07\/Gorica-Info-Logo-mali.png","width":450,"height":85,"caption":"Gorica Info"}]},"geo.placename":"Velika Gorica","geo.region":"Croatia"},"_links":{"self":[{"href":"https:\/\/gorica.info\/en\/wp-json\/wp\/v2\/posts\/50393","targetHints":{"allow":["GET"]}}],"collection":[{"href":"https:\/\/gorica.info\/en\/wp-json\/wp\/v2\/posts"}],"about":[{"href":"https:\/\/gorica.info\/en\/wp-json\/wp\/v2\/types\/post"}],"author":[{"embeddable":true,"href":"https:\/\/gorica.info\/en\/wp-json\/wp\/v2\/users\/23"}],"replies":[{"embeddable":true,"href":"https:\/\/gorica.info\/en\/wp-json\/wp\/v2\/comments?post=50393"}],"version-history":[{"count":0,"href":"https:\/\/gorica.info\/en\/wp-json\/wp\/v2\/posts\/50393\/revisions"}],"wp:featuredmedia":[{"embeddable":true,"href":"https:\/\/gorica.info\/en\/wp-json\/wp\/v2\/media\/50394"}],"wp:attachment":[{"href":"https:\/\/gorica.info\/en\/wp-json\/wp\/v2\/media?parent=50393"}],"wp:term":[{"taxonomy":"category","embeddable":true,"href":"https:\/\/gorica.info\/en\/wp-json\/wp\/v2\/categories?post=50393"},{"taxonomy":"post_tag","embeddable":true,"href":"https:\/\/gorica.info\/en\/wp-json\/wp\/v2\/tags?post=50393"}],"curies":[{"name":"wp","href":"https:\/\/api.w.org\/{rel}","templated":true}]}}