{"id":51053,"date":"2023-06-28T13:39:44","date_gmt":"2023-06-28T11:39:44","guid":{"rendered":"https:\/\/gorica.info\/?p=51053"},"modified":"2023-06-28T13:39:44","modified_gmt":"2023-06-28T11:39:44","slug":"festival-drvenih-kapela-u-srijedu-gostuje-u-kapeli-svetog-martina-u-starom-brodu-zbog-vremenskih-neprilika-promijenjen-program-za-vikend","status":"publish","type":"post","link":"https:\/\/gorica.info\/en\/festival-drvenih-kapela-u-srijedu-gostuje-u-kapeli-svetog-martina-u-starom-brodu-zbog-vremenskih-neprilika-promijenjen-program-za-vikend\/","title":{"rendered":"Festival drvenih kapela u srijedu gostuje u kapeli svetog Martina u Starom Brodu: Zbog vremenskih neprilika promijenjen program za vikend"},"content":{"rendered":"<p><strong>Festival drvenih kapela Sancta Barbara<\/strong> u srijedu se odr\u017eava u<strong> kapeli svetog Martina u Starom Brodu<\/strong>. U 20 sati predstavit \u0107e se mladi hrvatski graditelji instrumenata <strong>Pavao Sever<\/strong> i <strong>Zlatko Pavlini\u0107<\/strong>, a nakon toga \u0107e svirati <strong>Igor Paro<\/strong>, barokna lutnja i <strong>Egon Mihajlovi\u010d<\/strong>, \u010dembalo.<\/p>\n<p>U <strong>\u010detvrtak, 29. lipnja<\/strong> u 20 sati u <strong>Kapeli sv. Ivana Pavla II<\/strong> na Klju\u010di\u0107 Brdu nastupit \u0107e<strong> Sr\u0111an Bulat<\/strong> na gitari.<\/p>\n<p>-Do\u0161lo je do izmjene u zadnja dva dana<a href=\"https:\/\/gorica.info\/en\/2023\/06\/25\/pocinje-festival-drvenih-kapela-sancta-barbara-koji-ce-oduseviti-sve-ljubitelje-klasicne-i-jazz-glazbe\/\"> festivalskog programa<\/a> zbog vremenskih neprilika. Koncert festivalskog ansambla<strong> Capella Lignum<\/strong> odr\u017eat \u0107emo u <strong>subotu, 1. srpnja<\/strong> u 18 sati u <strong>Kapeli ranjenog Isusa<\/strong>, a ladanje u Donjem Podoto\u010dju uz<strong> jazz Trio Valerije Nikolovske<\/strong> odr\u017eat \u0107emo u <strong>nedjelju, 2. srpnja<\/strong> u 19 sati \u2013 javili su <a href=\"https:\/\/festivaldrvenihkapela.com\/?page_id=45\">organizatori<\/a>.<\/p>\n<p>Sve informacije dostupne su na festivalskoj web stranici <a href=\"https:\/\/festivaldrvenihkapela.com\/?page_id=45\">www.festivaldrvenihkapela.com.<\/a><\/p>","protected":false},"excerpt":{"rendered":"<p>Festival drvenih kapela Sancta Barbara u srijedu se odr\u017eava u kapeli svetog Martina u Starom Brodu. U 20 sati predstavit \u0107e se mladi hrvatski graditelji instrumenata Pavao Sever i Zlatko Pavlini\u0107, a nakon toga \u0107e svirati Igor Paro, barokna lutnja i Egon Mihajlovi\u010d, \u010dembalo. U \u010detvrtak, 29. lipnja u 20 sati u Kapeli sv. Ivana [&hellip;]<\/p>\n","protected":false},"author":25,"featured_media":51054,"comment_status":"open","ping_status":"open","sticky":false,"template":"","format":"standard","meta":{"limit_modified_date":"","last_modified_date":"","jnews-multi-image_gallery":[],"jnews_single_post":[],"jnews_primary_category":[],"jnews_override_counter":[],"footnotes":""},"categories":[84],"tags":[10416,5769,2197,10421],"class_list":["post-51053","post","type-post","status-publish","format-standard","has-post-thumbnail","hentry","category-kultura","tag-festival-drvenih-kapela","tag-izmjene","tag-program","tag-sancta-barbara"],"yoast_head":"<!-- This site is optimized with the Yoast SEO Premium plugin v27.4 (Yoast SEO v27.4) - https:\/\/yoast.com\/product\/yoast-seo-premium-wordpress\/ -->\n<title>Festival drvenih kapela u srijedu gostuje u kapeli svetog Martina u Starom Brodu: Zbog vremenskih neprilika promijenjen program za vikend - Gorica Info<\/title>\n<meta name=\"description\" content=\"Festival drvenih kapela u srijedu gostuje u kapeli svetog Martina u Starom Brodu: Zbog vremenskih neprilika promijenjen program za vikend\" \/>\n<meta name=\"robots\" content=\"index, follow, max-snippet:-1, max-image-preview:large, max-video-preview:-1\" \/>\n<link rel=\"canonical\" href=\"https:\/\/gorica.info\/en\/festival-drvenih-kapela-u-srijedu-gostuje-u-kapeli-svetog-martina-u-starom-brodu-zbog-vremenskih-neprilika-promijenjen-program-za-vikend\/\" \/>\n<meta property=\"og:locale\" content=\"en_US\" \/>\n<meta property=\"og:type\" content=\"article\" \/>\n<meta property=\"og:title\" content=\"Festival drvenih kapela u srijedu gostuje u kapeli svetog Martina u Starom Brodu: Zbog vremenskih neprilika promijenjen program za vikend\" \/>\n<meta property=\"og:description\" content=\"Festival drvenih kapela u srijedu gostuje u kapeli svetog Martina u Starom Brodu: Zbog vremenskih neprilika promijenjen program za vikend\" \/>\n<meta property=\"og:url\" content=\"https:\/\/gorica.info\/en\/festival-drvenih-kapela-u-srijedu-gostuje-u-kapeli-svetog-martina-u-starom-brodu-zbog-vremenskih-neprilika-promijenjen-program-za-vikend\/\" \/>\n<meta property=\"og:site_name\" content=\"Gorica Info\" \/>\n<meta property=\"article:publisher\" content=\"https:\/\/www.facebook.com\/Goricainfo-106005144489262\" \/>\n<meta property=\"article:published_time\" content=\"2023-06-28T11:39:44+00:00\" \/>\n<meta property=\"og:image\" content=\"https:\/\/gorica.info\/wp-content\/uploads\/2023\/06\/festival-drvenih-kapela.jpg\" \/>\n\t<meta property=\"og:image:width\" content=\"1200\" \/>\n\t<meta property=\"og:image:height\" content=\"554\" \/>\n\t<meta property=\"og:image:type\" content=\"image\/jpeg\" \/>\n<meta name=\"author\" content=\"Marta Horvat\" \/>\n<meta name=\"twitter:card\" content=\"summary_large_image\" \/>\n<meta name=\"twitter:creator\" content=\"@GoricaInfo\" \/>\n<meta name=\"twitter:site\" content=\"@GoricaInfo\" \/>\n<meta name=\"twitter:label1\" content=\"Written by\" \/>\n\t<meta name=\"twitter:data1\" content=\"Marta Horvat\" \/>\n\t<meta name=\"twitter:label2\" content=\"Est. reading time\" \/>\n\t<meta name=\"twitter:data2\" content=\"1 minute\" \/>\n<meta name=\"geo.placename\" content=\"Velika Gorica\" \/>\n<meta name=\"geo.region\" content=\"Croatia\" \/>\n<!-- \/ Yoast SEO Premium plugin. -->","yoast_head_json":{"title":"Festival drvenih kapela u srijedu gostuje u kapeli svetog Martina u Starom Brodu: Zbog vremenskih neprilika promijenjen program za vikend - Gorica Info","description":"Festival drvenih kapela u srijedu gostuje u kapeli svetog Martina u Starom Brodu: Zbog vremenskih neprilika promijenjen program za vikend","robots":{"index":"index","follow":"follow","max-snippet":"max-snippet:-1","max-image-preview":"max-image-preview:large","max-video-preview":"max-video-preview:-1"},"canonical":"https:\/\/gorica.info\/en\/festival-drvenih-kapela-u-srijedu-gostuje-u-kapeli-svetog-martina-u-starom-brodu-zbog-vremenskih-neprilika-promijenjen-program-za-vikend\/","og_locale":"en_US","og_type":"article","og_title":"Festival drvenih kapela u srijedu gostuje u kapeli svetog Martina u Starom Brodu: Zbog vremenskih neprilika promijenjen program za vikend","og_description":"Festival drvenih kapela u srijedu gostuje u kapeli svetog Martina u Starom Brodu: Zbog vremenskih neprilika promijenjen program za vikend","og_url":"https:\/\/gorica.info\/en\/festival-drvenih-kapela-u-srijedu-gostuje-u-kapeli-svetog-martina-u-starom-brodu-zbog-vremenskih-neprilika-promijenjen-program-za-vikend\/","og_site_name":"Gorica Info","article_publisher":"https:\/\/www.facebook.com\/Goricainfo-106005144489262","article_published_time":"2023-06-28T11:39:44+00:00","og_image":[{"width":1200,"height":554,"url":"https:\/\/gorica.info\/wp-content\/uploads\/2023\/06\/festival-drvenih-kapela.jpg","type":"image\/jpeg"}],"author":"Marta Horvat","twitter_card":"summary_large_image","twitter_creator":"@GoricaInfo","twitter_site":"@GoricaInfo","twitter_misc":{"Written by":"Marta Horvat","Est. reading time":"1 minute"},"schema":{"@context":"https:\/\/schema.org","@graph":[{"@type":"NewsArticle","@id":"https:\/\/gorica.info\/festival-drvenih-kapela-u-srijedu-gostuje-u-kapeli-svetog-martina-u-starom-brodu-zbog-vremenskih-neprilika-promijenjen-program-za-vikend\/#article","isPartOf":{"@id":"https:\/\/gorica.info\/festival-drvenih-kapela-u-srijedu-gostuje-u-kapeli-svetog-martina-u-starom-brodu-zbog-vremenskih-neprilika-promijenjen-program-za-vikend\/"},"author":{"name":"Marta Horvat","@id":"https:\/\/gorica.info\/#\/schema\/person\/b2df2f6fb2a9073c0fa5af2672befd52"},"headline":"Festival drvenih kapela u srijedu gostuje u kapeli svetog Martina u Starom Brodu: Zbog vremenskih neprilika promijenjen program za vikend","datePublished":"2023-06-28T11:39:44+00:00","mainEntityOfPage":{"@id":"https:\/\/gorica.info\/festival-drvenih-kapela-u-srijedu-gostuje-u-kapeli-svetog-martina-u-starom-brodu-zbog-vremenskih-neprilika-promijenjen-program-za-vikend\/"},"wordCount":150,"commentCount":0,"publisher":{"@id":"https:\/\/gorica.info\/#organization"},"image":{"@id":"https:\/\/gorica.info\/festival-drvenih-kapela-u-srijedu-gostuje-u-kapeli-svetog-martina-u-starom-brodu-zbog-vremenskih-neprilika-promijenjen-program-za-vikend\/#primaryimage"},"thumbnailUrl":"https:\/\/gorica.info\/wp-content\/uploads\/2023\/06\/festival-drvenih-kapela.jpg","keywords":["festival drvenih kapela","izmjene","program","Sancta Barbara"],"articleSection":["KULTURA"],"inLanguage":"en-US","potentialAction":[{"@type":"CommentAction","name":"Comment","target":["https:\/\/gorica.info\/festival-drvenih-kapela-u-srijedu-gostuje-u-kapeli-svetog-martina-u-starom-brodu-zbog-vremenskih-neprilika-promijenjen-program-za-vikend\/#respond"]}],"copyrightYear":"2023","copyrightHolder":{"@id":"https:\/\/gorica.info\/en\/#organization"}},{"@type":"WebPage","@id":"https:\/\/gorica.info\/festival-drvenih-kapela-u-srijedu-gostuje-u-kapeli-svetog-martina-u-starom-brodu-zbog-vremenskih-neprilika-promijenjen-program-za-vikend\/","url":"https:\/\/gorica.info\/festival-drvenih-kapela-u-srijedu-gostuje-u-kapeli-svetog-martina-u-starom-brodu-zbog-vremenskih-neprilika-promijenjen-program-za-vikend\/","name":"Festival drvenih kapela u srijedu gostuje u kapeli svetog Martina u Starom Brodu: Zbog vremenskih neprilika promijenjen program za vikend - Gorica Info","isPartOf":{"@id":"https:\/\/gorica.info\/#website"},"primaryImageOfPage":{"@id":"https:\/\/gorica.info\/festival-drvenih-kapela-u-srijedu-gostuje-u-kapeli-svetog-martina-u-starom-brodu-zbog-vremenskih-neprilika-promijenjen-program-za-vikend\/#primaryimage"},"image":{"@id":"https:\/\/gorica.info\/festival-drvenih-kapela-u-srijedu-gostuje-u-kapeli-svetog-martina-u-starom-brodu-zbog-vremenskih-neprilika-promijenjen-program-za-vikend\/#primaryimage"},"thumbnailUrl":"https:\/\/gorica.info\/wp-content\/uploads\/2023\/06\/festival-drvenih-kapela.jpg","datePublished":"2023-06-28T11:39:44+00:00","description":"Festival drvenih kapela u srijedu gostuje u kapeli svetog Martina u Starom Brodu: Zbog vremenskih neprilika promijenjen program za vikend","breadcrumb":{"@id":"https:\/\/gorica.info\/festival-drvenih-kapela-u-srijedu-gostuje-u-kapeli-svetog-martina-u-starom-brodu-zbog-vremenskih-neprilika-promijenjen-program-za-vikend\/#breadcrumb"},"inLanguage":"en-US","potentialAction":[{"@type":"ReadAction","target":["https:\/\/gorica.info\/festival-drvenih-kapela-u-srijedu-gostuje-u-kapeli-svetog-martina-u-starom-brodu-zbog-vremenskih-neprilika-promijenjen-program-za-vikend\/"]}]},{"@type":"ImageObject","inLanguage":"en-US","@id":"https:\/\/gorica.info\/festival-drvenih-kapela-u-srijedu-gostuje-u-kapeli-svetog-martina-u-starom-brodu-zbog-vremenskih-neprilika-promijenjen-program-za-vikend\/#primaryimage","url":"https:\/\/gorica.info\/wp-content\/uploads\/2023\/06\/festival-drvenih-kapela.jpg","contentUrl":"https:\/\/gorica.info\/wp-content\/uploads\/2023\/06\/festival-drvenih-kapela.jpg","width":1100,"height":508,"caption":"Terezija Cukrov odra\u017eala je u utorak koncert u kapeli sv. Barbare u Brestu Pokupskom \/ Foto: Festival drvenih kapela Sancta Barbara"},{"@type":"BreadcrumbList","@id":"https:\/\/gorica.info\/festival-drvenih-kapela-u-srijedu-gostuje-u-kapeli-svetog-martina-u-starom-brodu-zbog-vremenskih-neprilika-promijenjen-program-za-vikend\/#breadcrumb","itemListElement":[{"@type":"ListItem","position":1,"name":"Po\u010detna stranica","item":"https:\/\/gorica.info\/"},{"@type":"ListItem","position":2,"name":"Festival drvenih kapela u srijedu gostuje u kapeli svetog Martina u Starom Brodu: Zbog vremenskih neprilika promijenjen program za vikend"}]},{"@type":"WebSite","@id":"https:\/\/gorica.info\/#website","url":"https:\/\/gorica.info\/","name":"Gorica Info","description":"Vijesti iz Velike Gorice i okolice.","publisher":{"@id":"https:\/\/gorica.info\/#organization"},"potentialAction":[{"@type":"SearchAction","target":{"@type":"EntryPoint","urlTemplate":"https:\/\/gorica.info\/?s={search_term_string}"},"query-input":{"@type":"PropertyValueSpecification","valueRequired":true,"valueName":"search_term_string"}}],"inLanguage":"en-US"},{"@type":["Organization","Place","NewsMediaOrganization"],"@id":"https:\/\/gorica.info\/#organization","name":"Gorica Info","url":"https:\/\/gorica.info\/","logo":{"@id":"https:\/\/gorica.info\/festival-drvenih-kapela-u-srijedu-gostuje-u-kapeli-svetog-martina-u-starom-brodu-zbog-vremenskih-neprilika-promijenjen-program-za-vikend\/#local-main-organization-logo"},"image":{"@id":"https:\/\/gorica.info\/festival-drvenih-kapela-u-srijedu-gostuje-u-kapeli-svetog-martina-u-starom-brodu-zbog-vremenskih-neprilika-promijenjen-program-za-vikend\/#local-main-organization-logo"},"sameAs":["https:\/\/www.facebook.com\/Goricainfo-106005144489262","https:\/\/x.com\/GoricaInfo","https:\/\/www.instagram.com\/gorica.info\/"],"address":{"@id":"https:\/\/gorica.info\/festival-drvenih-kapela-u-srijedu-gostuje-u-kapeli-svetog-martina-u-starom-brodu-zbog-vremenskih-neprilika-promijenjen-program-za-vikend\/#local-main-place-address"},"telephone":[],"openingHoursSpecification":[{"@type":"OpeningHoursSpecification","dayOfWeek":["Monday","Tuesday","Wednesday","Thursday","Friday","Saturday","Sunday"],"opens":"09:00","closes":"17:00"}],"email":"redakcija@gorica.info"},{"@type":"Person","@id":"https:\/\/gorica.info\/#\/schema\/person\/b2df2f6fb2a9073c0fa5af2672befd52","name":"Marta Horvat","description":"Marta Horvat je studentica koja redovito pi\u0161e za portal, prati sva gradska doga\u0111anja i u\u017eiva isprobavati nove recept koje dijeli s na\u0161im \u010ditateljima.","url":"https:\/\/gorica.info\/en\/author\/marta-horvat\/"},{"@type":"PostalAddress","@id":"https:\/\/gorica.info\/festival-drvenih-kapela-u-srijedu-gostuje-u-kapeli-svetog-martina-u-starom-brodu-zbog-vremenskih-neprilika-promijenjen-program-za-vikend\/#local-main-place-address","streetAddress":"Horvatova 97","addressLocality":"Velika Gorica","postalCode":"10410","addressRegion":"Croatia","addressCountry":"HR"},{"@type":"ImageObject","inLanguage":"en-US","@id":"https:\/\/gorica.info\/festival-drvenih-kapela-u-srijedu-gostuje-u-kapeli-svetog-martina-u-starom-brodu-zbog-vremenskih-neprilika-promijenjen-program-za-vikend\/#local-main-organization-logo","url":"https:\/\/gorica.info\/wp-content\/uploads\/2024\/07\/Gorica-Info-Logo-mali.png","contentUrl":"https:\/\/gorica.info\/wp-content\/uploads\/2024\/07\/Gorica-Info-Logo-mali.png","width":450,"height":85,"caption":"Gorica Info"}]},"geo.placename":"Velika Gorica","geo.region":"Croatia"},"_links":{"self":[{"href":"https:\/\/gorica.info\/en\/wp-json\/wp\/v2\/posts\/51053","targetHints":{"allow":["GET"]}}],"collection":[{"href":"https:\/\/gorica.info\/en\/wp-json\/wp\/v2\/posts"}],"about":[{"href":"https:\/\/gorica.info\/en\/wp-json\/wp\/v2\/types\/post"}],"author":[{"embeddable":true,"href":"https:\/\/gorica.info\/en\/wp-json\/wp\/v2\/users\/25"}],"replies":[{"embeddable":true,"href":"https:\/\/gorica.info\/en\/wp-json\/wp\/v2\/comments?post=51053"}],"version-history":[{"count":0,"href":"https:\/\/gorica.info\/en\/wp-json\/wp\/v2\/posts\/51053\/revisions"}],"wp:featuredmedia":[{"embeddable":true,"href":"https:\/\/gorica.info\/en\/wp-json\/wp\/v2\/media\/51054"}],"wp:attachment":[{"href":"https:\/\/gorica.info\/en\/wp-json\/wp\/v2\/media?parent=51053"}],"wp:term":[{"taxonomy":"category","embeddable":true,"href":"https:\/\/gorica.info\/en\/wp-json\/wp\/v2\/categories?post=51053"},{"taxonomy":"post_tag","embeddable":true,"href":"https:\/\/gorica.info\/en\/wp-json\/wp\/v2\/tags?post=51053"}],"curies":[{"name":"wp","href":"https:\/\/api.w.org\/{rel}","templated":true}]}}