{"id":51342,"date":"2023-07-04T08:26:59","date_gmt":"2023-07-04T06:26:59","guid":{"rendered":"https:\/\/gorica.info\/?p=51342"},"modified":"2023-07-04T08:26:59","modified_gmt":"2023-07-04T06:26:59","slug":"uz-pomoc-europskih-sredstava-otvoren-zelinski-multifunkcionalni-centar-za-prevenciju-s-knjiznicom","status":"publish","type":"post","link":"https:\/\/gorica.info\/en\/uz-pomoc-europskih-sredstava-otvoren-zelinski-multifunkcionalni-centar-za-prevenciju-s-knjiznicom\/","title":{"rendered":"Uz pomo\u0107 europskih sredstava: Otvoren Zelinski multifunkcionalni centar za prevenciju s knji\u017enicom"},"content":{"rendered":"<p>Uz pomo\u0107 europskih sredstava<strong> Gradsko dru\u0161tvo Crvenog kri\u017ea Sveti Ivan Zelina<\/strong> uspjelo je izgraditi <strong>Zelinski multifunkcionalni centar za prevenciju s knji\u017enicom<\/strong>. Objekt, koji ima tri eta\u017ee, pobolj\u0161at \u0107e i unaprijediti pru\u017eanje <strong>socijalnih usluga<\/strong> stanovnicima Svetoga Ivana Zeline i Bedenice.<\/p>\n<p>Rad <a href=\"https:\/\/www.zagrebacka-zupanija.hr\/vijesti\/7330\/otvoren-zelinski-multifunkcionalni-centar-za-preve\">Centra<\/a> doprinijet \u0107e smanjenju broja osoba u riziku od socijalne isklju\u010denosti i smanjenju broja osoba smje\u0161tenih u institucije.<\/p>\n<p>&#8211; Za na\u0161e malo dru\u0161tvo Crvenoga kri\u017ea ovo je veliko remek djelo. Ponosni smo \u0161to smo ostvarili dugogodi\u0161nji san. Otvorenjem ovoga objekta otvorili smo novo poglavlje i novu stranicu u na\u0161em radu &#8211; rekla je ravnateljica GD Crvenoga kri\u017ea Sveti Ivan Zelina <strong>Branka Puhelek<\/strong>.<\/p>\n<p><img fetchpriority=\"high\" decoding=\"async\" class=\"aligncenter wp-image-51345 size-full\" src=\"https:\/\/gorica.info\/wp-content\/uploads\/2023\/07\/crveni_kriz_zelina_autor_fotografije_drazen_kopac__3.jpg__648x432_q85_subsampling-2.jpg\" alt=\"zelinski\" width=\"648\" height=\"432\" srcset=\"https:\/\/gorica.info\/wp-content\/uploads\/2023\/07\/crveni_kriz_zelina_autor_fotografije_drazen_kopac__3.jpg__648x432_q85_subsampling-2.jpg 648w, https:\/\/gorica.info\/wp-content\/uploads\/2023\/07\/crveni_kriz_zelina_autor_fotografije_drazen_kopac__3.jpg__648x432_q85_subsampling-2-300x200.jpg 300w, https:\/\/gorica.info\/wp-content\/uploads\/2023\/07\/crveni_kriz_zelina_autor_fotografije_drazen_kopac__3.jpg__648x432_q85_subsampling-2-18x12.jpg 18w\" sizes=\"(max-width: 648px) 100vw, 648px\" \/><\/p>\n<p>Sve\u010danosti je, uz ostale, prisustvovao i zamjenik \u017eupana <strong>Ervin Kolarec<\/strong>.<\/p>\n<p>&#8211; \u010cestitam Gradskom dru\u0161tvu Crvenoga kri\u017ea koji je realizirao ovaj projekt i ishodio zna\u010dajna sredstva iz Europske unije. Ovo \u0107e biti dom svih ranjivih skupina &#8211; rekao je Kolarec.<\/p>\n<p>Kako su cijene gra\u0111evinskih radova u me\u0111uvremenu osjetno porasle, Kolarec je rekao da \u0107e <a href=\"https:\/\/gorica.info\/en\/2023\/07\/01\/dan-hrvatskih-branitelja-zagrebacke-zupanije-vise-od-400-branitelja-s-ovog-podrucja-polozili-svoje-zivote-u-obrani-domovine\/\">Zagreba\u010dka \u017eupanija<\/a> pomo\u0107i ovaj projekt s gotovo<strong> 105.000 eura.<\/strong><\/p>\n<p><img decoding=\"async\" class=\"aligncenter wp-image-51344 size-full\" src=\"https:\/\/gorica.info\/wp-content\/uploads\/2023\/07\/crveni_kriz_zelina_autor_fotografije_drazen_kopac__2.jpg__648x432_q85_subsampling-2.jpg\" alt=\"zelinski\" width=\"648\" height=\"432\" srcset=\"https:\/\/gorica.info\/wp-content\/uploads\/2023\/07\/crveni_kriz_zelina_autor_fotografije_drazen_kopac__2.jpg__648x432_q85_subsampling-2.jpg 648w, https:\/\/gorica.info\/wp-content\/uploads\/2023\/07\/crveni_kriz_zelina_autor_fotografije_drazen_kopac__2.jpg__648x432_q85_subsampling-2-300x200.jpg 300w, https:\/\/gorica.info\/wp-content\/uploads\/2023\/07\/crveni_kriz_zelina_autor_fotografije_drazen_kopac__2.jpg__648x432_q85_subsampling-2-18x12.jpg 18w\" sizes=\"(max-width: 648px) 100vw, 648px\" \/><\/p>\n<p><img decoding=\"async\" class=\"aligncenter wp-image-51343 size-full\" src=\"https:\/\/gorica.info\/wp-content\/uploads\/2023\/07\/crveni_kriz_zelina_autor_fotografije_drazen_kopac__5.jpg__648x432_q85_subsampling-2.jpg\" alt=\"\" width=\"648\" height=\"432\" srcset=\"https:\/\/gorica.info\/wp-content\/uploads\/2023\/07\/crveni_kriz_zelina_autor_fotografije_drazen_kopac__5.jpg__648x432_q85_subsampling-2.jpg 648w, https:\/\/gorica.info\/wp-content\/uploads\/2023\/07\/crveni_kriz_zelina_autor_fotografije_drazen_kopac__5.jpg__648x432_q85_subsampling-2-300x200.jpg 300w, https:\/\/gorica.info\/wp-content\/uploads\/2023\/07\/crveni_kriz_zelina_autor_fotografije_drazen_kopac__5.jpg__648x432_q85_subsampling-2-18x12.jpg 18w\" sizes=\"(max-width: 648px) 100vw, 648px\" \/><\/p>\n<p>&nbsp;<\/p>","protected":false},"excerpt":{"rendered":"<p>Uz pomo\u0107 europskih sredstava Gradsko dru\u0161tvo Crvenog kri\u017ea Sveti Ivan Zelina uspjelo je izgraditi Zelinski multifunkcionalni centar za prevenciju s knji\u017enicom. Objekt, koji ima tri eta\u017ee, pobolj\u0161at \u0107e i unaprijediti pru\u017eanje socijalnih usluga stanovnicima Svetoga Ivana Zeline i Bedenice. Rad Centra doprinijet \u0107e smanjenju broja osoba u riziku od socijalne isklju\u010denosti i smanjenju broja osoba [&hellip;]<\/p>\n","protected":false},"author":23,"featured_media":51346,"comment_status":"open","ping_status":"open","sticky":false,"template":"","format":"standard","meta":{"limit_modified_date":"","last_modified_date":"","jnews-multi-image_gallery":[],"jnews_single_post":[],"jnews_primary_category":[],"jnews_override_counter":[],"footnotes":""},"categories":[108],"tags":[10533,10534,341,611,2386,2353,10536],"class_list":["post-51342","post","type-post","status-publish","format-standard","has-post-thumbnail","hentry","category-zupanija","tag-branka-puhelek","tag-centar","tag-crveni-kriz","tag-ervin-kolarec","tag-socijalne-usluge","tag-sveti-ivan-zelina","tag-zelinski-multifunkcionalni-centar"],"yoast_head":"<!-- This site is optimized with the Yoast SEO Premium plugin v27.4 (Yoast SEO v27.4) - https:\/\/yoast.com\/product\/yoast-seo-premium-wordpress\/ -->\n<title>Uz pomo\u0107 europskih sredstava: Otvoren Zelinski multifunkcionalni centar za prevenciju s knji\u017enicom - Gorica Info<\/title>\n<meta name=\"description\" content=\"Uz pomo\u0107 europskih bespovratnih sredstava: Otvoren je Zelinski multifunkcionalni centar za prevenciju s knji\u017enicom\" \/>\n<meta name=\"robots\" content=\"index, follow, max-snippet:-1, max-image-preview:large, max-video-preview:-1\" \/>\n<link rel=\"canonical\" href=\"https:\/\/gorica.info\/en\/uz-pomoc-europskih-sredstava-otvoren-zelinski-multifunkcionalni-centar-za-prevenciju-s-knjiznicom\/\" \/>\n<meta property=\"og:locale\" content=\"en_US\" \/>\n<meta property=\"og:type\" content=\"article\" \/>\n<meta property=\"og:title\" content=\"Uz pomo\u0107 europskih sredstava: Otvoren Zelinski multifunkcionalni centar za prevenciju s knji\u017enicom\" \/>\n<meta property=\"og:description\" content=\"Uz pomo\u0107 europskih bespovratnih sredstava: Otvoren je Zelinski multifunkcionalni centar za prevenciju s knji\u017enicom\" \/>\n<meta property=\"og:url\" content=\"https:\/\/gorica.info\/en\/uz-pomoc-europskih-sredstava-otvoren-zelinski-multifunkcionalni-centar-za-prevenciju-s-knjiznicom\/\" \/>\n<meta property=\"og:site_name\" content=\"Gorica Info\" \/>\n<meta property=\"article:publisher\" content=\"https:\/\/www.facebook.com\/Goricainfo-106005144489262\" \/>\n<meta property=\"article:published_time\" content=\"2023-07-04T06:26:59+00:00\" \/>\n<meta property=\"og:image\" content=\"https:\/\/gorica.info\/wp-content\/uploads\/2023\/07\/crveni_kriz_zelina_autor_fotografije_drazen_kopac__1.jpg__648x432_q85_subsampling-2.jpg\" \/>\n\t<meta property=\"og:image:width\" content=\"648\" \/>\n\t<meta property=\"og:image:height\" content=\"432\" \/>\n\t<meta property=\"og:image:type\" content=\"image\/jpeg\" \/>\n<meta name=\"author\" content=\"Gorica. info\" \/>\n<meta name=\"twitter:card\" content=\"summary_large_image\" \/>\n<meta name=\"twitter:creator\" content=\"@GoricaInfo\" \/>\n<meta name=\"twitter:site\" content=\"@GoricaInfo\" \/>\n<meta name=\"twitter:label1\" content=\"Written by\" \/>\n\t<meta name=\"twitter:data1\" content=\"Gorica. info\" \/>\n\t<meta name=\"twitter:label2\" content=\"Est. reading time\" \/>\n\t<meta name=\"twitter:data2\" content=\"2 minutes\" \/>\n<meta name=\"geo.placename\" content=\"Velika Gorica\" \/>\n<meta name=\"geo.region\" content=\"Croatia\" \/>\n<!-- \/ Yoast SEO Premium plugin. -->","yoast_head_json":{"title":"Uz pomo\u0107 europskih sredstava: Otvoren Zelinski multifunkcionalni centar za prevenciju s knji\u017enicom - Gorica Info","description":"Uz pomo\u0107 europskih bespovratnih sredstava: Otvoren je Zelinski multifunkcionalni centar za prevenciju s knji\u017enicom","robots":{"index":"index","follow":"follow","max-snippet":"max-snippet:-1","max-image-preview":"max-image-preview:large","max-video-preview":"max-video-preview:-1"},"canonical":"https:\/\/gorica.info\/en\/uz-pomoc-europskih-sredstava-otvoren-zelinski-multifunkcionalni-centar-za-prevenciju-s-knjiznicom\/","og_locale":"en_US","og_type":"article","og_title":"Uz pomo\u0107 europskih sredstava: Otvoren Zelinski multifunkcionalni centar za prevenciju s knji\u017enicom","og_description":"Uz pomo\u0107 europskih bespovratnih sredstava: Otvoren je Zelinski multifunkcionalni centar za prevenciju s knji\u017enicom","og_url":"https:\/\/gorica.info\/en\/uz-pomoc-europskih-sredstava-otvoren-zelinski-multifunkcionalni-centar-za-prevenciju-s-knjiznicom\/","og_site_name":"Gorica Info","article_publisher":"https:\/\/www.facebook.com\/Goricainfo-106005144489262","article_published_time":"2023-07-04T06:26:59+00:00","og_image":[{"width":648,"height":432,"url":"https:\/\/gorica.info\/wp-content\/uploads\/2023\/07\/crveni_kriz_zelina_autor_fotografije_drazen_kopac__1.jpg__648x432_q85_subsampling-2.jpg","type":"image\/jpeg"}],"author":"Gorica. info","twitter_card":"summary_large_image","twitter_creator":"@GoricaInfo","twitter_site":"@GoricaInfo","twitter_misc":{"Written by":"Gorica. info","Est. reading time":"2 minutes"},"schema":{"@context":"https:\/\/schema.org","@graph":[{"@type":"NewsArticle","@id":"https:\/\/gorica.info\/uz-pomoc-europskih-sredstava-otvoren-zelinski-multifunkcionalni-centar-za-prevenciju-s-knjiznicom\/#article","isPartOf":{"@id":"https:\/\/gorica.info\/uz-pomoc-europskih-sredstava-otvoren-zelinski-multifunkcionalni-centar-za-prevenciju-s-knjiznicom\/"},"author":{"name":"Gorica. info","@id":"https:\/\/gorica.info\/#\/schema\/person\/4499af1f22f322670b9b5977ccc2e3de"},"headline":"Uz pomo\u0107 europskih sredstava: Otvoren Zelinski multifunkcionalni centar za prevenciju s knji\u017enicom","datePublished":"2023-07-04T06:26:59+00:00","mainEntityOfPage":{"@id":"https:\/\/gorica.info\/uz-pomoc-europskih-sredstava-otvoren-zelinski-multifunkcionalni-centar-za-prevenciju-s-knjiznicom\/"},"wordCount":199,"commentCount":0,"publisher":{"@id":"https:\/\/gorica.info\/#organization"},"image":{"@id":"https:\/\/gorica.info\/uz-pomoc-europskih-sredstava-otvoren-zelinski-multifunkcionalni-centar-za-prevenciju-s-knjiznicom\/#primaryimage"},"thumbnailUrl":"https:\/\/gorica.info\/wp-content\/uploads\/2023\/07\/crveni_kriz_zelina_autor_fotografije_drazen_kopac__1.jpg__648x432_q85_subsampling-2.jpg","keywords":["branka puhelek","centar","crveni kri\u017e","ervin kolarec","socijalne usluge","sveti ivan zelina","zelinski multifunkcionalni centar"],"articleSection":["\u017dUPANIJA"],"inLanguage":"en-US","potentialAction":[{"@type":"CommentAction","name":"Comment","target":["https:\/\/gorica.info\/uz-pomoc-europskih-sredstava-otvoren-zelinski-multifunkcionalni-centar-za-prevenciju-s-knjiznicom\/#respond"]}],"copyrightYear":"2023","copyrightHolder":{"@id":"https:\/\/gorica.info\/en\/#organization"}},{"@type":"WebPage","@id":"https:\/\/gorica.info\/uz-pomoc-europskih-sredstava-otvoren-zelinski-multifunkcionalni-centar-za-prevenciju-s-knjiznicom\/","url":"https:\/\/gorica.info\/uz-pomoc-europskih-sredstava-otvoren-zelinski-multifunkcionalni-centar-za-prevenciju-s-knjiznicom\/","name":"Uz pomo\u0107 europskih sredstava: Otvoren Zelinski multifunkcionalni centar za prevenciju s knji\u017enicom - Gorica Info","isPartOf":{"@id":"https:\/\/gorica.info\/#website"},"primaryImageOfPage":{"@id":"https:\/\/gorica.info\/uz-pomoc-europskih-sredstava-otvoren-zelinski-multifunkcionalni-centar-za-prevenciju-s-knjiznicom\/#primaryimage"},"image":{"@id":"https:\/\/gorica.info\/uz-pomoc-europskih-sredstava-otvoren-zelinski-multifunkcionalni-centar-za-prevenciju-s-knjiznicom\/#primaryimage"},"thumbnailUrl":"https:\/\/gorica.info\/wp-content\/uploads\/2023\/07\/crveni_kriz_zelina_autor_fotografije_drazen_kopac__1.jpg__648x432_q85_subsampling-2.jpg","datePublished":"2023-07-04T06:26:59+00:00","description":"Uz pomo\u0107 europskih bespovratnih sredstava: Otvoren je Zelinski multifunkcionalni centar za prevenciju s knji\u017enicom","breadcrumb":{"@id":"https:\/\/gorica.info\/uz-pomoc-europskih-sredstava-otvoren-zelinski-multifunkcionalni-centar-za-prevenciju-s-knjiznicom\/#breadcrumb"},"inLanguage":"en-US","potentialAction":[{"@type":"ReadAction","target":["https:\/\/gorica.info\/uz-pomoc-europskih-sredstava-otvoren-zelinski-multifunkcionalni-centar-za-prevenciju-s-knjiznicom\/"]}]},{"@type":"ImageObject","inLanguage":"en-US","@id":"https:\/\/gorica.info\/uz-pomoc-europskih-sredstava-otvoren-zelinski-multifunkcionalni-centar-za-prevenciju-s-knjiznicom\/#primaryimage","url":"https:\/\/gorica.info\/wp-content\/uploads\/2023\/07\/crveni_kriz_zelina_autor_fotografije_drazen_kopac__1.jpg__648x432_q85_subsampling-2.jpg","contentUrl":"https:\/\/gorica.info\/wp-content\/uploads\/2023\/07\/crveni_kriz_zelina_autor_fotografije_drazen_kopac__1.jpg__648x432_q85_subsampling-2.jpg","width":648,"height":432,"caption":"Foto: Dra\u017een Kopa\u010d Zagreba\u010dka \u017eupanija"},{"@type":"BreadcrumbList","@id":"https:\/\/gorica.info\/uz-pomoc-europskih-sredstava-otvoren-zelinski-multifunkcionalni-centar-za-prevenciju-s-knjiznicom\/#breadcrumb","itemListElement":[{"@type":"ListItem","position":1,"name":"Po\u010detna stranica","item":"https:\/\/gorica.info\/"},{"@type":"ListItem","position":2,"name":"Uz pomo\u0107 europskih sredstava: Otvoren Zelinski multifunkcionalni centar za prevenciju s knji\u017enicom"}]},{"@type":"WebSite","@id":"https:\/\/gorica.info\/#website","url":"https:\/\/gorica.info\/","name":"Gorica Info","description":"Vijesti iz Velike Gorice i okolice.","publisher":{"@id":"https:\/\/gorica.info\/#organization"},"potentialAction":[{"@type":"SearchAction","target":{"@type":"EntryPoint","urlTemplate":"https:\/\/gorica.info\/?s={search_term_string}"},"query-input":{"@type":"PropertyValueSpecification","valueRequired":true,"valueName":"search_term_string"}}],"inLanguage":"en-US"},{"@type":["Organization","Place","NewsMediaOrganization"],"@id":"https:\/\/gorica.info\/#organization","name":"Gorica Info","url":"https:\/\/gorica.info\/","logo":{"@id":"https:\/\/gorica.info\/uz-pomoc-europskih-sredstava-otvoren-zelinski-multifunkcionalni-centar-za-prevenciju-s-knjiznicom\/#local-main-organization-logo"},"image":{"@id":"https:\/\/gorica.info\/uz-pomoc-europskih-sredstava-otvoren-zelinski-multifunkcionalni-centar-za-prevenciju-s-knjiznicom\/#local-main-organization-logo"},"sameAs":["https:\/\/www.facebook.com\/Goricainfo-106005144489262","https:\/\/x.com\/GoricaInfo","https:\/\/www.instagram.com\/gorica.info\/"],"address":{"@id":"https:\/\/gorica.info\/uz-pomoc-europskih-sredstava-otvoren-zelinski-multifunkcionalni-centar-za-prevenciju-s-knjiznicom\/#local-main-place-address"},"telephone":[],"openingHoursSpecification":[{"@type":"OpeningHoursSpecification","dayOfWeek":["Monday","Tuesday","Wednesday","Thursday","Friday","Saturday","Sunday"],"opens":"09:00","closes":"17:00"}],"email":"redakcija@gorica.info"},{"@type":"Person","@id":"https:\/\/gorica.info\/#\/schema\/person\/4499af1f22f322670b9b5977ccc2e3de","name":"Gorica. info","description":"Gorica.info je lokalni portal koji prati Veliku Goricu i okolici, svakodnevno donosi najnovije vijesti i pri\u010de, kulturna doga\u0111anja i aktualnosti koje oblikuju \u017eivot gra\u0111ana.","url":"https:\/\/gorica.info\/en\/author\/gorica-info\/"},{"@type":"PostalAddress","@id":"https:\/\/gorica.info\/uz-pomoc-europskih-sredstava-otvoren-zelinski-multifunkcionalni-centar-za-prevenciju-s-knjiznicom\/#local-main-place-address","streetAddress":"Horvatova 97","addressLocality":"Velika Gorica","postalCode":"10410","addressRegion":"Croatia","addressCountry":"HR"},{"@type":"ImageObject","inLanguage":"en-US","@id":"https:\/\/gorica.info\/uz-pomoc-europskih-sredstava-otvoren-zelinski-multifunkcionalni-centar-za-prevenciju-s-knjiznicom\/#local-main-organization-logo","url":"https:\/\/gorica.info\/wp-content\/uploads\/2024\/07\/Gorica-Info-Logo-mali.png","contentUrl":"https:\/\/gorica.info\/wp-content\/uploads\/2024\/07\/Gorica-Info-Logo-mali.png","width":450,"height":85,"caption":"Gorica Info"}]},"geo.placename":"Velika Gorica","geo.region":"Croatia"},"_links":{"self":[{"href":"https:\/\/gorica.info\/en\/wp-json\/wp\/v2\/posts\/51342","targetHints":{"allow":["GET"]}}],"collection":[{"href":"https:\/\/gorica.info\/en\/wp-json\/wp\/v2\/posts"}],"about":[{"href":"https:\/\/gorica.info\/en\/wp-json\/wp\/v2\/types\/post"}],"author":[{"embeddable":true,"href":"https:\/\/gorica.info\/en\/wp-json\/wp\/v2\/users\/23"}],"replies":[{"embeddable":true,"href":"https:\/\/gorica.info\/en\/wp-json\/wp\/v2\/comments?post=51342"}],"version-history":[{"count":0,"href":"https:\/\/gorica.info\/en\/wp-json\/wp\/v2\/posts\/51342\/revisions"}],"wp:featuredmedia":[{"embeddable":true,"href":"https:\/\/gorica.info\/en\/wp-json\/wp\/v2\/media\/51346"}],"wp:attachment":[{"href":"https:\/\/gorica.info\/en\/wp-json\/wp\/v2\/media?parent=51342"}],"wp:term":[{"taxonomy":"category","embeddable":true,"href":"https:\/\/gorica.info\/en\/wp-json\/wp\/v2\/categories?post=51342"},{"taxonomy":"post_tag","embeddable":true,"href":"https:\/\/gorica.info\/en\/wp-json\/wp\/v2\/tags?post=51342"}],"curies":[{"name":"wp","href":"https:\/\/api.w.org\/{rel}","templated":true}]}}