{"id":51356,"date":"2023-07-04T10:23:53","date_gmt":"2023-07-04T08:23:53","guid":{"rendered":"https:\/\/gorica.info\/?p=51356"},"modified":"2023-07-04T10:23:53","modified_gmt":"2023-07-04T08:23:53","slug":"prilika-za-poduzetnike-na-besplatnoj-radionici-naucite-kako-se-oglasavati-na-facebooku-i-instagramu","status":"publish","type":"post","link":"https:\/\/gorica.info\/en\/prilika-za-poduzetnike-na-besplatnoj-radionici-naucite-kako-se-oglasavati-na-facebooku-i-instagramu\/","title":{"rendered":"Prilika za poduzetnike: Na besplatnoj radionici nau\u010dite kako se ogla\u0161avati na Facebooku i Instagramu"},"content":{"rendered":"<p><strong>Vegora<\/strong> organizira radionicu o ogla\u0161avanju na Facebooku i Instagramu. Polaznici \u0107e imati priliku nau\u010diti kako se ogla\u0161avati, izraditi, te pokrenuti cjelovitu <strong>Facebook ili Instagram kampanju<\/strong>. Radionica \u0107e se odr\u017eati<strong> 12. srpnja<\/strong> od 10 do 16 sati u <strong>Pu\u010dkom otvorenom u\u010dili\u0161tu Velika Gorica<\/strong>.<\/p>\n<p>Radionica je namijenjena svima koji planiraju ili su tek zapo\u010deli s marketingom i komunikacijom na digitalnim platformama te imaju Facebook poslovni profil (po mogu\u0107nosti i web stranicu poslovanja) te razumiju osnovni koncept Facebook i\/ili Instagram ogla\u0161avanja. Neophodna za <a href=\"https:\/\/gorica.info\/en\/2023\/07\/03\/nakon-radnog-sastanka-premijer-andrej-plenkovic-i-gradonacelnik-kresimir-ackar-obisli-gradiliste-poduzetnickog-inkubatora\/\">poduzetnike<\/a> koji \u017eele dose\u0107i svoju ciljnu skupinu na dru\u0161tvenim mre\u017eama s obzirom na rastu\u0107u koli\u010dinu sadr\u017eaja koja je njima kao korisnicima upu\u0107ena.<\/p>\n<p>Radionica se odra\u0111uje hands-on pristupom, zahtijeva prakti\u010dan rad te sudionici trebaju ponijeti svoja ra\u010dunala. Broj sudionika je ograni\u010den na 12 te je dolazak obavezan za prijavljene sudionike.<\/p>\n<p>S obzirom na manji broj sudionika mo\u017ee se prijaviti jedna osoba iz poslovnog subjekta, poru\u010duju iz<a href=\"https:\/\/vegora.hr\/edukacija002\/radionica-izrada-oglasivackih-kampanja-facebook-i-instagram\/\"> Vegore<\/a>.<\/p>\n<p>Predava\u010d je<strong> Kre\u0161imir Koru\u017enjak<\/strong>, stru\u010dnjak za <strong>digitalni marketing<\/strong> s vi\u0161egodi\u0161njim iskustvom u vo\u0111enju online marketin\u0161kih kampanja. Certificirani je Google partner za Google Ads program ogla\u0161avanja i Google Analytics program za pra\u0107enje i analizu web sjedi\u0161ta. Vlasnik je digitalno marketin\u0161ke agencije LosWebos.<\/p>\n<p>&nbsp;<\/p>\n<p>&nbsp;<\/p>\n<p>&nbsp;<\/p>\n<p>&nbsp;<\/p>\n<p>&nbsp;<\/p>\n<p>&nbsp;<\/p>","protected":false},"excerpt":{"rendered":"<p>Vegora organizira radionicu o ogla\u0161avanju na Facebooku i Instagramu. Polaznici \u0107e imati priliku nau\u010diti kako se ogla\u0161avati, izraditi, te pokrenuti cjelovitu Facebook ili Instagram kampanju. Radionica \u0107e se odr\u017eati 12. srpnja od 10 do 16 sati u Pu\u010dkom otvorenom u\u010dili\u0161tu Velika Gorica. Radionica je namijenjena svima koji planiraju ili su tek zapo\u010deli s marketingom i [&hellip;]<\/p>\n","protected":false},"author":25,"featured_media":51357,"comment_status":"open","ping_status":"open","sticky":false,"template":"","format":"standard","meta":{"limit_modified_date":"","last_modified_date":"","jnews-multi-image_gallery":[],"jnews_single_post":[],"jnews_primary_category":[],"jnews_override_counter":[],"footnotes":""},"categories":[88],"tags":[10537,435,3102,10538,10539,10540],"class_list":["post-51356","post","type-post","status-publish","format-standard","has-post-thumbnail","hentry","category-gospodarstvo","tag-digitalni-marketing","tag-facebook","tag-instagram","tag-kamapnje","tag-kresimir-koruznjak","tag-oglasavanje"],"yoast_head":"<!-- This site is optimized with the Yoast SEO Premium plugin v27.4 (Yoast SEO v27.4) - https:\/\/yoast.com\/product\/yoast-seo-premium-wordpress\/ -->\n<title>Prilika za poduzetnike: Na besplatnoj radionici nau\u010dite kako se ogla\u0161avati na Facebooku i Instagramu - Gorica Info<\/title>\n<meta name=\"description\" content=\"Prilika za gori\u010dke poduzetnike: Na besplatnoj radionici nau\u010dite kako se ogla\u0161avati na Facebooku i Instagramu.\" \/>\n<meta name=\"robots\" content=\"index, follow, max-snippet:-1, max-image-preview:large, max-video-preview:-1\" \/>\n<link rel=\"canonical\" href=\"https:\/\/gorica.info\/en\/prilika-za-poduzetnike-na-besplatnoj-radionici-naucite-kako-se-oglasavati-na-facebooku-i-instagramu\/\" \/>\n<meta property=\"og:locale\" content=\"en_US\" \/>\n<meta property=\"og:type\" content=\"article\" \/>\n<meta property=\"og:title\" content=\"Prilika za poduzetnike: Na besplatnoj radionici nau\u010dite kako se ogla\u0161avati na Facebooku i Instagramu\" \/>\n<meta property=\"og:description\" content=\"Prilika za gori\u010dke poduzetnike: Na besplatnoj radionici nau\u010dite kako se ogla\u0161avati na Facebooku i Instagramu.\" \/>\n<meta property=\"og:url\" content=\"https:\/\/gorica.info\/en\/prilika-za-poduzetnike-na-besplatnoj-radionici-naucite-kako-se-oglasavati-na-facebooku-i-instagramu\/\" \/>\n<meta property=\"og:site_name\" content=\"Gorica Info\" \/>\n<meta property=\"article:publisher\" content=\"https:\/\/www.facebook.com\/Goricainfo-106005144489262\" \/>\n<meta property=\"article:published_time\" content=\"2023-07-04T08:23:53+00:00\" \/>\n<meta property=\"og:image\" content=\"https:\/\/gorica.info\/wp-content\/uploads\/2023\/07\/radionica-vegora.jpg\" \/>\n\t<meta property=\"og:image:width\" content=\"1420\" \/>\n\t<meta property=\"og:image:height\" content=\"640\" \/>\n\t<meta property=\"og:image:type\" content=\"image\/jpeg\" \/>\n<meta name=\"author\" content=\"Marta Horvat\" \/>\n<meta name=\"twitter:card\" content=\"summary_large_image\" \/>\n<meta name=\"twitter:creator\" content=\"@GoricaInfo\" \/>\n<meta name=\"twitter:site\" content=\"@GoricaInfo\" \/>\n<meta name=\"twitter:label1\" content=\"Written by\" \/>\n\t<meta name=\"twitter:data1\" content=\"Marta Horvat\" \/>\n\t<meta name=\"twitter:label2\" content=\"Est. reading time\" \/>\n\t<meta name=\"twitter:data2\" content=\"2 minutes\" \/>\n<meta name=\"geo.placename\" content=\"Velika Gorica\" \/>\n<meta name=\"geo.region\" content=\"Croatia\" \/>\n<!-- \/ Yoast SEO Premium plugin. -->","yoast_head_json":{"title":"Prilika za poduzetnike: Na besplatnoj radionici nau\u010dite kako se ogla\u0161avati na Facebooku i Instagramu - Gorica Info","description":"Prilika za gori\u010dke poduzetnike: Na besplatnoj radionici nau\u010dite kako se ogla\u0161avati na Facebooku i Instagramu.","robots":{"index":"index","follow":"follow","max-snippet":"max-snippet:-1","max-image-preview":"max-image-preview:large","max-video-preview":"max-video-preview:-1"},"canonical":"https:\/\/gorica.info\/en\/prilika-za-poduzetnike-na-besplatnoj-radionici-naucite-kako-se-oglasavati-na-facebooku-i-instagramu\/","og_locale":"en_US","og_type":"article","og_title":"Prilika za poduzetnike: Na besplatnoj radionici nau\u010dite kako se ogla\u0161avati na Facebooku i Instagramu","og_description":"Prilika za gori\u010dke poduzetnike: Na besplatnoj radionici nau\u010dite kako se ogla\u0161avati na Facebooku i Instagramu.","og_url":"https:\/\/gorica.info\/en\/prilika-za-poduzetnike-na-besplatnoj-radionici-naucite-kako-se-oglasavati-na-facebooku-i-instagramu\/","og_site_name":"Gorica Info","article_publisher":"https:\/\/www.facebook.com\/Goricainfo-106005144489262","article_published_time":"2023-07-04T08:23:53+00:00","og_image":[{"width":1420,"height":640,"url":"https:\/\/gorica.info\/wp-content\/uploads\/2023\/07\/radionica-vegora.jpg","type":"image\/jpeg"}],"author":"Marta Horvat","twitter_card":"summary_large_image","twitter_creator":"@GoricaInfo","twitter_site":"@GoricaInfo","twitter_misc":{"Written by":"Marta Horvat","Est. reading time":"2 minutes"},"schema":{"@context":"https:\/\/schema.org","@graph":[{"@type":"NewsArticle","@id":"https:\/\/gorica.info\/prilika-za-poduzetnike-na-besplatnoj-radionici-naucite-kako-se-oglasavati-na-facebooku-i-instagramu\/#article","isPartOf":{"@id":"https:\/\/gorica.info\/prilika-za-poduzetnike-na-besplatnoj-radionici-naucite-kako-se-oglasavati-na-facebooku-i-instagramu\/"},"author":{"name":"Marta Horvat","@id":"https:\/\/gorica.info\/#\/schema\/person\/b2df2f6fb2a9073c0fa5af2672befd52"},"headline":"Prilika za poduzetnike: Na besplatnoj radionici nau\u010dite kako se ogla\u0161avati na Facebooku i Instagramu","datePublished":"2023-07-04T08:23:53+00:00","mainEntityOfPage":{"@id":"https:\/\/gorica.info\/prilika-za-poduzetnike-na-besplatnoj-radionici-naucite-kako-se-oglasavati-na-facebooku-i-instagramu\/"},"wordCount":240,"commentCount":0,"publisher":{"@id":"https:\/\/gorica.info\/#organization"},"image":{"@id":"https:\/\/gorica.info\/prilika-za-poduzetnike-na-besplatnoj-radionici-naucite-kako-se-oglasavati-na-facebooku-i-instagramu\/#primaryimage"},"thumbnailUrl":"https:\/\/gorica.info\/wp-content\/uploads\/2023\/07\/radionica-vegora.jpg","keywords":["digitalni marketing","Facebook","instagram","kamapnje","kre\u0161imir koru\u017enjak","ogla\u0161avanje"],"articleSection":["GOSPODARSTVO"],"inLanguage":"en-US","potentialAction":[{"@type":"CommentAction","name":"Comment","target":["https:\/\/gorica.info\/prilika-za-poduzetnike-na-besplatnoj-radionici-naucite-kako-se-oglasavati-na-facebooku-i-instagramu\/#respond"]}],"copyrightYear":"2023","copyrightHolder":{"@id":"https:\/\/gorica.info\/en\/#organization"}},{"@type":"WebPage","@id":"https:\/\/gorica.info\/prilika-za-poduzetnike-na-besplatnoj-radionici-naucite-kako-se-oglasavati-na-facebooku-i-instagramu\/","url":"https:\/\/gorica.info\/prilika-za-poduzetnike-na-besplatnoj-radionici-naucite-kako-se-oglasavati-na-facebooku-i-instagramu\/","name":"Prilika za poduzetnike: Na besplatnoj radionici nau\u010dite kako se ogla\u0161avati na Facebooku i Instagramu - Gorica Info","isPartOf":{"@id":"https:\/\/gorica.info\/#website"},"primaryImageOfPage":{"@id":"https:\/\/gorica.info\/prilika-za-poduzetnike-na-besplatnoj-radionici-naucite-kako-se-oglasavati-na-facebooku-i-instagramu\/#primaryimage"},"image":{"@id":"https:\/\/gorica.info\/prilika-za-poduzetnike-na-besplatnoj-radionici-naucite-kako-se-oglasavati-na-facebooku-i-instagramu\/#primaryimage"},"thumbnailUrl":"https:\/\/gorica.info\/wp-content\/uploads\/2023\/07\/radionica-vegora.jpg","datePublished":"2023-07-04T08:23:53+00:00","description":"Prilika za gori\u010dke poduzetnike: Na besplatnoj radionici nau\u010dite kako se ogla\u0161avati na Facebooku i Instagramu.","breadcrumb":{"@id":"https:\/\/gorica.info\/prilika-za-poduzetnike-na-besplatnoj-radionici-naucite-kako-se-oglasavati-na-facebooku-i-instagramu\/#breadcrumb"},"inLanguage":"en-US","potentialAction":[{"@type":"ReadAction","target":["https:\/\/gorica.info\/prilika-za-poduzetnike-na-besplatnoj-radionici-naucite-kako-se-oglasavati-na-facebooku-i-instagramu\/"]}]},{"@type":"ImageObject","inLanguage":"en-US","@id":"https:\/\/gorica.info\/prilika-za-poduzetnike-na-besplatnoj-radionici-naucite-kako-se-oglasavati-na-facebooku-i-instagramu\/#primaryimage","url":"https:\/\/gorica.info\/wp-content\/uploads\/2023\/07\/radionica-vegora.jpg","contentUrl":"https:\/\/gorica.info\/wp-content\/uploads\/2023\/07\/radionica-vegora.jpg","width":1100,"height":496,"caption":"Foto: FB Vegora"},{"@type":"BreadcrumbList","@id":"https:\/\/gorica.info\/prilika-za-poduzetnike-na-besplatnoj-radionici-naucite-kako-se-oglasavati-na-facebooku-i-instagramu\/#breadcrumb","itemListElement":[{"@type":"ListItem","position":1,"name":"Po\u010detna stranica","item":"https:\/\/gorica.info\/"},{"@type":"ListItem","position":2,"name":"Prilika za poduzetnike: Na besplatnoj radionici nau\u010dite kako se ogla\u0161avati na Facebooku i Instagramu"}]},{"@type":"WebSite","@id":"https:\/\/gorica.info\/#website","url":"https:\/\/gorica.info\/","name":"Gorica Info","description":"Vijesti iz Velike Gorice i okolice.","publisher":{"@id":"https:\/\/gorica.info\/#organization"},"potentialAction":[{"@type":"SearchAction","target":{"@type":"EntryPoint","urlTemplate":"https:\/\/gorica.info\/?s={search_term_string}"},"query-input":{"@type":"PropertyValueSpecification","valueRequired":true,"valueName":"search_term_string"}}],"inLanguage":"en-US"},{"@type":["Organization","Place","NewsMediaOrganization"],"@id":"https:\/\/gorica.info\/#organization","name":"Gorica Info","url":"https:\/\/gorica.info\/","logo":{"@id":"https:\/\/gorica.info\/prilika-za-poduzetnike-na-besplatnoj-radionici-naucite-kako-se-oglasavati-na-facebooku-i-instagramu\/#local-main-organization-logo"},"image":{"@id":"https:\/\/gorica.info\/prilika-za-poduzetnike-na-besplatnoj-radionici-naucite-kako-se-oglasavati-na-facebooku-i-instagramu\/#local-main-organization-logo"},"sameAs":["https:\/\/www.facebook.com\/Goricainfo-106005144489262","https:\/\/x.com\/GoricaInfo","https:\/\/www.instagram.com\/gorica.info\/"],"address":{"@id":"https:\/\/gorica.info\/prilika-za-poduzetnike-na-besplatnoj-radionici-naucite-kako-se-oglasavati-na-facebooku-i-instagramu\/#local-main-place-address"},"telephone":[],"openingHoursSpecification":[{"@type":"OpeningHoursSpecification","dayOfWeek":["Monday","Tuesday","Wednesday","Thursday","Friday","Saturday","Sunday"],"opens":"09:00","closes":"17:00"}],"email":"redakcija@gorica.info"},{"@type":"Person","@id":"https:\/\/gorica.info\/#\/schema\/person\/b2df2f6fb2a9073c0fa5af2672befd52","name":"Marta Horvat","description":"Marta Horvat je studentica koja redovito pi\u0161e za portal, prati sva gradska doga\u0111anja i u\u017eiva isprobavati nove recept koje dijeli s na\u0161im \u010ditateljima.","url":"https:\/\/gorica.info\/en\/author\/marta-horvat\/"},{"@type":"PostalAddress","@id":"https:\/\/gorica.info\/prilika-za-poduzetnike-na-besplatnoj-radionici-naucite-kako-se-oglasavati-na-facebooku-i-instagramu\/#local-main-place-address","streetAddress":"Horvatova 97","addressLocality":"Velika Gorica","postalCode":"10410","addressRegion":"Croatia","addressCountry":"HR"},{"@type":"ImageObject","inLanguage":"en-US","@id":"https:\/\/gorica.info\/prilika-za-poduzetnike-na-besplatnoj-radionici-naucite-kako-se-oglasavati-na-facebooku-i-instagramu\/#local-main-organization-logo","url":"https:\/\/gorica.info\/wp-content\/uploads\/2024\/07\/Gorica-Info-Logo-mali.png","contentUrl":"https:\/\/gorica.info\/wp-content\/uploads\/2024\/07\/Gorica-Info-Logo-mali.png","width":450,"height":85,"caption":"Gorica Info"}]},"geo.placename":"Velika Gorica","geo.region":"Croatia"},"_links":{"self":[{"href":"https:\/\/gorica.info\/en\/wp-json\/wp\/v2\/posts\/51356","targetHints":{"allow":["GET"]}}],"collection":[{"href":"https:\/\/gorica.info\/en\/wp-json\/wp\/v2\/posts"}],"about":[{"href":"https:\/\/gorica.info\/en\/wp-json\/wp\/v2\/types\/post"}],"author":[{"embeddable":true,"href":"https:\/\/gorica.info\/en\/wp-json\/wp\/v2\/users\/25"}],"replies":[{"embeddable":true,"href":"https:\/\/gorica.info\/en\/wp-json\/wp\/v2\/comments?post=51356"}],"version-history":[{"count":0,"href":"https:\/\/gorica.info\/en\/wp-json\/wp\/v2\/posts\/51356\/revisions"}],"wp:featuredmedia":[{"embeddable":true,"href":"https:\/\/gorica.info\/en\/wp-json\/wp\/v2\/media\/51357"}],"wp:attachment":[{"href":"https:\/\/gorica.info\/en\/wp-json\/wp\/v2\/media?parent=51356"}],"wp:term":[{"taxonomy":"category","embeddable":true,"href":"https:\/\/gorica.info\/en\/wp-json\/wp\/v2\/categories?post=51356"},{"taxonomy":"post_tag","embeddable":true,"href":"https:\/\/gorica.info\/en\/wp-json\/wp\/v2\/tags?post=51356"}],"curies":[{"name":"wp","href":"https:\/\/api.w.org\/{rel}","templated":true}]}}