{"id":51564,"date":"2023-07-10T08:26:33","date_gmt":"2023-07-10T06:26:33","guid":{"rendered":"https:\/\/gorica.info\/?p=51564"},"modified":"2023-07-10T08:26:33","modified_gmt":"2023-07-10T06:26:33","slug":"krece-unistavanje-licinki-komaraca-u-ponedjeljak-su-na-rasporedu-velika-gorica-velika-mlaka-i-gradici","status":"publish","type":"post","link":"https:\/\/gorica.info\/en\/krece-unistavanje-licinki-komaraca-u-ponedjeljak-su-na-rasporedu-velika-gorica-velika-mlaka-i-gradici\/","title":{"rendered":"Kre\u0107e uni\u0161tavanje li\u010dinki komaraca: U ponedjeljak su na rasporedu Velika Gorica, Velika Mlaka i Gradi\u0107i"},"content":{"rendered":"<p>Tvrtka<strong> Eko Deratizacija<\/strong> nastavlja s akcijom uni\u0161tavanja komaraca na velikogori\u010dkom podru\u010dju. U <strong>ponedjeljak, 10. srpnja<\/strong> na rasporedu je larvicidni tretman odnosno <strong>suzbijanje li\u010dinki komaraca<\/strong>.<\/p>\n<p>Na podru\u010dju I. i II. Zone komunalnog doprinosa<a href=\"https:\/\/gorica.info\/en\/2023\/06\/27\/u-cetvrtak-pocinje-spricanje-komaraca-donosimo-detaljan-raspored-za-sva-goricka-naselja\/\"> Grada Velike Gorice<\/a> (<a href=\"http:\/\/www.gorica.hr\/\">Velika Gorica<\/a>, Velika Mlaka i Gradi\u0107i) djelatnici \u0107e provoditi sljede\u0107e aktivnosti: otkrivanja novih legla (terenski obilazak), pra\u0107enje legla komaraca u povremenim i trajnim vodama (potoci, retencije potoka, bare, kanali, jezera, slivnici uz prometnice, kanalizacijska reviziona okna, zapu\u0161tene fontane i bazeni), larvicidne tretmane &#8211; suzbijanje li\u010dinki primjenom odgovaraju\u0107ih larvicida, uklanjanje legla kada je to mogu\u0107e. Tako\u0111er \u0107e pratiti brojnosti odraslih komaraca.<\/p>\n<p>Akcija \u0107e trajati <strong>od 10 do 14 sati.<\/strong><\/p>\n<p>Dezinsekcija komaraca u stadiju li\u010dinke provoditi \u0107e se na sljede\u0107em podru\u010dju: Podbre\u017enica (Gradski vrt 1), Podbre\u017enica (Gradski vrt 2), Podbre\u017enica (livada uz \u0160ibensku), Cibljanica (Gradsko groblje), G\u010c Vladimir Nazor (park dr. Franje Tu\u0111mana), G\u010c Miljenko Grani\u0107 (kanal uz Zagreba\u010dku\/Vukomeri\u010dku uz Auto Zubak), G\u010c Stari Grad (recikla\u017eno dvori\u0161te \u02ddSajmi\u0161te\u02dd), G\u010c Pleso (odvodni kanal kod vojarne), Velika Mlaka (ul. K. Weingartnera kod br. 18), Velika Mlaka (Dolenec), Velika Mlaka (vulkanizerska radnja) i Gradi\u0107i (vulkanizerska radnja).<\/p>\n<p>&nbsp;<\/p>\n<p>&nbsp;<\/p>\n<p>&nbsp;<\/p>\n<p>&nbsp;<\/p>","protected":false},"excerpt":{"rendered":"<p>Tvrtka Eko Deratizacija nastavlja s akcijom uni\u0161tavanja komaraca na velikogori\u010dkom podru\u010dju. U ponedjeljak, 10. srpnja na rasporedu je larvicidni tretman odnosno suzbijanje li\u010dinki komaraca. Na podru\u010dju I. i II. Zone komunalnog doprinosa Grada Velike Gorice (Velika Gorica, Velika Mlaka i Gradi\u0107i) djelatnici \u0107e provoditi sljede\u0107e aktivnosti: otkrivanja novih legla (terenski obilazak), pra\u0107enje legla komaraca u [&hellip;]<\/p>\n","protected":false},"author":23,"featured_media":51565,"comment_status":"open","ping_status":"open","sticky":false,"template":"","format":"standard","meta":{"limit_modified_date":"","last_modified_date":"","jnews-multi-image_gallery":[],"jnews_single_post":[],"jnews_primary_category":[],"jnews_override_counter":[],"footnotes":""},"categories":[91],"tags":[4807,523,10593,10594,122],"class_list":["post-51564","post","type-post","status-publish","format-standard","has-post-thumbnail","hentry","category-vg-vazno","tag-eko-deratizacija","tag-komarci","tag-larvicidni-tretman","tag-licinke","tag-velika-gorica"],"yoast_head":"<!-- This site is optimized with the Yoast SEO Premium plugin v27.4 (Yoast SEO v27.4) - https:\/\/yoast.com\/product\/yoast-seo-premium-wordpress\/ -->\n<title>Kre\u0107e uni\u0161tavanje li\u010dinki komaraca: U ponedjeljak su na rasporedu Velika Gorica, Velika Mlaka i Gradi\u0107i - Gorica Info<\/title>\n<meta name=\"description\" content=\"Kre\u0107e uni\u0161tavanje komaraca u stadiju li\u010dinki: U ponedjeljak su na rasporedu Velika Gorica, Velika Mlaka i Gradi\u0107i\" \/>\n<meta name=\"robots\" content=\"index, follow, max-snippet:-1, max-image-preview:large, max-video-preview:-1\" \/>\n<link rel=\"canonical\" href=\"https:\/\/gorica.info\/en\/krece-unistavanje-licinki-komaraca-u-ponedjeljak-su-na-rasporedu-velika-gorica-velika-mlaka-i-gradici\/\" \/>\n<meta property=\"og:locale\" content=\"en_US\" \/>\n<meta property=\"og:type\" content=\"article\" \/>\n<meta property=\"og:title\" content=\"Kre\u0107e uni\u0161tavanje li\u010dinki komaraca: U ponedjeljak su na rasporedu Velika Gorica, Velika Mlaka i Gradi\u0107i\" \/>\n<meta property=\"og:description\" content=\"Kre\u0107e uni\u0161tavanje komaraca u stadiju li\u010dinki: U ponedjeljak su na rasporedu Velika Gorica, Velika Mlaka i Gradi\u0107i\" \/>\n<meta property=\"og:url\" content=\"https:\/\/gorica.info\/en\/krece-unistavanje-licinki-komaraca-u-ponedjeljak-su-na-rasporedu-velika-gorica-velika-mlaka-i-gradici\/\" \/>\n<meta property=\"og:site_name\" content=\"Gorica Info\" \/>\n<meta property=\"article:publisher\" content=\"https:\/\/www.facebook.com\/Goricainfo-106005144489262\" \/>\n<meta property=\"article:published_time\" content=\"2023-07-10T06:26:33+00:00\" \/>\n<meta property=\"og:image\" content=\"https:\/\/gorica.info\/wp-content\/uploads\/2023\/07\/komarci-foto-pixabay.jpg\" \/>\n\t<meta property=\"og:image:width\" content=\"1172\" \/>\n\t<meta property=\"og:image:height\" content=\"800\" \/>\n\t<meta property=\"og:image:type\" content=\"image\/jpeg\" \/>\n<meta name=\"author\" content=\"Gorica. info\" \/>\n<meta name=\"twitter:card\" content=\"summary_large_image\" \/>\n<meta name=\"twitter:creator\" content=\"@GoricaInfo\" \/>\n<meta name=\"twitter:site\" content=\"@GoricaInfo\" \/>\n<meta name=\"twitter:label1\" content=\"Written by\" \/>\n\t<meta name=\"twitter:data1\" content=\"Gorica. info\" \/>\n\t<meta name=\"twitter:label2\" content=\"Est. reading time\" \/>\n\t<meta name=\"twitter:data2\" content=\"1 minute\" \/>\n<meta name=\"geo.placename\" content=\"Velika Gorica\" \/>\n<meta name=\"geo.region\" content=\"Croatia\" \/>\n<!-- \/ Yoast SEO Premium plugin. -->","yoast_head_json":{"title":"Kre\u0107e uni\u0161tavanje li\u010dinki komaraca: U ponedjeljak su na rasporedu Velika Gorica, Velika Mlaka i Gradi\u0107i - Gorica Info","description":"Kre\u0107e uni\u0161tavanje komaraca u stadiju li\u010dinki: U ponedjeljak su na rasporedu Velika Gorica, Velika Mlaka i Gradi\u0107i","robots":{"index":"index","follow":"follow","max-snippet":"max-snippet:-1","max-image-preview":"max-image-preview:large","max-video-preview":"max-video-preview:-1"},"canonical":"https:\/\/gorica.info\/en\/krece-unistavanje-licinki-komaraca-u-ponedjeljak-su-na-rasporedu-velika-gorica-velika-mlaka-i-gradici\/","og_locale":"en_US","og_type":"article","og_title":"Kre\u0107e uni\u0161tavanje li\u010dinki komaraca: U ponedjeljak su na rasporedu Velika Gorica, Velika Mlaka i Gradi\u0107i","og_description":"Kre\u0107e uni\u0161tavanje komaraca u stadiju li\u010dinki: U ponedjeljak su na rasporedu Velika Gorica, Velika Mlaka i Gradi\u0107i","og_url":"https:\/\/gorica.info\/en\/krece-unistavanje-licinki-komaraca-u-ponedjeljak-su-na-rasporedu-velika-gorica-velika-mlaka-i-gradici\/","og_site_name":"Gorica Info","article_publisher":"https:\/\/www.facebook.com\/Goricainfo-106005144489262","article_published_time":"2023-07-10T06:26:33+00:00","og_image":[{"width":1172,"height":800,"url":"https:\/\/gorica.info\/wp-content\/uploads\/2023\/07\/komarci-foto-pixabay.jpg","type":"image\/jpeg"}],"author":"Gorica. info","twitter_card":"summary_large_image","twitter_creator":"@GoricaInfo","twitter_site":"@GoricaInfo","twitter_misc":{"Written by":"Gorica. info","Est. reading time":"1 minute"},"schema":{"@context":"https:\/\/schema.org","@graph":[{"@type":"NewsArticle","@id":"https:\/\/gorica.info\/krece-unistavanje-licinki-komaraca-u-ponedjeljak-su-na-rasporedu-velika-gorica-velika-mlaka-i-gradici\/#article","isPartOf":{"@id":"https:\/\/gorica.info\/krece-unistavanje-licinki-komaraca-u-ponedjeljak-su-na-rasporedu-velika-gorica-velika-mlaka-i-gradici\/"},"author":{"name":"Gorica. info","@id":"https:\/\/gorica.info\/#\/schema\/person\/4499af1f22f322670b9b5977ccc2e3de"},"headline":"Kre\u0107e uni\u0161tavanje li\u010dinki komaraca: U ponedjeljak su na rasporedu Velika Gorica, Velika Mlaka i Gradi\u0107i","datePublished":"2023-07-10T06:26:33+00:00","mainEntityOfPage":{"@id":"https:\/\/gorica.info\/krece-unistavanje-licinki-komaraca-u-ponedjeljak-su-na-rasporedu-velika-gorica-velika-mlaka-i-gradici\/"},"wordCount":220,"commentCount":0,"publisher":{"@id":"https:\/\/gorica.info\/#organization"},"image":{"@id":"https:\/\/gorica.info\/krece-unistavanje-licinki-komaraca-u-ponedjeljak-su-na-rasporedu-velika-gorica-velika-mlaka-i-gradici\/#primaryimage"},"thumbnailUrl":"https:\/\/gorica.info\/wp-content\/uploads\/2023\/07\/komarci-foto-pixabay.jpg","keywords":["eko-deratizacija","komarci","larvicidni tretman","li\u010dinke","Velika Gorica"],"articleSection":["VG VA\u017dNO"],"inLanguage":"en-US","potentialAction":[{"@type":"CommentAction","name":"Comment","target":["https:\/\/gorica.info\/krece-unistavanje-licinki-komaraca-u-ponedjeljak-su-na-rasporedu-velika-gorica-velika-mlaka-i-gradici\/#respond"]}],"copyrightYear":"2023","copyrightHolder":{"@id":"https:\/\/gorica.info\/en\/#organization"}},{"@type":"WebPage","@id":"https:\/\/gorica.info\/krece-unistavanje-licinki-komaraca-u-ponedjeljak-su-na-rasporedu-velika-gorica-velika-mlaka-i-gradici\/","url":"https:\/\/gorica.info\/krece-unistavanje-licinki-komaraca-u-ponedjeljak-su-na-rasporedu-velika-gorica-velika-mlaka-i-gradici\/","name":"Kre\u0107e uni\u0161tavanje li\u010dinki komaraca: U ponedjeljak su na rasporedu Velika Gorica, Velika Mlaka i Gradi\u0107i - Gorica Info","isPartOf":{"@id":"https:\/\/gorica.info\/#website"},"primaryImageOfPage":{"@id":"https:\/\/gorica.info\/krece-unistavanje-licinki-komaraca-u-ponedjeljak-su-na-rasporedu-velika-gorica-velika-mlaka-i-gradici\/#primaryimage"},"image":{"@id":"https:\/\/gorica.info\/krece-unistavanje-licinki-komaraca-u-ponedjeljak-su-na-rasporedu-velika-gorica-velika-mlaka-i-gradici\/#primaryimage"},"thumbnailUrl":"https:\/\/gorica.info\/wp-content\/uploads\/2023\/07\/komarci-foto-pixabay.jpg","datePublished":"2023-07-10T06:26:33+00:00","description":"Kre\u0107e uni\u0161tavanje komaraca u stadiju li\u010dinki: U ponedjeljak su na rasporedu Velika Gorica, Velika Mlaka i Gradi\u0107i","breadcrumb":{"@id":"https:\/\/gorica.info\/krece-unistavanje-licinki-komaraca-u-ponedjeljak-su-na-rasporedu-velika-gorica-velika-mlaka-i-gradici\/#breadcrumb"},"inLanguage":"en-US","potentialAction":[{"@type":"ReadAction","target":["https:\/\/gorica.info\/krece-unistavanje-licinki-komaraca-u-ponedjeljak-su-na-rasporedu-velika-gorica-velika-mlaka-i-gradici\/"]}]},{"@type":"ImageObject","inLanguage":"en-US","@id":"https:\/\/gorica.info\/krece-unistavanje-licinki-komaraca-u-ponedjeljak-su-na-rasporedu-velika-gorica-velika-mlaka-i-gradici\/#primaryimage","url":"https:\/\/gorica.info\/wp-content\/uploads\/2023\/07\/komarci-foto-pixabay.jpg","contentUrl":"https:\/\/gorica.info\/wp-content\/uploads\/2023\/07\/komarci-foto-pixabay.jpg","width":1100,"height":751,"caption":"Foto: Pixabay"},{"@type":"BreadcrumbList","@id":"https:\/\/gorica.info\/krece-unistavanje-licinki-komaraca-u-ponedjeljak-su-na-rasporedu-velika-gorica-velika-mlaka-i-gradici\/#breadcrumb","itemListElement":[{"@type":"ListItem","position":1,"name":"Po\u010detna stranica","item":"https:\/\/gorica.info\/"},{"@type":"ListItem","position":2,"name":"Kre\u0107e uni\u0161tavanje li\u010dinki komaraca: U ponedjeljak su na rasporedu Velika Gorica, Velika Mlaka i Gradi\u0107i"}]},{"@type":"WebSite","@id":"https:\/\/gorica.info\/#website","url":"https:\/\/gorica.info\/","name":"Gorica Info","description":"Vijesti iz Velike Gorice i okolice.","publisher":{"@id":"https:\/\/gorica.info\/#organization"},"potentialAction":[{"@type":"SearchAction","target":{"@type":"EntryPoint","urlTemplate":"https:\/\/gorica.info\/?s={search_term_string}"},"query-input":{"@type":"PropertyValueSpecification","valueRequired":true,"valueName":"search_term_string"}}],"inLanguage":"en-US"},{"@type":["Organization","Place","NewsMediaOrganization"],"@id":"https:\/\/gorica.info\/#organization","name":"Gorica Info","url":"https:\/\/gorica.info\/","logo":{"@id":"https:\/\/gorica.info\/krece-unistavanje-licinki-komaraca-u-ponedjeljak-su-na-rasporedu-velika-gorica-velika-mlaka-i-gradici\/#local-main-organization-logo"},"image":{"@id":"https:\/\/gorica.info\/krece-unistavanje-licinki-komaraca-u-ponedjeljak-su-na-rasporedu-velika-gorica-velika-mlaka-i-gradici\/#local-main-organization-logo"},"sameAs":["https:\/\/www.facebook.com\/Goricainfo-106005144489262","https:\/\/x.com\/GoricaInfo","https:\/\/www.instagram.com\/gorica.info\/"],"address":{"@id":"https:\/\/gorica.info\/krece-unistavanje-licinki-komaraca-u-ponedjeljak-su-na-rasporedu-velika-gorica-velika-mlaka-i-gradici\/#local-main-place-address"},"telephone":[],"openingHoursSpecification":[{"@type":"OpeningHoursSpecification","dayOfWeek":["Monday","Tuesday","Wednesday","Thursday","Friday","Saturday","Sunday"],"opens":"09:00","closes":"17:00"}],"email":"redakcija@gorica.info"},{"@type":"Person","@id":"https:\/\/gorica.info\/#\/schema\/person\/4499af1f22f322670b9b5977ccc2e3de","name":"Gorica. info","description":"Gorica.info je lokalni portal koji prati Veliku Goricu i okolici, svakodnevno donosi najnovije vijesti i pri\u010de, kulturna doga\u0111anja i aktualnosti koje oblikuju \u017eivot gra\u0111ana.","url":"https:\/\/gorica.info\/en\/author\/gorica-info\/"},{"@type":"PostalAddress","@id":"https:\/\/gorica.info\/krece-unistavanje-licinki-komaraca-u-ponedjeljak-su-na-rasporedu-velika-gorica-velika-mlaka-i-gradici\/#local-main-place-address","streetAddress":"Horvatova 97","addressLocality":"Velika Gorica","postalCode":"10410","addressRegion":"Croatia","addressCountry":"HR"},{"@type":"ImageObject","inLanguage":"en-US","@id":"https:\/\/gorica.info\/krece-unistavanje-licinki-komaraca-u-ponedjeljak-su-na-rasporedu-velika-gorica-velika-mlaka-i-gradici\/#local-main-organization-logo","url":"https:\/\/gorica.info\/wp-content\/uploads\/2024\/07\/Gorica-Info-Logo-mali.png","contentUrl":"https:\/\/gorica.info\/wp-content\/uploads\/2024\/07\/Gorica-Info-Logo-mali.png","width":450,"height":85,"caption":"Gorica Info"}]},"geo.placename":"Velika Gorica","geo.region":"Croatia"},"_links":{"self":[{"href":"https:\/\/gorica.info\/en\/wp-json\/wp\/v2\/posts\/51564","targetHints":{"allow":["GET"]}}],"collection":[{"href":"https:\/\/gorica.info\/en\/wp-json\/wp\/v2\/posts"}],"about":[{"href":"https:\/\/gorica.info\/en\/wp-json\/wp\/v2\/types\/post"}],"author":[{"embeddable":true,"href":"https:\/\/gorica.info\/en\/wp-json\/wp\/v2\/users\/23"}],"replies":[{"embeddable":true,"href":"https:\/\/gorica.info\/en\/wp-json\/wp\/v2\/comments?post=51564"}],"version-history":[{"count":0,"href":"https:\/\/gorica.info\/en\/wp-json\/wp\/v2\/posts\/51564\/revisions"}],"wp:featuredmedia":[{"embeddable":true,"href":"https:\/\/gorica.info\/en\/wp-json\/wp\/v2\/media\/51565"}],"wp:attachment":[{"href":"https:\/\/gorica.info\/en\/wp-json\/wp\/v2\/media?parent=51564"}],"wp:term":[{"taxonomy":"category","embeddable":true,"href":"https:\/\/gorica.info\/en\/wp-json\/wp\/v2\/categories?post=51564"},{"taxonomy":"post_tag","embeddable":true,"href":"https:\/\/gorica.info\/en\/wp-json\/wp\/v2\/tags?post=51564"}],"curies":[{"name":"wp","href":"https:\/\/api.w.org\/{rel}","templated":true}]}}