{"id":51633,"date":"2023-07-11T11:02:08","date_gmt":"2023-07-11T09:02:08","guid":{"rendered":"https:\/\/gorica.info\/?p=51633"},"modified":"2023-07-11T11:02:08","modified_gmt":"2023-07-11T09:02:08","slug":"zasjeda-gradsko-vijece-aktualni-sat-prosao-mirno-vijecnike-zanimali-nogostupi-i-ulice-izgradnja-skole-u-kurilovcu-prostor-za-umirovljenike","status":"publish","type":"post","link":"https:\/\/gorica.info\/en\/zasjeda-gradsko-vijece-aktualni-sat-prosao-mirno-vijecnike-zanimali-nogostupi-i-ulice-izgradnja-skole-u-kurilovcu-prostor-za-umirovljenike\/","title":{"rendered":"Zasjeda Gradsko vije\u0107e: Aktualni sat pro\u0161ao mirno. Vije\u0107nike zanimali nogostupi i ulice, izgradnja \u0161kole u Kurilovcu, prostor za umirovljenike&#8230;"},"content":{"rendered":"<p>Dvanaesta sjednica <strong>Gradskog vije\u0107a<\/strong> posljednja je prije <a href=\"https:\/\/gorica.info\/en\/2023\/07\/11\/prije-odlaska-na-godisnji-gradski-vijecnici-ponovno-u-klupama-na-dnevnom-redu-22-tocke-najvise-izvjestaja-o-radu-gradskih-ustanova\/\">ljetne stanke<\/a>. \u010cini se da je ljeto ve\u0107 i nastupilo, budu\u0107i da je <strong>oporba<\/strong> nastupila u nikad broj\u010dano slabijem sastavu. Vije\u0107nici <strong>Ivo Jelu\u0161i\u0107<\/strong> i <strong>Damir Sloj\u0161ek<\/strong> tra\u017eili su izmjene dnevnog reda, no njihovi prijedlozi nisu pro\u0161li.<\/p>\n<p>S druge, pak, strane vije\u0107nik<strong> Ozren Robi\u0107<\/strong> tra\u017eio je da se iz dnevnog reda ukloni to\u010dka broj 15, ona koja govori o <strong>Izvje\u0161\u0107u o radu Savjeta mladih Grada Velike Gorice<\/strong>. Nakon iscrpnog obrazlo\u017eenja, sam predlagatelj je povukao Izvje\u0161\u0107e na doradu te \u0107e ono biti prezentirano na sljede\u0107oj sjednici.<\/p>\n<p><img fetchpriority=\"high\" decoding=\"async\" class=\"aligncenter wp-image-51634 size-large\" src=\"https:\/\/gorica.info\/wp-content\/uploads\/2023\/07\/gradsko-vijece-kresimir-ackar-11072023-1024x767.jpg\" alt=\"\" width=\"810\" height=\"607\" srcset=\"https:\/\/gorica.info\/wp-content\/uploads\/2023\/07\/gradsko-vijece-kresimir-ackar-11072023-1024x767.jpg 1024w, https:\/\/gorica.info\/wp-content\/uploads\/2023\/07\/gradsko-vijece-kresimir-ackar-11072023-300x225.jpg 300w, https:\/\/gorica.info\/wp-content\/uploads\/2023\/07\/gradsko-vijece-kresimir-ackar-11072023-768x575.jpg 768w, https:\/\/gorica.info\/wp-content\/uploads\/2023\/07\/gradsko-vijece-kresimir-ackar-11072023-16x12.jpg 16w, https:\/\/gorica.info\/wp-content\/uploads\/2023\/07\/gradsko-vijece-kresimir-ackar-11072023-750x562.jpg 750w, https:\/\/gorica.info\/wp-content\/uploads\/2023\/07\/gradsko-vijece-kresimir-ackar-11072023.jpg 1068w\" sizes=\"(max-width: 810px) 100vw, 810px\" \/><\/p>\n<p>Prema uobi\u010dajenoj praksi, sjednica je po\u010dela<strong> Aktualnim satom<\/strong>.<\/p>\n<p>Vije\u0107nika <strong>Anrija Targu\u0161a<\/strong> zanimala je dinamika sanacije prometnica u gradu te kako napreduje izgradnja \u0161kole u Dubrancu.<\/p>\n<p>Zamjenik<a href=\"http:\/\/www.gorica.hr\/\"> gradona\u010delnika<\/a> <strong>Neven Karas<\/strong> odgovorio je na prvo pitanje, rekav\u0161i da se ove godine asfaltira kao nikad do sad. Asfaltirano je, naime, ve\u0107 50-ak kilometara gradskih prometnica. Apostrofirao je i dva naselja iz vije\u0107ni\u010dkog pitanja. Ulice Josipa Pavi\u010di\u0107a i Petra Preradovi\u0107a u naselju Visoki brijeg te ulice u naselju Bratstvo\u00a0 tijekom sljede\u0107e godine trebale bi zasjati u novom ruhu. Pri kraju je izrada potrebne dokumentacije, a radovi bi trebali biti okon\u010dani do kraja 2024. godine.<\/p>\n<p>Pro\u010delnik <strong>Dubravko Katuli\u0107<\/strong> dao je odgovor na drugo pitanje iz kojega saznajemo da bi u\u010denici u <strong>Osnovnoj \u0161koli Dubranec o<\/strong>d \u0161kolske godine 2024.\/2025. trebali sjesti u \u0161kolske klupe. U planu je dio prostora prenamijeniti i za potrebe dje\u010djeg vrti\u0107a.<\/p>\n<p><img decoding=\"async\" class=\"aligncenter wp-image-51646\" src=\"https:\/\/gorica.info\/wp-content\/uploads\/2023\/07\/damir-slojsek-11072023-300x182.jpg\" alt=\"\" width=\"800\" height=\"485\" srcset=\"https:\/\/gorica.info\/wp-content\/uploads\/2023\/07\/damir-slojsek-11072023-300x182.jpg 300w, https:\/\/gorica.info\/wp-content\/uploads\/2023\/07\/damir-slojsek-11072023-768x466.jpg 768w, https:\/\/gorica.info\/wp-content\/uploads\/2023\/07\/damir-slojsek-11072023-18x12.jpg 18w, https:\/\/gorica.info\/wp-content\/uploads\/2023\/07\/damir-slojsek-11072023-750x455.jpg 750w, https:\/\/gorica.info\/wp-content\/uploads\/2023\/07\/damir-slojsek-11072023.jpg 831w\" sizes=\"(max-width: 800px) 100vw, 800px\" \/><\/p>\n<p>Vije\u0107nik <strong>Damir Sloj\u0161ek<\/strong> pitao je kad \u0107e se sanirati Mio\u0161i\u0107eva ulica, koja je na nekim mjestima propala i nekoliko centimetara, Drugo pitanje odnosilo se na javni poziv Ministarstva znanosti i obrazovanja koji je nedavno raspisan.<\/p>\n<p><img decoding=\"async\" class=\"aligncenter wp-image-51637 size-large\" src=\"https:\/\/gorica.info\/wp-content\/uploads\/2023\/07\/gradsko-vijece3-11072023_Fotor-e1689068185526-1024x538.jpg\" alt=\"\" width=\"810\" height=\"426\" \/><\/p>\n<h4><strong>U Kurilovcu \u0107e se graditi osnovna \u0161kola te preseliti Gimnazija i Zrakoplovna \u0161kola<\/strong><\/h4>\n<p>Gradona\u010delnik<strong> Kre\u0161imir A\u010dkar<\/strong> kazao je da \u0107e kompletna obnova Mio\u0161i\u0107eve ulice i\u0107i sljede\u0107e godine, nakon \u0161to se dovr\u0161i ve\u0107ina radova koji su trenutno vrlo intenzivni s obje strane te ulice. Tako\u0111er je odgovorio i na drugo pitanje, rekav\u0161i da \u0107e se Grad prijaviti na spomenuti javni poziv i to sa dva projekta. Prvi je izgradnja osnovne \u0161kole u Kurilovcu, a drugi je dogradnja Osnovne \u0161kole Eugena Kumi\u010di\u0107a. u Kurilovcu se pored osnovne \u0161kole planira presliti Gimnazija i Zrakoplovno tehni\u010dka \u0161kola, rekao je A\u010dkar nazva\u0161i to \u0161kolskim kampusom.<\/p>\n<p>Vije\u0107nicu<strong> Ivanu Belo\u0161evi\u0107<\/strong> zanimala je dinamika dovr\u0161etka radova na izgradnji nogostupa u Bu\u0161evcu te ishodi razgovora s Upravom Hrvatske po\u0161te. Pro\u010delnik <strong>Dubravko Katuli\u0107<\/strong> izjavio je da je bilo odre\u0111enih problema s izvo\u0111a\u010dima radova nogostupa, ali da su ti problemi rije\u0161eni i projekt bi trebao biti okon\u010dan do kraja ove godine. Gradona\u010delnik A\u010dkar potvrdio je da Uprava Hrvatske po\u0161te svoje poslovanje seli u Veliku Goricu, \u010dime je jo\u0161 jednom dokazano kako na\u0161 grad sve vi\u0161e postaje po\u017eeljno poslovno okru\u017eenje, rekao je A\u010dkar.<\/p>\n<p><img loading=\"lazy\" decoding=\"async\" class=\"aligncenter wp-image-51644 size-full\" src=\"https:\/\/gorica.info\/wp-content\/uploads\/2023\/07\/ivo-jelusic-11072023.jpg\" alt=\"\" width=\"784\" height=\"428\" srcset=\"https:\/\/gorica.info\/wp-content\/uploads\/2023\/07\/ivo-jelusic-11072023.jpg 784w, https:\/\/gorica.info\/wp-content\/uploads\/2023\/07\/ivo-jelusic-11072023-300x164.jpg 300w, https:\/\/gorica.info\/wp-content\/uploads\/2023\/07\/ivo-jelusic-11072023-768x419.jpg 768w, https:\/\/gorica.info\/wp-content\/uploads\/2023\/07\/ivo-jelusic-11072023-18x10.jpg 18w, https:\/\/gorica.info\/wp-content\/uploads\/2023\/07\/ivo-jelusic-11072023-750x409.jpg 750w\" sizes=\"(max-width: 784px) 100vw, 784px\" \/><\/p>\n<p>Vije\u0107nik<strong> Ivo Jelu\u0161i\u0107<\/strong> ovoga puta, kako je i sam priznao zbog vru\u0107ine, nije bio o\u0161tar prema vladaju\u0107ima pa je samo iznio dvije hvalevrijedne inicijative.<\/p>\n<p>Jedna je osmi\u0161ljavanje i opremanje prostora kojeg bio koristili umirovljenici na\u0161ega grada, a druga se odnosi na postizanje bolje prometne proto\u010dnosti preko obilaznice, i to u\u010dinkovitijom sinkronizacijom semafora. Gradona\u010delnik je pohvalio obje ideje i obe\u0107ao ih provesti u djelo.<\/p>\n<p><em><strong>Nastavak slijedi&#8230;.<\/strong><\/em><\/p>\n<p>&nbsp;<\/p>","protected":false},"excerpt":{"rendered":"<p>Dvanaesta sjednica Gradskog vije\u0107a posljednja je prije ljetne stanke. \u010cini se da je ljeto ve\u0107 i nastupilo, budu\u0107i da je oporba nastupila u nikad broj\u010dano slabijem sastavu. Vije\u0107nici Ivo Jelu\u0161i\u0107 i Damir Sloj\u0161ek tra\u017eili su izmjene dnevnog reda, no njihovi prijedlozi nisu pro\u0161li. S druge, pak, strane vije\u0107nik Ozren Robi\u0107 tra\u017eio je da se iz [&hellip;]<\/p>\n","protected":false},"author":28,"featured_media":51639,"comment_status":"open","ping_status":"open","sticky":false,"template":"","format":"standard","meta":{"limit_modified_date":"","last_modified_date":"","jnews-multi-image_gallery":[],"jnews_single_post":[],"jnews_primary_category":[],"jnews_override_counter":[],"footnotes":""},"categories":[89],"tags":[1814,610,1137,2175,253,256,9561,5964,1821],"class_list":["post-51633","post","type-post","status-publish","format-standard","has-post-thumbnail","hentry","category-politicka-arena","tag-aktualni-sat","tag-damir-slojsek","tag-gradsko-vijece","tag-ivo-jelusic","tag-kresimir-ackar","tag-neven-karas","tag-ozren-robic","tag-pitanja-vijecnika","tag-sjednica"],"yoast_head":"<!-- This site is optimized with the Yoast SEO Premium plugin v27.4 (Yoast SEO v27.4) - https:\/\/yoast.com\/product\/yoast-seo-premium-wordpress\/ -->\n<title>Zasjeda Gradsko vije\u0107e: Aktualni sat pro\u0161ao mirno. Vije\u0107nike zanimali nogostupi i ulice, izgradnja \u0161kole u Kurilovcu, prostor za umirovljenike... - Gorica Info<\/title>\n<meta name=\"description\" content=\"Zasjeda Gradsko vije\u0107e: Aktualni sat pro\u0161ao mirno. Vije\u0107nike zanimali nogostupi, izgradnja \u0161kole u Kurilovcu, prostor za umirovljenike\" \/>\n<meta name=\"robots\" content=\"index, follow, max-snippet:-1, max-image-preview:large, max-video-preview:-1\" \/>\n<link rel=\"canonical\" href=\"https:\/\/gorica.info\/en\/zasjeda-gradsko-vijece-aktualni-sat-prosao-mirno-vijecnike-zanimali-nogostupi-i-ulice-izgradnja-skole-u-kurilovcu-prostor-za-umirovljenike\/\" \/>\n<meta property=\"og:locale\" content=\"en_US\" \/>\n<meta property=\"og:type\" content=\"article\" \/>\n<meta property=\"og:title\" content=\"Zasjeda Gradsko vije\u0107e: Aktualni sat pro\u0161ao mirno. Vije\u0107nike zanimali nogostupi i ulice, izgradnja \u0161kole u Kurilovcu, prostor za umirovljenike...\" \/>\n<meta property=\"og:description\" content=\"Zasjeda Gradsko vije\u0107e: Aktualni sat pro\u0161ao mirno. Vije\u0107nike zanimali nogostupi, izgradnja \u0161kole u Kurilovcu, prostor za umirovljenike\" \/>\n<meta property=\"og:url\" content=\"https:\/\/gorica.info\/en\/zasjeda-gradsko-vijece-aktualni-sat-prosao-mirno-vijecnike-zanimali-nogostupi-i-ulice-izgradnja-skole-u-kurilovcu-prostor-za-umirovljenike\/\" \/>\n<meta property=\"og:site_name\" content=\"Gorica Info\" \/>\n<meta property=\"article:publisher\" content=\"https:\/\/www.facebook.com\/Goricainfo-106005144489262\" \/>\n<meta property=\"article:published_time\" content=\"2023-07-11T09:02:08+00:00\" \/>\n<meta property=\"og:image\" content=\"https:\/\/gorica.info\/wp-content\/uploads\/2023\/07\/gradsko-vijece5-11072023_Fotor.jpg\" \/>\n\t<meta property=\"og:image:width\" content=\"1200\" \/>\n\t<meta property=\"og:image:height\" content=\"630\" \/>\n\t<meta property=\"og:image:type\" content=\"image\/jpeg\" \/>\n<meta name=\"author\" content=\"Matej Crnoga\u0107a\" \/>\n<meta name=\"twitter:card\" content=\"summary_large_image\" \/>\n<meta name=\"twitter:creator\" content=\"@GoricaInfo\" \/>\n<meta name=\"twitter:site\" content=\"@GoricaInfo\" \/>\n<meta name=\"twitter:label1\" content=\"Written by\" \/>\n\t<meta name=\"twitter:data1\" content=\"Matej Crnoga\u0107a\" \/>\n\t<meta name=\"twitter:label2\" content=\"Est. reading time\" \/>\n\t<meta name=\"twitter:data2\" content=\"4 minutes\" \/>\n<meta name=\"geo.placename\" content=\"Velika Gorica\" \/>\n<meta name=\"geo.region\" content=\"Croatia\" \/>\n<!-- \/ Yoast SEO Premium plugin. -->","yoast_head_json":{"title":"Zasjeda Gradsko vije\u0107e: Aktualni sat pro\u0161ao mirno. Vije\u0107nike zanimali nogostupi i ulice, izgradnja \u0161kole u Kurilovcu, prostor za umirovljenike... - Gorica Info","description":"Zasjeda Gradsko vije\u0107e: Aktualni sat pro\u0161ao mirno. Vije\u0107nike zanimali nogostupi, izgradnja \u0161kole u Kurilovcu, prostor za umirovljenike","robots":{"index":"index","follow":"follow","max-snippet":"max-snippet:-1","max-image-preview":"max-image-preview:large","max-video-preview":"max-video-preview:-1"},"canonical":"https:\/\/gorica.info\/en\/zasjeda-gradsko-vijece-aktualni-sat-prosao-mirno-vijecnike-zanimali-nogostupi-i-ulice-izgradnja-skole-u-kurilovcu-prostor-za-umirovljenike\/","og_locale":"en_US","og_type":"article","og_title":"Zasjeda Gradsko vije\u0107e: Aktualni sat pro\u0161ao mirno. Vije\u0107nike zanimali nogostupi i ulice, izgradnja \u0161kole u Kurilovcu, prostor za umirovljenike...","og_description":"Zasjeda Gradsko vije\u0107e: Aktualni sat pro\u0161ao mirno. Vije\u0107nike zanimali nogostupi, izgradnja \u0161kole u Kurilovcu, prostor za umirovljenike","og_url":"https:\/\/gorica.info\/en\/zasjeda-gradsko-vijece-aktualni-sat-prosao-mirno-vijecnike-zanimali-nogostupi-i-ulice-izgradnja-skole-u-kurilovcu-prostor-za-umirovljenike\/","og_site_name":"Gorica Info","article_publisher":"https:\/\/www.facebook.com\/Goricainfo-106005144489262","article_published_time":"2023-07-11T09:02:08+00:00","og_image":[{"width":1200,"height":630,"url":"https:\/\/gorica.info\/wp-content\/uploads\/2023\/07\/gradsko-vijece5-11072023_Fotor.jpg","type":"image\/jpeg"}],"author":"Matej Crnoga\u0107a","twitter_card":"summary_large_image","twitter_creator":"@GoricaInfo","twitter_site":"@GoricaInfo","twitter_misc":{"Written by":"Matej Crnoga\u0107a","Est. reading time":"4 minutes"},"schema":{"@context":"https:\/\/schema.org","@graph":[{"@type":"NewsArticle","@id":"https:\/\/gorica.info\/zasjeda-gradsko-vijece-aktualni-sat-prosao-mirno-vijecnike-zanimali-nogostupi-i-ulice-izgradnja-skole-u-kurilovcu-prostor-za-umirovljenike\/#article","isPartOf":{"@id":"https:\/\/gorica.info\/zasjeda-gradsko-vijece-aktualni-sat-prosao-mirno-vijecnike-zanimali-nogostupi-i-ulice-izgradnja-skole-u-kurilovcu-prostor-za-umirovljenike\/"},"author":{"name":"Matej Crnoga\u0107a","@id":"https:\/\/gorica.info\/#\/schema\/person\/5c83680f0111fb6fee0bb5f7beae5672"},"headline":"Zasjeda Gradsko vije\u0107e: Aktualni sat pro\u0161ao mirno. Vije\u0107nike zanimali nogostupi i ulice, izgradnja \u0161kole u Kurilovcu, prostor za umirovljenike&#8230;","datePublished":"2023-07-11T09:02:08+00:00","mainEntityOfPage":{"@id":"https:\/\/gorica.info\/zasjeda-gradsko-vijece-aktualni-sat-prosao-mirno-vijecnike-zanimali-nogostupi-i-ulice-izgradnja-skole-u-kurilovcu-prostor-za-umirovljenike\/"},"wordCount":612,"commentCount":0,"publisher":{"@id":"https:\/\/gorica.info\/#organization"},"image":{"@id":"https:\/\/gorica.info\/zasjeda-gradsko-vijece-aktualni-sat-prosao-mirno-vijecnike-zanimali-nogostupi-i-ulice-izgradnja-skole-u-kurilovcu-prostor-za-umirovljenike\/#primaryimage"},"thumbnailUrl":"https:\/\/gorica.info\/wp-content\/uploads\/2023\/07\/gradsko-vijece5-11072023_Fotor.jpg","keywords":["aktualni sat","damir sloj\u0161ek","gradsko vije\u0107e","ivo jelu\u0161i\u0107","Kre\u0161imir A\u010dkar","Neven Karas","ozren robi\u0107","pitanja vije\u0107nika","sjednica"],"articleSection":["POLITI\u010cKA ARENA"],"inLanguage":"en-US","potentialAction":[{"@type":"CommentAction","name":"Comment","target":["https:\/\/gorica.info\/zasjeda-gradsko-vijece-aktualni-sat-prosao-mirno-vijecnike-zanimali-nogostupi-i-ulice-izgradnja-skole-u-kurilovcu-prostor-za-umirovljenike\/#respond"]}],"copyrightYear":"2023","copyrightHolder":{"@id":"https:\/\/gorica.info\/en\/#organization"}},{"@type":"WebPage","@id":"https:\/\/gorica.info\/zasjeda-gradsko-vijece-aktualni-sat-prosao-mirno-vijecnike-zanimali-nogostupi-i-ulice-izgradnja-skole-u-kurilovcu-prostor-za-umirovljenike\/","url":"https:\/\/gorica.info\/zasjeda-gradsko-vijece-aktualni-sat-prosao-mirno-vijecnike-zanimali-nogostupi-i-ulice-izgradnja-skole-u-kurilovcu-prostor-za-umirovljenike\/","name":"Zasjeda Gradsko vije\u0107e: Aktualni sat pro\u0161ao mirno. Vije\u0107nike zanimali nogostupi i ulice, izgradnja \u0161kole u Kurilovcu, prostor za umirovljenike... - Gorica Info","isPartOf":{"@id":"https:\/\/gorica.info\/#website"},"primaryImageOfPage":{"@id":"https:\/\/gorica.info\/zasjeda-gradsko-vijece-aktualni-sat-prosao-mirno-vijecnike-zanimali-nogostupi-i-ulice-izgradnja-skole-u-kurilovcu-prostor-za-umirovljenike\/#primaryimage"},"image":{"@id":"https:\/\/gorica.info\/zasjeda-gradsko-vijece-aktualni-sat-prosao-mirno-vijecnike-zanimali-nogostupi-i-ulice-izgradnja-skole-u-kurilovcu-prostor-za-umirovljenike\/#primaryimage"},"thumbnailUrl":"https:\/\/gorica.info\/wp-content\/uploads\/2023\/07\/gradsko-vijece5-11072023_Fotor.jpg","datePublished":"2023-07-11T09:02:08+00:00","description":"Zasjeda Gradsko vije\u0107e: Aktualni sat pro\u0161ao mirno. Vije\u0107nike zanimali nogostupi, izgradnja \u0161kole u Kurilovcu, prostor za umirovljenike","breadcrumb":{"@id":"https:\/\/gorica.info\/zasjeda-gradsko-vijece-aktualni-sat-prosao-mirno-vijecnike-zanimali-nogostupi-i-ulice-izgradnja-skole-u-kurilovcu-prostor-za-umirovljenike\/#breadcrumb"},"inLanguage":"en-US","potentialAction":[{"@type":"ReadAction","target":["https:\/\/gorica.info\/zasjeda-gradsko-vijece-aktualni-sat-prosao-mirno-vijecnike-zanimali-nogostupi-i-ulice-izgradnja-skole-u-kurilovcu-prostor-za-umirovljenike\/"]}]},{"@type":"ImageObject","inLanguage":"en-US","@id":"https:\/\/gorica.info\/zasjeda-gradsko-vijece-aktualni-sat-prosao-mirno-vijecnike-zanimali-nogostupi-i-ulice-izgradnja-skole-u-kurilovcu-prostor-za-umirovljenike\/#primaryimage","url":"https:\/\/gorica.info\/wp-content\/uploads\/2023\/07\/gradsko-vijece5-11072023_Fotor.jpg","contentUrl":"https:\/\/gorica.info\/wp-content\/uploads\/2023\/07\/gradsko-vijece5-11072023_Fotor.jpg","width":1100,"height":578},{"@type":"BreadcrumbList","@id":"https:\/\/gorica.info\/zasjeda-gradsko-vijece-aktualni-sat-prosao-mirno-vijecnike-zanimali-nogostupi-i-ulice-izgradnja-skole-u-kurilovcu-prostor-za-umirovljenike\/#breadcrumb","itemListElement":[{"@type":"ListItem","position":1,"name":"Po\u010detna stranica","item":"https:\/\/gorica.info\/"},{"@type":"ListItem","position":2,"name":"Zasjeda Gradsko vije\u0107e: Aktualni sat pro\u0161ao mirno. Vije\u0107nike zanimali nogostupi i ulice, izgradnja \u0161kole u Kurilovcu, prostor za umirovljenike&#8230;"}]},{"@type":"WebSite","@id":"https:\/\/gorica.info\/#website","url":"https:\/\/gorica.info\/","name":"Gorica Info","description":"Vijesti iz Velike Gorice i okolice.","publisher":{"@id":"https:\/\/gorica.info\/#organization"},"potentialAction":[{"@type":"SearchAction","target":{"@type":"EntryPoint","urlTemplate":"https:\/\/gorica.info\/?s={search_term_string}"},"query-input":{"@type":"PropertyValueSpecification","valueRequired":true,"valueName":"search_term_string"}}],"inLanguage":"en-US"},{"@type":["Organization","Place","NewsMediaOrganization"],"@id":"https:\/\/gorica.info\/#organization","name":"Gorica Info","url":"https:\/\/gorica.info\/","logo":{"@id":"https:\/\/gorica.info\/zasjeda-gradsko-vijece-aktualni-sat-prosao-mirno-vijecnike-zanimali-nogostupi-i-ulice-izgradnja-skole-u-kurilovcu-prostor-za-umirovljenike\/#local-main-organization-logo"},"image":{"@id":"https:\/\/gorica.info\/zasjeda-gradsko-vijece-aktualni-sat-prosao-mirno-vijecnike-zanimali-nogostupi-i-ulice-izgradnja-skole-u-kurilovcu-prostor-za-umirovljenike\/#local-main-organization-logo"},"sameAs":["https:\/\/www.facebook.com\/Goricainfo-106005144489262","https:\/\/x.com\/GoricaInfo","https:\/\/www.instagram.com\/gorica.info\/"],"address":{"@id":"https:\/\/gorica.info\/zasjeda-gradsko-vijece-aktualni-sat-prosao-mirno-vijecnike-zanimali-nogostupi-i-ulice-izgradnja-skole-u-kurilovcu-prostor-za-umirovljenike\/#local-main-place-address"},"telephone":[],"openingHoursSpecification":[{"@type":"OpeningHoursSpecification","dayOfWeek":["Monday","Tuesday","Wednesday","Thursday","Friday","Saturday","Sunday"],"opens":"09:00","closes":"17:00"}],"email":"redakcija@gorica.info"},{"@type":"Person","@id":"https:\/\/gorica.info\/#\/schema\/person\/5c83680f0111fb6fee0bb5f7beae5672","name":"Matej Crnoga\u0107a","description":"Matej Crnoga\u0107a je iskusni novinar s bogatim iskustvom u tiskanom i televizijskom novinarstvu.","url":"https:\/\/gorica.info\/en\/author\/matej-crnogaca\/"},{"@type":"PostalAddress","@id":"https:\/\/gorica.info\/zasjeda-gradsko-vijece-aktualni-sat-prosao-mirno-vijecnike-zanimali-nogostupi-i-ulice-izgradnja-skole-u-kurilovcu-prostor-za-umirovljenike\/#local-main-place-address","streetAddress":"Horvatova 97","addressLocality":"Velika Gorica","postalCode":"10410","addressRegion":"Croatia","addressCountry":"HR"},{"@type":"ImageObject","inLanguage":"en-US","@id":"https:\/\/gorica.info\/zasjeda-gradsko-vijece-aktualni-sat-prosao-mirno-vijecnike-zanimali-nogostupi-i-ulice-izgradnja-skole-u-kurilovcu-prostor-za-umirovljenike\/#local-main-organization-logo","url":"https:\/\/gorica.info\/wp-content\/uploads\/2024\/07\/Gorica-Info-Logo-mali.png","contentUrl":"https:\/\/gorica.info\/wp-content\/uploads\/2024\/07\/Gorica-Info-Logo-mali.png","width":450,"height":85,"caption":"Gorica Info"}]},"geo.placename":"Velika Gorica","geo.region":"Croatia"},"_links":{"self":[{"href":"https:\/\/gorica.info\/en\/wp-json\/wp\/v2\/posts\/51633","targetHints":{"allow":["GET"]}}],"collection":[{"href":"https:\/\/gorica.info\/en\/wp-json\/wp\/v2\/posts"}],"about":[{"href":"https:\/\/gorica.info\/en\/wp-json\/wp\/v2\/types\/post"}],"author":[{"embeddable":true,"href":"https:\/\/gorica.info\/en\/wp-json\/wp\/v2\/users\/28"}],"replies":[{"embeddable":true,"href":"https:\/\/gorica.info\/en\/wp-json\/wp\/v2\/comments?post=51633"}],"version-history":[{"count":0,"href":"https:\/\/gorica.info\/en\/wp-json\/wp\/v2\/posts\/51633\/revisions"}],"wp:featuredmedia":[{"embeddable":true,"href":"https:\/\/gorica.info\/en\/wp-json\/wp\/v2\/media\/51639"}],"wp:attachment":[{"href":"https:\/\/gorica.info\/en\/wp-json\/wp\/v2\/media?parent=51633"}],"wp:term":[{"taxonomy":"category","embeddable":true,"href":"https:\/\/gorica.info\/en\/wp-json\/wp\/v2\/categories?post=51633"},{"taxonomy":"post_tag","embeddable":true,"href":"https:\/\/gorica.info\/en\/wp-json\/wp\/v2\/tags?post=51633"}],"curies":[{"name":"wp","href":"https:\/\/api.w.org\/{rel}","templated":true}]}}