{"id":52056,"date":"2023-07-23T06:23:59","date_gmt":"2023-07-23T04:23:59","guid":{"rendered":"https:\/\/gorica.info\/?p=52056"},"modified":"2023-07-23T06:23:59","modified_gmt":"2023-07-23T04:23:59","slug":"karlo-milinkovic-sljeminho-ima-novu-pjesmu-i-spot-dobar-deckic-mogao-bi-postati-hit-medu-velikima-i-malima","status":"publish","type":"post","link":"https:\/\/gorica.info\/en\/karlo-milinkovic-sljeminho-ima-novu-pjesmu-i-spot-dobar-deckic-mogao-bi-postati-hit-medu-velikima-i-malima\/","title":{"rendered":"Karlo Milinkovi\u0107 \u0160ljeminho ima novu pjesmu i spot: \u201eDobar de\u010dki\u0107\u201c mogao bi postati hit me\u0111u velikima i malima"},"content":{"rendered":"<p>Posljednje dvije godine gori\u010dku glazbenu scenu obogatilo je jedno poznato lice iz <strong>Bratstva<\/strong>, de\u010dko koji je zavr\u0161io ekonomiju, bio kandidat za gradona\u010delnika, a danas uspje\u0161no vodi, kako ka\u017ee, <em>birc<\/em> u Zagreba\u010dkoj ulici. Neki ga znaju imenom i prezimenom \u2013 <strong>Karlo Milinkovi\u0107<\/strong>, a neki umjetni\u010dkim imenom \u2013 <strong>\u0160ljeminho<\/strong>.<\/p>\n<p>Nakon \u0161to je kroz svoj glazbeni izri\u010daj davao <a href=\"https:\/\/www.youtube.com\/watch?v=b2f6zQ8uH2Y&amp;ab_channel=aquariusrecordshr\">ljubavne instrukcije<\/a>, otkrio koliko mu\u0161karci vole i\u0107i u \u0161oping sa svojim boljim polovicama, ovih dana publici je otkrio kako je on zapravo dobar de\u010dki\u0107.<\/p>\n<p>&#8211; Ideja za dje\u010dju pjesmicu potekla je od moje ne\u0107akinje Natali i ne\u0107aka Patrika i Lovre, koji vole gledati dje\u010dje pjesmice na YouTubeu pa su i mene zarazili. Uo\u010dio sam da dosta pjeva\u010da radi pjesmice pa sam odlu\u010dio i sam probati napraviti jednu &#8211; pri\u010da nam \u0160ljeminho.<\/p>\n<div class=\"jeg_video_container jeg_video_content\"><iframe title=\"\u0160ljeminho - Dobar de\u010dki\u0107\" width=\"500\" height=\"281\" src=\"https:\/\/www.youtube.com\/embed\/3z-uEfFp7do?feature=oembed\" frameborder=\"0\" allow=\"accelerometer; autoplay; clipboard-write; encrypted-media; gyroscope; picture-in-picture; web-share\" referrerpolicy=\"strict-origin-when-cross-origin\" allowfullscreen><\/iframe><\/div>\n<p>Osim \u0161to je tekst takav da \u0107e se mnogi u njemu prepoznati, doslovno veliki i mali, ovaj glazbeni uradak prati i odli\u010dan spot, a \u0160ljeminho i dalje oko sebe ima provjerenu, uigranu, doma\u0107u ekipu.<\/p>\n<p>&#8211; Nedugo nakon \u0161to sam je napisao snimio sam ovu stvar u studiju kod <strong>Marka Stijakovi\u0107a STEY-a,<\/strong> koji je zaslu\u017ean za aran\u017eman, mix i mastering. Dugo sam razmi\u0161ljao kako \u0107u skombinirati spot i na kraju sam se odlu\u010dio za crti\u0107. Do\u0161ao sam s idejom kod <strong>Darija Stijakovi\u0107a<\/strong>, stru\u010dnjaka za montiranje koji je stvarno odradio odli\u010dan posao i napravio ovaj simpati\u010dan crti\u0107.<\/p>\n<p>&#8211; Nadam se da \u0107e se ovaj rad svidjeti svim curicama i de\u010dki\u0107ima, te naravno njihovim roditeljima i prijateljima &#8211; ka\u017ee na\u0161 pjeva\u010d.<\/p>\n<p><img fetchpriority=\"high\" decoding=\"async\" class=\"aligncenter wp-image-52058 size-large\" src=\"https:\/\/gorica.info\/wp-content\/uploads\/2023\/07\/sljeminho-spot-1024x1024.jpg\" alt=\"\u0161ljeminho\" width=\"810\" height=\"810\" srcset=\"https:\/\/gorica.info\/wp-content\/uploads\/2023\/07\/sljeminho-spot-1024x1024.jpg 1024w, https:\/\/gorica.info\/wp-content\/uploads\/2023\/07\/sljeminho-spot-300x300.jpg 300w, https:\/\/gorica.info\/wp-content\/uploads\/2023\/07\/sljeminho-spot-150x150.jpg 150w, https:\/\/gorica.info\/wp-content\/uploads\/2023\/07\/sljeminho-spot-768x768.jpg 768w, https:\/\/gorica.info\/wp-content\/uploads\/2023\/07\/sljeminho-spot-12x12.jpg 12w, https:\/\/gorica.info\/wp-content\/uploads\/2023\/07\/sljeminho-spot-75x75.jpg 75w, https:\/\/gorica.info\/wp-content\/uploads\/2023\/07\/sljeminho-spot-350x350.jpg 350w, https:\/\/gorica.info\/wp-content\/uploads\/2023\/07\/sljeminho-spot-750x750.jpg 750w, https:\/\/gorica.info\/wp-content\/uploads\/2023\/07\/sljeminho-spot.jpg 800w\" sizes=\"(max-width: 810px) 100vw, 810px\" \/><\/p>\n<p>Prema prvim reakcijama \u201e<strong>Dobar de\u010dki\u0107<\/strong>\u201c mogao bi biti pun pogodak, pa se logi\u010dno nametnulo pitanje ho\u0107e li ovo biti put ka dje\u010djem albumu.<\/p>\n<p>&#8211; Ovo je mali izlet da vidim kako \u0107e ekipa reagirati, a ako reakcije budu dobre, onda \u0107u svakako vi\u0161e raditi na <a href=\"https:\/\/gorica.info\/en\/2023\/06\/12\/promocija-djecje-knjige-tresnja-autorice-martine-majic-dirljiva-prica-o-prijateljstvu-cetvorice-djecaka\/\">dje\u010djem materijalu<\/a> &#8211; poru\u010duje \u0160ljeminho.<\/p>","protected":false},"excerpt":{"rendered":"<p>Posljednje dvije godine gori\u010dku glazbenu scenu obogatilo je jedno poznato lice iz Bratstva, de\u010dko koji je zavr\u0161io ekonomiju, bio kandidat za gradona\u010delnika, a danas uspje\u0161no vodi, kako ka\u017ee, birc u Zagreba\u010dkoj ulici. Neki ga znaju imenom i prezimenom \u2013 Karlo Milinkovi\u0107, a neki umjetni\u010dkim imenom \u2013 \u0160ljeminho. Nakon \u0161to je kroz svoj glazbeni izri\u010daj davao [&hellip;]<\/p>\n","protected":false},"author":23,"featured_media":52062,"comment_status":"open","ping_status":"open","sticky":false,"template":"","format":"standard","meta":{"limit_modified_date":"","last_modified_date":"","jnews-multi-image_gallery":[],"jnews_single_post":[],"jnews_primary_category":[],"jnews_override_counter":[],"footnotes":""},"categories":[115],"tags":[10766,10767,10768,10769,8278,10771,10773],"class_list":["post-52056","post","type-post","status-publish","format-standard","has-post-thumbnail","hentry","category-scena","tag-crtic","tag-djecja-pjesmica","tag-dobar-deckic","tag-karlo-milinkovic","tag-pjesma","tag-sljeminho","tag-spot"],"yoast_head":"<!-- This site is optimized with the Yoast SEO Premium plugin v27.4 (Yoast SEO v27.4) - https:\/\/yoast.com\/product\/yoast-seo-premium-wordpress\/ -->\n<title>Karlo Milinkovi\u0107 \u0160ljeminho ima novu pjesmu i spot: \u201eDobar de\u010dki\u0107\u201c mogao bi postati hit me\u0111u velikima i malima - Gorica Info<\/title>\n<meta name=\"description\" content=\"Karlo Milinkovi\u0107 \u0160ljeminho ima novu pjesmu i spot: \u201eDobar de\u010dki\u0107\u201c mogao bi postati hit me\u0111u velikima i malima\" \/>\n<meta name=\"robots\" content=\"index, follow, max-snippet:-1, max-image-preview:large, max-video-preview:-1\" \/>\n<link rel=\"canonical\" href=\"https:\/\/gorica.info\/en\/karlo-milinkovic-sljeminho-ima-novu-pjesmu-i-spot-dobar-deckic-mogao-bi-postati-hit-medu-velikima-i-malima\/\" \/>\n<meta property=\"og:locale\" content=\"en_US\" \/>\n<meta property=\"og:type\" content=\"article\" \/>\n<meta property=\"og:title\" content=\"Karlo Milinkovi\u0107 \u0160ljeminho ima novu pjesmu i spot: \u201eDobar de\u010dki\u0107\u201c mogao bi postati hit me\u0111u velikima i malima\" \/>\n<meta property=\"og:description\" content=\"Karlo Milinkovi\u0107 \u0160ljeminho ima novu pjesmu i spot: \u201eDobar de\u010dki\u0107\u201c mogao bi postati hit me\u0111u velikima i malima\" \/>\n<meta property=\"og:url\" content=\"https:\/\/gorica.info\/en\/karlo-milinkovic-sljeminho-ima-novu-pjesmu-i-spot-dobar-deckic-mogao-bi-postati-hit-medu-velikima-i-malima\/\" \/>\n<meta property=\"og:site_name\" content=\"Gorica Info\" \/>\n<meta property=\"article:publisher\" content=\"https:\/\/www.facebook.com\/Goricainfo-106005144489262\" \/>\n<meta property=\"article:published_time\" content=\"2023-07-23T04:23:59+00:00\" \/>\n<meta property=\"og:image\" content=\"https:\/\/gorica.info\/wp-content\/uploads\/2023\/07\/karlo-milinkovic-sljeminho-e1690033540599.jpg\" \/>\n\t<meta property=\"og:image:width\" content=\"1079\" \/>\n\t<meta property=\"og:image:height\" content=\"779\" \/>\n\t<meta property=\"og:image:type\" content=\"image\/jpeg\" \/>\n<meta name=\"author\" content=\"Gorica. info\" \/>\n<meta name=\"twitter:card\" content=\"summary_large_image\" \/>\n<meta name=\"twitter:creator\" content=\"@GoricaInfo\" \/>\n<meta name=\"twitter:site\" content=\"@GoricaInfo\" \/>\n<meta name=\"twitter:label1\" content=\"Written by\" \/>\n\t<meta name=\"twitter:data1\" content=\"Gorica. info\" \/>\n\t<meta name=\"twitter:label2\" content=\"Est. reading time\" \/>\n\t<meta name=\"twitter:data2\" content=\"2 minutes\" \/>\n<meta name=\"geo.placename\" content=\"Velika Gorica\" \/>\n<meta name=\"geo.region\" content=\"Croatia\" \/>\n<!-- \/ Yoast SEO Premium plugin. -->","yoast_head_json":{"title":"Karlo Milinkovi\u0107 \u0160ljeminho ima novu pjesmu i spot: \u201eDobar de\u010dki\u0107\u201c mogao bi postati hit me\u0111u velikima i malima - Gorica Info","description":"Karlo Milinkovi\u0107 \u0160ljeminho ima novu pjesmu i spot: \u201eDobar de\u010dki\u0107\u201c mogao bi postati hit me\u0111u velikima i malima","robots":{"index":"index","follow":"follow","max-snippet":"max-snippet:-1","max-image-preview":"max-image-preview:large","max-video-preview":"max-video-preview:-1"},"canonical":"https:\/\/gorica.info\/en\/karlo-milinkovic-sljeminho-ima-novu-pjesmu-i-spot-dobar-deckic-mogao-bi-postati-hit-medu-velikima-i-malima\/","og_locale":"en_US","og_type":"article","og_title":"Karlo Milinkovi\u0107 \u0160ljeminho ima novu pjesmu i spot: \u201eDobar de\u010dki\u0107\u201c mogao bi postati hit me\u0111u velikima i malima","og_description":"Karlo Milinkovi\u0107 \u0160ljeminho ima novu pjesmu i spot: \u201eDobar de\u010dki\u0107\u201c mogao bi postati hit me\u0111u velikima i malima","og_url":"https:\/\/gorica.info\/en\/karlo-milinkovic-sljeminho-ima-novu-pjesmu-i-spot-dobar-deckic-mogao-bi-postati-hit-medu-velikima-i-malima\/","og_site_name":"Gorica Info","article_publisher":"https:\/\/www.facebook.com\/Goricainfo-106005144489262","article_published_time":"2023-07-23T04:23:59+00:00","og_image":[{"width":1079,"height":779,"url":"https:\/\/gorica.info\/wp-content\/uploads\/2023\/07\/karlo-milinkovic-sljeminho-e1690033540599.jpg","type":"image\/jpeg"}],"author":"Gorica. info","twitter_card":"summary_large_image","twitter_creator":"@GoricaInfo","twitter_site":"@GoricaInfo","twitter_misc":{"Written by":"Gorica. info","Est. reading time":"2 minutes"},"schema":{"@context":"https:\/\/schema.org","@graph":[{"@type":"NewsArticle","@id":"https:\/\/gorica.info\/karlo-milinkovic-sljeminho-ima-novu-pjesmu-i-spot-dobar-deckic-mogao-bi-postati-hit-medu-velikima-i-malima\/#article","isPartOf":{"@id":"https:\/\/gorica.info\/karlo-milinkovic-sljeminho-ima-novu-pjesmu-i-spot-dobar-deckic-mogao-bi-postati-hit-medu-velikima-i-malima\/"},"author":{"name":"Gorica. info","@id":"https:\/\/gorica.info\/#\/schema\/person\/4499af1f22f322670b9b5977ccc2e3de"},"headline":"Karlo Milinkovi\u0107 \u0160ljeminho ima novu pjesmu i spot: \u201eDobar de\u010dki\u0107\u201c mogao bi postati hit me\u0111u velikima i malima","datePublished":"2023-07-23T04:23:59+00:00","mainEntityOfPage":{"@id":"https:\/\/gorica.info\/karlo-milinkovic-sljeminho-ima-novu-pjesmu-i-spot-dobar-deckic-mogao-bi-postati-hit-medu-velikima-i-malima\/"},"wordCount":366,"commentCount":0,"publisher":{"@id":"https:\/\/gorica.info\/#organization"},"image":{"@id":"https:\/\/gorica.info\/karlo-milinkovic-sljeminho-ima-novu-pjesmu-i-spot-dobar-deckic-mogao-bi-postati-hit-medu-velikima-i-malima\/#primaryimage"},"thumbnailUrl":"https:\/\/gorica.info\/wp-content\/uploads\/2023\/07\/karlo-milinkovic-sljeminho-e1690033540599.jpg","keywords":["crti\u0107","dje\u010dja pjesmica","dobar de\u010dki\u0107","karlo milinkovi\u0107","pjesma","\u0161ljeminho","spot"],"articleSection":["SCENA"],"inLanguage":"en-US","potentialAction":[{"@type":"CommentAction","name":"Comment","target":["https:\/\/gorica.info\/karlo-milinkovic-sljeminho-ima-novu-pjesmu-i-spot-dobar-deckic-mogao-bi-postati-hit-medu-velikima-i-malima\/#respond"]}],"copyrightYear":"2023","copyrightHolder":{"@id":"https:\/\/gorica.info\/en\/#organization"}},{"@type":"WebPage","@id":"https:\/\/gorica.info\/karlo-milinkovic-sljeminho-ima-novu-pjesmu-i-spot-dobar-deckic-mogao-bi-postati-hit-medu-velikima-i-malima\/","url":"https:\/\/gorica.info\/karlo-milinkovic-sljeminho-ima-novu-pjesmu-i-spot-dobar-deckic-mogao-bi-postati-hit-medu-velikima-i-malima\/","name":"Karlo Milinkovi\u0107 \u0160ljeminho ima novu pjesmu i spot: \u201eDobar de\u010dki\u0107\u201c mogao bi postati hit me\u0111u velikima i malima - Gorica Info","isPartOf":{"@id":"https:\/\/gorica.info\/#website"},"primaryImageOfPage":{"@id":"https:\/\/gorica.info\/karlo-milinkovic-sljeminho-ima-novu-pjesmu-i-spot-dobar-deckic-mogao-bi-postati-hit-medu-velikima-i-malima\/#primaryimage"},"image":{"@id":"https:\/\/gorica.info\/karlo-milinkovic-sljeminho-ima-novu-pjesmu-i-spot-dobar-deckic-mogao-bi-postati-hit-medu-velikima-i-malima\/#primaryimage"},"thumbnailUrl":"https:\/\/gorica.info\/wp-content\/uploads\/2023\/07\/karlo-milinkovic-sljeminho-e1690033540599.jpg","datePublished":"2023-07-23T04:23:59+00:00","description":"Karlo Milinkovi\u0107 \u0160ljeminho ima novu pjesmu i spot: \u201eDobar de\u010dki\u0107\u201c mogao bi postati hit me\u0111u velikima i malima","breadcrumb":{"@id":"https:\/\/gorica.info\/karlo-milinkovic-sljeminho-ima-novu-pjesmu-i-spot-dobar-deckic-mogao-bi-postati-hit-medu-velikima-i-malima\/#breadcrumb"},"inLanguage":"en-US","potentialAction":[{"@type":"ReadAction","target":["https:\/\/gorica.info\/karlo-milinkovic-sljeminho-ima-novu-pjesmu-i-spot-dobar-deckic-mogao-bi-postati-hit-medu-velikima-i-malima\/"]}]},{"@type":"ImageObject","inLanguage":"en-US","@id":"https:\/\/gorica.info\/karlo-milinkovic-sljeminho-ima-novu-pjesmu-i-spot-dobar-deckic-mogao-bi-postati-hit-medu-velikima-i-malima\/#primaryimage","url":"https:\/\/gorica.info\/wp-content\/uploads\/2023\/07\/karlo-milinkovic-sljeminho-e1690033540599.jpg","contentUrl":"https:\/\/gorica.info\/wp-content\/uploads\/2023\/07\/karlo-milinkovic-sljeminho-e1690033540599.jpg","width":1079,"height":779,"caption":"Foto: Instagram"},{"@type":"BreadcrumbList","@id":"https:\/\/gorica.info\/karlo-milinkovic-sljeminho-ima-novu-pjesmu-i-spot-dobar-deckic-mogao-bi-postati-hit-medu-velikima-i-malima\/#breadcrumb","itemListElement":[{"@type":"ListItem","position":1,"name":"Po\u010detna stranica","item":"https:\/\/gorica.info\/"},{"@type":"ListItem","position":2,"name":"Karlo Milinkovi\u0107 \u0160ljeminho ima novu pjesmu i spot: \u201eDobar de\u010dki\u0107\u201c mogao bi postati hit me\u0111u velikima i malima"}]},{"@type":"WebSite","@id":"https:\/\/gorica.info\/#website","url":"https:\/\/gorica.info\/","name":"Gorica Info","description":"Vijesti iz Velike Gorice i okolice.","publisher":{"@id":"https:\/\/gorica.info\/#organization"},"potentialAction":[{"@type":"SearchAction","target":{"@type":"EntryPoint","urlTemplate":"https:\/\/gorica.info\/?s={search_term_string}"},"query-input":{"@type":"PropertyValueSpecification","valueRequired":true,"valueName":"search_term_string"}}],"inLanguage":"en-US"},{"@type":["Organization","Place","NewsMediaOrganization"],"@id":"https:\/\/gorica.info\/#organization","name":"Gorica Info","url":"https:\/\/gorica.info\/","logo":{"@id":"https:\/\/gorica.info\/karlo-milinkovic-sljeminho-ima-novu-pjesmu-i-spot-dobar-deckic-mogao-bi-postati-hit-medu-velikima-i-malima\/#local-main-organization-logo"},"image":{"@id":"https:\/\/gorica.info\/karlo-milinkovic-sljeminho-ima-novu-pjesmu-i-spot-dobar-deckic-mogao-bi-postati-hit-medu-velikima-i-malima\/#local-main-organization-logo"},"sameAs":["https:\/\/www.facebook.com\/Goricainfo-106005144489262","https:\/\/x.com\/GoricaInfo","https:\/\/www.instagram.com\/gorica.info\/"],"address":{"@id":"https:\/\/gorica.info\/karlo-milinkovic-sljeminho-ima-novu-pjesmu-i-spot-dobar-deckic-mogao-bi-postati-hit-medu-velikima-i-malima\/#local-main-place-address"},"telephone":[],"openingHoursSpecification":[{"@type":"OpeningHoursSpecification","dayOfWeek":["Monday","Tuesday","Wednesday","Thursday","Friday","Saturday","Sunday"],"opens":"09:00","closes":"17:00"}],"email":"redakcija@gorica.info"},{"@type":"Person","@id":"https:\/\/gorica.info\/#\/schema\/person\/4499af1f22f322670b9b5977ccc2e3de","name":"Gorica. info","description":"Gorica.info je lokalni portal koji prati Veliku Goricu i okolici, svakodnevno donosi najnovije vijesti i pri\u010de, kulturna doga\u0111anja i aktualnosti koje oblikuju \u017eivot gra\u0111ana.","url":"https:\/\/gorica.info\/en\/author\/gorica-info\/"},{"@type":"PostalAddress","@id":"https:\/\/gorica.info\/karlo-milinkovic-sljeminho-ima-novu-pjesmu-i-spot-dobar-deckic-mogao-bi-postati-hit-medu-velikima-i-malima\/#local-main-place-address","streetAddress":"Horvatova 97","addressLocality":"Velika Gorica","postalCode":"10410","addressRegion":"Croatia","addressCountry":"HR"},{"@type":"ImageObject","inLanguage":"en-US","@id":"https:\/\/gorica.info\/karlo-milinkovic-sljeminho-ima-novu-pjesmu-i-spot-dobar-deckic-mogao-bi-postati-hit-medu-velikima-i-malima\/#local-main-organization-logo","url":"https:\/\/gorica.info\/wp-content\/uploads\/2024\/07\/Gorica-Info-Logo-mali.png","contentUrl":"https:\/\/gorica.info\/wp-content\/uploads\/2024\/07\/Gorica-Info-Logo-mali.png","width":450,"height":85,"caption":"Gorica Info"}]},"geo.placename":"Velika Gorica","geo.region":"Croatia"},"_links":{"self":[{"href":"https:\/\/gorica.info\/en\/wp-json\/wp\/v2\/posts\/52056","targetHints":{"allow":["GET"]}}],"collection":[{"href":"https:\/\/gorica.info\/en\/wp-json\/wp\/v2\/posts"}],"about":[{"href":"https:\/\/gorica.info\/en\/wp-json\/wp\/v2\/types\/post"}],"author":[{"embeddable":true,"href":"https:\/\/gorica.info\/en\/wp-json\/wp\/v2\/users\/23"}],"replies":[{"embeddable":true,"href":"https:\/\/gorica.info\/en\/wp-json\/wp\/v2\/comments?post=52056"}],"version-history":[{"count":0,"href":"https:\/\/gorica.info\/en\/wp-json\/wp\/v2\/posts\/52056\/revisions"}],"wp:featuredmedia":[{"embeddable":true,"href":"https:\/\/gorica.info\/en\/wp-json\/wp\/v2\/media\/52062"}],"wp:attachment":[{"href":"https:\/\/gorica.info\/en\/wp-json\/wp\/v2\/media?parent=52056"}],"wp:term":[{"taxonomy":"category","embeddable":true,"href":"https:\/\/gorica.info\/en\/wp-json\/wp\/v2\/categories?post=52056"},{"taxonomy":"post_tag","embeddable":true,"href":"https:\/\/gorica.info\/en\/wp-json\/wp\/v2\/tags?post=52056"}],"curies":[{"name":"wp","href":"https:\/\/api.w.org\/{rel}","templated":true}]}}