{"id":52196,"date":"2023-07-28T11:01:07","date_gmt":"2023-07-28T09:01:07","guid":{"rendered":"https:\/\/gorica.info\/?p=52196"},"modified":"2023-07-28T11:01:07","modified_gmt":"2023-07-28T09:01:07","slug":"pod-okriljem-noci-dvojica-muskaraca-krenula-u-kradu-ispiljenih-stabala-nisu-imali-srece-uhvatio-ih-savjesni-gradanin","status":"publish","type":"post","link":"https:\/\/gorica.info\/en\/pod-okriljem-noci-dvojica-muskaraca-krenula-u-kradu-ispiljenih-stabala-nisu-imali-srece-uhvatio-ih-savjesni-gradanin\/","title":{"rendered":"Pod okriljem no\u0107i dvojica mu\u0161karaca krenula u kra\u0111u ispiljenih stabala: Nisu imali sre\u0107e, uhvatio ih savjesni gra\u0111anin"},"content":{"rendered":"<p><strong>Dvojica mu\u0161karaca<\/strong> uhva\u0107ena su u \u010detvrtak kasno nave\u010der dok su krali<strong> ispiljena stabla<\/strong>. U kra\u0111u su krenuli oko 22.15 sati u mjestu Zrin\u0161\u0107ina kod Svetog Ivana Zeline nadaju\u0107i se da ih nitko ne\u0107e vidjeti. No nisu imali sre\u0107e. Lopove je uhvatio 37-godi\u0161nji mu\u0161karac koji je odmah zvao<a href=\"https:\/\/zagrebacka-policija.gov.hr\/vijesti\/hvatanje-na-djelu-94780\/94780\"> policiju<\/a>.<\/p>\n<p>Ubrzo je stigla <a href=\"https:\/\/gorica.info\/en\/2023\/07\/25\/uhicena-i-pritvorena-dvojica-muskaraca-proizvodili-su-barut-kojim-su-rusili-stabla-u-sumi\/\">policija<\/a> koja je uhitila\u00a046-godi\u0161njaka i 42-godi\u0161njaka.\u00a0Obojica su privedena u slu\u017ebene prostrije na kriminalisti\u010dko istra\u017eivanje.<\/p>\n<p>&nbsp;<\/p>","protected":false},"excerpt":{"rendered":"<p>Dvojica mu\u0161karaca uhva\u0107ena su u \u010detvrtak kasno nave\u010der dok su krali ispiljena stabla. U kra\u0111u su krenuli oko 22.15 sati u mjestu Zrin\u0161\u0107ina kod Svetog Ivana Zeline nadaju\u0107i se da ih nitko ne\u0107e vidjeti. No nisu imali sre\u0107e. Lopove je uhvatio 37-godi\u0161nji mu\u0161karac koji je odmah zvao policiju. Ubrzo je stigla policija koja je uhitila\u00a046-godi\u0161njaka [&hellip;]<\/p>\n","protected":false},"author":23,"featured_media":52198,"comment_status":"open","ping_status":"open","sticky":false,"template":"","format":"standard","meta":{"limit_modified_date":"","last_modified_date":"","jnews-multi-image_gallery":[],"jnews_single_post":[],"jnews_primary_category":[],"jnews_override_counter":[],"footnotes":""},"categories":[93],"tags":[7152,10836,419,686,266],"class_list":["post-52196","post","type-post","status-publish","format-standard","has-post-thumbnail","hentry","category-crna-kronika","tag-drva","tag-ispiljena-stabla","tag-krada","tag-lopovi","tag-policija"],"yoast_head":"<!-- This site is optimized with the Yoast SEO Premium plugin v27.5 (Yoast SEO v27.5) - https:\/\/yoast.com\/product\/yoast-seo-premium-wordpress\/ -->\n<title>Pod okriljem no\u0107i dvojica mu\u0161karaca krenula u kra\u0111u ispiljenih stabala: Nisu imali sre\u0107e, uhvatio ih savjesni gra\u0111anin - Gorica Info<\/title>\n<meta name=\"description\" content=\"Pod okriljem no\u0107i dvojica mu\u0161karaca krenula u kra\u0111u ispiljenih stabala: Nisu imali sre\u0107e, uhvatio ih savjesni gra\u0111anin koji je zvao policiju\" \/>\n<meta name=\"robots\" content=\"index, follow, max-snippet:-1, max-image-preview:large, max-video-preview:-1\" \/>\n<link rel=\"canonical\" href=\"https:\/\/gorica.info\/en\/pod-okriljem-noci-dvojica-muskaraca-krenula-u-kradu-ispiljenih-stabala-nisu-imali-srece-uhvatio-ih-savjesni-gradanin\/\" \/>\n<meta property=\"og:locale\" content=\"en_US\" \/>\n<meta property=\"og:type\" content=\"article\" \/>\n<meta property=\"og:title\" content=\"Pod okriljem no\u0107i dvojica mu\u0161karaca krenula u kra\u0111u ispiljenih stabala: Nisu imali sre\u0107e, uhvatio ih savjesni gra\u0111anin\" \/>\n<meta property=\"og:description\" content=\"Pod okriljem no\u0107i dvojica mu\u0161karaca krenula u kra\u0111u ispiljenih stabala: Nisu imali sre\u0107e, uhvatio ih savjesni gra\u0111anin koji je zvao policiju\" \/>\n<meta property=\"og:url\" content=\"https:\/\/gorica.info\/en\/pod-okriljem-noci-dvojica-muskaraca-krenula-u-kradu-ispiljenih-stabala-nisu-imali-srece-uhvatio-ih-savjesni-gradanin\/\" \/>\n<meta property=\"og:site_name\" content=\"Gorica Info\" \/>\n<meta property=\"article:publisher\" content=\"https:\/\/www.facebook.com\/Goricainfo-106005144489262\" \/>\n<meta property=\"article:published_time\" content=\"2023-07-28T09:01:07+00:00\" \/>\n<meta property=\"og:image\" content=\"https:\/\/gorica.info\/wp-content\/uploads\/2023\/07\/trupci-suma-foto-goricainfo.jpg\" \/>\n\t<meta property=\"og:image:width\" content=\"1200\" \/>\n\t<meta property=\"og:image:height\" content=\"719\" \/>\n\t<meta property=\"og:image:type\" content=\"image\/jpeg\" \/>\n<meta name=\"author\" content=\"Gorica. info\" \/>\n<meta name=\"twitter:card\" content=\"summary_large_image\" \/>\n<meta name=\"twitter:creator\" content=\"@GoricaInfo\" \/>\n<meta name=\"twitter:site\" content=\"@GoricaInfo\" \/>\n<meta name=\"twitter:label1\" content=\"Written by\" \/>\n\t<meta name=\"twitter:data1\" content=\"Gorica. info\" \/>\n\t<meta name=\"twitter:label2\" content=\"Est. reading time\" \/>\n\t<meta name=\"twitter:data2\" content=\"1 minute\" \/>\n<meta name=\"geo.placename\" content=\"Velika Gorica\" \/>\n<meta name=\"geo.region\" content=\"Croatia\" \/>\n<!-- \/ Yoast SEO Premium plugin. -->","yoast_head_json":{"title":"Pod okriljem no\u0107i dvojica mu\u0161karaca krenula u kra\u0111u ispiljenih stabala: Nisu imali sre\u0107e, uhvatio ih savjesni gra\u0111anin - Gorica Info","description":"Pod okriljem no\u0107i dvojica mu\u0161karaca krenula u kra\u0111u ispiljenih stabala: Nisu imali sre\u0107e, uhvatio ih savjesni gra\u0111anin koji je zvao policiju","robots":{"index":"index","follow":"follow","max-snippet":"max-snippet:-1","max-image-preview":"max-image-preview:large","max-video-preview":"max-video-preview:-1"},"canonical":"https:\/\/gorica.info\/en\/pod-okriljem-noci-dvojica-muskaraca-krenula-u-kradu-ispiljenih-stabala-nisu-imali-srece-uhvatio-ih-savjesni-gradanin\/","og_locale":"en_US","og_type":"article","og_title":"Pod okriljem no\u0107i dvojica mu\u0161karaca krenula u kra\u0111u ispiljenih stabala: Nisu imali sre\u0107e, uhvatio ih savjesni gra\u0111anin","og_description":"Pod okriljem no\u0107i dvojica mu\u0161karaca krenula u kra\u0111u ispiljenih stabala: Nisu imali sre\u0107e, uhvatio ih savjesni gra\u0111anin koji je zvao policiju","og_url":"https:\/\/gorica.info\/en\/pod-okriljem-noci-dvojica-muskaraca-krenula-u-kradu-ispiljenih-stabala-nisu-imali-srece-uhvatio-ih-savjesni-gradanin\/","og_site_name":"Gorica Info","article_publisher":"https:\/\/www.facebook.com\/Goricainfo-106005144489262","article_published_time":"2023-07-28T09:01:07+00:00","og_image":[{"width":1200,"height":719,"url":"https:\/\/gorica.info\/wp-content\/uploads\/2023\/07\/trupci-suma-foto-goricainfo.jpg","type":"image\/jpeg"}],"author":"Gorica. info","twitter_card":"summary_large_image","twitter_creator":"@GoricaInfo","twitter_site":"@GoricaInfo","twitter_misc":{"Written by":"Gorica. info","Est. reading time":"1 minute"},"schema":{"@context":"https:\/\/schema.org","@graph":[{"@type":"NewsArticle","@id":"https:\/\/gorica.info\/pod-okriljem-noci-dvojica-muskaraca-krenula-u-kradu-ispiljenih-stabala-nisu-imali-srece-uhvatio-ih-savjesni-gradanin\/#article","isPartOf":{"@id":"https:\/\/gorica.info\/pod-okriljem-noci-dvojica-muskaraca-krenula-u-kradu-ispiljenih-stabala-nisu-imali-srece-uhvatio-ih-savjesni-gradanin\/"},"author":{"name":"Gorica. info","@id":"https:\/\/gorica.info\/#\/schema\/person\/4499af1f22f322670b9b5977ccc2e3de"},"headline":"Pod okriljem no\u0107i dvojica mu\u0161karaca krenula u kra\u0111u ispiljenih stabala: Nisu imali sre\u0107e, uhvatio ih savjesni gra\u0111anin","datePublished":"2023-07-28T09:01:07+00:00","mainEntityOfPage":{"@id":"https:\/\/gorica.info\/pod-okriljem-noci-dvojica-muskaraca-krenula-u-kradu-ispiljenih-stabala-nisu-imali-srece-uhvatio-ih-savjesni-gradanin\/"},"wordCount":104,"commentCount":0,"publisher":{"@id":"https:\/\/gorica.info\/#organization"},"image":{"@id":"https:\/\/gorica.info\/pod-okriljem-noci-dvojica-muskaraca-krenula-u-kradu-ispiljenih-stabala-nisu-imali-srece-uhvatio-ih-savjesni-gradanin\/#primaryimage"},"thumbnailUrl":"https:\/\/gorica.info\/wp-content\/uploads\/2023\/07\/trupci-suma-foto-goricainfo.jpg","keywords":["drva","ispiljena stabla","kra\u0111a","lopovi","policija"],"articleSection":["CRNA KRONIKA"],"inLanguage":"en-US","potentialAction":[{"@type":"CommentAction","name":"Comment","target":["https:\/\/gorica.info\/pod-okriljem-noci-dvojica-muskaraca-krenula-u-kradu-ispiljenih-stabala-nisu-imali-srece-uhvatio-ih-savjesni-gradanin\/#respond"]}],"copyrightYear":"2023","copyrightHolder":{"@id":"https:\/\/gorica.info\/en\/#organization"}},{"@type":"WebPage","@id":"https:\/\/gorica.info\/pod-okriljem-noci-dvojica-muskaraca-krenula-u-kradu-ispiljenih-stabala-nisu-imali-srece-uhvatio-ih-savjesni-gradanin\/","url":"https:\/\/gorica.info\/pod-okriljem-noci-dvojica-muskaraca-krenula-u-kradu-ispiljenih-stabala-nisu-imali-srece-uhvatio-ih-savjesni-gradanin\/","name":"Pod okriljem no\u0107i dvojica mu\u0161karaca krenula u kra\u0111u ispiljenih stabala: Nisu imali sre\u0107e, uhvatio ih savjesni gra\u0111anin - Gorica Info","isPartOf":{"@id":"https:\/\/gorica.info\/#website"},"primaryImageOfPage":{"@id":"https:\/\/gorica.info\/pod-okriljem-noci-dvojica-muskaraca-krenula-u-kradu-ispiljenih-stabala-nisu-imali-srece-uhvatio-ih-savjesni-gradanin\/#primaryimage"},"image":{"@id":"https:\/\/gorica.info\/pod-okriljem-noci-dvojica-muskaraca-krenula-u-kradu-ispiljenih-stabala-nisu-imali-srece-uhvatio-ih-savjesni-gradanin\/#primaryimage"},"thumbnailUrl":"https:\/\/gorica.info\/wp-content\/uploads\/2023\/07\/trupci-suma-foto-goricainfo.jpg","datePublished":"2023-07-28T09:01:07+00:00","description":"Pod okriljem no\u0107i dvojica mu\u0161karaca krenula u kra\u0111u ispiljenih stabala: Nisu imali sre\u0107e, uhvatio ih savjesni gra\u0111anin koji je zvao policiju","breadcrumb":{"@id":"https:\/\/gorica.info\/pod-okriljem-noci-dvojica-muskaraca-krenula-u-kradu-ispiljenih-stabala-nisu-imali-srece-uhvatio-ih-savjesni-gradanin\/#breadcrumb"},"inLanguage":"en-US","potentialAction":[{"@type":"ReadAction","target":["https:\/\/gorica.info\/pod-okriljem-noci-dvojica-muskaraca-krenula-u-kradu-ispiljenih-stabala-nisu-imali-srece-uhvatio-ih-savjesni-gradanin\/"]}]},{"@type":"ImageObject","inLanguage":"en-US","@id":"https:\/\/gorica.info\/pod-okriljem-noci-dvojica-muskaraca-krenula-u-kradu-ispiljenih-stabala-nisu-imali-srece-uhvatio-ih-savjesni-gradanin\/#primaryimage","url":"https:\/\/gorica.info\/wp-content\/uploads\/2023\/07\/trupci-suma-foto-goricainfo.jpg","contentUrl":"https:\/\/gorica.info\/wp-content\/uploads\/2023\/07\/trupci-suma-foto-goricainfo.jpg","width":1100,"height":659,"caption":"Foto: Gorica.info"},{"@type":"BreadcrumbList","@id":"https:\/\/gorica.info\/pod-okriljem-noci-dvojica-muskaraca-krenula-u-kradu-ispiljenih-stabala-nisu-imali-srece-uhvatio-ih-savjesni-gradanin\/#breadcrumb","itemListElement":[{"@type":"ListItem","position":1,"name":"Po\u010detna stranica","item":"https:\/\/gorica.info\/"},{"@type":"ListItem","position":2,"name":"Pod okriljem no\u0107i dvojica mu\u0161karaca krenula u kra\u0111u ispiljenih stabala: Nisu imali sre\u0107e, uhvatio ih savjesni gra\u0111anin"}]},{"@type":"WebSite","@id":"https:\/\/gorica.info\/#website","url":"https:\/\/gorica.info\/","name":"Gorica Info","description":"Vijesti iz Velike Gorice i okolice.","publisher":{"@id":"https:\/\/gorica.info\/#organization"},"potentialAction":[{"@type":"SearchAction","target":{"@type":"EntryPoint","urlTemplate":"https:\/\/gorica.info\/?s={search_term_string}"},"query-input":{"@type":"PropertyValueSpecification","valueRequired":true,"valueName":"search_term_string"}}],"inLanguage":"en-US"},{"@type":["Organization","Place","NewsMediaOrganization"],"@id":"https:\/\/gorica.info\/#organization","name":"Gorica Info","url":"https:\/\/gorica.info\/","logo":{"@id":"https:\/\/gorica.info\/pod-okriljem-noci-dvojica-muskaraca-krenula-u-kradu-ispiljenih-stabala-nisu-imali-srece-uhvatio-ih-savjesni-gradanin\/#local-main-organization-logo"},"image":{"@id":"https:\/\/gorica.info\/pod-okriljem-noci-dvojica-muskaraca-krenula-u-kradu-ispiljenih-stabala-nisu-imali-srece-uhvatio-ih-savjesni-gradanin\/#local-main-organization-logo"},"sameAs":["https:\/\/www.facebook.com\/Goricainfo-106005144489262","https:\/\/x.com\/GoricaInfo","https:\/\/www.instagram.com\/gorica.info\/"],"address":{"@id":"https:\/\/gorica.info\/pod-okriljem-noci-dvojica-muskaraca-krenula-u-kradu-ispiljenih-stabala-nisu-imali-srece-uhvatio-ih-savjesni-gradanin\/#local-main-place-address"},"telephone":[],"openingHoursSpecification":[{"@type":"OpeningHoursSpecification","dayOfWeek":["Monday","Tuesday","Wednesday","Thursday","Friday","Saturday","Sunday"],"opens":"09:00","closes":"17:00"}],"email":"redakcija@gorica.info"},{"@type":"Person","@id":"https:\/\/gorica.info\/#\/schema\/person\/4499af1f22f322670b9b5977ccc2e3de","name":"Gorica. info","description":"Gorica.info je lokalni portal koji prati Veliku Goricu i okolici, svakodnevno donosi najnovije vijesti i pri\u010de, kulturna doga\u0111anja i aktualnosti koje oblikuju \u017eivot gra\u0111ana.","url":"https:\/\/gorica.info\/en\/author\/gorica-info\/"},{"@type":"PostalAddress","@id":"https:\/\/gorica.info\/pod-okriljem-noci-dvojica-muskaraca-krenula-u-kradu-ispiljenih-stabala-nisu-imali-srece-uhvatio-ih-savjesni-gradanin\/#local-main-place-address","streetAddress":"Horvatova 97","addressLocality":"Velika Gorica","postalCode":"10410","addressRegion":"Croatia","addressCountry":"HR"},{"@type":"ImageObject","inLanguage":"en-US","@id":"https:\/\/gorica.info\/pod-okriljem-noci-dvojica-muskaraca-krenula-u-kradu-ispiljenih-stabala-nisu-imali-srece-uhvatio-ih-savjesni-gradanin\/#local-main-organization-logo","url":"https:\/\/gorica.info\/wp-content\/uploads\/2024\/07\/Gorica-Info-Logo-mali.png","contentUrl":"https:\/\/gorica.info\/wp-content\/uploads\/2024\/07\/Gorica-Info-Logo-mali.png","width":450,"height":85,"caption":"Gorica Info"}]},"geo.placename":"Velika Gorica","geo.region":"Croatia"},"_links":{"self":[{"href":"https:\/\/gorica.info\/en\/wp-json\/wp\/v2\/posts\/52196","targetHints":{"allow":["GET"]}}],"collection":[{"href":"https:\/\/gorica.info\/en\/wp-json\/wp\/v2\/posts"}],"about":[{"href":"https:\/\/gorica.info\/en\/wp-json\/wp\/v2\/types\/post"}],"author":[{"embeddable":true,"href":"https:\/\/gorica.info\/en\/wp-json\/wp\/v2\/users\/23"}],"replies":[{"embeddable":true,"href":"https:\/\/gorica.info\/en\/wp-json\/wp\/v2\/comments?post=52196"}],"version-history":[{"count":0,"href":"https:\/\/gorica.info\/en\/wp-json\/wp\/v2\/posts\/52196\/revisions"}],"wp:featuredmedia":[{"embeddable":true,"href":"https:\/\/gorica.info\/en\/wp-json\/wp\/v2\/media\/52198"}],"wp:attachment":[{"href":"https:\/\/gorica.info\/en\/wp-json\/wp\/v2\/media?parent=52196"}],"wp:term":[{"taxonomy":"category","embeddable":true,"href":"https:\/\/gorica.info\/en\/wp-json\/wp\/v2\/categories?post=52196"},{"taxonomy":"post_tag","embeddable":true,"href":"https:\/\/gorica.info\/en\/wp-json\/wp\/v2\/tags?post=52196"}],"curies":[{"name":"wp","href":"https:\/\/api.w.org\/{rel}","templated":true}]}}