{"id":52402,"date":"2023-08-02T09:35:14","date_gmt":"2023-08-02T07:35:14","guid":{"rendered":"https:\/\/gorica.info\/?p=52402"},"modified":"2023-08-02T09:35:14","modified_gmt":"2023-08-02T07:35:14","slug":"policija-pronasla-trojicu-napadaca-koji-su-pretukli-tinejdzera-zadobio-je-teske-ozljede-glave-i-tijela","status":"publish","type":"post","link":"https:\/\/gorica.info\/en\/policija-pronasla-trojicu-napadaca-koji-su-pretukli-tinejdzera-zadobio-je-teske-ozljede-glave-i-tijela\/","title":{"rendered":"Policija prona\u0161la trojicu maloljetnih napada\u010da koji su pretukli tinejd\u017eera: Zadobio je te\u0161ke ozljede glave i tijela"},"content":{"rendered":"<p>Zagreba\u010dka policija prona\u0161la je <strong>trojicu maloljetnih napada\u010da<\/strong> koji su pretukli <strong>18-godi\u0161njaka<\/strong>. Nesretni mladi\u0107 pretu\u010den je u subotu oko 21.30 sati, u Dubravi u Ulici Augusta Musi\u0107a. Prema medicinskoj dokumentaciji koju je dobila policija, 18-godi\u0161njak je te\u0161ko ozlije\u0111en.<\/p>\n<p><a href=\"https:\/\/zagrebacka-policija.gov.hr\/vijesti\/teska-tjelesna-ozljeda-trojac-priveden-u-sluzbene-prostorije-policije\/94810\">Policija<\/a> je trojicu napada\u010da prona\u0161la i privela u utorak tijekom popodnevnih i ve\u010dernjih sati. Sumnji\u010de ih za po\u010dinjenje kaznenog djela <strong>te\u0161ka tjelesna ozljeda<\/strong>.<\/p>\n<p>Majka <a href=\"https:\/\/gorica.info\/en\/2023\/07\/31\/postaje-li-vrsnjacko-nasilje-sve-okrutnije-zlostavljanje-je-najcesce-medu-ucenicima-visih-razreda-osnovne-skole-a-71-nastavnika-upoce-ne-reagira\/\">pretu\u010denog<\/a> mladi\u0107a objavila je na Facebooku da su njezinog sina pretukla \u010detvorica mladi\u0107a u dobi izme\u0111u 17 i 18 godina.<\/p>\n<p>Sjeli su u tramvaj broj 12 na Trgu bana Josipa Jela\u010di\u0107a u kojem je bio i njezin sin te se vozili do okreti\u0161ta u Dubravi. Zatim su si\u0161li i u\u0161li u autobus 206 Dubrava-Miro\u0161evac koji je kretao u 21:15.<\/p>\n<p>Si\u0161li su za sinom na stanici u ulici Josipa Hamma (kod vrti\u0107a P\u010delica), pratili ga i pretukli u ulici Augusta Musi\u0107a ispred ku\u0107e broj 15. Jedino \u0161to imamo za sada je opis napada\u010da, napisala je majka.<\/p>\n<p>\u2013 Sin je zadobio vi\u0161estruke ozljede glave i tijela. Danas je to bilo moje dijete, sutra mo\u017ee biti va\u0161e \u2013 poru\u010dila je o\u010dajna majka koja je tra\u017eila pomo\u0107 gra\u0111ana u pronalasku napada\u010da.<\/p>\n<p>&nbsp;<\/p>\n<p>&nbsp;<\/p>\n<p>&nbsp;<\/p>","protected":false},"excerpt":{"rendered":"<p>Zagreba\u010dka policija prona\u0161la je trojicu maloljetnih napada\u010da koji su pretukli 18-godi\u0161njaka. Nesretni mladi\u0107 pretu\u010den je u subotu oko 21.30 sati, u Dubravi u Ulici Augusta Musi\u0107a. Prema medicinskoj dokumentaciji koju je dobila policija, 18-godi\u0161njak je te\u0161ko ozlije\u0111en. Policija je trojicu napada\u010da prona\u0161la i privela u utorak tijekom popodnevnih i ve\u010dernjih sati. Sumnji\u010de ih za po\u010dinjenje [&hellip;]<\/p>\n","protected":false},"author":23,"featured_media":52403,"comment_status":"open","ping_status":"open","sticky":false,"template":"","format":"standard","meta":{"limit_modified_date":"","last_modified_date":"","jnews-multi-image_gallery":[],"jnews_single_post":[],"jnews_primary_category":[],"jnews_override_counter":[],"footnotes":""},"categories":[93],"tags":[3074,4486,10902,1999,10903,266,4039],"class_list":["post-52402","post","type-post","status-publish","format-standard","has-post-thumbnail","hentry","category-crna-kronika","tag-dubrava","tag-majka","tag-napadaci","tag-nasilje","tag-ozlijeden-tinejdzer","tag-policija","tag-vrsnjacko-nasilje"],"yoast_head":"<!-- This site is optimized with the Yoast SEO Premium plugin v27.4 (Yoast SEO v27.4) - https:\/\/yoast.com\/product\/yoast-seo-premium-wordpress\/ -->\n<title>Policija prona\u0161la trojicu maloljetnih napada\u010da koji su pretukli tinejd\u017eera: Zadobio je te\u0161ke ozljede glave i tijela - Gorica Info<\/title>\n<meta name=\"description\" content=\"Policija prona\u0161la i uhitila trojicu napada\u010da koji su pretukli tinejd\u017eera: Zadobio je te\u0161ke ozljede glave i tijela.\" \/>\n<meta name=\"robots\" content=\"index, follow, max-snippet:-1, max-image-preview:large, max-video-preview:-1\" \/>\n<link rel=\"canonical\" href=\"https:\/\/gorica.info\/en\/policija-pronasla-trojicu-napadaca-koji-su-pretukli-tinejdzera-zadobio-je-teske-ozljede-glave-i-tijela\/\" \/>\n<meta property=\"og:locale\" content=\"en_US\" \/>\n<meta property=\"og:type\" content=\"article\" \/>\n<meta property=\"og:title\" content=\"Policija prona\u0161la trojicu maloljetnih napada\u010da koji su pretukli tinejd\u017eera: Zadobio je te\u0161ke ozljede glave i tijela\" \/>\n<meta property=\"og:description\" content=\"Policija prona\u0161la i uhitila trojicu napada\u010da koji su pretukli tinejd\u017eera: Zadobio je te\u0161ke ozljede glave i tijela.\" \/>\n<meta property=\"og:url\" content=\"https:\/\/gorica.info\/en\/policija-pronasla-trojicu-napadaca-koji-su-pretukli-tinejdzera-zadobio-je-teske-ozljede-glave-i-tijela\/\" \/>\n<meta property=\"og:site_name\" content=\"Gorica Info\" \/>\n<meta property=\"article:publisher\" content=\"https:\/\/www.facebook.com\/Goricainfo-106005144489262\" \/>\n<meta property=\"article:published_time\" content=\"2023-08-02T07:35:14+00:00\" \/>\n<meta property=\"og:image\" content=\"https:\/\/gorica.info\/wp-content\/uploads\/2023\/08\/policija-uhicenik02-1.jpg\" \/>\n\t<meta property=\"og:image:width\" content=\"300\" \/>\n\t<meta property=\"og:image:height\" content=\"200\" \/>\n\t<meta property=\"og:image:type\" content=\"image\/jpeg\" \/>\n<meta name=\"author\" content=\"Gorica. info\" \/>\n<meta name=\"twitter:card\" content=\"summary_large_image\" \/>\n<meta name=\"twitter:creator\" content=\"@GoricaInfo\" \/>\n<meta name=\"twitter:site\" content=\"@GoricaInfo\" \/>\n<meta name=\"twitter:label1\" content=\"Written by\" \/>\n\t<meta name=\"twitter:data1\" content=\"Gorica. info\" \/>\n\t<meta name=\"twitter:label2\" content=\"Est. reading time\" \/>\n\t<meta name=\"twitter:data2\" content=\"2 minutes\" \/>\n<meta name=\"geo.placename\" content=\"Velika Gorica\" \/>\n<meta name=\"geo.region\" content=\"Croatia\" \/>\n<!-- \/ Yoast SEO Premium plugin. -->","yoast_head_json":{"title":"Policija prona\u0161la trojicu maloljetnih napada\u010da koji su pretukli tinejd\u017eera: Zadobio je te\u0161ke ozljede glave i tijela - Gorica Info","description":"Policija prona\u0161la i uhitila trojicu napada\u010da koji su pretukli tinejd\u017eera: Zadobio je te\u0161ke ozljede glave i tijela.","robots":{"index":"index","follow":"follow","max-snippet":"max-snippet:-1","max-image-preview":"max-image-preview:large","max-video-preview":"max-video-preview:-1"},"canonical":"https:\/\/gorica.info\/en\/policija-pronasla-trojicu-napadaca-koji-su-pretukli-tinejdzera-zadobio-je-teske-ozljede-glave-i-tijela\/","og_locale":"en_US","og_type":"article","og_title":"Policija prona\u0161la trojicu maloljetnih napada\u010da koji su pretukli tinejd\u017eera: Zadobio je te\u0161ke ozljede glave i tijela","og_description":"Policija prona\u0161la i uhitila trojicu napada\u010da koji su pretukli tinejd\u017eera: Zadobio je te\u0161ke ozljede glave i tijela.","og_url":"https:\/\/gorica.info\/en\/policija-pronasla-trojicu-napadaca-koji-su-pretukli-tinejdzera-zadobio-je-teske-ozljede-glave-i-tijela\/","og_site_name":"Gorica Info","article_publisher":"https:\/\/www.facebook.com\/Goricainfo-106005144489262","article_published_time":"2023-08-02T07:35:14+00:00","og_image":[{"width":300,"height":200,"url":"https:\/\/gorica.info\/wp-content\/uploads\/2023\/08\/policija-uhicenik02-1.jpg","type":"image\/jpeg"}],"author":"Gorica. info","twitter_card":"summary_large_image","twitter_creator":"@GoricaInfo","twitter_site":"@GoricaInfo","twitter_misc":{"Written by":"Gorica. info","Est. reading time":"2 minutes"},"schema":{"@context":"https:\/\/schema.org","@graph":[{"@type":"NewsArticle","@id":"https:\/\/gorica.info\/policija-pronasla-trojicu-napadaca-koji-su-pretukli-tinejdzera-zadobio-je-teske-ozljede-glave-i-tijela\/#article","isPartOf":{"@id":"https:\/\/gorica.info\/policija-pronasla-trojicu-napadaca-koji-su-pretukli-tinejdzera-zadobio-je-teske-ozljede-glave-i-tijela\/"},"author":{"name":"Gorica. info","@id":"https:\/\/gorica.info\/#\/schema\/person\/4499af1f22f322670b9b5977ccc2e3de"},"headline":"Policija prona\u0161la trojicu maloljetnih napada\u010da koji su pretukli tinejd\u017eera: Zadobio je te\u0161ke ozljede glave i tijela","datePublished":"2023-08-02T07:35:14+00:00","mainEntityOfPage":{"@id":"https:\/\/gorica.info\/policija-pronasla-trojicu-napadaca-koji-su-pretukli-tinejdzera-zadobio-je-teske-ozljede-glave-i-tijela\/"},"wordCount":241,"commentCount":0,"publisher":{"@id":"https:\/\/gorica.info\/#organization"},"image":{"@id":"https:\/\/gorica.info\/policija-pronasla-trojicu-napadaca-koji-su-pretukli-tinejdzera-zadobio-je-teske-ozljede-glave-i-tijela\/#primaryimage"},"thumbnailUrl":"https:\/\/gorica.info\/wp-content\/uploads\/2023\/08\/policija-uhicenik02-1.jpg","keywords":["dubrava","majka","napada\u010di","nasilje","ozlije\u0111en tinejd\u017eer","policija","vr\u0161nja\u010dko nasilje"],"articleSection":["CRNA KRONIKA"],"inLanguage":"en-US","potentialAction":[{"@type":"CommentAction","name":"Comment","target":["https:\/\/gorica.info\/policija-pronasla-trojicu-napadaca-koji-su-pretukli-tinejdzera-zadobio-je-teske-ozljede-glave-i-tijela\/#respond"]}],"copyrightYear":"2023","copyrightHolder":{"@id":"https:\/\/gorica.info\/en\/#organization"}},{"@type":"WebPage","@id":"https:\/\/gorica.info\/policija-pronasla-trojicu-napadaca-koji-su-pretukli-tinejdzera-zadobio-je-teske-ozljede-glave-i-tijela\/","url":"https:\/\/gorica.info\/policija-pronasla-trojicu-napadaca-koji-su-pretukli-tinejdzera-zadobio-je-teske-ozljede-glave-i-tijela\/","name":"Policija prona\u0161la trojicu maloljetnih napada\u010da koji su pretukli tinejd\u017eera: Zadobio je te\u0161ke ozljede glave i tijela - Gorica Info","isPartOf":{"@id":"https:\/\/gorica.info\/#website"},"primaryImageOfPage":{"@id":"https:\/\/gorica.info\/policija-pronasla-trojicu-napadaca-koji-su-pretukli-tinejdzera-zadobio-je-teske-ozljede-glave-i-tijela\/#primaryimage"},"image":{"@id":"https:\/\/gorica.info\/policija-pronasla-trojicu-napadaca-koji-su-pretukli-tinejdzera-zadobio-je-teske-ozljede-glave-i-tijela\/#primaryimage"},"thumbnailUrl":"https:\/\/gorica.info\/wp-content\/uploads\/2023\/08\/policija-uhicenik02-1.jpg","datePublished":"2023-08-02T07:35:14+00:00","description":"Policija prona\u0161la i uhitila trojicu napada\u010da koji su pretukli tinejd\u017eera: Zadobio je te\u0161ke ozljede glave i tijela.","breadcrumb":{"@id":"https:\/\/gorica.info\/policija-pronasla-trojicu-napadaca-koji-su-pretukli-tinejdzera-zadobio-je-teske-ozljede-glave-i-tijela\/#breadcrumb"},"inLanguage":"en-US","potentialAction":[{"@type":"ReadAction","target":["https:\/\/gorica.info\/policija-pronasla-trojicu-napadaca-koji-su-pretukli-tinejdzera-zadobio-je-teske-ozljede-glave-i-tijela\/"]}]},{"@type":"ImageObject","inLanguage":"en-US","@id":"https:\/\/gorica.info\/policija-pronasla-trojicu-napadaca-koji-su-pretukli-tinejdzera-zadobio-je-teske-ozljede-glave-i-tijela\/#primaryimage","url":"https:\/\/gorica.info\/wp-content\/uploads\/2023\/08\/policija-uhicenik02-1.jpg","contentUrl":"https:\/\/gorica.info\/wp-content\/uploads\/2023\/08\/policija-uhicenik02-1.jpg","width":300,"height":200,"caption":"Ilustracija: Policija"},{"@type":"BreadcrumbList","@id":"https:\/\/gorica.info\/policija-pronasla-trojicu-napadaca-koji-su-pretukli-tinejdzera-zadobio-je-teske-ozljede-glave-i-tijela\/#breadcrumb","itemListElement":[{"@type":"ListItem","position":1,"name":"Po\u010detna stranica","item":"https:\/\/gorica.info\/"},{"@type":"ListItem","position":2,"name":"Policija prona\u0161la trojicu maloljetnih napada\u010da koji su pretukli tinejd\u017eera: Zadobio je te\u0161ke ozljede glave i tijela"}]},{"@type":"WebSite","@id":"https:\/\/gorica.info\/#website","url":"https:\/\/gorica.info\/","name":"Gorica Info","description":"Vijesti iz Velike Gorice i okolice.","publisher":{"@id":"https:\/\/gorica.info\/#organization"},"potentialAction":[{"@type":"SearchAction","target":{"@type":"EntryPoint","urlTemplate":"https:\/\/gorica.info\/?s={search_term_string}"},"query-input":{"@type":"PropertyValueSpecification","valueRequired":true,"valueName":"search_term_string"}}],"inLanguage":"en-US"},{"@type":["Organization","Place","NewsMediaOrganization"],"@id":"https:\/\/gorica.info\/#organization","name":"Gorica Info","url":"https:\/\/gorica.info\/","logo":{"@id":"https:\/\/gorica.info\/policija-pronasla-trojicu-napadaca-koji-su-pretukli-tinejdzera-zadobio-je-teske-ozljede-glave-i-tijela\/#local-main-organization-logo"},"image":{"@id":"https:\/\/gorica.info\/policija-pronasla-trojicu-napadaca-koji-su-pretukli-tinejdzera-zadobio-je-teske-ozljede-glave-i-tijela\/#local-main-organization-logo"},"sameAs":["https:\/\/www.facebook.com\/Goricainfo-106005144489262","https:\/\/x.com\/GoricaInfo","https:\/\/www.instagram.com\/gorica.info\/"],"address":{"@id":"https:\/\/gorica.info\/policija-pronasla-trojicu-napadaca-koji-su-pretukli-tinejdzera-zadobio-je-teske-ozljede-glave-i-tijela\/#local-main-place-address"},"telephone":[],"openingHoursSpecification":[{"@type":"OpeningHoursSpecification","dayOfWeek":["Monday","Tuesday","Wednesday","Thursday","Friday","Saturday","Sunday"],"opens":"09:00","closes":"17:00"}],"email":"redakcija@gorica.info"},{"@type":"Person","@id":"https:\/\/gorica.info\/#\/schema\/person\/4499af1f22f322670b9b5977ccc2e3de","name":"Gorica. info","description":"Gorica.info je lokalni portal koji prati Veliku Goricu i okolici, svakodnevno donosi najnovije vijesti i pri\u010de, kulturna doga\u0111anja i aktualnosti koje oblikuju \u017eivot gra\u0111ana.","url":"https:\/\/gorica.info\/en\/author\/gorica-info\/"},{"@type":"PostalAddress","@id":"https:\/\/gorica.info\/policija-pronasla-trojicu-napadaca-koji-su-pretukli-tinejdzera-zadobio-je-teske-ozljede-glave-i-tijela\/#local-main-place-address","streetAddress":"Horvatova 97","addressLocality":"Velika Gorica","postalCode":"10410","addressRegion":"Croatia","addressCountry":"HR"},{"@type":"ImageObject","inLanguage":"en-US","@id":"https:\/\/gorica.info\/policija-pronasla-trojicu-napadaca-koji-su-pretukli-tinejdzera-zadobio-je-teske-ozljede-glave-i-tijela\/#local-main-organization-logo","url":"https:\/\/gorica.info\/wp-content\/uploads\/2024\/07\/Gorica-Info-Logo-mali.png","contentUrl":"https:\/\/gorica.info\/wp-content\/uploads\/2024\/07\/Gorica-Info-Logo-mali.png","width":450,"height":85,"caption":"Gorica Info"}]},"geo.placename":"Velika Gorica","geo.region":"Croatia"},"_links":{"self":[{"href":"https:\/\/gorica.info\/en\/wp-json\/wp\/v2\/posts\/52402","targetHints":{"allow":["GET"]}}],"collection":[{"href":"https:\/\/gorica.info\/en\/wp-json\/wp\/v2\/posts"}],"about":[{"href":"https:\/\/gorica.info\/en\/wp-json\/wp\/v2\/types\/post"}],"author":[{"embeddable":true,"href":"https:\/\/gorica.info\/en\/wp-json\/wp\/v2\/users\/23"}],"replies":[{"embeddable":true,"href":"https:\/\/gorica.info\/en\/wp-json\/wp\/v2\/comments?post=52402"}],"version-history":[{"count":0,"href":"https:\/\/gorica.info\/en\/wp-json\/wp\/v2\/posts\/52402\/revisions"}],"wp:featuredmedia":[{"embeddable":true,"href":"https:\/\/gorica.info\/en\/wp-json\/wp\/v2\/media\/52403"}],"wp:attachment":[{"href":"https:\/\/gorica.info\/en\/wp-json\/wp\/v2\/media?parent=52402"}],"wp:term":[{"taxonomy":"category","embeddable":true,"href":"https:\/\/gorica.info\/en\/wp-json\/wp\/v2\/categories?post=52402"},{"taxonomy":"post_tag","embeddable":true,"href":"https:\/\/gorica.info\/en\/wp-json\/wp\/v2\/tags?post=52402"}],"curies":[{"name":"wp","href":"https:\/\/api.w.org\/{rel}","templated":true}]}}