{"id":52412,"date":"2023-08-02T09:59:30","date_gmt":"2023-08-02T07:59:30","guid":{"rendered":"https:\/\/gorica.info\/?p=52412"},"modified":"2023-08-02T09:59:30","modified_gmt":"2023-08-02T07:59:30","slug":"damir-pilcik-cijeli-svoj-radni-vijek-proveo-je-radeci-za-civilnu-zastitu-i-pomazuci-drugima","status":"publish","type":"post","link":"https:\/\/gorica.info\/en\/damir-pilcik-cijeli-svoj-radni-vijek-proveo-je-radeci-za-civilnu-zastitu-i-pomazuci-drugima\/","title":{"rendered":"VIDEO Damir Pil\u010dik cijeli svoj radni vijek proveo je rade\u0107i za civilnu za\u0161titu i poma\u017eu\u0107i drugima"},"content":{"rendered":"<p>Me\u0111u ovogodi\u0161njim dobitnicima priznanja<a href=\"https:\/\/gorica.info\/en\/2023\/07\/12\/priznanja-zagrebacke-zupanije-trojica-velikogoricana-damir-pilcik-drazen-lucan-i-zoran-postic-dobitnici-prestiznih-nagrada\/\"> Zagreba\u010dke \u017eupanije<\/a> je i <strong>Damir Pil\u010dik<\/strong> iz Velike Gorice. Dobio je zaslu\u017eeno priznanje &#8211; <strong>Povelju Zagreba\u010dke \u017eupanije<\/strong>\u00a0za svoj iznimni doprinos u <strong>razvoju civilne za\u0161tite<\/strong>.<\/p>\n<p>Sudionik Domovinskog rata od 1991. godine, Damir je nositelj Spomenice Domovinskog rata, kao i medalja &#8220;Bljesak&#8221; i &#8220;Oluja&#8221;. Kao Pro\u010delnik Podru\u010dnog ureda za za\u0161titu i spa\u0161avanje Zagreb, Pil\u010dik je posve\u0107en razvoju civilne za\u0161tite na podru\u010dju Zagreba\u010dke \u017eupanije. Njegova predanost i vje\u0161tine do\u0161le su posebno do izra\u017eaja tijekom te\u0161kih vremena &#8211; bilo da je pru\u017eao pomo\u0107 stradalnicima tijekom zagreba\u010dkog i petrinjskog potresa ili organizirao djelovanje tijekom pandemije covida.<\/p>\n<p>Damir Pil\u010dik je primjer neumornog borca za sigurnost i dobrobit zajednice, a predan rad u spa\u0161avanju i za\u0161titi drugih zaslu\u017eni su \u0161to je ovogodi\u0161nji dobitnik Povelje Zagreba\u010dke \u017eupanije, objavili su iz <a href=\"https:\/\/www.zagrebacka-zupanija.hr\/vijesti\/7366\/video-prica-o-dobitnicima-javnih-priznanja-damir-p\">\u017eupanije<\/a>.<\/p>\n<div class=\"jeg_video_container jeg_video_content\"><iframe title=\"DAMIR PIL\u010cIK\" width=\"500\" height=\"281\" src=\"https:\/\/www.youtube.com\/embed\/YJToUbNOFj0?feature=oembed\" frameborder=\"0\" allow=\"accelerometer; autoplay; clipboard-write; encrypted-media; gyroscope; picture-in-picture; web-share\" referrerpolicy=\"strict-origin-when-cross-origin\" allowfullscreen><\/iframe><\/div>\n<p>&nbsp;<\/p>","protected":false},"excerpt":{"rendered":"<p>Me\u0111u ovogodi\u0161njim dobitnicima priznanja Zagreba\u010dke \u017eupanije je i Damir Pil\u010dik iz Velike Gorice. Dobio je zaslu\u017eeno priznanje &#8211; Povelju Zagreba\u010dke \u017eupanije\u00a0za svoj iznimni doprinos u razvoju civilne za\u0161tite. Sudionik Domovinskog rata od 1991. godine, Damir je nositelj Spomenice Domovinskog rata, kao i medalja &#8220;Bljesak&#8221; i &#8220;Oluja&#8221;. Kao Pro\u010delnik Podru\u010dnog ureda za za\u0161titu i spa\u0161avanje Zagreb, [&hellip;]<\/p>\n","protected":false},"author":25,"featured_media":52413,"comment_status":"open","ping_status":"open","sticky":false,"template":"","format":"standard","meta":{"limit_modified_date":"","last_modified_date":"","jnews-multi-image_gallery":[],"jnews_single_post":[],"jnews_primary_category":[],"jnews_override_counter":[],"footnotes":""},"categories":[108],"tags":[1424,10622,10904,149],"class_list":["post-52412","post","type-post","status-publish","format-standard","has-post-thumbnail","hentry","category-zupanija","tag-civilna-zastita","tag-damir-pilcik","tag-javno-priznanje","tag-zagrebacka-zupanija"],"yoast_head":"<!-- This site is optimized with the Yoast SEO Premium plugin v27.4 (Yoast SEO v27.4) - https:\/\/yoast.com\/product\/yoast-seo-premium-wordpress\/ -->\n<title>VIDEO Damir Pil\u010dik cijeli svoj radni vijek proveo je rade\u0107i za civilnu za\u0161titu i poma\u017eu\u0107i drugima - Gorica Info<\/title>\n<meta name=\"description\" content=\"Damir Pil\u010dik cijeli svoj radni vijek proveo je rade\u0107i za civilnu za\u0161titu i poma\u017eu\u0107i drugima. zato je dobio priznanje Zagreba\u010dke \u017eupanije.\" \/>\n<meta name=\"robots\" content=\"index, follow, max-snippet:-1, max-image-preview:large, max-video-preview:-1\" \/>\n<link rel=\"canonical\" href=\"https:\/\/gorica.info\/en\/damir-pilcik-cijeli-svoj-radni-vijek-proveo-je-radeci-za-civilnu-zastitu-i-pomazuci-drugima\/\" \/>\n<meta property=\"og:locale\" content=\"en_US\" \/>\n<meta property=\"og:type\" content=\"article\" \/>\n<meta property=\"og:title\" content=\"VIDEO Damir Pil\u010dik cijeli svoj radni vijek proveo je rade\u0107i za civilnu za\u0161titu i poma\u017eu\u0107i drugima\" \/>\n<meta property=\"og:description\" content=\"Damir Pil\u010dik cijeli svoj radni vijek proveo je rade\u0107i za civilnu za\u0161titu i poma\u017eu\u0107i drugima. zato je dobio priznanje Zagreba\u010dke \u017eupanije.\" \/>\n<meta property=\"og:url\" content=\"https:\/\/gorica.info\/en\/damir-pilcik-cijeli-svoj-radni-vijek-proveo-je-radeci-za-civilnu-zastitu-i-pomazuci-drugima\/\" \/>\n<meta property=\"og:site_name\" content=\"Gorica Info\" \/>\n<meta property=\"article:publisher\" content=\"https:\/\/www.facebook.com\/Goricainfo-106005144489262\" \/>\n<meta property=\"article:published_time\" content=\"2023-08-02T07:59:30+00:00\" \/>\n<meta property=\"og:image\" content=\"https:\/\/gorica.info\/wp-content\/uploads\/2023\/08\/dami-pilcik-foto-drazen_kopac.jpg\" \/>\n\t<meta property=\"og:image:width\" content=\"648\" \/>\n\t<meta property=\"og:image:height\" content=\"432\" \/>\n\t<meta property=\"og:image:type\" content=\"image\/jpeg\" \/>\n<meta name=\"author\" content=\"Marta Horvat\" \/>\n<meta name=\"twitter:card\" content=\"summary_large_image\" \/>\n<meta name=\"twitter:creator\" content=\"@GoricaInfo\" \/>\n<meta name=\"twitter:site\" content=\"@GoricaInfo\" \/>\n<meta name=\"twitter:label1\" content=\"Written by\" \/>\n\t<meta name=\"twitter:data1\" content=\"Marta Horvat\" \/>\n\t<meta name=\"twitter:label2\" content=\"Est. reading time\" \/>\n\t<meta name=\"twitter:data2\" content=\"1 minute\" \/>\n<meta name=\"geo.placename\" content=\"Velika Gorica\" \/>\n<meta name=\"geo.region\" content=\"Croatia\" \/>\n<!-- \/ Yoast SEO Premium plugin. -->","yoast_head_json":{"title":"VIDEO Damir Pil\u010dik cijeli svoj radni vijek proveo je rade\u0107i za civilnu za\u0161titu i poma\u017eu\u0107i drugima - Gorica Info","description":"Damir Pil\u010dik cijeli svoj radni vijek proveo je rade\u0107i za civilnu za\u0161titu i poma\u017eu\u0107i drugima. zato je dobio priznanje Zagreba\u010dke \u017eupanije.","robots":{"index":"index","follow":"follow","max-snippet":"max-snippet:-1","max-image-preview":"max-image-preview:large","max-video-preview":"max-video-preview:-1"},"canonical":"https:\/\/gorica.info\/en\/damir-pilcik-cijeli-svoj-radni-vijek-proveo-je-radeci-za-civilnu-zastitu-i-pomazuci-drugima\/","og_locale":"en_US","og_type":"article","og_title":"VIDEO Damir Pil\u010dik cijeli svoj radni vijek proveo je rade\u0107i za civilnu za\u0161titu i poma\u017eu\u0107i drugima","og_description":"Damir Pil\u010dik cijeli svoj radni vijek proveo je rade\u0107i za civilnu za\u0161titu i poma\u017eu\u0107i drugima. zato je dobio priznanje Zagreba\u010dke \u017eupanije.","og_url":"https:\/\/gorica.info\/en\/damir-pilcik-cijeli-svoj-radni-vijek-proveo-je-radeci-za-civilnu-zastitu-i-pomazuci-drugima\/","og_site_name":"Gorica Info","article_publisher":"https:\/\/www.facebook.com\/Goricainfo-106005144489262","article_published_time":"2023-08-02T07:59:30+00:00","og_image":[{"width":648,"height":432,"url":"https:\/\/gorica.info\/wp-content\/uploads\/2023\/08\/dami-pilcik-foto-drazen_kopac.jpg","type":"image\/jpeg"}],"author":"Marta Horvat","twitter_card":"summary_large_image","twitter_creator":"@GoricaInfo","twitter_site":"@GoricaInfo","twitter_misc":{"Written by":"Marta Horvat","Est. reading time":"1 minute"},"schema":{"@context":"https:\/\/schema.org","@graph":[{"@type":"NewsArticle","@id":"https:\/\/gorica.info\/damir-pilcik-cijeli-svoj-radni-vijek-proveo-je-radeci-za-civilnu-zastitu-i-pomazuci-drugima\/#article","isPartOf":{"@id":"https:\/\/gorica.info\/damir-pilcik-cijeli-svoj-radni-vijek-proveo-je-radeci-za-civilnu-zastitu-i-pomazuci-drugima\/"},"author":{"name":"Marta Horvat","@id":"https:\/\/gorica.info\/#\/schema\/person\/b2df2f6fb2a9073c0fa5af2672befd52"},"headline":"VIDEO Damir Pil\u010dik cijeli svoj radni vijek proveo je rade\u0107i za civilnu za\u0161titu i poma\u017eu\u0107i drugima","datePublished":"2023-08-02T07:59:30+00:00","mainEntityOfPage":{"@id":"https:\/\/gorica.info\/damir-pilcik-cijeli-svoj-radni-vijek-proveo-je-radeci-za-civilnu-zastitu-i-pomazuci-drugima\/"},"wordCount":181,"commentCount":0,"publisher":{"@id":"https:\/\/gorica.info\/#organization"},"image":{"@id":"https:\/\/gorica.info\/damir-pilcik-cijeli-svoj-radni-vijek-proveo-je-radeci-za-civilnu-zastitu-i-pomazuci-drugima\/#primaryimage"},"thumbnailUrl":"https:\/\/gorica.info\/wp-content\/uploads\/2023\/08\/dami-pilcik-foto-drazen_kopac.jpg","keywords":["civilna za\u0161tita","damir pil\u010dik","javno priznanje","Zagreba\u010dka \u017eupanija"],"articleSection":["\u017dUPANIJA"],"inLanguage":"en-US","potentialAction":[{"@type":"CommentAction","name":"Comment","target":["https:\/\/gorica.info\/damir-pilcik-cijeli-svoj-radni-vijek-proveo-je-radeci-za-civilnu-zastitu-i-pomazuci-drugima\/#respond"]}],"copyrightYear":"2023","copyrightHolder":{"@id":"https:\/\/gorica.info\/en\/#organization"}},{"@type":"WebPage","@id":"https:\/\/gorica.info\/damir-pilcik-cijeli-svoj-radni-vijek-proveo-je-radeci-za-civilnu-zastitu-i-pomazuci-drugima\/","url":"https:\/\/gorica.info\/damir-pilcik-cijeli-svoj-radni-vijek-proveo-je-radeci-za-civilnu-zastitu-i-pomazuci-drugima\/","name":"VIDEO Damir Pil\u010dik cijeli svoj radni vijek proveo je rade\u0107i za civilnu za\u0161titu i poma\u017eu\u0107i drugima - Gorica Info","isPartOf":{"@id":"https:\/\/gorica.info\/#website"},"primaryImageOfPage":{"@id":"https:\/\/gorica.info\/damir-pilcik-cijeli-svoj-radni-vijek-proveo-je-radeci-za-civilnu-zastitu-i-pomazuci-drugima\/#primaryimage"},"image":{"@id":"https:\/\/gorica.info\/damir-pilcik-cijeli-svoj-radni-vijek-proveo-je-radeci-za-civilnu-zastitu-i-pomazuci-drugima\/#primaryimage"},"thumbnailUrl":"https:\/\/gorica.info\/wp-content\/uploads\/2023\/08\/dami-pilcik-foto-drazen_kopac.jpg","datePublished":"2023-08-02T07:59:30+00:00","description":"Damir Pil\u010dik cijeli svoj radni vijek proveo je rade\u0107i za civilnu za\u0161titu i poma\u017eu\u0107i drugima. zato je dobio priznanje Zagreba\u010dke \u017eupanije.","breadcrumb":{"@id":"https:\/\/gorica.info\/damir-pilcik-cijeli-svoj-radni-vijek-proveo-je-radeci-za-civilnu-zastitu-i-pomazuci-drugima\/#breadcrumb"},"inLanguage":"en-US","potentialAction":[{"@type":"ReadAction","target":["https:\/\/gorica.info\/damir-pilcik-cijeli-svoj-radni-vijek-proveo-je-radeci-za-civilnu-zastitu-i-pomazuci-drugima\/"]}]},{"@type":"ImageObject","inLanguage":"en-US","@id":"https:\/\/gorica.info\/damir-pilcik-cijeli-svoj-radni-vijek-proveo-je-radeci-za-civilnu-zastitu-i-pomazuci-drugima\/#primaryimage","url":"https:\/\/gorica.info\/wp-content\/uploads\/2023\/08\/dami-pilcik-foto-drazen_kopac.jpg","contentUrl":"https:\/\/gorica.info\/wp-content\/uploads\/2023\/08\/dami-pilcik-foto-drazen_kopac.jpg","width":648,"height":432,"caption":"Foto: Dra\u017een Kopa\u010d"},{"@type":"BreadcrumbList","@id":"https:\/\/gorica.info\/damir-pilcik-cijeli-svoj-radni-vijek-proveo-je-radeci-za-civilnu-zastitu-i-pomazuci-drugima\/#breadcrumb","itemListElement":[{"@type":"ListItem","position":1,"name":"Po\u010detna stranica","item":"https:\/\/gorica.info\/"},{"@type":"ListItem","position":2,"name":"VIDEO Damir Pil\u010dik cijeli svoj radni vijek proveo je rade\u0107i za civilnu za\u0161titu i poma\u017eu\u0107i drugima"}]},{"@type":"WebSite","@id":"https:\/\/gorica.info\/#website","url":"https:\/\/gorica.info\/","name":"Gorica Info","description":"Vijesti iz Velike Gorice i okolice.","publisher":{"@id":"https:\/\/gorica.info\/#organization"},"potentialAction":[{"@type":"SearchAction","target":{"@type":"EntryPoint","urlTemplate":"https:\/\/gorica.info\/?s={search_term_string}"},"query-input":{"@type":"PropertyValueSpecification","valueRequired":true,"valueName":"search_term_string"}}],"inLanguage":"en-US"},{"@type":["Organization","Place","NewsMediaOrganization"],"@id":"https:\/\/gorica.info\/#organization","name":"Gorica Info","url":"https:\/\/gorica.info\/","logo":{"@id":"https:\/\/gorica.info\/damir-pilcik-cijeli-svoj-radni-vijek-proveo-je-radeci-za-civilnu-zastitu-i-pomazuci-drugima\/#local-main-organization-logo"},"image":{"@id":"https:\/\/gorica.info\/damir-pilcik-cijeli-svoj-radni-vijek-proveo-je-radeci-za-civilnu-zastitu-i-pomazuci-drugima\/#local-main-organization-logo"},"sameAs":["https:\/\/www.facebook.com\/Goricainfo-106005144489262","https:\/\/x.com\/GoricaInfo","https:\/\/www.instagram.com\/gorica.info\/"],"address":{"@id":"https:\/\/gorica.info\/damir-pilcik-cijeli-svoj-radni-vijek-proveo-je-radeci-za-civilnu-zastitu-i-pomazuci-drugima\/#local-main-place-address"},"telephone":[],"openingHoursSpecification":[{"@type":"OpeningHoursSpecification","dayOfWeek":["Monday","Tuesday","Wednesday","Thursday","Friday","Saturday","Sunday"],"opens":"09:00","closes":"17:00"}],"email":"redakcija@gorica.info"},{"@type":"Person","@id":"https:\/\/gorica.info\/#\/schema\/person\/b2df2f6fb2a9073c0fa5af2672befd52","name":"Marta Horvat","description":"Marta Horvat je studentica koja redovito pi\u0161e za portal, prati sva gradska doga\u0111anja i u\u017eiva isprobavati nove recept koje dijeli s na\u0161im \u010ditateljima.","url":"https:\/\/gorica.info\/en\/author\/marta-horvat\/"},{"@type":"PostalAddress","@id":"https:\/\/gorica.info\/damir-pilcik-cijeli-svoj-radni-vijek-proveo-je-radeci-za-civilnu-zastitu-i-pomazuci-drugima\/#local-main-place-address","streetAddress":"Horvatova 97","addressLocality":"Velika Gorica","postalCode":"10410","addressRegion":"Croatia","addressCountry":"HR"},{"@type":"ImageObject","inLanguage":"en-US","@id":"https:\/\/gorica.info\/damir-pilcik-cijeli-svoj-radni-vijek-proveo-je-radeci-za-civilnu-zastitu-i-pomazuci-drugima\/#local-main-organization-logo","url":"https:\/\/gorica.info\/wp-content\/uploads\/2024\/07\/Gorica-Info-Logo-mali.png","contentUrl":"https:\/\/gorica.info\/wp-content\/uploads\/2024\/07\/Gorica-Info-Logo-mali.png","width":450,"height":85,"caption":"Gorica Info"}]},"geo.placename":"Velika Gorica","geo.region":"Croatia"},"_links":{"self":[{"href":"https:\/\/gorica.info\/en\/wp-json\/wp\/v2\/posts\/52412","targetHints":{"allow":["GET"]}}],"collection":[{"href":"https:\/\/gorica.info\/en\/wp-json\/wp\/v2\/posts"}],"about":[{"href":"https:\/\/gorica.info\/en\/wp-json\/wp\/v2\/types\/post"}],"author":[{"embeddable":true,"href":"https:\/\/gorica.info\/en\/wp-json\/wp\/v2\/users\/25"}],"replies":[{"embeddable":true,"href":"https:\/\/gorica.info\/en\/wp-json\/wp\/v2\/comments?post=52412"}],"version-history":[{"count":0,"href":"https:\/\/gorica.info\/en\/wp-json\/wp\/v2\/posts\/52412\/revisions"}],"wp:featuredmedia":[{"embeddable":true,"href":"https:\/\/gorica.info\/en\/wp-json\/wp\/v2\/media\/52413"}],"wp:attachment":[{"href":"https:\/\/gorica.info\/en\/wp-json\/wp\/v2\/media?parent=52412"}],"wp:term":[{"taxonomy":"category","embeddable":true,"href":"https:\/\/gorica.info\/en\/wp-json\/wp\/v2\/categories?post=52412"},{"taxonomy":"post_tag","embeddable":true,"href":"https:\/\/gorica.info\/en\/wp-json\/wp\/v2\/tags?post=52412"}],"curies":[{"name":"wp","href":"https:\/\/api.w.org\/{rel}","templated":true}]}}