{"id":52745,"date":"2023-08-11T15:21:15","date_gmt":"2023-08-11T13:21:15","guid":{"rendered":"https:\/\/gorica.info\/?p=52745"},"modified":"2023-08-11T15:21:15","modified_gmt":"2023-08-11T13:21:15","slug":"ove-godine-uvjeti-ce-biti-idealni-nemojte-propustiti-suze-svetog-lovre-u-noci-sa-subote-na-nedjelju","status":"publish","type":"post","link":"https:\/\/gorica.info\/en\/ove-godine-uvjeti-ce-biti-idealni-nemojte-propustiti-suze-svetog-lovre-u-noci-sa-subote-na-nedjelju\/","title":{"rendered":"Ove godine uvjeti \u0107e biti idealni: Nemojte propustiti suze svetog Lovre u no\u0107i sa subote na nedjelju"},"content":{"rendered":"<p>Ove godine po prognozama <strong>suze svetog Lovre<\/strong> bit \u0107e najvidljivije u no\u0107i sa <strong>subote na nedjelju<\/strong>. Prilike za <a href=\"https:\/\/gorica.info\/en\/2022\/08\/10\/suze-svetog-lovre-nemojte-propustiti-nebeski-spektakl-u-noci-s-cetvrtka-na-petak\/\">promatranje<\/a> bit \u0107e iznimno povoljne jer \u0107e <strong>Mjesec<\/strong> gotovo potpuno izostati s neba, ne naru\u0161avaju\u0107i vizualno u\u017eivanje u ovom nebeskom spektaklu. Tako\u0111er, vremenska prognoza obe\u0107ava povoljne uvjete za promatranje.<\/p>\n<p>Mjesec u no\u0107i s<strong> 12. na 13. kolovoza<\/strong> izlazi oko 2.30 i osvijetljen je manje od 10 posto jer ide prema mla\u0111aku, pa ne\u0107e smetati u promatranju, objavili su iz <a href=\"https:\/\/www.facebook.com\/astronomskisavez?locale=hr_HR\">Hrvatskog astronomskog saveza<\/a>.<\/p>\n<p>Prognozira se prosje\u010dna aktivnost od oko 100 meteora na sat. Najbolje vrijeme za opa\u017eanje \u0107e biti od pono\u0107i do zore kada zvije\u017e\u0111e Perzej bude visoko na nebu.<\/p>\n<p>Astronomska dru\u0161tva udru\u017eena u Hrvatski astronomski savez tim povodom organiziraju razne astronomske aktivnosti jer \u0107e se osim najljep\u0161eg meteorskog roja u godini teleskopima mo\u0107i pogledati Saturn ili primjerice galaksiju u Andromedi.<\/p>\n<p>Za opa\u017eanje meteora nije potrebna nikakva posebna oprema (teleskopi, dvogledi) ve\u0107 se meteori opa\u017eaju golim okom le\u017ee\u0107i na tlu, a potrebno je biti barem 30 minuta u tami kako bi se o\u010di prilagodile no\u0107nim uvjetima.<\/p>\n<h4><strong>Za promatranje prona\u0111ite mjesto udaljeno od javne rasvjete<\/strong><\/h4>\n<p>Potrebno je prona\u0107i mjesto \u0161to dalje od rasvjete i svjetlosnog one\u010di\u0161\u0107enja i u\u017eivati u tom nebeskom spektaklu.<\/p>\n<p>Iz Hrvatskog astronomskog saveza apeliraju na promatra\u010de da ne gledaju direktno u radijant (ishodi\u0161nu to\u010dku meteorskog roja) jer \u0107e tamo opaziti najmanje meteora.<\/p>\n<p>Izraz \u201csuze sv. Lovre\u201d, koji se \u010desto koristi kao pu\u010dki naziv za<strong> Perzeide,<\/strong> zapravo je postao popularan tek u zadnjih pedesetak godina, kod nas, ponajprije u Dalmaciji gdje je preuzet iz Italije. Naime, poznati talijanski pjesnik iz 19. stolje\u0107a, Giovanni Pascolli u pjesmi 10 Agosto opjevao je godi\u0161njicu smrti svoga oca na kojega ga podsje\u0107aju meteori koji u to doba padaju.<\/p>\n<p>Sveti Lovro je kr\u0161\u0107anski mu\u010denik kojeg su 10. kolovoza 258. godine, po legendi, spr\u017eili na re\u0161etki, a svojim je mu\u010diteljima tom prilikom hrabro rekao \u201cgotov sam s ove strane, okrenite me na drugu!\u201d.<\/p>\n<p>Meteori su u narodu poznati kao zvijezde padalice, svitci, proletu\u0161e, krijesnice i ferali\u0107i.<\/p>\n<p>Narodna predaja ka\u017ee da \u0107e vam se, ako ne\u0161to za\u017eelite tijekom ove no\u0107i, ta \u017eelja i ostvariti, ali morate u nju \u010dvrsto vjerovati i ona mora ostati tajna.<\/p>\n<p>Ako snimite ovaj no\u0107a\u0161nji spektakl i \u017eelite podijelite fotografije sa \u010ditateljima portala<strong> Gorica.info<\/strong> javite se na mail redakcija@gorica.info.<\/p>\n<p>&nbsp;<\/p>\n<p>&nbsp;<\/p>","protected":false},"excerpt":{"rendered":"<p>Ove godine po prognozama suze svetog Lovre bit \u0107e najvidljivije u no\u0107i sa subote na nedjelju. Prilike za promatranje bit \u0107e iznimno povoljne jer \u0107e Mjesec gotovo potpuno izostati s neba, ne naru\u0161avaju\u0107i vizualno u\u017eivanje u ovom nebeskom spektaklu. Tako\u0111er, vremenska prognoza obe\u0107ava povoljne uvjete za promatranje. Mjesec u no\u0107i s 12. na 13. kolovoza [&hellip;]<\/p>\n","protected":false},"author":23,"featured_media":52746,"comment_status":"open","ping_status":"open","sticky":false,"template":"","format":"standard","meta":{"limit_modified_date":"","last_modified_date":"","jnews-multi-image_gallery":[],"jnews_single_post":[],"jnews_primary_category":[],"jnews_override_counter":[],"footnotes":""},"categories":[83],"tags":[11001,1950,11002,11003,11004,11005,722,11007,6990],"class_list":["post-52745","post","type-post","status-publish","format-standard","has-post-thumbnail","hentry","category-drustvo","tag-astronomija","tag-hrvatski-astronomski-savez","tag-krijesnice","tag-meteori","tag-mjesec","tag-perzeide","tag-suze-svetog-lovre","tag-svitci","tag-zvijezde-padalice"],"yoast_head":"<!-- This site is optimized with the Yoast SEO Premium plugin v27.4 (Yoast SEO v27.4) - https:\/\/yoast.com\/product\/yoast-seo-premium-wordpress\/ -->\n<title>Ove godine uvjeti \u0107e biti idealni: Nemojte propustiti suze svetog Lovre u no\u0107i sa subote na nedjelju - Gorica Info<\/title>\n<meta name=\"description\" content=\"Ove godine uvjeti \u0107e biti idealni: Nemojte propustiti suze svetog Lovre u no\u0107i sa subote na nedjelju, 12. na 13. kolovoza.\" \/>\n<meta name=\"robots\" content=\"index, follow, max-snippet:-1, max-image-preview:large, max-video-preview:-1\" \/>\n<link rel=\"canonical\" href=\"https:\/\/gorica.info\/en\/ove-godine-uvjeti-ce-biti-idealni-nemojte-propustiti-suze-svetog-lovre-u-noci-sa-subote-na-nedjelju\/\" \/>\n<meta property=\"og:locale\" content=\"en_US\" \/>\n<meta property=\"og:type\" content=\"article\" \/>\n<meta property=\"og:title\" content=\"Ove godine uvjeti \u0107e biti idealni: Nemojte propustiti suze svetog Lovre u no\u0107i sa subote na nedjelju\" \/>\n<meta property=\"og:description\" content=\"Ove godine uvjeti \u0107e biti idealni: Nemojte propustiti suze svetog Lovre u no\u0107i sa subote na nedjelju, 12. na 13. kolovoza.\" \/>\n<meta property=\"og:url\" content=\"https:\/\/gorica.info\/en\/ove-godine-uvjeti-ce-biti-idealni-nemojte-propustiti-suze-svetog-lovre-u-noci-sa-subote-na-nedjelju\/\" \/>\n<meta property=\"og:site_name\" content=\"Gorica Info\" \/>\n<meta property=\"article:publisher\" content=\"https:\/\/www.facebook.com\/Goricainfo-106005144489262\" \/>\n<meta property=\"article:published_time\" content=\"2023-08-11T13:21:15+00:00\" \/>\n<meta property=\"og:image\" content=\"https:\/\/gorica.info\/wp-content\/uploads\/2023\/08\/suze-svetog-lovre-michal-mancewicz-unsplash.jpg\" \/>\n\t<meta property=\"og:image:width\" content=\"1024\" \/>\n\t<meta property=\"og:image:height\" content=\"683\" \/>\n\t<meta property=\"og:image:type\" content=\"image\/jpeg\" \/>\n<meta name=\"author\" content=\"Gorica. info\" \/>\n<meta name=\"twitter:card\" content=\"summary_large_image\" \/>\n<meta name=\"twitter:creator\" content=\"@GoricaInfo\" \/>\n<meta name=\"twitter:site\" content=\"@GoricaInfo\" \/>\n<meta name=\"twitter:label1\" content=\"Written by\" \/>\n\t<meta name=\"twitter:data1\" content=\"Gorica. info\" \/>\n\t<meta name=\"twitter:label2\" content=\"Est. reading time\" \/>\n\t<meta name=\"twitter:data2\" content=\"3 minutes\" \/>\n<meta name=\"geo.placename\" content=\"Velika Gorica\" \/>\n<meta name=\"geo.region\" content=\"Croatia\" \/>\n<!-- \/ Yoast SEO Premium plugin. -->","yoast_head_json":{"title":"Ove godine uvjeti \u0107e biti idealni: Nemojte propustiti suze svetog Lovre u no\u0107i sa subote na nedjelju - Gorica Info","description":"Ove godine uvjeti \u0107e biti idealni: Nemojte propustiti suze svetog Lovre u no\u0107i sa subote na nedjelju, 12. na 13. kolovoza.","robots":{"index":"index","follow":"follow","max-snippet":"max-snippet:-1","max-image-preview":"max-image-preview:large","max-video-preview":"max-video-preview:-1"},"canonical":"https:\/\/gorica.info\/en\/ove-godine-uvjeti-ce-biti-idealni-nemojte-propustiti-suze-svetog-lovre-u-noci-sa-subote-na-nedjelju\/","og_locale":"en_US","og_type":"article","og_title":"Ove godine uvjeti \u0107e biti idealni: Nemojte propustiti suze svetog Lovre u no\u0107i sa subote na nedjelju","og_description":"Ove godine uvjeti \u0107e biti idealni: Nemojte propustiti suze svetog Lovre u no\u0107i sa subote na nedjelju, 12. na 13. kolovoza.","og_url":"https:\/\/gorica.info\/en\/ove-godine-uvjeti-ce-biti-idealni-nemojte-propustiti-suze-svetog-lovre-u-noci-sa-subote-na-nedjelju\/","og_site_name":"Gorica Info","article_publisher":"https:\/\/www.facebook.com\/Goricainfo-106005144489262","article_published_time":"2023-08-11T13:21:15+00:00","og_image":[{"width":1024,"height":683,"url":"https:\/\/gorica.info\/wp-content\/uploads\/2023\/08\/suze-svetog-lovre-michal-mancewicz-unsplash.jpg","type":"image\/jpeg"}],"author":"Gorica. info","twitter_card":"summary_large_image","twitter_creator":"@GoricaInfo","twitter_site":"@GoricaInfo","twitter_misc":{"Written by":"Gorica. info","Est. reading time":"3 minutes"},"schema":{"@context":"https:\/\/schema.org","@graph":[{"@type":"NewsArticle","@id":"https:\/\/gorica.info\/ove-godine-uvjeti-ce-biti-idealni-nemojte-propustiti-suze-svetog-lovre-u-noci-sa-subote-na-nedjelju\/#article","isPartOf":{"@id":"https:\/\/gorica.info\/ove-godine-uvjeti-ce-biti-idealni-nemojte-propustiti-suze-svetog-lovre-u-noci-sa-subote-na-nedjelju\/"},"author":{"name":"Gorica. info","@id":"https:\/\/gorica.info\/#\/schema\/person\/4499af1f22f322670b9b5977ccc2e3de"},"headline":"Ove godine uvjeti \u0107e biti idealni: Nemojte propustiti suze svetog Lovre u no\u0107i sa subote na nedjelju","datePublished":"2023-08-11T13:21:15+00:00","mainEntityOfPage":{"@id":"https:\/\/gorica.info\/ove-godine-uvjeti-ce-biti-idealni-nemojte-propustiti-suze-svetog-lovre-u-noci-sa-subote-na-nedjelju\/"},"wordCount":435,"commentCount":0,"publisher":{"@id":"https:\/\/gorica.info\/#organization"},"image":{"@id":"https:\/\/gorica.info\/ove-godine-uvjeti-ce-biti-idealni-nemojte-propustiti-suze-svetog-lovre-u-noci-sa-subote-na-nedjelju\/#primaryimage"},"thumbnailUrl":"https:\/\/gorica.info\/wp-content\/uploads\/2023\/08\/suze-svetog-lovre-michal-mancewicz-unsplash.jpg","keywords":["astronomija","hrvatski astronomski savez","krijesnice","meteori","mjesec","perzeide","suze svetog lovre","svitci","zvijezde padalice"],"articleSection":["DRU\u0160TVO"],"inLanguage":"en-US","potentialAction":[{"@type":"CommentAction","name":"Comment","target":["https:\/\/gorica.info\/ove-godine-uvjeti-ce-biti-idealni-nemojte-propustiti-suze-svetog-lovre-u-noci-sa-subote-na-nedjelju\/#respond"]}],"copyrightYear":"2023","copyrightHolder":{"@id":"https:\/\/gorica.info\/en\/#organization"}},{"@type":"WebPage","@id":"https:\/\/gorica.info\/ove-godine-uvjeti-ce-biti-idealni-nemojte-propustiti-suze-svetog-lovre-u-noci-sa-subote-na-nedjelju\/","url":"https:\/\/gorica.info\/ove-godine-uvjeti-ce-biti-idealni-nemojte-propustiti-suze-svetog-lovre-u-noci-sa-subote-na-nedjelju\/","name":"Ove godine uvjeti \u0107e biti idealni: Nemojte propustiti suze svetog Lovre u no\u0107i sa subote na nedjelju - Gorica Info","isPartOf":{"@id":"https:\/\/gorica.info\/#website"},"primaryImageOfPage":{"@id":"https:\/\/gorica.info\/ove-godine-uvjeti-ce-biti-idealni-nemojte-propustiti-suze-svetog-lovre-u-noci-sa-subote-na-nedjelju\/#primaryimage"},"image":{"@id":"https:\/\/gorica.info\/ove-godine-uvjeti-ce-biti-idealni-nemojte-propustiti-suze-svetog-lovre-u-noci-sa-subote-na-nedjelju\/#primaryimage"},"thumbnailUrl":"https:\/\/gorica.info\/wp-content\/uploads\/2023\/08\/suze-svetog-lovre-michal-mancewicz-unsplash.jpg","datePublished":"2023-08-11T13:21:15+00:00","description":"Ove godine uvjeti \u0107e biti idealni: Nemojte propustiti suze svetog Lovre u no\u0107i sa subote na nedjelju, 12. na 13. kolovoza.","breadcrumb":{"@id":"https:\/\/gorica.info\/ove-godine-uvjeti-ce-biti-idealni-nemojte-propustiti-suze-svetog-lovre-u-noci-sa-subote-na-nedjelju\/#breadcrumb"},"inLanguage":"en-US","potentialAction":[{"@type":"ReadAction","target":["https:\/\/gorica.info\/ove-godine-uvjeti-ce-biti-idealni-nemojte-propustiti-suze-svetog-lovre-u-noci-sa-subote-na-nedjelju\/"]}]},{"@type":"ImageObject","inLanguage":"en-US","@id":"https:\/\/gorica.info\/ove-godine-uvjeti-ce-biti-idealni-nemojte-propustiti-suze-svetog-lovre-u-noci-sa-subote-na-nedjelju\/#primaryimage","url":"https:\/\/gorica.info\/wp-content\/uploads\/2023\/08\/suze-svetog-lovre-michal-mancewicz-unsplash.jpg","contentUrl":"https:\/\/gorica.info\/wp-content\/uploads\/2023\/08\/suze-svetog-lovre-michal-mancewicz-unsplash.jpg","width":1024,"height":683,"caption":"Foto: Michal Mancewicz \/ Unsplash"},{"@type":"BreadcrumbList","@id":"https:\/\/gorica.info\/ove-godine-uvjeti-ce-biti-idealni-nemojte-propustiti-suze-svetog-lovre-u-noci-sa-subote-na-nedjelju\/#breadcrumb","itemListElement":[{"@type":"ListItem","position":1,"name":"Po\u010detna stranica","item":"https:\/\/gorica.info\/"},{"@type":"ListItem","position":2,"name":"Ove godine uvjeti \u0107e biti idealni: Nemojte propustiti suze svetog Lovre u no\u0107i sa subote na nedjelju"}]},{"@type":"WebSite","@id":"https:\/\/gorica.info\/#website","url":"https:\/\/gorica.info\/","name":"Gorica Info","description":"Vijesti iz Velike Gorice i okolice.","publisher":{"@id":"https:\/\/gorica.info\/#organization"},"potentialAction":[{"@type":"SearchAction","target":{"@type":"EntryPoint","urlTemplate":"https:\/\/gorica.info\/?s={search_term_string}"},"query-input":{"@type":"PropertyValueSpecification","valueRequired":true,"valueName":"search_term_string"}}],"inLanguage":"en-US"},{"@type":["Organization","Place","NewsMediaOrganization"],"@id":"https:\/\/gorica.info\/#organization","name":"Gorica Info","url":"https:\/\/gorica.info\/","logo":{"@id":"https:\/\/gorica.info\/ove-godine-uvjeti-ce-biti-idealni-nemojte-propustiti-suze-svetog-lovre-u-noci-sa-subote-na-nedjelju\/#local-main-organization-logo"},"image":{"@id":"https:\/\/gorica.info\/ove-godine-uvjeti-ce-biti-idealni-nemojte-propustiti-suze-svetog-lovre-u-noci-sa-subote-na-nedjelju\/#local-main-organization-logo"},"sameAs":["https:\/\/www.facebook.com\/Goricainfo-106005144489262","https:\/\/x.com\/GoricaInfo","https:\/\/www.instagram.com\/gorica.info\/"],"address":{"@id":"https:\/\/gorica.info\/ove-godine-uvjeti-ce-biti-idealni-nemojte-propustiti-suze-svetog-lovre-u-noci-sa-subote-na-nedjelju\/#local-main-place-address"},"telephone":[],"openingHoursSpecification":[{"@type":"OpeningHoursSpecification","dayOfWeek":["Monday","Tuesday","Wednesday","Thursday","Friday","Saturday","Sunday"],"opens":"09:00","closes":"17:00"}],"email":"redakcija@gorica.info"},{"@type":"Person","@id":"https:\/\/gorica.info\/#\/schema\/person\/4499af1f22f322670b9b5977ccc2e3de","name":"Gorica. info","description":"Gorica.info je lokalni portal koji prati Veliku Goricu i okolici, svakodnevno donosi najnovije vijesti i pri\u010de, kulturna doga\u0111anja i aktualnosti koje oblikuju \u017eivot gra\u0111ana.","url":"https:\/\/gorica.info\/en\/author\/gorica-info\/"},{"@type":"PostalAddress","@id":"https:\/\/gorica.info\/ove-godine-uvjeti-ce-biti-idealni-nemojte-propustiti-suze-svetog-lovre-u-noci-sa-subote-na-nedjelju\/#local-main-place-address","streetAddress":"Horvatova 97","addressLocality":"Velika Gorica","postalCode":"10410","addressRegion":"Croatia","addressCountry":"HR"},{"@type":"ImageObject","inLanguage":"en-US","@id":"https:\/\/gorica.info\/ove-godine-uvjeti-ce-biti-idealni-nemojte-propustiti-suze-svetog-lovre-u-noci-sa-subote-na-nedjelju\/#local-main-organization-logo","url":"https:\/\/gorica.info\/wp-content\/uploads\/2024\/07\/Gorica-Info-Logo-mali.png","contentUrl":"https:\/\/gorica.info\/wp-content\/uploads\/2024\/07\/Gorica-Info-Logo-mali.png","width":450,"height":85,"caption":"Gorica Info"}]},"geo.placename":"Velika Gorica","geo.region":"Croatia"},"_links":{"self":[{"href":"https:\/\/gorica.info\/en\/wp-json\/wp\/v2\/posts\/52745","targetHints":{"allow":["GET"]}}],"collection":[{"href":"https:\/\/gorica.info\/en\/wp-json\/wp\/v2\/posts"}],"about":[{"href":"https:\/\/gorica.info\/en\/wp-json\/wp\/v2\/types\/post"}],"author":[{"embeddable":true,"href":"https:\/\/gorica.info\/en\/wp-json\/wp\/v2\/users\/23"}],"replies":[{"embeddable":true,"href":"https:\/\/gorica.info\/en\/wp-json\/wp\/v2\/comments?post=52745"}],"version-history":[{"count":0,"href":"https:\/\/gorica.info\/en\/wp-json\/wp\/v2\/posts\/52745\/revisions"}],"wp:featuredmedia":[{"embeddable":true,"href":"https:\/\/gorica.info\/en\/wp-json\/wp\/v2\/media\/52746"}],"wp:attachment":[{"href":"https:\/\/gorica.info\/en\/wp-json\/wp\/v2\/media?parent=52745"}],"wp:term":[{"taxonomy":"category","embeddable":true,"href":"https:\/\/gorica.info\/en\/wp-json\/wp\/v2\/categories?post=52745"},{"taxonomy":"post_tag","embeddable":true,"href":"https:\/\/gorica.info\/en\/wp-json\/wp\/v2\/tags?post=52745"}],"curies":[{"name":"wp","href":"https:\/\/api.w.org\/{rel}","templated":true}]}}