{"id":52987,"date":"2023-08-19T14:42:39","date_gmt":"2023-08-19T12:42:39","guid":{"rendered":"https:\/\/gorica.info\/?p=52987"},"modified":"2023-08-19T14:42:39","modified_gmt":"2023-08-19T12:42:39","slug":"i-nakon-16-godina-emisija-odusevljava-gledatelje-vecera-za-5-vraca-se-na-male-ekrane-u-novom-terminu","status":"publish","type":"post","link":"https:\/\/gorica.info\/en\/i-nakon-16-godina-emisija-odusevljava-gledatelje-vecera-za-5-vraca-se-na-male-ekrane-u-novom-terminu\/","title":{"rendered":"I nakon 16 godina emisija odu\u0161evljava gledatelje: \u201eVe\u010dera za 5\u201c vra\u0107a se na male ekrane u novom terminu"},"content":{"rendered":"<p>Uskoro kre\u0107e <strong>nova sezona<\/strong> popularnog<a href=\"https:\/\/www.rtl.hr\/show\/vecera-za-5-na-selu\/novosti\/od-28-kolovoza-kuha-se-u-novom-terminu-vecera-za-5-od-sada-u-17-45-samo-na-rtl-u-69a19020-3da8-11ee-bdd3-22c2c4221077\"> RTL-ov kulinarskog showa<\/a> \u201e<strong>Ve\u010dera za 5\u201c<\/strong>. Emisija \u0107e se emitirati u novom terminu <strong>od 17.45 sati<\/strong>, a prva emisija je na rasporedu <strong>28. kolovoza<\/strong>.<\/p>\n<p>Natjecatelji, <strong>kuhari amateri<\/strong>, zaljubljenici u dobru hranu i gastro kreativci iz razli\u010ditih dijelova Hrvatske svaki tjedan odmjeravaju svoje vje\u0161tine u kuhinji. Godine 2007. na RTL-u je po\u010delo prikazivanje showa \u201cVe\u010dera za 5\u201c koji je s godinama postao kulinarski fenomen s <strong>vi\u0161e od milijun gledatelja<\/strong> tjedno.<\/p>\n<p>A da je ba\u0161 svaki tjedan rije\u010d o zanimljivoj borbi u kojoj jo\u0161 nije kristalno jasno koje to to\u010dno kvalitete mora imati natjecatelj da bi osvojio titulu najboljeg doma\u0107ina &#8211; potvr\u0111uje i podatak da je tijekom 16 godina prikazivanja u \u201eVe\u010deri za 5\u201c goste do\u010dekivalo <strong>7000 natjecatelja<\/strong>.<\/p>\n<p>Kuhalo se uzdu\u017e i poprijeko Lijepe na\u0161e, sladilo raznim delicijama, najfinijim i &#8220;najobi\u010dnijim&#8221; namirnicama, jelima iz kuharica na\u0161ih mama i baka do recepata ne\u0161to modernijih varijanti, a najva\u017eniji sastojak u svakoj epizodi i dalje je isti &#8211;<strong> karakter doma\u0107ina<\/strong>.<\/p>\n<p>&#8211; Bilo je iznimno \u0161armantnih doma\u0107ina \u010diji \u0161arm ipak nije uspio spasiti lo\u0161u hranu, a bilo je i obrnutih situacija. Nekima je kalkuliranje bio put do pobjede, ali u takvim se slu\u010dajevima uvijek pitam &#8211; vrijedi li ta pobjeda ne\u010dijeg obraza. No na kraju se sve svodi na to da u emisiji kuhaju <a href=\"https:\/\/gorica.info\/en\/2023\/05\/13\/maturantica-ana-merle-iz-lukavca-pobjednica-vecere-za-pet-na-selu-od-nagrade-ce-kupiti-sivacu-masinu\/\">kandidati<\/a> koji se pona\u0161aju prirodno i iskreni su u komentarima i tako stvaraju sadr\u017eaj koji je pozitivan i privla\u010dan gledateljima &#8211; ka\u017ee producentica emisije <strong>Marija-Jelena Zen<\/strong>.<\/p>\n<p>Obi\u010daj okupljanja oko stola s prijateljima uvukao se u srca i domove gledatelja i tamo ostao ve\u0107 \u0161esnaest sezona. \u0160to \u0107e ponuditi natjecatelji <strong>17. sezone<\/strong>, ho\u0107e li se istaknuti <strong>tradicionalnim jelima<\/strong> ili modernom kuhinjom, spretno\u0161\u0107u za \u0161tednjakom ili snala\u017eljivosti u nepredvidivim situacijama, doznat \u0107emo uskoro u novom terminu prikazivanja.<\/p>","protected":false},"excerpt":{"rendered":"<p>Uskoro kre\u0107e nova sezona popularnog RTL-ov kulinarskog showa \u201eVe\u010dera za 5\u201c. Emisija \u0107e se emitirati u novom terminu od 17.45 sati, a prva emisija je na rasporedu 28. kolovoza. Natjecatelji, kuhari amateri, zaljubljenici u dobru hranu i gastro kreativci iz razli\u010ditih dijelova Hrvatske svaki tjedan odmjeravaju svoje vje\u0161tine u kuhinji. Godine 2007. na RTL-u je [&hellip;]<\/p>\n","protected":false},"author":23,"featured_media":52988,"comment_status":"open","ping_status":"open","sticky":false,"template":"","format":"standard","meta":{"limit_modified_date":"","last_modified_date":"","jnews-multi-image_gallery":[],"jnews_single_post":[],"jnews_primary_category":[],"jnews_override_counter":[],"footnotes":""},"categories":[109],"tags":[11099,3194,5683,4253,11100,10376,3716,11102],"class_list":["post-52987","post","type-post","status-publish","format-standard","has-post-thumbnail","hentry","category-zivot","tag-dobra-hrana","tag-kuhanje","tag-kuhari","tag-nova-sezona","tag-novi-temrin","tag-recepti","tag-rtl","tag-vecera-za-5"],"yoast_head":"<!-- This site is optimized with the Yoast SEO Premium plugin v27.4 (Yoast SEO v27.4) - https:\/\/yoast.com\/product\/yoast-seo-premium-wordpress\/ -->\n<title>I nakon 16 godina emisija odu\u0161evljava gledatelje: \u201eVe\u010dera za 5\u201c vra\u0107a se na male ekrane u novom terminu - Gorica Info<\/title>\n<meta name=\"description\" content=\"I nakon 16 godina emisija odu\u0161evljava gledatelje: \u201eVe\u010dera za 5\u201c vra\u0107a se na male ekrane u novom terminu svaki dan od 17.45 sati.\" \/>\n<meta name=\"robots\" content=\"index, follow, max-snippet:-1, max-image-preview:large, max-video-preview:-1\" \/>\n<link rel=\"canonical\" href=\"https:\/\/gorica.info\/en\/i-nakon-16-godina-emisija-odusevljava-gledatelje-vecera-za-5-vraca-se-na-male-ekrane-u-novom-terminu\/\" \/>\n<meta property=\"og:locale\" content=\"en_US\" \/>\n<meta property=\"og:type\" content=\"article\" \/>\n<meta property=\"og:title\" content=\"I nakon 16 godina emisija odu\u0161evljava gledatelje: \u201eVe\u010dera za 5\u201c vra\u0107a se na male ekrane u novom terminu\" \/>\n<meta property=\"og:description\" content=\"I nakon 16 godina emisija odu\u0161evljava gledatelje: \u201eVe\u010dera za 5\u201c vra\u0107a se na male ekrane u novom terminu svaki dan od 17.45 sati.\" \/>\n<meta property=\"og:url\" content=\"https:\/\/gorica.info\/en\/i-nakon-16-godina-emisija-odusevljava-gledatelje-vecera-za-5-vraca-se-na-male-ekrane-u-novom-terminu\/\" \/>\n<meta property=\"og:site_name\" content=\"Gorica Info\" \/>\n<meta property=\"article:publisher\" content=\"https:\/\/www.facebook.com\/Goricainfo-106005144489262\" \/>\n<meta property=\"article:published_time\" content=\"2023-08-19T12:42:39+00:00\" \/>\n<meta property=\"og:image\" content=\"https:\/\/gorica.info\/wp-content\/uploads\/2023\/08\/dean-medur-vecera-za-pet-foto-rtl.jpg\" \/>\n\t<meta property=\"og:image:width\" content=\"844\" \/>\n\t<meta property=\"og:image:height\" content=\"472\" \/>\n\t<meta property=\"og:image:type\" content=\"image\/jpeg\" \/>\n<meta name=\"author\" content=\"Gorica. info\" \/>\n<meta name=\"twitter:card\" content=\"summary_large_image\" \/>\n<meta name=\"twitter:creator\" content=\"@GoricaInfo\" \/>\n<meta name=\"twitter:site\" content=\"@GoricaInfo\" \/>\n<meta name=\"twitter:label1\" content=\"Written by\" \/>\n\t<meta name=\"twitter:data1\" content=\"Gorica. info\" \/>\n\t<meta name=\"twitter:label2\" content=\"Est. reading time\" \/>\n\t<meta name=\"twitter:data2\" content=\"2 minutes\" \/>\n<meta name=\"geo.placename\" content=\"Velika Gorica\" \/>\n<meta name=\"geo.region\" content=\"Croatia\" \/>\n<!-- \/ Yoast SEO Premium plugin. -->","yoast_head_json":{"title":"I nakon 16 godina emisija odu\u0161evljava gledatelje: \u201eVe\u010dera za 5\u201c vra\u0107a se na male ekrane u novom terminu - Gorica Info","description":"I nakon 16 godina emisija odu\u0161evljava gledatelje: \u201eVe\u010dera za 5\u201c vra\u0107a se na male ekrane u novom terminu svaki dan od 17.45 sati.","robots":{"index":"index","follow":"follow","max-snippet":"max-snippet:-1","max-image-preview":"max-image-preview:large","max-video-preview":"max-video-preview:-1"},"canonical":"https:\/\/gorica.info\/en\/i-nakon-16-godina-emisija-odusevljava-gledatelje-vecera-za-5-vraca-se-na-male-ekrane-u-novom-terminu\/","og_locale":"en_US","og_type":"article","og_title":"I nakon 16 godina emisija odu\u0161evljava gledatelje: \u201eVe\u010dera za 5\u201c vra\u0107a se na male ekrane u novom terminu","og_description":"I nakon 16 godina emisija odu\u0161evljava gledatelje: \u201eVe\u010dera za 5\u201c vra\u0107a se na male ekrane u novom terminu svaki dan od 17.45 sati.","og_url":"https:\/\/gorica.info\/en\/i-nakon-16-godina-emisija-odusevljava-gledatelje-vecera-za-5-vraca-se-na-male-ekrane-u-novom-terminu\/","og_site_name":"Gorica Info","article_publisher":"https:\/\/www.facebook.com\/Goricainfo-106005144489262","article_published_time":"2023-08-19T12:42:39+00:00","og_image":[{"width":844,"height":472,"url":"https:\/\/gorica.info\/wp-content\/uploads\/2023\/08\/dean-medur-vecera-za-pet-foto-rtl.jpg","type":"image\/jpeg"}],"author":"Gorica. info","twitter_card":"summary_large_image","twitter_creator":"@GoricaInfo","twitter_site":"@GoricaInfo","twitter_misc":{"Written by":"Gorica. info","Est. reading time":"2 minutes"},"schema":{"@context":"https:\/\/schema.org","@graph":[{"@type":"NewsArticle","@id":"https:\/\/gorica.info\/i-nakon-16-godina-emisija-odusevljava-gledatelje-vecera-za-5-vraca-se-na-male-ekrane-u-novom-terminu\/#article","isPartOf":{"@id":"https:\/\/gorica.info\/i-nakon-16-godina-emisija-odusevljava-gledatelje-vecera-za-5-vraca-se-na-male-ekrane-u-novom-terminu\/"},"author":{"name":"Gorica. info","@id":"https:\/\/gorica.info\/#\/schema\/person\/4499af1f22f322670b9b5977ccc2e3de"},"headline":"I nakon 16 godina emisija odu\u0161evljava gledatelje: \u201eVe\u010dera za 5\u201c vra\u0107a se na male ekrane u novom terminu","datePublished":"2023-08-19T12:42:39+00:00","mainEntityOfPage":{"@id":"https:\/\/gorica.info\/i-nakon-16-godina-emisija-odusevljava-gledatelje-vecera-za-5-vraca-se-na-male-ekrane-u-novom-terminu\/"},"wordCount":328,"commentCount":0,"publisher":{"@id":"https:\/\/gorica.info\/#organization"},"image":{"@id":"https:\/\/gorica.info\/i-nakon-16-godina-emisija-odusevljava-gledatelje-vecera-za-5-vraca-se-na-male-ekrane-u-novom-terminu\/#primaryimage"},"thumbnailUrl":"https:\/\/gorica.info\/wp-content\/uploads\/2023\/08\/dean-medur-vecera-za-pet-foto-rtl.jpg","keywords":["dobra hrana","kuhanje","kuhari","nova sezona","novi temrin","recepti","rtl","ve\u010dera za 5"],"articleSection":["\u017dIVOT"],"inLanguage":"en-US","potentialAction":[{"@type":"CommentAction","name":"Comment","target":["https:\/\/gorica.info\/i-nakon-16-godina-emisija-odusevljava-gledatelje-vecera-za-5-vraca-se-na-male-ekrane-u-novom-terminu\/#respond"]}],"copyrightYear":"2023","copyrightHolder":{"@id":"https:\/\/gorica.info\/en\/#organization"}},{"@type":"WebPage","@id":"https:\/\/gorica.info\/i-nakon-16-godina-emisija-odusevljava-gledatelje-vecera-za-5-vraca-se-na-male-ekrane-u-novom-terminu\/","url":"https:\/\/gorica.info\/i-nakon-16-godina-emisija-odusevljava-gledatelje-vecera-za-5-vraca-se-na-male-ekrane-u-novom-terminu\/","name":"I nakon 16 godina emisija odu\u0161evljava gledatelje: \u201eVe\u010dera za 5\u201c vra\u0107a se na male ekrane u novom terminu - Gorica Info","isPartOf":{"@id":"https:\/\/gorica.info\/#website"},"primaryImageOfPage":{"@id":"https:\/\/gorica.info\/i-nakon-16-godina-emisija-odusevljava-gledatelje-vecera-za-5-vraca-se-na-male-ekrane-u-novom-terminu\/#primaryimage"},"image":{"@id":"https:\/\/gorica.info\/i-nakon-16-godina-emisija-odusevljava-gledatelje-vecera-za-5-vraca-se-na-male-ekrane-u-novom-terminu\/#primaryimage"},"thumbnailUrl":"https:\/\/gorica.info\/wp-content\/uploads\/2023\/08\/dean-medur-vecera-za-pet-foto-rtl.jpg","datePublished":"2023-08-19T12:42:39+00:00","description":"I nakon 16 godina emisija odu\u0161evljava gledatelje: \u201eVe\u010dera za 5\u201c vra\u0107a se na male ekrane u novom terminu svaki dan od 17.45 sati.","breadcrumb":{"@id":"https:\/\/gorica.info\/i-nakon-16-godina-emisija-odusevljava-gledatelje-vecera-za-5-vraca-se-na-male-ekrane-u-novom-terminu\/#breadcrumb"},"inLanguage":"en-US","potentialAction":[{"@type":"ReadAction","target":["https:\/\/gorica.info\/i-nakon-16-godina-emisija-odusevljava-gledatelje-vecera-za-5-vraca-se-na-male-ekrane-u-novom-terminu\/"]}]},{"@type":"ImageObject","inLanguage":"en-US","@id":"https:\/\/gorica.info\/i-nakon-16-godina-emisija-odusevljava-gledatelje-vecera-za-5-vraca-se-na-male-ekrane-u-novom-terminu\/#primaryimage","url":"https:\/\/gorica.info\/wp-content\/uploads\/2023\/08\/dean-medur-vecera-za-pet-foto-rtl.jpg","contentUrl":"https:\/\/gorica.info\/wp-content\/uploads\/2023\/08\/dean-medur-vecera-za-pet-foto-rtl.jpg","width":844,"height":472,"caption":"U emisiji su se natjecali i brojni kuhari amateri s gori\u010dkog podru\u010dja \/ Foto: RTL"},{"@type":"BreadcrumbList","@id":"https:\/\/gorica.info\/i-nakon-16-godina-emisija-odusevljava-gledatelje-vecera-za-5-vraca-se-na-male-ekrane-u-novom-terminu\/#breadcrumb","itemListElement":[{"@type":"ListItem","position":1,"name":"Po\u010detna stranica","item":"https:\/\/gorica.info\/"},{"@type":"ListItem","position":2,"name":"I nakon 16 godina emisija odu\u0161evljava gledatelje: \u201eVe\u010dera za 5\u201c vra\u0107a se na male ekrane u novom terminu"}]},{"@type":"WebSite","@id":"https:\/\/gorica.info\/#website","url":"https:\/\/gorica.info\/","name":"Gorica Info","description":"Vijesti iz Velike Gorice i okolice.","publisher":{"@id":"https:\/\/gorica.info\/#organization"},"potentialAction":[{"@type":"SearchAction","target":{"@type":"EntryPoint","urlTemplate":"https:\/\/gorica.info\/?s={search_term_string}"},"query-input":{"@type":"PropertyValueSpecification","valueRequired":true,"valueName":"search_term_string"}}],"inLanguage":"en-US"},{"@type":["Organization","Place","NewsMediaOrganization"],"@id":"https:\/\/gorica.info\/#organization","name":"Gorica Info","url":"https:\/\/gorica.info\/","logo":{"@id":"https:\/\/gorica.info\/i-nakon-16-godina-emisija-odusevljava-gledatelje-vecera-za-5-vraca-se-na-male-ekrane-u-novom-terminu\/#local-main-organization-logo"},"image":{"@id":"https:\/\/gorica.info\/i-nakon-16-godina-emisija-odusevljava-gledatelje-vecera-za-5-vraca-se-na-male-ekrane-u-novom-terminu\/#local-main-organization-logo"},"sameAs":["https:\/\/www.facebook.com\/Goricainfo-106005144489262","https:\/\/x.com\/GoricaInfo","https:\/\/www.instagram.com\/gorica.info\/"],"address":{"@id":"https:\/\/gorica.info\/i-nakon-16-godina-emisija-odusevljava-gledatelje-vecera-za-5-vraca-se-na-male-ekrane-u-novom-terminu\/#local-main-place-address"},"telephone":[],"openingHoursSpecification":[{"@type":"OpeningHoursSpecification","dayOfWeek":["Monday","Tuesday","Wednesday","Thursday","Friday","Saturday","Sunday"],"opens":"09:00","closes":"17:00"}],"email":"redakcija@gorica.info"},{"@type":"Person","@id":"https:\/\/gorica.info\/#\/schema\/person\/4499af1f22f322670b9b5977ccc2e3de","name":"Gorica. info","description":"Gorica.info je lokalni portal koji prati Veliku Goricu i okolici, svakodnevno donosi najnovije vijesti i pri\u010de, kulturna doga\u0111anja i aktualnosti koje oblikuju \u017eivot gra\u0111ana.","url":"https:\/\/gorica.info\/en\/author\/gorica-info\/"},{"@type":"PostalAddress","@id":"https:\/\/gorica.info\/i-nakon-16-godina-emisija-odusevljava-gledatelje-vecera-za-5-vraca-se-na-male-ekrane-u-novom-terminu\/#local-main-place-address","streetAddress":"Horvatova 97","addressLocality":"Velika Gorica","postalCode":"10410","addressRegion":"Croatia","addressCountry":"HR"},{"@type":"ImageObject","inLanguage":"en-US","@id":"https:\/\/gorica.info\/i-nakon-16-godina-emisija-odusevljava-gledatelje-vecera-za-5-vraca-se-na-male-ekrane-u-novom-terminu\/#local-main-organization-logo","url":"https:\/\/gorica.info\/wp-content\/uploads\/2024\/07\/Gorica-Info-Logo-mali.png","contentUrl":"https:\/\/gorica.info\/wp-content\/uploads\/2024\/07\/Gorica-Info-Logo-mali.png","width":450,"height":85,"caption":"Gorica Info"}]},"geo.placename":"Velika Gorica","geo.region":"Croatia"},"_links":{"self":[{"href":"https:\/\/gorica.info\/en\/wp-json\/wp\/v2\/posts\/52987","targetHints":{"allow":["GET"]}}],"collection":[{"href":"https:\/\/gorica.info\/en\/wp-json\/wp\/v2\/posts"}],"about":[{"href":"https:\/\/gorica.info\/en\/wp-json\/wp\/v2\/types\/post"}],"author":[{"embeddable":true,"href":"https:\/\/gorica.info\/en\/wp-json\/wp\/v2\/users\/23"}],"replies":[{"embeddable":true,"href":"https:\/\/gorica.info\/en\/wp-json\/wp\/v2\/comments?post=52987"}],"version-history":[{"count":0,"href":"https:\/\/gorica.info\/en\/wp-json\/wp\/v2\/posts\/52987\/revisions"}],"wp:featuredmedia":[{"embeddable":true,"href":"https:\/\/gorica.info\/en\/wp-json\/wp\/v2\/media\/52988"}],"wp:attachment":[{"href":"https:\/\/gorica.info\/en\/wp-json\/wp\/v2\/media?parent=52987"}],"wp:term":[{"taxonomy":"category","embeddable":true,"href":"https:\/\/gorica.info\/en\/wp-json\/wp\/v2\/categories?post=52987"},{"taxonomy":"post_tag","embeddable":true,"href":"https:\/\/gorica.info\/en\/wp-json\/wp\/v2\/tags?post=52987"}],"curies":[{"name":"wp","href":"https:\/\/api.w.org\/{rel}","templated":true}]}}