{"id":53145,"date":"2023-08-23T11:07:15","date_gmt":"2023-08-23T09:07:15","guid":{"rendered":"https:\/\/gorica.info\/?p=53145"},"modified":"2023-08-23T11:07:15","modified_gmt":"2023-08-23T09:07:15","slug":"velika-gorica-osigurala-613-milijuna-eura-za-izgradnju-centra-za-starije-osobe-moderni-staracki-dom-primit-ce-prve-korisnike-2025","status":"publish","type":"post","link":"https:\/\/gorica.info\/en\/velika-gorica-osigurala-613-milijuna-eura-za-izgradnju-centra-za-starije-osobe-moderni-staracki-dom-primit-ce-prve-korisnike-2025\/","title":{"rendered":"Velika Gorica osigurala 6,13 milijuna eura za izgradnju Centra za starije osobe: Moderni stara\u010dki dom primit \u0107e prve korisnike 2025."},"content":{"rendered":"<p><strong>Velikoj Gorici<\/strong> odobreno je sufinanciranje tro\u0161kova izgradnje<strong> Centra za starije osobe<\/strong>. Vrijednost projekta iznosi oko <strong>11 milijuna eura<\/strong>, a iz dr\u017eavnog prora\u010duna sti\u017ee <strong>6,13 milijuna eura<\/strong>. Ostala sredstva osigurat \u0107e se iz <a href=\"http:\/\/www.gorica.hr\/\">gori\u010dkog prora\u010duna<\/a> te prora\u010duna Zagreba\u010dke \u017eupanije.<\/p>\n<p>&#8211; Velika Gorica jedini je grad iz Zagreba\u010dke \u017eupanije koji je uspio dobiti sredstva za gradnju modernog stara\u010dkog doma &#8211; kazao je u srijedu gradona\u010delnik<strong> Kre\u0161imir A\u010dkar<\/strong> na konferenciji za novinare.<\/p>\n<p>Kao \u0161to je ve\u0107 ranije objavljeno, Centar \u0107e se graditi u <a href=\"https:\/\/gorica.info\/en\/2023\/03\/16\/izgradnja-centra-za-starije-osobe-u-nasem-gradu-moze-poceti-izdana-je-gradevinska-dozvola-sredstva-su-osigurana\/\">Podlo\u017enici<\/a>. Izgradnjom Centra stvorit \u0107e se preduvjeti za pru\u017eanje cjelovite skrbi starijim osobama koje \u017eive kod ku\u0107e kroz izvaninstitucionalni oblik skrbi, re\u010deno je na konferenciji za novinare.<\/p>\n<p><img fetchpriority=\"high\" decoding=\"async\" class=\"aligncenter wp-image-53146 size-large\" src=\"https:\/\/gorica.info\/wp-content\/uploads\/2023\/08\/kresimir-ackar-pressica2-1024x793.jpg\" alt=\"\" width=\"810\" height=\"627\" srcset=\"https:\/\/gorica.info\/wp-content\/uploads\/2023\/08\/kresimir-ackar-pressica2-1024x793.jpg 1024w, https:\/\/gorica.info\/wp-content\/uploads\/2023\/08\/kresimir-ackar-pressica2-300x232.jpg 300w, https:\/\/gorica.info\/wp-content\/uploads\/2023\/08\/kresimir-ackar-pressica2-768x595.jpg 768w, https:\/\/gorica.info\/wp-content\/uploads\/2023\/08\/kresimir-ackar-pressica2-15x12.jpg 15w, https:\/\/gorica.info\/wp-content\/uploads\/2023\/08\/kresimir-ackar-pressica2-750x581.jpg 750w, https:\/\/gorica.info\/wp-content\/uploads\/2023\/08\/kresimir-ackar-pressica2.jpg 1033w\" sizes=\"(max-width: 810px) 100vw, 810px\" \/><\/p>\n<p>Ovo je <strong>najzna\u010dajniji socijalni projekt<\/strong> za na\u0161 grad u idu\u0107im godinama jer skrb o starijim osoba postaje najve\u0107i izazov i za dr\u017eavu i za gradove u vremenu pred nama. Ponosan sam \u0161to se jo\u0161 jednom i na ovom projektu potvrdila izvrsna suradnja Vlade i Grada Velike Gorice \u2013 istaknuo je A\u010dkar.<\/p>\n<p>Socijalne usluge koje \u0107e se pru\u017eati u Centru za starije osobe namijenjene su socijalno ugro\u017eenim skupinama stanovni\u0161tva, starijim osobama s najve\u0107im rizikom od siroma\u0161tva koje te usluge ne mogu platiti na slobodnom tr\u017ei\u0161tu.<\/p>\n<p>Kada se izgradi, Centar \u0107e mo\u0107i pru\u017eati izvaninstitucijske usluge za<strong> 535 korisnika<\/strong>. To su pomo\u0107 u ku\u0107i, poludnevni boravak, cjelodnevni boravak, razna savjetovanja, psihosocijalna podr\u0161ka, fizikalna terapija, radna terapija\u2026<\/p>\n<p><img decoding=\"async\" class=\"aligncenter wp-image-53148 size-large\" src=\"https:\/\/gorica.info\/wp-content\/uploads\/2023\/08\/kresimir-ackar-pressica-centar-za-starije-1024x696.jpg\" alt=\"\" width=\"810\" height=\"551\" srcset=\"https:\/\/gorica.info\/wp-content\/uploads\/2023\/08\/kresimir-ackar-pressica-centar-za-starije-1024x696.jpg 1024w, https:\/\/gorica.info\/wp-content\/uploads\/2023\/08\/kresimir-ackar-pressica-centar-za-starije-300x204.jpg 300w, https:\/\/gorica.info\/wp-content\/uploads\/2023\/08\/kresimir-ackar-pressica-centar-za-starije-768x522.jpg 768w, https:\/\/gorica.info\/wp-content\/uploads\/2023\/08\/kresimir-ackar-pressica-centar-za-starije-18x12.jpg 18w, https:\/\/gorica.info\/wp-content\/uploads\/2023\/08\/kresimir-ackar-pressica-centar-za-starije-750x510.jpg 750w, https:\/\/gorica.info\/wp-content\/uploads\/2023\/08\/kresimir-ackar-pressica-centar-za-starije-1140x775.jpg 1140w, https:\/\/gorica.info\/wp-content\/uploads\/2023\/08\/kresimir-ackar-pressica-centar-za-starije.jpg 1100w\" sizes=\"(max-width: 810px) 100vw, 810px\" \/><\/p>\n<p>U Centru \u0107e mo\u0107i biti smje\u0161tene <strong>102 osobe<\/strong>. Tako\u0111er \u0107e nuditi primarnu zdravstvenu skrb za 140 korisnika kroz ambulantu obiteljske (op\u0107e) medicine te radna i fizikalnu terapiju.<\/p>\n<p>Kako je istaknuo pro\u010delnik<strong> Domagoj Ile\u010di\u0107,<\/strong> Centar \u0107e pru\u017eati puno vi\u0161e usluga nego \u0161to pru\u017eaju stara\u010dki domovi. Starije osobe dobit \u0107e pomo\u0107 u ku\u0107i jer \u0107emo imati mobilne timove, mo\u0107i \u0107e dobiti hranu ili do\u0107i u centar i kvalitetno provesti vrijeme \u2013 kazao je Ile\u010di\u0107.<\/p>\n<p><img decoding=\"async\" class=\"aligncenter wp-image-53147 size-large\" src=\"https:\/\/gorica.info\/wp-content\/uploads\/2023\/08\/domagoj-ilecic-1024x768.jpg\" alt=\"\" width=\"810\" height=\"608\" srcset=\"https:\/\/gorica.info\/wp-content\/uploads\/2023\/08\/domagoj-ilecic-1024x768.jpg 1024w, https:\/\/gorica.info\/wp-content\/uploads\/2023\/08\/domagoj-ilecic-300x225.jpg 300w, https:\/\/gorica.info\/wp-content\/uploads\/2023\/08\/domagoj-ilecic-768x576.jpg 768w, https:\/\/gorica.info\/wp-content\/uploads\/2023\/08\/domagoj-ilecic-16x12.jpg 16w, https:\/\/gorica.info\/wp-content\/uploads\/2023\/08\/domagoj-ilecic-750x562.jpg 750w, https:\/\/gorica.info\/wp-content\/uploads\/2023\/08\/domagoj-ilecic.jpg 1067w\" sizes=\"(max-width: 810px) 100vw, 810px\" \/><\/p>\n<p>Dio le\u017eajeva u Centru to\u010dnije 30 posto namijenjen je osobama koje boluju od Alzhemeria ili demencije.\u00a0Izgradnja po\u010dinje u prolje\u0107e sljede\u0107e godine, a prvi korisnici uselit \u0107e se \u00a02025.<\/p>\n<p><img loading=\"lazy\" decoding=\"async\" class=\"aligncenter wp-image-53149 size-large\" src=\"https:\/\/gorica.info\/wp-content\/uploads\/2023\/08\/centar-za-starije2-1024x576.jpg\" alt=\"stara\u010dki dom\" width=\"810\" height=\"456\" srcset=\"https:\/\/gorica.info\/wp-content\/uploads\/2023\/08\/centar-za-starije2-1024x576.jpg 1024w, https:\/\/gorica.info\/wp-content\/uploads\/2023\/08\/centar-za-starije2-300x169.jpg 300w, https:\/\/gorica.info\/wp-content\/uploads\/2023\/08\/centar-za-starije2-768x432.jpg 768w, https:\/\/gorica.info\/wp-content\/uploads\/2023\/08\/centar-za-starije2-18x10.jpg 18w, https:\/\/gorica.info\/wp-content\/uploads\/2023\/08\/centar-za-starije2-750x422.jpg 750w, https:\/\/gorica.info\/wp-content\/uploads\/2023\/08\/centar-za-starije2-1140x641.jpg 1140w, https:\/\/gorica.info\/wp-content\/uploads\/2023\/08\/centar-za-starije2.jpg 1100w\" sizes=\"(max-width: 810px) 100vw, 810px\" \/><\/p>\n<p><img loading=\"lazy\" decoding=\"async\" class=\"aligncenter wp-image-53150 size-large\" src=\"https:\/\/gorica.info\/wp-content\/uploads\/2023\/08\/centar-za-starije1-1024x576.jpg\" alt=\"\" width=\"810\" height=\"456\" srcset=\"https:\/\/gorica.info\/wp-content\/uploads\/2023\/08\/centar-za-starije1-1024x576.jpg 1024w, https:\/\/gorica.info\/wp-content\/uploads\/2023\/08\/centar-za-starije1-300x169.jpg 300w, https:\/\/gorica.info\/wp-content\/uploads\/2023\/08\/centar-za-starije1-768x432.jpg 768w, https:\/\/gorica.info\/wp-content\/uploads\/2023\/08\/centar-za-starije1-18x10.jpg 18w, https:\/\/gorica.info\/wp-content\/uploads\/2023\/08\/centar-za-starije1-750x422.jpg 750w, https:\/\/gorica.info\/wp-content\/uploads\/2023\/08\/centar-za-starije1-1140x641.jpg 1140w, https:\/\/gorica.info\/wp-content\/uploads\/2023\/08\/centar-za-starije1.jpg 1100w\" sizes=\"(max-width: 810px) 100vw, 810px\" \/><\/p>\n<p><img loading=\"lazy\" decoding=\"async\" class=\"aligncenter wp-image-53151 size-large\" src=\"https:\/\/gorica.info\/wp-content\/uploads\/2023\/08\/centar-za-starije-vg-1024x576.jpg\" alt=\"stara\u010dki dom\" width=\"810\" height=\"456\" srcset=\"https:\/\/gorica.info\/wp-content\/uploads\/2023\/08\/centar-za-starije-vg-1024x576.jpg 1024w, https:\/\/gorica.info\/wp-content\/uploads\/2023\/08\/centar-za-starije-vg-300x169.jpg 300w, https:\/\/gorica.info\/wp-content\/uploads\/2023\/08\/centar-za-starije-vg-768x432.jpg 768w, https:\/\/gorica.info\/wp-content\/uploads\/2023\/08\/centar-za-starije-vg-18x10.jpg 18w, https:\/\/gorica.info\/wp-content\/uploads\/2023\/08\/centar-za-starije-vg-750x422.jpg 750w, https:\/\/gorica.info\/wp-content\/uploads\/2023\/08\/centar-za-starije-vg-1140x641.jpg 1140w, https:\/\/gorica.info\/wp-content\/uploads\/2023\/08\/centar-za-starije-vg.jpg 1100w\" sizes=\"(max-width: 810px) 100vw, 810px\" \/><\/p>","protected":false},"excerpt":{"rendered":"<p>Velikoj Gorici odobreno je sufinanciranje tro\u0161kova izgradnje Centra za starije osobe. Vrijednost projekta iznosi oko 11 milijuna eura, a iz dr\u017eavnog prora\u010duna sti\u017ee 6,13 milijuna eura. Ostala sredstva osigurat \u0107e se iz gori\u010dkog prora\u010duna te prora\u010duna Zagreba\u010dke \u017eupanije. &#8211; Velika Gorica jedini je grad iz Zagreba\u010dke \u017eupanije koji je uspio dobiti sredstva za gradnju modernog [&hellip;]<\/p>\n","protected":false},"author":23,"featured_media":53156,"comment_status":"open","ping_status":"open","sticky":false,"template":"","format":"standard","meta":{"limit_modified_date":"","last_modified_date":"","jnews-multi-image_gallery":[],"jnews_single_post":[],"jnews_primary_category":[],"jnews_override_counter":[],"footnotes":""},"categories":[91],"tags":[11146,253,11147,11149,900,122],"class_list":["post-53145","post","type-post","status-publish","format-standard","has-post-thumbnail","hentry","category-vg-vazno","tag-centar-za-starije-osobe","tag-kresimir-ackar","tag-skrb-o-starijima","tag-staracki-dom","tag-usluge","tag-velika-gorica"],"yoast_head":"<!-- This site is optimized with the Yoast SEO Premium plugin v27.4 (Yoast SEO v27.4) - https:\/\/yoast.com\/product\/yoast-seo-premium-wordpress\/ -->\n<title>Velika Gorica osigurala 6,13 milijuna eura za izgradnju Centra za starije osobe: Moderni stara\u010dki dom primit \u0107e prve korisnike 2025. - Gorica Info<\/title>\n<meta name=\"description\" content=\"Velika Gorica osigurala 6,13 milijuna eura za izgradnju Centra za starije osobe: Moderni stara\u010dki dom primit \u0107e prve korisnike 2025.\" \/>\n<meta name=\"robots\" content=\"index, follow, max-snippet:-1, max-image-preview:large, max-video-preview:-1\" \/>\n<link rel=\"canonical\" href=\"https:\/\/gorica.info\/en\/velika-gorica-osigurala-613-milijuna-eura-za-izgradnju-centra-za-starije-osobe-moderni-staracki-dom-primit-ce-prve-korisnike-2025\/\" \/>\n<meta property=\"og:locale\" content=\"en_US\" \/>\n<meta property=\"og:type\" content=\"article\" \/>\n<meta property=\"og:title\" content=\"Velika Gorica osigurala 6,13 milijuna eura za izgradnju Centra za starije osobe: Moderni stara\u010dki dom primit \u0107e prve korisnike 2025.\" \/>\n<meta property=\"og:description\" content=\"Velika Gorica osigurala 6,13 milijuna eura za izgradnju Centra za starije osobe: Moderni stara\u010dki dom primit \u0107e prve korisnike 2025.\" \/>\n<meta property=\"og:url\" content=\"https:\/\/gorica.info\/en\/velika-gorica-osigurala-613-milijuna-eura-za-izgradnju-centra-za-starije-osobe-moderni-staracki-dom-primit-ce-prve-korisnike-2025\/\" \/>\n<meta property=\"og:site_name\" content=\"Gorica Info\" \/>\n<meta property=\"article:publisher\" content=\"https:\/\/www.facebook.com\/Goricainfo-106005144489262\" \/>\n<meta property=\"article:published_time\" content=\"2023-08-23T09:07:15+00:00\" \/>\n<meta property=\"og:image\" content=\"https:\/\/gorica.info\/wp-content\/uploads\/2023\/08\/centar-za-starije-pressica-23082023.jpg\" \/>\n\t<meta property=\"og:image:width\" content=\"1200\" \/>\n\t<meta property=\"og:image:height\" content=\"771\" \/>\n\t<meta property=\"og:image:type\" content=\"image\/jpeg\" \/>\n<meta name=\"author\" content=\"Gorica. info\" \/>\n<meta name=\"twitter:card\" content=\"summary_large_image\" \/>\n<meta name=\"twitter:creator\" content=\"@GoricaInfo\" \/>\n<meta name=\"twitter:site\" content=\"@GoricaInfo\" \/>\n<meta name=\"twitter:label1\" content=\"Written by\" \/>\n\t<meta name=\"twitter:data1\" content=\"Gorica. info\" \/>\n\t<meta name=\"twitter:label2\" content=\"Est. reading time\" \/>\n\t<meta name=\"twitter:data2\" content=\"3 minutes\" \/>\n<meta name=\"geo.placename\" content=\"Velika Gorica\" \/>\n<meta name=\"geo.region\" content=\"Croatia\" \/>\n<!-- \/ Yoast SEO Premium plugin. -->","yoast_head_json":{"title":"Velika Gorica osigurala 6,13 milijuna eura za izgradnju Centra za starije osobe: Moderni stara\u010dki dom primit \u0107e prve korisnike 2025. - Gorica Info","description":"Velika Gorica osigurala 6,13 milijuna eura za izgradnju Centra za starije osobe: Moderni stara\u010dki dom primit \u0107e prve korisnike 2025.","robots":{"index":"index","follow":"follow","max-snippet":"max-snippet:-1","max-image-preview":"max-image-preview:large","max-video-preview":"max-video-preview:-1"},"canonical":"https:\/\/gorica.info\/en\/velika-gorica-osigurala-613-milijuna-eura-za-izgradnju-centra-za-starije-osobe-moderni-staracki-dom-primit-ce-prve-korisnike-2025\/","og_locale":"en_US","og_type":"article","og_title":"Velika Gorica osigurala 6,13 milijuna eura za izgradnju Centra za starije osobe: Moderni stara\u010dki dom primit \u0107e prve korisnike 2025.","og_description":"Velika Gorica osigurala 6,13 milijuna eura za izgradnju Centra za starije osobe: Moderni stara\u010dki dom primit \u0107e prve korisnike 2025.","og_url":"https:\/\/gorica.info\/en\/velika-gorica-osigurala-613-milijuna-eura-za-izgradnju-centra-za-starije-osobe-moderni-staracki-dom-primit-ce-prve-korisnike-2025\/","og_site_name":"Gorica Info","article_publisher":"https:\/\/www.facebook.com\/Goricainfo-106005144489262","article_published_time":"2023-08-23T09:07:15+00:00","og_image":[{"width":1200,"height":771,"url":"https:\/\/gorica.info\/wp-content\/uploads\/2023\/08\/centar-za-starije-pressica-23082023.jpg","type":"image\/jpeg"}],"author":"Gorica. info","twitter_card":"summary_large_image","twitter_creator":"@GoricaInfo","twitter_site":"@GoricaInfo","twitter_misc":{"Written by":"Gorica. info","Est. reading time":"3 minutes"},"schema":{"@context":"https:\/\/schema.org","@graph":[{"@type":"NewsArticle","@id":"https:\/\/gorica.info\/velika-gorica-osigurala-613-milijuna-eura-za-izgradnju-centra-za-starije-osobe-moderni-staracki-dom-primit-ce-prve-korisnike-2025\/#article","isPartOf":{"@id":"https:\/\/gorica.info\/velika-gorica-osigurala-613-milijuna-eura-za-izgradnju-centra-za-starije-osobe-moderni-staracki-dom-primit-ce-prve-korisnike-2025\/"},"author":{"name":"Gorica. info","@id":"https:\/\/gorica.info\/#\/schema\/person\/4499af1f22f322670b9b5977ccc2e3de"},"headline":"Velika Gorica osigurala 6,13 milijuna eura za izgradnju Centra za starije osobe: Moderni stara\u010dki dom primit \u0107e prve korisnike 2025.","datePublished":"2023-08-23T09:07:15+00:00","mainEntityOfPage":{"@id":"https:\/\/gorica.info\/velika-gorica-osigurala-613-milijuna-eura-za-izgradnju-centra-za-starije-osobe-moderni-staracki-dom-primit-ce-prve-korisnike-2025\/"},"wordCount":383,"commentCount":0,"publisher":{"@id":"https:\/\/gorica.info\/#organization"},"image":{"@id":"https:\/\/gorica.info\/velika-gorica-osigurala-613-milijuna-eura-za-izgradnju-centra-za-starije-osobe-moderni-staracki-dom-primit-ce-prve-korisnike-2025\/#primaryimage"},"thumbnailUrl":"https:\/\/gorica.info\/wp-content\/uploads\/2023\/08\/centar-za-starije-pressica-23082023.jpg","keywords":["centar za starije osobe","Kre\u0161imir A\u010dkar","skrb o starijima","stara\u010dki dom","usluge","Velika Gorica"],"articleSection":["VG VA\u017dNO"],"inLanguage":"en-US","potentialAction":[{"@type":"CommentAction","name":"Comment","target":["https:\/\/gorica.info\/velika-gorica-osigurala-613-milijuna-eura-za-izgradnju-centra-za-starije-osobe-moderni-staracki-dom-primit-ce-prve-korisnike-2025\/#respond"]}],"copyrightYear":"2023","copyrightHolder":{"@id":"https:\/\/gorica.info\/en\/#organization"}},{"@type":"WebPage","@id":"https:\/\/gorica.info\/velika-gorica-osigurala-613-milijuna-eura-za-izgradnju-centra-za-starije-osobe-moderni-staracki-dom-primit-ce-prve-korisnike-2025\/","url":"https:\/\/gorica.info\/velika-gorica-osigurala-613-milijuna-eura-za-izgradnju-centra-za-starije-osobe-moderni-staracki-dom-primit-ce-prve-korisnike-2025\/","name":"Velika Gorica osigurala 6,13 milijuna eura za izgradnju Centra za starije osobe: Moderni stara\u010dki dom primit \u0107e prve korisnike 2025. - Gorica Info","isPartOf":{"@id":"https:\/\/gorica.info\/#website"},"primaryImageOfPage":{"@id":"https:\/\/gorica.info\/velika-gorica-osigurala-613-milijuna-eura-za-izgradnju-centra-za-starije-osobe-moderni-staracki-dom-primit-ce-prve-korisnike-2025\/#primaryimage"},"image":{"@id":"https:\/\/gorica.info\/velika-gorica-osigurala-613-milijuna-eura-za-izgradnju-centra-za-starije-osobe-moderni-staracki-dom-primit-ce-prve-korisnike-2025\/#primaryimage"},"thumbnailUrl":"https:\/\/gorica.info\/wp-content\/uploads\/2023\/08\/centar-za-starije-pressica-23082023.jpg","datePublished":"2023-08-23T09:07:15+00:00","description":"Velika Gorica osigurala 6,13 milijuna eura za izgradnju Centra za starije osobe: Moderni stara\u010dki dom primit \u0107e prve korisnike 2025.","breadcrumb":{"@id":"https:\/\/gorica.info\/velika-gorica-osigurala-613-milijuna-eura-za-izgradnju-centra-za-starije-osobe-moderni-staracki-dom-primit-ce-prve-korisnike-2025\/#breadcrumb"},"inLanguage":"en-US","potentialAction":[{"@type":"ReadAction","target":["https:\/\/gorica.info\/velika-gorica-osigurala-613-milijuna-eura-za-izgradnju-centra-za-starije-osobe-moderni-staracki-dom-primit-ce-prve-korisnike-2025\/"]}]},{"@type":"ImageObject","inLanguage":"en-US","@id":"https:\/\/gorica.info\/velika-gorica-osigurala-613-milijuna-eura-za-izgradnju-centra-za-starije-osobe-moderni-staracki-dom-primit-ce-prve-korisnike-2025\/#primaryimage","url":"https:\/\/gorica.info\/wp-content\/uploads\/2023\/08\/centar-za-starije-pressica-23082023.jpg","contentUrl":"https:\/\/gorica.info\/wp-content\/uploads\/2023\/08\/centar-za-starije-pressica-23082023.jpg","width":1100,"height":707,"caption":"Foto: FB"},{"@type":"BreadcrumbList","@id":"https:\/\/gorica.info\/velika-gorica-osigurala-613-milijuna-eura-za-izgradnju-centra-za-starije-osobe-moderni-staracki-dom-primit-ce-prve-korisnike-2025\/#breadcrumb","itemListElement":[{"@type":"ListItem","position":1,"name":"Po\u010detna stranica","item":"https:\/\/gorica.info\/"},{"@type":"ListItem","position":2,"name":"Velika Gorica osigurala 6,13 milijuna eura za izgradnju Centra za starije osobe: Moderni stara\u010dki dom primit \u0107e prve korisnike 2025."}]},{"@type":"WebSite","@id":"https:\/\/gorica.info\/#website","url":"https:\/\/gorica.info\/","name":"Gorica Info","description":"Vijesti iz Velike Gorice i okolice.","publisher":{"@id":"https:\/\/gorica.info\/#organization"},"potentialAction":[{"@type":"SearchAction","target":{"@type":"EntryPoint","urlTemplate":"https:\/\/gorica.info\/?s={search_term_string}"},"query-input":{"@type":"PropertyValueSpecification","valueRequired":true,"valueName":"search_term_string"}}],"inLanguage":"en-US"},{"@type":["Organization","Place","NewsMediaOrganization"],"@id":"https:\/\/gorica.info\/#organization","name":"Gorica Info","url":"https:\/\/gorica.info\/","logo":{"@id":"https:\/\/gorica.info\/velika-gorica-osigurala-613-milijuna-eura-za-izgradnju-centra-za-starije-osobe-moderni-staracki-dom-primit-ce-prve-korisnike-2025\/#local-main-organization-logo"},"image":{"@id":"https:\/\/gorica.info\/velika-gorica-osigurala-613-milijuna-eura-za-izgradnju-centra-za-starije-osobe-moderni-staracki-dom-primit-ce-prve-korisnike-2025\/#local-main-organization-logo"},"sameAs":["https:\/\/www.facebook.com\/Goricainfo-106005144489262","https:\/\/x.com\/GoricaInfo","https:\/\/www.instagram.com\/gorica.info\/"],"address":{"@id":"https:\/\/gorica.info\/velika-gorica-osigurala-613-milijuna-eura-za-izgradnju-centra-za-starije-osobe-moderni-staracki-dom-primit-ce-prve-korisnike-2025\/#local-main-place-address"},"telephone":[],"openingHoursSpecification":[{"@type":"OpeningHoursSpecification","dayOfWeek":["Monday","Tuesday","Wednesday","Thursday","Friday","Saturday","Sunday"],"opens":"09:00","closes":"17:00"}],"email":"redakcija@gorica.info"},{"@type":"Person","@id":"https:\/\/gorica.info\/#\/schema\/person\/4499af1f22f322670b9b5977ccc2e3de","name":"Gorica. info","description":"Gorica.info je lokalni portal koji prati Veliku Goricu i okolici, svakodnevno donosi najnovije vijesti i pri\u010de, kulturna doga\u0111anja i aktualnosti koje oblikuju \u017eivot gra\u0111ana.","url":"https:\/\/gorica.info\/en\/author\/gorica-info\/"},{"@type":"PostalAddress","@id":"https:\/\/gorica.info\/velika-gorica-osigurala-613-milijuna-eura-za-izgradnju-centra-za-starije-osobe-moderni-staracki-dom-primit-ce-prve-korisnike-2025\/#local-main-place-address","streetAddress":"Horvatova 97","addressLocality":"Velika Gorica","postalCode":"10410","addressRegion":"Croatia","addressCountry":"HR"},{"@type":"ImageObject","inLanguage":"en-US","@id":"https:\/\/gorica.info\/velika-gorica-osigurala-613-milijuna-eura-za-izgradnju-centra-za-starije-osobe-moderni-staracki-dom-primit-ce-prve-korisnike-2025\/#local-main-organization-logo","url":"https:\/\/gorica.info\/wp-content\/uploads\/2024\/07\/Gorica-Info-Logo-mali.png","contentUrl":"https:\/\/gorica.info\/wp-content\/uploads\/2024\/07\/Gorica-Info-Logo-mali.png","width":450,"height":85,"caption":"Gorica Info"}]},"geo.placename":"Velika Gorica","geo.region":"Croatia"},"_links":{"self":[{"href":"https:\/\/gorica.info\/en\/wp-json\/wp\/v2\/posts\/53145","targetHints":{"allow":["GET"]}}],"collection":[{"href":"https:\/\/gorica.info\/en\/wp-json\/wp\/v2\/posts"}],"about":[{"href":"https:\/\/gorica.info\/en\/wp-json\/wp\/v2\/types\/post"}],"author":[{"embeddable":true,"href":"https:\/\/gorica.info\/en\/wp-json\/wp\/v2\/users\/23"}],"replies":[{"embeddable":true,"href":"https:\/\/gorica.info\/en\/wp-json\/wp\/v2\/comments?post=53145"}],"version-history":[{"count":0,"href":"https:\/\/gorica.info\/en\/wp-json\/wp\/v2\/posts\/53145\/revisions"}],"wp:featuredmedia":[{"embeddable":true,"href":"https:\/\/gorica.info\/en\/wp-json\/wp\/v2\/media\/53156"}],"wp:attachment":[{"href":"https:\/\/gorica.info\/en\/wp-json\/wp\/v2\/media?parent=53145"}],"wp:term":[{"taxonomy":"category","embeddable":true,"href":"https:\/\/gorica.info\/en\/wp-json\/wp\/v2\/categories?post=53145"},{"taxonomy":"post_tag","embeddable":true,"href":"https:\/\/gorica.info\/en\/wp-json\/wp\/v2\/tags?post=53145"}],"curies":[{"name":"wp","href":"https:\/\/api.w.org\/{rel}","templated":true}]}}