{"id":53280,"date":"2023-08-28T05:22:01","date_gmt":"2023-08-28T03:22:01","guid":{"rendered":"https:\/\/gorica.info\/?p=53280"},"modified":"2023-08-28T05:22:01","modified_gmt":"2023-08-28T03:22:01","slug":"kucni-ljubimci","status":"publish","type":"post","link":"https:\/\/gorica.info\/en\/kucni-ljubimci\/","title":{"rendered":"Velika Gorica donosi pravila o dr\u017eanju ku\u0107nih ljubimaca: U ku\u0107i ili stanu mo\u017ee se dr\u017eati najvi\u0161e devet pasa ili ma\u010daka, a za vi\u0161e slijedi prijava&#8230;"},"content":{"rendered":"<p><strong>Vlasnike ku\u0107nih ljubimaca<\/strong> i ljubitelje \u017eivotinja zanimat \u0107e informacija iz gradske uprave o dono\u0161enju Odluke o uvjetima i na\u010dinu dr\u017eanja ku\u0107nih ljubimaca i na\u010dinu postupanja s napu\u0161tenim i izgubljenim \u017eivotinjama te divljim \u017eivotinjama. Iza ovog podu\u017eeg naziva kriju se odredbe koje bi trebali po\u0161tovati vlasnici ku\u0107nih ljubimaca i doma\u0107ih \u017eivotinja.<\/p>\n<p>Vlasnici ku\u0107nih ljubimaca du\u017eni su ih dr\u017eati u skladu s njihovim potrebama, osigurati im hranu, \u010disti prostor koji odgovara njihovoj veli\u010dini i za\u0161titu od <a href=\"https:\/\/gorica.info\/en\/2023\/07\/23\/donosimo-savjete-veterinara-kako-pomoci-mackama-da-lakse-podnesu-ljetne-vrucine\/\">vremenskih neprilika<\/a>. Psi trebaju biti ozna\u010deni<strong> mikro\u010dipom<\/strong> i cijepljeni protiv bjesno\u0107e. Tako\u0111er treba onemogu\u0107iti bijeg i kretanje pasa po javnim povr\u0161inama bez nadzora.<\/p>\n<figure id=\"attachment_53283\" aria-describedby=\"caption-attachment-53283\" style=\"width: 810px\" class=\"wp-caption aligncenter\"><img fetchpriority=\"high\" decoding=\"async\" class=\"wp-image-53283 size-large\" src=\"https:\/\/gorica.info\/wp-content\/uploads\/2023\/08\/pas-christopher-ayme-unsplash-1024x684.jpg\" alt=\"\" width=\"810\" height=\"541\" srcset=\"https:\/\/gorica.info\/wp-content\/uploads\/2023\/08\/pas-christopher-ayme-unsplash-1024x684.jpg 1024w, https:\/\/gorica.info\/wp-content\/uploads\/2023\/08\/pas-christopher-ayme-unsplash-300x200.jpg 300w, https:\/\/gorica.info\/wp-content\/uploads\/2023\/08\/pas-christopher-ayme-unsplash-768x513.jpg 768w, https:\/\/gorica.info\/wp-content\/uploads\/2023\/08\/pas-christopher-ayme-unsplash-18x12.jpg 18w, https:\/\/gorica.info\/wp-content\/uploads\/2023\/08\/pas-christopher-ayme-unsplash-750x501.jpg 750w, https:\/\/gorica.info\/wp-content\/uploads\/2023\/08\/pas-christopher-ayme-unsplash-1140x761.jpg 1140w, https:\/\/gorica.info\/wp-content\/uploads\/2023\/08\/pas-christopher-ayme-unsplash.jpg 1100w\" sizes=\"(max-width: 810px) 100vw, 810px\" \/><figcaption id=\"caption-attachment-53283\" class=\"wp-caption-text\">Foto: Christopher Ayme \/ Unsplash<\/figcaption><\/figure>\n<p>Na dvori\u0161nim vratima trebaju postaviti na vidljivom mjestu oznaku koja upozorava na psa, te imati ispravno zvono na ulaznim dvori\u0161nim ili vrtnim vratima. Kada je \u017eivotinja bolesna treba zatra\u017eiti veterinarsku pomo\u0107 te osigurati zbrinjavanje i odgovaraju\u0107u njegu bolesnih i ozlije\u0111enih \u017eivotinja.<\/p>\n<h4><strong>Psi se smiju vezivati samo u iznimnim situacijama<\/strong><\/h4>\n<p>Zabranjeno je<strong> bacanje petardi<\/strong> ili drugih pirotehni\u010dkih sredstava na \u017eivotinje, tr\u010danje \u017eivotinja privezanih uz motorno prijevozno sredstvo koje je u pokretu, <strong>vezati pse<\/strong>, osim privremeno u iznimnim situacijama kada ogra\u0111ivanje dijela dvori\u0161ta nije izvedivo. U tom slu\u010daju pas se mo\u017ee vezati na na\u010din da mu je omogu\u0107eno kretanje u promjeru pet metara, a sredstvo vezanja i ogrlica moraju biti od takvog materijala da psu ne nanose bol ili ozljede.<\/p>\n<p>Ako \u017eivite u stanu i imate ku\u0107ne ljubimce, du\u017eni ste ih dr\u017eati na na\u010din da ne ometaju mir sustanara ili na drugi na\u010din kr\u0161e dogovoreni ku\u0107ni red stambene zgrade i stanara okolnih nekretnina. Psa koji \u017eivi u stanu ili ku\u0107i bez oku\u0107nice, du\u017eni ste svakodnevno izvoditi van zgrade ili ku\u0107e radi obavljanja nu\u017ede i zadovoljenja dnevnih fizi\u010dkih aktivnosti. Ako komunalni redar utvrdi da u ku\u0107i ili stanu imate vi\u0161e od devet pasa ili ma\u010daka starijih od \u0161est mjeseci prijavit \u0107e vas veterinarskoj inspekciji.<\/p>\n<h4><strong>U \u0161etnju smiju samo mikro\u010dipirani psi<\/strong><\/h4>\n<p>Pse se smije izvoditi na javne povr\u0161ine ako su ozna\u010deni <a href=\"https:\/\/gorica.info\/en\/2023\/07\/25\/prilika-za-besplatno-mikrocipiranja-pasa-i-sterilizaciju-kujica-kazne-za-vlasnike-koji-se-ogluse-nisu-male\/\">mikro\u010dipom<\/a>, na povodcu i pod nadzorom posjednika. Psi se mogu kretati bez povodca, uz nadzor posjednika samo u <strong>parku za pse<\/strong> koji su ozna\u010deni za takvo kretanje.<\/p>\n<p>Ku\u0107nim ljubimcima koji se kre\u0107u slobodno ili na povodcu zabranjeno je kretanje na dje\u010djim igrali\u0161tima, cvjetnjacima, travnjacima, neogra\u0111enim sportskim terenima, neogra\u0111enim dvori\u0161tima \u0161kola i vrti\u0107a te na drugim mjestima gdje postoji opasnost ugro\u017eavanja zdravstveno-higijenske sigurnosti i zdravlja ljudi.<\/p>\n<p>U parkovima i na drugim zelenim povr\u0161inama dozvoljeno je vo\u0111enje psa isklju\u010divo po pje\u0161a\u010dkim stazama, odnosno povr\u0161inama namijenjenim kretanju pje\u0161aka. Ograni\u010denje kretanja ku\u0107nih ljubimaca ne primjenjuje se na pse osposobljene za pomo\u0107 osobama s invaliditetom i slu\u017ebene pse.<\/p>\n<p>Vlasnik ku\u0107nog ljubimca du\u017ean je <strong>nositi pribor za \u010di\u0161\u0107enje<\/strong> i o\u010distiti javnu povr\u0161inu koju njegov ku\u0107ni ljubimac one\u010disti.<\/p>\n<h4><strong>Opasan pas mora biti u zatvorenom prostoru<\/strong><\/h4>\n<p>Vlasnik opasnog psa mora ga dr\u017eati u zatvorenom prostoru iz kojeg ne mo\u017ee pobje\u0107i, a vrata u prostor u kojem se nalazi takav pas moraju biti zaklju\u010dana. Na\u00a0 ulazu\u00a0 u\u00a0 prostor\u00a0 u\u00a0 kojem\u00a0 se\u00a0 nalazi\u00a0 opasan\u00a0 pas\u00a0 mora\u00a0 biti\u00a0 vidljivo\u00a0 istaknuto \u00a0upozorenje \u201e<strong>Opasan pas<\/strong>\u201c. Smijete ih voditi na javne povr\u0161ine isklju\u010divo s brnjicom i na povodcu.<\/p>\n<p>Udruge za za\u0161titu \u017eivotinja mogu na javnim povr\u0161inama postaviti<strong> hranili\u0161ta za ma\u010dke<\/strong>. Hranili\u0161ta se postavljaju nakon provedenog javnog poziva. Udruga je du\u017ena voditi brigu o\u00a0 higijeni i \u010disto\u0107i javne povr\u0161ine na kojoj se nalazi hranili\u0161te i skrbiti o ma\u010dkama.<\/p>\n<figure id=\"attachment_53289\" aria-describedby=\"caption-attachment-53289\" style=\"width: 810px\" class=\"wp-caption aligncenter\"><img decoding=\"async\" class=\"wp-image-53289 size-large\" src=\"https:\/\/gorica.info\/wp-content\/uploads\/2023\/08\/psi-setnja-unsplash-977x1024.jpg\" alt=\"\" width=\"810\" height=\"849\" \/><figcaption id=\"caption-attachment-53289\" class=\"wp-caption-text\">Foto: Unsplah<\/figcaption><\/figure>\n<h4><strong>Du\u017eni ste prijaviti nestanak ku\u0107nog ljubimca<\/strong><\/h4>\n<p>Ako izgubite ku\u0107nog ljubimca ili vam pobjegne du\u017eni ste <strong>u roku od tri dana<\/strong> od nestanka prijaviti njegov nestanak <strong>skloni\u0161tu za \u017eivotinje<\/strong>. Ako se radi o psu tada u roku od 14 dana treba prijaviti veterinarskoj organizaciji ili ambulanti veterinarske prakse koja je ovla\u0161tena za vo\u0111enje Upisnika ku\u0107nih ljubimaca.<\/p>\n<p><a href=\"https:\/\/gorica.info\/en\/2023\/07\/30\/eko-hotel-za-macke-mackeraj-u-rakitovcu-nudi\/\">Vlasnik<\/a> izgubljene \u017eivotinje du\u017ean je <strong>nadoknaditi sve tro\u0161kove<\/strong> kao i svaku \u0161tetu koju po\u010dini \u017eivotinja od trenutka nestanka do trenutka vra\u0107anja posjedniku. \u017divotinja se ne smje\u0161ta u skloni\u0161te ako se po nalasku \u017eivotinje mo\u017ee utvrditi njezin vlasnik te se \u017eivotinja odmah mo\u017ee vratiti vlasniku.<\/p>\n<p><strong>Zabranjeno<\/strong> je koristiti \u017eivotinje za sakupljanje donacija, pro\u0161nju te izlagati ih na javnim povr\u0161inama, sajmovima, tr\u017enicama i sli\u010dno, kao i njihovo kori\u0161tenje u zabavne ili druge svrhe bez suglasnosti nadle\u017enog tijela.<\/p>\n<p>Zabranjena je prodaja ku\u0107nih ljubimaca i doma\u0107ih \u017eivotinja na <strong>javnim povr\u0161inama<\/strong>, sajmovima, tr\u017enicama i svim drugim prostorima koji ne zadovoljavaju uvjete za prodaju. Tako\u0111er je zabranjeno izvoditi doma\u0107e \u017eivotinje radi ispa\u0161e na privatne i javne povr\u0161ine bez dopu\u0161tenja vlasnika povr\u0161ine.<\/p>\n<h4><strong>Kazne od 80 do 150 eura<\/strong><\/h4>\n<p>Za nadzor nad provo\u0111enje ove odluke zadu\u017eeni su gori\u010dki <strong>komunalni redari<\/strong> koji mogu zatra\u017eiti pomo\u0107 policije ukoliko se prilikom provo\u0111enja nadzora ili izvr\u0161enja rje\u0161enja opravdano o\u010dekuje pru\u017eanje otpora.<\/p>\n<p>Komunalni redar du\u017ean je obavijestiti policiju i dr\u017eavno odvjetni\u0161tvo kada uo\u010di situaciju koja upu\u0107uje na mu\u010denje ili ubijanje \u017eivotinja.<\/p>\n<p>Komunalni redar mo\u017ee naplatiti <strong>nov\u010danu kaznu<\/strong> na mjestu po\u010dinjenja prekr\u0161aja, bez prekr\u0161ajnog naloga, uz izdavanje potvrde. Ako po\u010dinitelj prekr\u0161aja ne pristane platiti nov\u010danu kaznu, izdat \u0107e mu se obavezni prekr\u0161ajni nalog s uputom da nov\u010danu kaznu mora platiti u roku od osam dana od dana uru\u010denja, odnosno dostave prekr\u0161ajnog naloga.<\/p>\n<p>Nov\u010danom kaznom od <strong>80 eura<\/strong>\u00a0kaznit \u0107e se za prekr\u0161aj fizi\u010dka i odgovorna osoba u pravnoj osobi ako dr\u017ei ku\u0107ne ljubimce protivno ovoj odluci.<\/p>\n<p>Nov\u010danom kaznom u iznosu od <strong>150 eura<\/strong> kaznit \u0107e se za prekr\u0161aj fizi\u010dka osoba i odgovorna osoba u pravnoj osobi ako ku\u0107nog ljubimca ve\u017eete za motorno prijevozno sredstvo koje je u pokretu ili psa koji \u017eivi u stanu ili ku\u0107i bez oku\u0107nice ne izvodite svakodnevno vani. Kaznu od 150 eura \u0107ete platiti i ako pu\u0161tate psa da tr\u010di po dje\u010djim igrali\u0161tima i travnjacima ili ne o\u010distite javnu povr\u0161inu koju je uneredio va\u0161 ljubimac.<\/p>\n<p>Iz <a href=\"http:\/\/www.gorica.hr\/2023\/08\/savjetovanje-s-javnoscu-odluka-o-uvjetima-i-nacinu-drzanja-kucnih-ljubimaca-i-nacinu-postupanja-s-napustenim-i-izgubljenim-zivotinjama-te-divljim-zivotinjama\/\">gradske uprave<\/a> pozivaju gra\u0111ane da svoje komentare i mi\u0161ljenja na prijedlog ove odluke dostave <strong>do 23. rujna<\/strong> na e-mail adresu poljoprivreda@gorica.hr.<\/p>","protected":false},"excerpt":{"rendered":"<p>Vlasnike ku\u0107nih ljubimaca i ljubitelje \u017eivotinja zanimat \u0107e informacija iz gradske uprave o dono\u0161enju Odluke o uvjetima i na\u010dinu dr\u017eanja ku\u0107nih ljubimaca i na\u010dinu postupanja s napu\u0161tenim i izgubljenim \u017eivotinjama te divljim \u017eivotinjama. Iza ovog podu\u017eeg naziva kriju se odredbe koje bi trebali po\u0161tovati vlasnici ku\u0107nih ljubimaca i doma\u0107ih \u017eivotinja. Vlasnici ku\u0107nih ljubimaca du\u017eni su [&hellip;]<\/p>\n","protected":false},"author":23,"featured_media":53282,"comment_status":"open","ping_status":"open","sticky":false,"template":"","format":"standard","meta":{"limit_modified_date":"","last_modified_date":"","jnews-multi-image_gallery":[],"jnews_single_post":[],"jnews_primary_category":[],"jnews_override_counter":[],"footnotes":""},"categories":[87],"tags":[11206,910,1011,3400,2114,6750,7717,3558,2116],"class_list":["post-53280","post","type-post","status-publish","format-standard","has-post-thumbnail","hentry","category-gorica","tag-drzanje-kucnih-ljubimaca","tag-grad-velika-gorica","tag-kazne","tag-komunalni-redari","tag-kucni-ljubimci","tag-park-za-pse","tag-pravila","tag-psi","tag-vlasnici"],"yoast_head":"<!-- This site is optimized with the Yoast SEO Premium plugin v27.5 (Yoast SEO v27.5) - https:\/\/yoast.com\/product\/yoast-seo-premium-wordpress\/ -->\n<title>Velika Gorica donosi pravila o dr\u017eanju ku\u0107nih ljubimaca: U ku\u0107i ili stanu mo\u017ee se dr\u017eati najvi\u0161e devet pasa ili ma\u010daka, a za vi\u0161e slijedi prijava... - Gorica Info<\/title>\n<meta name=\"description\" content=\"Pravila o dr\u017eanju ku\u0107nih ljubimaca, ali i postupanju s ostalim \u017eivotinjama za grad Veliku Goricu trenuta\u010dno su u javnoj raspravi\" \/>\n<meta name=\"robots\" content=\"index, follow, max-snippet:-1, max-image-preview:large, max-video-preview:-1\" \/>\n<link rel=\"canonical\" href=\"https:\/\/gorica.info\/en\/kucni-ljubimci\/\" \/>\n<meta property=\"og:locale\" content=\"en_US\" \/>\n<meta property=\"og:type\" content=\"article\" \/>\n<meta property=\"og:title\" content=\"Velika Gorica donosi pravila o dr\u017eanju ku\u0107nih ljubimaca: U ku\u0107i ili stanu mo\u017ee se dr\u017eati najvi\u0161e devet pasa ili ma\u010daka, a za vi\u0161e slijedi prijava...\" \/>\n<meta property=\"og:description\" content=\"Pravila o dr\u017eanju ku\u0107nih ljubimaca, ali i postupanju s ostalim \u017eivotinjama za grad Veliku Goricu trenuta\u010dno su u javnoj raspravi\" \/>\n<meta property=\"og:url\" content=\"https:\/\/gorica.info\/en\/kucni-ljubimci\/\" \/>\n<meta property=\"og:site_name\" content=\"Gorica Info\" \/>\n<meta property=\"article:publisher\" content=\"https:\/\/www.facebook.com\/Goricainfo-106005144489262\" \/>\n<meta property=\"article:published_time\" content=\"2023-08-28T03:22:01+00:00\" \/>\n<meta property=\"og:image\" content=\"https:\/\/gorica.info\/wp-content\/uploads\/2023\/08\/psi-spencer-davis-unsplash.jpg\" \/>\n\t<meta property=\"og:image:width\" content=\"1200\" \/>\n\t<meta property=\"og:image:height\" content=\"800\" \/>\n\t<meta property=\"og:image:type\" content=\"image\/jpeg\" \/>\n<meta name=\"author\" content=\"Gorica. info\" \/>\n<meta name=\"twitter:card\" content=\"summary_large_image\" \/>\n<meta name=\"twitter:creator\" content=\"@GoricaInfo\" \/>\n<meta name=\"twitter:site\" content=\"@GoricaInfo\" \/>\n<meta name=\"twitter:label1\" content=\"Written by\" \/>\n\t<meta name=\"twitter:data1\" content=\"Gorica. info\" \/>\n\t<meta name=\"twitter:label2\" content=\"Est. reading time\" \/>\n\t<meta name=\"twitter:data2\" content=\"6 minutes\" \/>\n<meta name=\"geo.placename\" content=\"Velika Gorica\" \/>\n<meta name=\"geo.region\" content=\"Croatia\" \/>\n<!-- \/ Yoast SEO Premium plugin. -->","yoast_head_json":{"title":"Velika Gorica donosi pravila o dr\u017eanju ku\u0107nih ljubimaca: U ku\u0107i ili stanu mo\u017ee se dr\u017eati najvi\u0161e devet pasa ili ma\u010daka, a za vi\u0161e slijedi prijava... - Gorica Info","description":"Pravila o dr\u017eanju ku\u0107nih ljubimaca, ali i postupanju s ostalim \u017eivotinjama za grad Veliku Goricu trenuta\u010dno su u javnoj raspravi","robots":{"index":"index","follow":"follow","max-snippet":"max-snippet:-1","max-image-preview":"max-image-preview:large","max-video-preview":"max-video-preview:-1"},"canonical":"https:\/\/gorica.info\/en\/kucni-ljubimci\/","og_locale":"en_US","og_type":"article","og_title":"Velika Gorica donosi pravila o dr\u017eanju ku\u0107nih ljubimaca: U ku\u0107i ili stanu mo\u017ee se dr\u017eati najvi\u0161e devet pasa ili ma\u010daka, a za vi\u0161e slijedi prijava...","og_description":"Pravila o dr\u017eanju ku\u0107nih ljubimaca, ali i postupanju s ostalim \u017eivotinjama za grad Veliku Goricu trenuta\u010dno su u javnoj raspravi","og_url":"https:\/\/gorica.info\/en\/kucni-ljubimci\/","og_site_name":"Gorica Info","article_publisher":"https:\/\/www.facebook.com\/Goricainfo-106005144489262","article_published_time":"2023-08-28T03:22:01+00:00","og_image":[{"width":1200,"height":800,"url":"https:\/\/gorica.info\/wp-content\/uploads\/2023\/08\/psi-spencer-davis-unsplash.jpg","type":"image\/jpeg"}],"author":"Gorica. info","twitter_card":"summary_large_image","twitter_creator":"@GoricaInfo","twitter_site":"@GoricaInfo","twitter_misc":{"Written by":"Gorica. info","Est. reading time":"6 minutes"},"schema":{"@context":"https:\/\/schema.org","@graph":[{"@type":"NewsArticle","@id":"https:\/\/gorica.info\/kucni-ljubimci\/#article","isPartOf":{"@id":"https:\/\/gorica.info\/kucni-ljubimci\/"},"author":{"name":"Gorica. info","@id":"https:\/\/gorica.info\/#\/schema\/person\/4499af1f22f322670b9b5977ccc2e3de"},"headline":"Velika Gorica donosi pravila o dr\u017eanju ku\u0107nih ljubimaca: U ku\u0107i ili stanu mo\u017ee se dr\u017eati najvi\u0161e devet pasa ili ma\u010daka, a za vi\u0161e slijedi prijava&#8230;","datePublished":"2023-08-28T03:22:01+00:00","mainEntityOfPage":{"@id":"https:\/\/gorica.info\/kucni-ljubimci\/"},"wordCount":1154,"commentCount":2,"publisher":{"@id":"https:\/\/gorica.info\/#organization"},"image":{"@id":"https:\/\/gorica.info\/kucni-ljubimci\/#primaryimage"},"thumbnailUrl":"https:\/\/gorica.info\/wp-content\/uploads\/2023\/08\/psi-spencer-davis-unsplash.jpg","keywords":["dr\u017eanje ku\u0107nih ljubimaca","grad velika gorica","kazne","komunalni redari","ku\u0107ni ljubimci","park za pse","pravila","psi","vlasnici"],"articleSection":["GORICA"],"inLanguage":"en-US","potentialAction":[{"@type":"CommentAction","name":"Comment","target":["https:\/\/gorica.info\/kucni-ljubimci\/#respond"]}],"copyrightYear":"2023","copyrightHolder":{"@id":"https:\/\/gorica.info\/en\/#organization"}},{"@type":"WebPage","@id":"https:\/\/gorica.info\/kucni-ljubimci\/","url":"https:\/\/gorica.info\/kucni-ljubimci\/","name":"Velika Gorica donosi pravila o dr\u017eanju ku\u0107nih ljubimaca: U ku\u0107i ili stanu mo\u017ee se dr\u017eati najvi\u0161e devet pasa ili ma\u010daka, a za vi\u0161e slijedi prijava... - Gorica Info","isPartOf":{"@id":"https:\/\/gorica.info\/#website"},"primaryImageOfPage":{"@id":"https:\/\/gorica.info\/kucni-ljubimci\/#primaryimage"},"image":{"@id":"https:\/\/gorica.info\/kucni-ljubimci\/#primaryimage"},"thumbnailUrl":"https:\/\/gorica.info\/wp-content\/uploads\/2023\/08\/psi-spencer-davis-unsplash.jpg","datePublished":"2023-08-28T03:22:01+00:00","description":"Pravila o dr\u017eanju ku\u0107nih ljubimaca, ali i postupanju s ostalim \u017eivotinjama za grad Veliku Goricu trenuta\u010dno su u javnoj raspravi","breadcrumb":{"@id":"https:\/\/gorica.info\/kucni-ljubimci\/#breadcrumb"},"inLanguage":"en-US","potentialAction":[{"@type":"ReadAction","target":["https:\/\/gorica.info\/kucni-ljubimci\/"]}]},{"@type":"ImageObject","inLanguage":"en-US","@id":"https:\/\/gorica.info\/kucni-ljubimci\/#primaryimage","url":"https:\/\/gorica.info\/wp-content\/uploads\/2023\/08\/psi-spencer-davis-unsplash.jpg","contentUrl":"https:\/\/gorica.info\/wp-content\/uploads\/2023\/08\/psi-spencer-davis-unsplash.jpg","width":1100,"height":733,"caption":"Foto: Spencer Davis \/ Usplash"},{"@type":"BreadcrumbList","@id":"https:\/\/gorica.info\/kucni-ljubimci\/#breadcrumb","itemListElement":[{"@type":"ListItem","position":1,"name":"Po\u010detna stranica","item":"https:\/\/gorica.info\/"},{"@type":"ListItem","position":2,"name":"Velika Gorica donosi pravila o dr\u017eanju ku\u0107nih ljubimaca: U ku\u0107i ili stanu mo\u017ee se dr\u017eati najvi\u0161e devet pasa ili ma\u010daka, a za vi\u0161e slijedi prijava&#8230;"}]},{"@type":"WebSite","@id":"https:\/\/gorica.info\/#website","url":"https:\/\/gorica.info\/","name":"Gorica Info","description":"Vijesti iz Velike Gorice i okolice.","publisher":{"@id":"https:\/\/gorica.info\/#organization"},"potentialAction":[{"@type":"SearchAction","target":{"@type":"EntryPoint","urlTemplate":"https:\/\/gorica.info\/?s={search_term_string}"},"query-input":{"@type":"PropertyValueSpecification","valueRequired":true,"valueName":"search_term_string"}}],"inLanguage":"en-US"},{"@type":["Organization","Place","NewsMediaOrganization"],"@id":"https:\/\/gorica.info\/#organization","name":"Gorica Info","url":"https:\/\/gorica.info\/","logo":{"@id":"https:\/\/gorica.info\/kucni-ljubimci\/#local-main-organization-logo"},"image":{"@id":"https:\/\/gorica.info\/kucni-ljubimci\/#local-main-organization-logo"},"sameAs":["https:\/\/www.facebook.com\/Goricainfo-106005144489262","https:\/\/x.com\/GoricaInfo","https:\/\/www.instagram.com\/gorica.info\/"],"address":{"@id":"https:\/\/gorica.info\/kucni-ljubimci\/#local-main-place-address"},"telephone":[],"openingHoursSpecification":[{"@type":"OpeningHoursSpecification","dayOfWeek":["Monday","Tuesday","Wednesday","Thursday","Friday","Saturday","Sunday"],"opens":"09:00","closes":"17:00"}],"email":"redakcija@gorica.info"},{"@type":"Person","@id":"https:\/\/gorica.info\/#\/schema\/person\/4499af1f22f322670b9b5977ccc2e3de","name":"Gorica. info","description":"Gorica.info je lokalni portal koji prati Veliku Goricu i okolici, svakodnevno donosi najnovije vijesti i pri\u010de, kulturna doga\u0111anja i aktualnosti koje oblikuju \u017eivot gra\u0111ana.","url":"https:\/\/gorica.info\/en\/author\/gorica-info\/"},{"@type":"PostalAddress","@id":"https:\/\/gorica.info\/kucni-ljubimci\/#local-main-place-address","streetAddress":"Horvatova 97","addressLocality":"Velika Gorica","postalCode":"10410","addressRegion":"Croatia","addressCountry":"HR"},{"@type":"ImageObject","inLanguage":"en-US","@id":"https:\/\/gorica.info\/kucni-ljubimci\/#local-main-organization-logo","url":"https:\/\/gorica.info\/wp-content\/uploads\/2024\/07\/Gorica-Info-Logo-mali.png","contentUrl":"https:\/\/gorica.info\/wp-content\/uploads\/2024\/07\/Gorica-Info-Logo-mali.png","width":450,"height":85,"caption":"Gorica Info"}]},"geo.placename":"Velika Gorica","geo.region":"Croatia"},"_links":{"self":[{"href":"https:\/\/gorica.info\/en\/wp-json\/wp\/v2\/posts\/53280","targetHints":{"allow":["GET"]}}],"collection":[{"href":"https:\/\/gorica.info\/en\/wp-json\/wp\/v2\/posts"}],"about":[{"href":"https:\/\/gorica.info\/en\/wp-json\/wp\/v2\/types\/post"}],"author":[{"embeddable":true,"href":"https:\/\/gorica.info\/en\/wp-json\/wp\/v2\/users\/23"}],"replies":[{"embeddable":true,"href":"https:\/\/gorica.info\/en\/wp-json\/wp\/v2\/comments?post=53280"}],"version-history":[{"count":0,"href":"https:\/\/gorica.info\/en\/wp-json\/wp\/v2\/posts\/53280\/revisions"}],"wp:featuredmedia":[{"embeddable":true,"href":"https:\/\/gorica.info\/en\/wp-json\/wp\/v2\/media\/53282"}],"wp:attachment":[{"href":"https:\/\/gorica.info\/en\/wp-json\/wp\/v2\/media?parent=53280"}],"wp:term":[{"taxonomy":"category","embeddable":true,"href":"https:\/\/gorica.info\/en\/wp-json\/wp\/v2\/categories?post=53280"},{"taxonomy":"post_tag","embeddable":true,"href":"https:\/\/gorica.info\/en\/wp-json\/wp\/v2\/tags?post=53280"}],"curies":[{"name":"wp","href":"https:\/\/api.w.org\/{rel}","templated":true}]}}