{"id":53383,"date":"2023-08-29T09:37:02","date_gmt":"2023-08-29T07:37:02","guid":{"rendered":"https:\/\/gorica.info\/?p=53383"},"modified":"2023-08-29T09:37:02","modified_gmt":"2023-08-29T07:37:02","slug":"mladomisnik-domagoj-topic-novi-je-zupni-vikar-u-zupi-pohoda-blazene-djevice-marije-u-vukovini","status":"publish","type":"post","link":"https:\/\/gorica.info\/en\/mladomisnik-domagoj-topic-novi-je-zupni-vikar-u-zupi-pohoda-blazene-djevice-marije-u-vukovini\/","title":{"rendered":"Mladomisnik Domagoj Topi\u0107 novi je \u017eupni vikar u \u017dupi Pohoda Bla\u017eene Djevice Marije u Vukovini"},"content":{"rendered":"<p>Odlukom zagreba\u010dkog nadbiskupa <a href=\"https:\/\/ika.hkm.hr\/novosti\/imenovanja-i-razrjesenja-u-zagrebackoj-nadbiskupiji-5\/\"><strong>mons. Dra\u017eena Kutle\u0161e<\/strong><\/a>, u \u017dupu Pohoda Bla\u017eene Djevice Marije u <a href=\"https:\/\/gorica.info\/en\/?s=vukovina\">Vukovini<\/a> sti\u017ee novi <strong>\u017eupni vikar<\/strong>.\u00a0Mladomisnik <strong>Domagoj Topi\u0107<\/strong> imenovan je \u017eupnim vikarom, a dosada\u0161nji vikar vele\u010dasni <strong>Domagoj Koru\u017enjak<\/strong> razrije\u0161en je slu\u017ebe.<\/p>\n<p>Vele\u010dasni Koru\u017enjak slu\u017ebu \u0107e nastaviti u \u017dupi svetog Petra apostola u<strong> Zapre\u0161i\u0107u<\/strong> gdje \u0107e tako\u0111er biti \u017eupni vikar, navodi se u priop\u0107enju <strong>Zagreba\u010dke nadbiskupije<\/strong>.<\/p>\n<p>Domagoj Topi\u0107 ro\u0111en je 10. srpnja 1998. godine u Zagrebu. Odrastao je u \u017dupi Svih svetih u Sesvetama te je tamo primio sakramente: kr\u0161tenja, prvu svetu pri\u010dest i krizmu. Osnovnu \u0161kolu i glazbenu osnovnu \u0161kolu, smjer gitara, zavr\u0161io je u Sesvetama, kao i op\u0107u gimnaziju.<\/p>\n<p>Nakon zavr\u0161etka srednje \u0161kole upisuje Katoli\u010dki bogoslovni fakultet i ulazi u Nadbiskupsko bogoslovno sjemeni\u0161te. Za \u0111akona ga je zaredio kardinal Josip Bozani\u0107 8. listopada 2022. u crkvi Ivana XXIII., pape u Zagrebu. \u0110akonski pastoralni praktikum odradio je u \u017dupi sv. Anastazije mu\u010denice u Samoboru.<\/p>\n<p>Mladu misu slu\u017eio je 25. lipnja ove godine.<\/p>","protected":false},"excerpt":{"rendered":"<p>Odlukom zagreba\u010dkog nadbiskupa mons. Dra\u017eena Kutle\u0161e, u \u017dupu Pohoda Bla\u017eene Djevice Marije u Vukovini sti\u017ee novi \u017eupni vikar.\u00a0Mladomisnik Domagoj Topi\u0107 imenovan je \u017eupnim vikarom, a dosada\u0161nji vikar vele\u010dasni Domagoj Koru\u017enjak razrije\u0161en je slu\u017ebe. Vele\u010dasni Koru\u017enjak slu\u017ebu \u0107e nastaviti u \u017dupi svetog Petra apostola u Zapre\u0161i\u0107u gdje \u0107e tako\u0111er biti \u017eupni vikar, navodi se u priop\u0107enju [&hellip;]<\/p>\n","protected":false},"author":23,"featured_media":53385,"comment_status":"open","ping_status":"open","sticky":false,"template":"","format":"standard","meta":{"limit_modified_date":"","last_modified_date":"","jnews-multi-image_gallery":[],"jnews_single_post":[],"jnews_primary_category":[],"jnews_override_counter":[],"footnotes":""},"categories":[96],"tags":[11218,11219,11221,3586,2997,11222,11223,11225],"class_list":["post-53383","post","type-post","status-publish","format-standard","has-post-thumbnail","hentry","category-vijesti","tag-domagoj-koruznjak","tag-domagoj-topic","tag-mladomisnik","tag-mons-drazen-kutlesa","tag-vukovina","tag-zagrebacki-nadbiskup","tag-zupa","tag-zupni-vikar"],"yoast_head":"<!-- This site is optimized with the Yoast SEO Premium plugin v27.4 (Yoast SEO v27.4) - https:\/\/yoast.com\/product\/yoast-seo-premium-wordpress\/ -->\n<title>Mladomisnik Domagoj Topi\u0107 novi je \u017eupni vikar u \u017dupi Pohoda Bla\u017eene Djevice Marije u Vukovini - Gorica Info<\/title>\n<meta name=\"description\" content=\"Mladomisnik Domagoj Topi\u0107 novi je \u017eupni vikar u \u017dupi Pohoda Bla\u017eene Djevice Marije u Vukovini, dosada\u0161nji vikar odlazi u Zpre\u0161i\u0107.\" \/>\n<meta name=\"robots\" content=\"index, follow, max-snippet:-1, max-image-preview:large, max-video-preview:-1\" \/>\n<link rel=\"canonical\" href=\"https:\/\/gorica.info\/en\/mladomisnik-domagoj-topic-novi-je-zupni-vikar-u-zupi-pohoda-blazene-djevice-marije-u-vukovini\/\" \/>\n<meta property=\"og:locale\" content=\"en_US\" \/>\n<meta property=\"og:type\" content=\"article\" \/>\n<meta property=\"og:title\" content=\"Mladomisnik Domagoj Topi\u0107 novi je \u017eupni vikar u \u017dupi Pohoda Bla\u017eene Djevice Marije u Vukovini\" \/>\n<meta property=\"og:description\" content=\"Mladomisnik Domagoj Topi\u0107 novi je \u017eupni vikar u \u017dupi Pohoda Bla\u017eene Djevice Marije u Vukovini, dosada\u0161nji vikar odlazi u Zpre\u0161i\u0107.\" \/>\n<meta property=\"og:url\" content=\"https:\/\/gorica.info\/en\/mladomisnik-domagoj-topic-novi-je-zupni-vikar-u-zupi-pohoda-blazene-djevice-marije-u-vukovini\/\" \/>\n<meta property=\"og:site_name\" content=\"Gorica Info\" \/>\n<meta property=\"article:publisher\" content=\"https:\/\/www.facebook.com\/Goricainfo-106005144489262\" \/>\n<meta property=\"article:published_time\" content=\"2023-08-29T07:37:02+00:00\" \/>\n<meta property=\"og:image\" content=\"https:\/\/gorica.info\/wp-content\/uploads\/2023\/08\/domagoj-topic-foto-zagrebacka-nadbiskupija.jpg\" \/>\n\t<meta property=\"og:image:width\" content=\"1024\" \/>\n\t<meta property=\"og:image:height\" content=\"683\" \/>\n\t<meta property=\"og:image:type\" content=\"image\/jpeg\" \/>\n<meta name=\"author\" content=\"Gorica. info\" \/>\n<meta name=\"twitter:card\" content=\"summary_large_image\" \/>\n<meta name=\"twitter:creator\" content=\"@GoricaInfo\" \/>\n<meta name=\"twitter:site\" content=\"@GoricaInfo\" \/>\n<meta name=\"twitter:label1\" content=\"Written by\" \/>\n\t<meta name=\"twitter:data1\" content=\"Gorica. info\" \/>\n\t<meta name=\"twitter:label2\" content=\"Est. reading time\" \/>\n\t<meta name=\"twitter:data2\" content=\"1 minute\" \/>\n<meta name=\"geo.placename\" content=\"Velika Gorica\" \/>\n<meta name=\"geo.region\" content=\"Croatia\" \/>\n<!-- \/ Yoast SEO Premium plugin. -->","yoast_head_json":{"title":"Mladomisnik Domagoj Topi\u0107 novi je \u017eupni vikar u \u017dupi Pohoda Bla\u017eene Djevice Marije u Vukovini - Gorica Info","description":"Mladomisnik Domagoj Topi\u0107 novi je \u017eupni vikar u \u017dupi Pohoda Bla\u017eene Djevice Marije u Vukovini, dosada\u0161nji vikar odlazi u Zpre\u0161i\u0107.","robots":{"index":"index","follow":"follow","max-snippet":"max-snippet:-1","max-image-preview":"max-image-preview:large","max-video-preview":"max-video-preview:-1"},"canonical":"https:\/\/gorica.info\/en\/mladomisnik-domagoj-topic-novi-je-zupni-vikar-u-zupi-pohoda-blazene-djevice-marije-u-vukovini\/","og_locale":"en_US","og_type":"article","og_title":"Mladomisnik Domagoj Topi\u0107 novi je \u017eupni vikar u \u017dupi Pohoda Bla\u017eene Djevice Marije u Vukovini","og_description":"Mladomisnik Domagoj Topi\u0107 novi je \u017eupni vikar u \u017dupi Pohoda Bla\u017eene Djevice Marije u Vukovini, dosada\u0161nji vikar odlazi u Zpre\u0161i\u0107.","og_url":"https:\/\/gorica.info\/en\/mladomisnik-domagoj-topic-novi-je-zupni-vikar-u-zupi-pohoda-blazene-djevice-marije-u-vukovini\/","og_site_name":"Gorica Info","article_publisher":"https:\/\/www.facebook.com\/Goricainfo-106005144489262","article_published_time":"2023-08-29T07:37:02+00:00","og_image":[{"width":1024,"height":683,"url":"https:\/\/gorica.info\/wp-content\/uploads\/2023\/08\/domagoj-topic-foto-zagrebacka-nadbiskupija.jpg","type":"image\/jpeg"}],"author":"Gorica. info","twitter_card":"summary_large_image","twitter_creator":"@GoricaInfo","twitter_site":"@GoricaInfo","twitter_misc":{"Written by":"Gorica. info","Est. reading time":"1 minute"},"schema":{"@context":"https:\/\/schema.org","@graph":[{"@type":"NewsArticle","@id":"https:\/\/gorica.info\/mladomisnik-domagoj-topic-novi-je-zupni-vikar-u-zupi-pohoda-blazene-djevice-marije-u-vukovini\/#article","isPartOf":{"@id":"https:\/\/gorica.info\/mladomisnik-domagoj-topic-novi-je-zupni-vikar-u-zupi-pohoda-blazene-djevice-marije-u-vukovini\/"},"author":{"name":"Gorica. info","@id":"https:\/\/gorica.info\/#\/schema\/person\/4499af1f22f322670b9b5977ccc2e3de"},"headline":"Mladomisnik Domagoj Topi\u0107 novi je \u017eupni vikar u \u017dupi Pohoda Bla\u017eene Djevice Marije u Vukovini","datePublished":"2023-08-29T07:37:02+00:00","mainEntityOfPage":{"@id":"https:\/\/gorica.info\/mladomisnik-domagoj-topic-novi-je-zupni-vikar-u-zupi-pohoda-blazene-djevice-marije-u-vukovini\/"},"wordCount":194,"commentCount":0,"publisher":{"@id":"https:\/\/gorica.info\/#organization"},"image":{"@id":"https:\/\/gorica.info\/mladomisnik-domagoj-topic-novi-je-zupni-vikar-u-zupi-pohoda-blazene-djevice-marije-u-vukovini\/#primaryimage"},"thumbnailUrl":"https:\/\/gorica.info\/wp-content\/uploads\/2023\/08\/domagoj-topic-foto-zagrebacka-nadbiskupija.jpg","keywords":["domagoj koru\u017enjak","domagoj topi\u0107","mladomisnik","mons. dra\u017een kutle\u0161a","vukovina","zagreba\u010dki nadbiskup","\u017eupa","\u017eupni vikar"],"articleSection":["VIJESTI"],"inLanguage":"en-US","potentialAction":[{"@type":"CommentAction","name":"Comment","target":["https:\/\/gorica.info\/mladomisnik-domagoj-topic-novi-je-zupni-vikar-u-zupi-pohoda-blazene-djevice-marije-u-vukovini\/#respond"]}],"copyrightYear":"2023","copyrightHolder":{"@id":"https:\/\/gorica.info\/en\/#organization"}},{"@type":"WebPage","@id":"https:\/\/gorica.info\/mladomisnik-domagoj-topic-novi-je-zupni-vikar-u-zupi-pohoda-blazene-djevice-marije-u-vukovini\/","url":"https:\/\/gorica.info\/mladomisnik-domagoj-topic-novi-je-zupni-vikar-u-zupi-pohoda-blazene-djevice-marije-u-vukovini\/","name":"Mladomisnik Domagoj Topi\u0107 novi je \u017eupni vikar u \u017dupi Pohoda Bla\u017eene Djevice Marije u Vukovini - Gorica Info","isPartOf":{"@id":"https:\/\/gorica.info\/#website"},"primaryImageOfPage":{"@id":"https:\/\/gorica.info\/mladomisnik-domagoj-topic-novi-je-zupni-vikar-u-zupi-pohoda-blazene-djevice-marije-u-vukovini\/#primaryimage"},"image":{"@id":"https:\/\/gorica.info\/mladomisnik-domagoj-topic-novi-je-zupni-vikar-u-zupi-pohoda-blazene-djevice-marije-u-vukovini\/#primaryimage"},"thumbnailUrl":"https:\/\/gorica.info\/wp-content\/uploads\/2023\/08\/domagoj-topic-foto-zagrebacka-nadbiskupija.jpg","datePublished":"2023-08-29T07:37:02+00:00","description":"Mladomisnik Domagoj Topi\u0107 novi je \u017eupni vikar u \u017dupi Pohoda Bla\u017eene Djevice Marije u Vukovini, dosada\u0161nji vikar odlazi u Zpre\u0161i\u0107.","breadcrumb":{"@id":"https:\/\/gorica.info\/mladomisnik-domagoj-topic-novi-je-zupni-vikar-u-zupi-pohoda-blazene-djevice-marije-u-vukovini\/#breadcrumb"},"inLanguage":"en-US","potentialAction":[{"@type":"ReadAction","target":["https:\/\/gorica.info\/mladomisnik-domagoj-topic-novi-je-zupni-vikar-u-zupi-pohoda-blazene-djevice-marije-u-vukovini\/"]}]},{"@type":"ImageObject","inLanguage":"en-US","@id":"https:\/\/gorica.info\/mladomisnik-domagoj-topic-novi-je-zupni-vikar-u-zupi-pohoda-blazene-djevice-marije-u-vukovini\/#primaryimage","url":"https:\/\/gorica.info\/wp-content\/uploads\/2023\/08\/domagoj-topic-foto-zagrebacka-nadbiskupija.jpg","contentUrl":"https:\/\/gorica.info\/wp-content\/uploads\/2023\/08\/domagoj-topic-foto-zagrebacka-nadbiskupija.jpg","width":1024,"height":683,"caption":"Foto: Zagreba\u010dka nadbiskupija"},{"@type":"BreadcrumbList","@id":"https:\/\/gorica.info\/mladomisnik-domagoj-topic-novi-je-zupni-vikar-u-zupi-pohoda-blazene-djevice-marije-u-vukovini\/#breadcrumb","itemListElement":[{"@type":"ListItem","position":1,"name":"Po\u010detna stranica","item":"https:\/\/gorica.info\/"},{"@type":"ListItem","position":2,"name":"Mladomisnik Domagoj Topi\u0107 novi je \u017eupni vikar u \u017dupi Pohoda Bla\u017eene Djevice Marije u Vukovini"}]},{"@type":"WebSite","@id":"https:\/\/gorica.info\/#website","url":"https:\/\/gorica.info\/","name":"Gorica Info","description":"Vijesti iz Velike Gorice i okolice.","publisher":{"@id":"https:\/\/gorica.info\/#organization"},"potentialAction":[{"@type":"SearchAction","target":{"@type":"EntryPoint","urlTemplate":"https:\/\/gorica.info\/?s={search_term_string}"},"query-input":{"@type":"PropertyValueSpecification","valueRequired":true,"valueName":"search_term_string"}}],"inLanguage":"en-US"},{"@type":["Organization","Place","NewsMediaOrganization"],"@id":"https:\/\/gorica.info\/#organization","name":"Gorica Info","url":"https:\/\/gorica.info\/","logo":{"@id":"https:\/\/gorica.info\/mladomisnik-domagoj-topic-novi-je-zupni-vikar-u-zupi-pohoda-blazene-djevice-marije-u-vukovini\/#local-main-organization-logo"},"image":{"@id":"https:\/\/gorica.info\/mladomisnik-domagoj-topic-novi-je-zupni-vikar-u-zupi-pohoda-blazene-djevice-marije-u-vukovini\/#local-main-organization-logo"},"sameAs":["https:\/\/www.facebook.com\/Goricainfo-106005144489262","https:\/\/x.com\/GoricaInfo","https:\/\/www.instagram.com\/gorica.info\/"],"address":{"@id":"https:\/\/gorica.info\/mladomisnik-domagoj-topic-novi-je-zupni-vikar-u-zupi-pohoda-blazene-djevice-marije-u-vukovini\/#local-main-place-address"},"telephone":[],"openingHoursSpecification":[{"@type":"OpeningHoursSpecification","dayOfWeek":["Monday","Tuesday","Wednesday","Thursday","Friday","Saturday","Sunday"],"opens":"09:00","closes":"17:00"}],"email":"redakcija@gorica.info"},{"@type":"Person","@id":"https:\/\/gorica.info\/#\/schema\/person\/4499af1f22f322670b9b5977ccc2e3de","name":"Gorica. info","description":"Gorica.info je lokalni portal koji prati Veliku Goricu i okolici, svakodnevno donosi najnovije vijesti i pri\u010de, kulturna doga\u0111anja i aktualnosti koje oblikuju \u017eivot gra\u0111ana.","url":"https:\/\/gorica.info\/en\/author\/gorica-info\/"},{"@type":"PostalAddress","@id":"https:\/\/gorica.info\/mladomisnik-domagoj-topic-novi-je-zupni-vikar-u-zupi-pohoda-blazene-djevice-marije-u-vukovini\/#local-main-place-address","streetAddress":"Horvatova 97","addressLocality":"Velika Gorica","postalCode":"10410","addressRegion":"Croatia","addressCountry":"HR"},{"@type":"ImageObject","inLanguage":"en-US","@id":"https:\/\/gorica.info\/mladomisnik-domagoj-topic-novi-je-zupni-vikar-u-zupi-pohoda-blazene-djevice-marije-u-vukovini\/#local-main-organization-logo","url":"https:\/\/gorica.info\/wp-content\/uploads\/2024\/07\/Gorica-Info-Logo-mali.png","contentUrl":"https:\/\/gorica.info\/wp-content\/uploads\/2024\/07\/Gorica-Info-Logo-mali.png","width":450,"height":85,"caption":"Gorica Info"}]},"geo.placename":"Velika Gorica","geo.region":"Croatia"},"_links":{"self":[{"href":"https:\/\/gorica.info\/en\/wp-json\/wp\/v2\/posts\/53383","targetHints":{"allow":["GET"]}}],"collection":[{"href":"https:\/\/gorica.info\/en\/wp-json\/wp\/v2\/posts"}],"about":[{"href":"https:\/\/gorica.info\/en\/wp-json\/wp\/v2\/types\/post"}],"author":[{"embeddable":true,"href":"https:\/\/gorica.info\/en\/wp-json\/wp\/v2\/users\/23"}],"replies":[{"embeddable":true,"href":"https:\/\/gorica.info\/en\/wp-json\/wp\/v2\/comments?post=53383"}],"version-history":[{"count":0,"href":"https:\/\/gorica.info\/en\/wp-json\/wp\/v2\/posts\/53383\/revisions"}],"wp:featuredmedia":[{"embeddable":true,"href":"https:\/\/gorica.info\/en\/wp-json\/wp\/v2\/media\/53385"}],"wp:attachment":[{"href":"https:\/\/gorica.info\/en\/wp-json\/wp\/v2\/media?parent=53383"}],"wp:term":[{"taxonomy":"category","embeddable":true,"href":"https:\/\/gorica.info\/en\/wp-json\/wp\/v2\/categories?post=53383"},{"taxonomy":"post_tag","embeddable":true,"href":"https:\/\/gorica.info\/en\/wp-json\/wp\/v2\/tags?post=53383"}],"curies":[{"name":"wp","href":"https:\/\/api.w.org\/{rel}","templated":true}]}}