{"id":54121,"date":"2023-09-12T07:54:31","date_gmt":"2023-09-12T05:54:31","guid":{"rendered":"https:\/\/gorica.info\/?p=54121"},"modified":"2023-09-12T07:54:31","modified_gmt":"2023-09-12T05:54:31","slug":"zaobidite-ako-mozete-ovaj-dio-zagreba-na-dva-tjedna-zatvara-se-dio-ulica-grada-vukovara","status":"publish","type":"post","link":"https:\/\/gorica.info\/en\/zaobidite-ako-mozete-ovaj-dio-zagreba-na-dva-tjedna-zatvara-se-dio-ulica-grada-vukovara\/","title":{"rendered":"O\u010dekuje su velike gu\u017eve: Zaobi\u0111ite ako mo\u017eete ovaj dio Zagreba. Na dva tjedna zatvara se dio Ulica grada Vukovara"},"content":{"rendered":"<p><strong>Na dva tjedna<\/strong> zatvara se dio jedne od najprometnijih ulica u Zagrebu &#8211; <strong>Ulice grada Vukovara<\/strong>. Zbog radova \u0107e biti zatvoren<strong> ju\u017eni dio kolnika<\/strong> na dijelu <strong>od Radni\u010dke ceste do Heinzelove ulice<\/strong>, javili su iz z<a href=\"\/\/www.zagreb.hr\">agreba\u010dke gradske uprave.<\/a><\/p>\n<p>Radovi po\u010dinju u <strong>utorak, 12. rujna<\/strong> i potrajat \u0107e<strong> do 26. rujna<\/strong>.\u00a0Zauzet \u0107e se dio kolnika, a promet \u0107e se odvijati po preostalom dijelu kolnika.<\/p>\n<p>Alternativni pravci tijekom radova su: Ulica grada Vukovara \u2013 Av. M. Dr\u017ei\u0107a \u2013 Slavonska avenija \u2013 Heinzelova \u2013 Ulica grada Vukovara; Ulica grada Vukovara \u2013 Av. M. Dr\u017ei\u0107a \u2013 Ulica kneza Branimira \u2013 Heinzelova \u2013 Ulica grada Vukovara.<\/p>\n<p>Za vrijeme <a href=\"https:\/\/gorica.info\/en\/category\/zagreb-zupanija\/zagreb\/\">radova<\/a> promet \u0107e se odvijati prema privremeno postavljenoj regulaciji. Sugra\u0111ane upozoravamo na mogu\u0107e pote\u0161ko\u0107e u prometu te molimo za strpljenje i razumijevanje &#8211; \u00a0poru\u010dili su iz grradske uprave.<\/p>","protected":false},"excerpt":{"rendered":"<p>Na dva tjedna zatvara se dio jedne od najprometnijih ulica u Zagrebu &#8211; Ulice grada Vukovara. Zbog radova \u0107e biti zatvoren ju\u017eni dio kolnika na dijelu od Radni\u010dke ceste do Heinzelove ulice, javili su iz zagreba\u010dke gradske uprave. Radovi po\u010dinju u utorak, 12. rujna i potrajat \u0107e do 26. rujna.\u00a0Zauzet \u0107e se dio kolnika, a [&hellip;]<\/p>\n","protected":false},"author":25,"featured_media":54123,"comment_status":"open","ping_status":"open","sticky":false,"template":"","format":"standard","meta":{"limit_modified_date":"","last_modified_date":"","jnews-multi-image_gallery":[],"jnews_single_post":[],"jnews_primary_category":[],"jnews_override_counter":[],"footnotes":""},"categories":[107],"tags":[11381,11382,7313,153,6743,288],"class_list":["post-54121","post","type-post","status-publish","format-standard","has-post-thumbnail","hentry","category-zagreb","tag-juzni-trak","tag-proemtnica-juzni-kolnik","tag-prometnica","tag-radovi","tag-ulica-grada-vukovara","tag-zagreb"],"yoast_head":"<!-- This site is optimized with the Yoast SEO Premium plugin v27.4 (Yoast SEO v27.4) - https:\/\/yoast.com\/product\/yoast-seo-premium-wordpress\/ -->\n<title>O\u010dekuje su velike gu\u017eve: Zaobi\u0111ite ako mo\u017eete ovaj dio Zagreba. Na dva tjedna zatvara se dio Ulica grada Vukovara - Gorica Info<\/title>\n<meta name=\"description\" content=\"Zaobi\u0111ite ako mo\u017eete ovaj dio Zagreba: Na dva tjedna zatvara se dio Ulica grada Vukovara zboh radova na ju\u017enom kolniku.\" \/>\n<meta name=\"robots\" content=\"index, follow, max-snippet:-1, max-image-preview:large, max-video-preview:-1\" \/>\n<link rel=\"canonical\" href=\"https:\/\/gorica.info\/en\/zaobidite-ako-mozete-ovaj-dio-zagreba-na-dva-tjedna-zatvara-se-dio-ulica-grada-vukovara\/\" \/>\n<meta property=\"og:locale\" content=\"en_US\" \/>\n<meta property=\"og:type\" content=\"article\" \/>\n<meta property=\"og:title\" content=\"O\u010dekuje su velike gu\u017eve: Zaobi\u0111ite ako mo\u017eete ovaj dio Zagreba. Na dva tjedna zatvara se dio Ulica grada Vukovara\" \/>\n<meta property=\"og:description\" content=\"Zaobi\u0111ite ako mo\u017eete ovaj dio Zagreba: Na dva tjedna zatvara se dio Ulica grada Vukovara zboh radova na ju\u017enom kolniku.\" \/>\n<meta property=\"og:url\" content=\"https:\/\/gorica.info\/en\/zaobidite-ako-mozete-ovaj-dio-zagreba-na-dva-tjedna-zatvara-se-dio-ulica-grada-vukovara\/\" \/>\n<meta property=\"og:site_name\" content=\"Gorica Info\" \/>\n<meta property=\"article:publisher\" content=\"https:\/\/www.facebook.com\/Goricainfo-106005144489262\" \/>\n<meta property=\"article:published_time\" content=\"2023-09-12T05:54:31+00:00\" \/>\n<meta property=\"og:image\" content=\"https:\/\/gorica.info\/wp-content\/uploads\/2023\/09\/radovi-ulica-grada-vukovara-screenshot.jpg\" \/>\n\t<meta property=\"og:image:width\" content=\"903\" \/>\n\t<meta property=\"og:image:height\" content=\"500\" \/>\n\t<meta property=\"og:image:type\" content=\"image\/jpeg\" \/>\n<meta name=\"author\" content=\"Marta Horvat\" \/>\n<meta name=\"twitter:card\" content=\"summary_large_image\" \/>\n<meta name=\"twitter:creator\" content=\"@GoricaInfo\" \/>\n<meta name=\"twitter:site\" content=\"@GoricaInfo\" \/>\n<meta name=\"twitter:label1\" content=\"Written by\" \/>\n\t<meta name=\"twitter:data1\" content=\"Marta Horvat\" \/>\n\t<meta name=\"twitter:label2\" content=\"Est. reading time\" \/>\n\t<meta name=\"twitter:data2\" content=\"1 minute\" \/>\n<meta name=\"geo.placename\" content=\"Velika Gorica\" \/>\n<meta name=\"geo.region\" content=\"Croatia\" \/>\n<!-- \/ Yoast SEO Premium plugin. -->","yoast_head_json":{"title":"O\u010dekuje su velike gu\u017eve: Zaobi\u0111ite ako mo\u017eete ovaj dio Zagreba. Na dva tjedna zatvara se dio Ulica grada Vukovara - Gorica Info","description":"Zaobi\u0111ite ako mo\u017eete ovaj dio Zagreba: Na dva tjedna zatvara se dio Ulica grada Vukovara zboh radova na ju\u017enom kolniku.","robots":{"index":"index","follow":"follow","max-snippet":"max-snippet:-1","max-image-preview":"max-image-preview:large","max-video-preview":"max-video-preview:-1"},"canonical":"https:\/\/gorica.info\/en\/zaobidite-ako-mozete-ovaj-dio-zagreba-na-dva-tjedna-zatvara-se-dio-ulica-grada-vukovara\/","og_locale":"en_US","og_type":"article","og_title":"O\u010dekuje su velike gu\u017eve: Zaobi\u0111ite ako mo\u017eete ovaj dio Zagreba. Na dva tjedna zatvara se dio Ulica grada Vukovara","og_description":"Zaobi\u0111ite ako mo\u017eete ovaj dio Zagreba: Na dva tjedna zatvara se dio Ulica grada Vukovara zboh radova na ju\u017enom kolniku.","og_url":"https:\/\/gorica.info\/en\/zaobidite-ako-mozete-ovaj-dio-zagreba-na-dva-tjedna-zatvara-se-dio-ulica-grada-vukovara\/","og_site_name":"Gorica Info","article_publisher":"https:\/\/www.facebook.com\/Goricainfo-106005144489262","article_published_time":"2023-09-12T05:54:31+00:00","og_image":[{"width":903,"height":500,"url":"https:\/\/gorica.info\/wp-content\/uploads\/2023\/09\/radovi-ulica-grada-vukovara-screenshot.jpg","type":"image\/jpeg"}],"author":"Marta Horvat","twitter_card":"summary_large_image","twitter_creator":"@GoricaInfo","twitter_site":"@GoricaInfo","twitter_misc":{"Written by":"Marta Horvat","Est. reading time":"1 minute"},"schema":{"@context":"https:\/\/schema.org","@graph":[{"@type":"NewsArticle","@id":"https:\/\/gorica.info\/zaobidite-ako-mozete-ovaj-dio-zagreba-na-dva-tjedna-zatvara-se-dio-ulica-grada-vukovara\/#article","isPartOf":{"@id":"https:\/\/gorica.info\/zaobidite-ako-mozete-ovaj-dio-zagreba-na-dva-tjedna-zatvara-se-dio-ulica-grada-vukovara\/"},"author":{"name":"Marta Horvat","@id":"https:\/\/gorica.info\/#\/schema\/person\/b2df2f6fb2a9073c0fa5af2672befd52"},"headline":"O\u010dekuje su velike gu\u017eve: Zaobi\u0111ite ako mo\u017eete ovaj dio Zagreba. Na dva tjedna zatvara se dio Ulica grada Vukovara","datePublished":"2023-09-12T05:54:31+00:00","mainEntityOfPage":{"@id":"https:\/\/gorica.info\/zaobidite-ako-mozete-ovaj-dio-zagreba-na-dva-tjedna-zatvara-se-dio-ulica-grada-vukovara\/"},"wordCount":158,"commentCount":0,"publisher":{"@id":"https:\/\/gorica.info\/#organization"},"image":{"@id":"https:\/\/gorica.info\/zaobidite-ako-mozete-ovaj-dio-zagreba-na-dva-tjedna-zatvara-se-dio-ulica-grada-vukovara\/#primaryimage"},"thumbnailUrl":"https:\/\/gorica.info\/wp-content\/uploads\/2023\/09\/radovi-ulica-grada-vukovara-screenshot.jpg","keywords":["ju\u017eni trak","proemtnica ju\u017eni kolnik","prometnica","radovi","ulica grada vukovara","Zagreb"],"articleSection":["ZAGREB"],"inLanguage":"en-US","potentialAction":[{"@type":"CommentAction","name":"Comment","target":["https:\/\/gorica.info\/zaobidite-ako-mozete-ovaj-dio-zagreba-na-dva-tjedna-zatvara-se-dio-ulica-grada-vukovara\/#respond"]}],"copyrightYear":"2023","copyrightHolder":{"@id":"https:\/\/gorica.info\/en\/#organization"}},{"@type":"WebPage","@id":"https:\/\/gorica.info\/zaobidite-ako-mozete-ovaj-dio-zagreba-na-dva-tjedna-zatvara-se-dio-ulica-grada-vukovara\/","url":"https:\/\/gorica.info\/zaobidite-ako-mozete-ovaj-dio-zagreba-na-dva-tjedna-zatvara-se-dio-ulica-grada-vukovara\/","name":"O\u010dekuje su velike gu\u017eve: Zaobi\u0111ite ako mo\u017eete ovaj dio Zagreba. Na dva tjedna zatvara se dio Ulica grada Vukovara - Gorica Info","isPartOf":{"@id":"https:\/\/gorica.info\/#website"},"primaryImageOfPage":{"@id":"https:\/\/gorica.info\/zaobidite-ako-mozete-ovaj-dio-zagreba-na-dva-tjedna-zatvara-se-dio-ulica-grada-vukovara\/#primaryimage"},"image":{"@id":"https:\/\/gorica.info\/zaobidite-ako-mozete-ovaj-dio-zagreba-na-dva-tjedna-zatvara-se-dio-ulica-grada-vukovara\/#primaryimage"},"thumbnailUrl":"https:\/\/gorica.info\/wp-content\/uploads\/2023\/09\/radovi-ulica-grada-vukovara-screenshot.jpg","datePublished":"2023-09-12T05:54:31+00:00","description":"Zaobi\u0111ite ako mo\u017eete ovaj dio Zagreba: Na dva tjedna zatvara se dio Ulica grada Vukovara zboh radova na ju\u017enom kolniku.","breadcrumb":{"@id":"https:\/\/gorica.info\/zaobidite-ako-mozete-ovaj-dio-zagreba-na-dva-tjedna-zatvara-se-dio-ulica-grada-vukovara\/#breadcrumb"},"inLanguage":"en-US","potentialAction":[{"@type":"ReadAction","target":["https:\/\/gorica.info\/zaobidite-ako-mozete-ovaj-dio-zagreba-na-dva-tjedna-zatvara-se-dio-ulica-grada-vukovara\/"]}]},{"@type":"ImageObject","inLanguage":"en-US","@id":"https:\/\/gorica.info\/zaobidite-ako-mozete-ovaj-dio-zagreba-na-dva-tjedna-zatvara-se-dio-ulica-grada-vukovara\/#primaryimage","url":"https:\/\/gorica.info\/wp-content\/uploads\/2023\/09\/radovi-ulica-grada-vukovara-screenshot.jpg","contentUrl":"https:\/\/gorica.info\/wp-content\/uploads\/2023\/09\/radovi-ulica-grada-vukovara-screenshot.jpg","width":903,"height":500,"caption":"Screenshot"},{"@type":"BreadcrumbList","@id":"https:\/\/gorica.info\/zaobidite-ako-mozete-ovaj-dio-zagreba-na-dva-tjedna-zatvara-se-dio-ulica-grada-vukovara\/#breadcrumb","itemListElement":[{"@type":"ListItem","position":1,"name":"Po\u010detna stranica","item":"https:\/\/gorica.info\/"},{"@type":"ListItem","position":2,"name":"O\u010dekuje su velike gu\u017eve: Zaobi\u0111ite ako mo\u017eete ovaj dio Zagreba. Na dva tjedna zatvara se dio Ulica grada Vukovara"}]},{"@type":"WebSite","@id":"https:\/\/gorica.info\/#website","url":"https:\/\/gorica.info\/","name":"Gorica Info","description":"Vijesti iz Velike Gorice i okolice.","publisher":{"@id":"https:\/\/gorica.info\/#organization"},"potentialAction":[{"@type":"SearchAction","target":{"@type":"EntryPoint","urlTemplate":"https:\/\/gorica.info\/?s={search_term_string}"},"query-input":{"@type":"PropertyValueSpecification","valueRequired":true,"valueName":"search_term_string"}}],"inLanguage":"en-US"},{"@type":["Organization","Place","NewsMediaOrganization"],"@id":"https:\/\/gorica.info\/#organization","name":"Gorica Info","url":"https:\/\/gorica.info\/","logo":{"@id":"https:\/\/gorica.info\/zaobidite-ako-mozete-ovaj-dio-zagreba-na-dva-tjedna-zatvara-se-dio-ulica-grada-vukovara\/#local-main-organization-logo"},"image":{"@id":"https:\/\/gorica.info\/zaobidite-ako-mozete-ovaj-dio-zagreba-na-dva-tjedna-zatvara-se-dio-ulica-grada-vukovara\/#local-main-organization-logo"},"sameAs":["https:\/\/www.facebook.com\/Goricainfo-106005144489262","https:\/\/x.com\/GoricaInfo","https:\/\/www.instagram.com\/gorica.info\/"],"address":{"@id":"https:\/\/gorica.info\/zaobidite-ako-mozete-ovaj-dio-zagreba-na-dva-tjedna-zatvara-se-dio-ulica-grada-vukovara\/#local-main-place-address"},"telephone":[],"openingHoursSpecification":[{"@type":"OpeningHoursSpecification","dayOfWeek":["Monday","Tuesday","Wednesday","Thursday","Friday","Saturday","Sunday"],"opens":"09:00","closes":"17:00"}],"email":"redakcija@gorica.info"},{"@type":"Person","@id":"https:\/\/gorica.info\/#\/schema\/person\/b2df2f6fb2a9073c0fa5af2672befd52","name":"Marta Horvat","description":"Marta Horvat je studentica koja redovito pi\u0161e za portal, prati sva gradska doga\u0111anja i u\u017eiva isprobavati nove recept koje dijeli s na\u0161im \u010ditateljima.","url":"https:\/\/gorica.info\/en\/author\/marta-horvat\/"},{"@type":"PostalAddress","@id":"https:\/\/gorica.info\/zaobidite-ako-mozete-ovaj-dio-zagreba-na-dva-tjedna-zatvara-se-dio-ulica-grada-vukovara\/#local-main-place-address","streetAddress":"Horvatova 97","addressLocality":"Velika Gorica","postalCode":"10410","addressRegion":"Croatia","addressCountry":"HR"},{"@type":"ImageObject","inLanguage":"en-US","@id":"https:\/\/gorica.info\/zaobidite-ako-mozete-ovaj-dio-zagreba-na-dva-tjedna-zatvara-se-dio-ulica-grada-vukovara\/#local-main-organization-logo","url":"https:\/\/gorica.info\/wp-content\/uploads\/2024\/07\/Gorica-Info-Logo-mali.png","contentUrl":"https:\/\/gorica.info\/wp-content\/uploads\/2024\/07\/Gorica-Info-Logo-mali.png","width":450,"height":85,"caption":"Gorica Info"}]},"geo.placename":"Velika Gorica","geo.region":"Croatia"},"_links":{"self":[{"href":"https:\/\/gorica.info\/en\/wp-json\/wp\/v2\/posts\/54121","targetHints":{"allow":["GET"]}}],"collection":[{"href":"https:\/\/gorica.info\/en\/wp-json\/wp\/v2\/posts"}],"about":[{"href":"https:\/\/gorica.info\/en\/wp-json\/wp\/v2\/types\/post"}],"author":[{"embeddable":true,"href":"https:\/\/gorica.info\/en\/wp-json\/wp\/v2\/users\/25"}],"replies":[{"embeddable":true,"href":"https:\/\/gorica.info\/en\/wp-json\/wp\/v2\/comments?post=54121"}],"version-history":[{"count":0,"href":"https:\/\/gorica.info\/en\/wp-json\/wp\/v2\/posts\/54121\/revisions"}],"wp:featuredmedia":[{"embeddable":true,"href":"https:\/\/gorica.info\/en\/wp-json\/wp\/v2\/media\/54123"}],"wp:attachment":[{"href":"https:\/\/gorica.info\/en\/wp-json\/wp\/v2\/media?parent=54121"}],"wp:term":[{"taxonomy":"category","embeddable":true,"href":"https:\/\/gorica.info\/en\/wp-json\/wp\/v2\/categories?post=54121"},{"taxonomy":"post_tag","embeddable":true,"href":"https:\/\/gorica.info\/en\/wp-json\/wp\/v2\/tags?post=54121"}],"curies":[{"name":"wp","href":"https:\/\/api.w.org\/{rel}","templated":true}]}}