{"id":54391,"date":"2023-09-17T12:13:01","date_gmt":"2023-09-17T10:13:01","guid":{"rendered":"https:\/\/gorica.info\/?p=54391"},"modified":"2023-09-17T12:13:01","modified_gmt":"2023-09-17T10:13:01","slug":"muskarac-zavrsio-u-bolnici-s-teskim-ozljedama-pomagao-susjedu-koji-je-renovirao-kucu-i-pao-s-velike-visine","status":"publish","type":"post","link":"https:\/\/gorica.info\/en\/muskarac-zavrsio-u-bolnici-s-teskim-ozljedama-pomagao-susjedu-koji-je-renovirao-kucu-i-pao-s-velike-visine\/","title":{"rendered":"Mu\u0161karac zavr\u0161io u bolnici s te\u0161kim ozljedama: Pomagao susjedu koji je renovirao ku\u0107u i pao s velike visine"},"content":{"rendered":"<p><strong>Te\u0161ke ozljede<\/strong> zadobio je<strong> 53-godi\u0161njak<\/strong> dok je radio na<strong> susjedovoj ku\u0107i<\/strong>. <a href=\"https:\/\/gorica.info\/en\/?s=pao+s+velike+visine\">Nesre\u0107a<\/a> se dogodila u zagreba\u010dkoj Dubravi u subotu oko 17.30 sati na Jal\u0161eve\u010dkoj cesti.<\/p>\n<p>&#8211; Dok je obavljao radove na ku\u0107i<strong> 73-godi\u0161njeg susjeda<\/strong>, 53-godi\u0161njak je pao s visine od <strong>oko 3,75 metara<\/strong> na tlo i te\u0161ko se ozlijedio \u2013 rekli su iz <a href=\"https:\/\/zagrebacka-policija.gov.hr\/vijesti\/nesretni-slucaj-95205\/95205\">policije<\/a>.<\/p>\n<p>Lije\u010dni\u010dka pomo\u0107 mu je pru\u017eena u Klini\u010dkoj bolnici Dubrava.<\/p>","protected":false},"excerpt":{"rendered":"<p>Te\u0161ke ozljede zadobio je 53-godi\u0161njak dok je radio na susjedovoj ku\u0107i. Nesre\u0107a se dogodila u zagreba\u010dkoj Dubravi u subotu oko 17.30 sati na Jal\u0161eve\u010dkoj cesti. &#8211; Dok je obavljao radove na ku\u0107i 73-godi\u0161njeg susjeda, 53-godi\u0161njak je pao s visine od oko 3,75 metara na tlo i te\u0161ko se ozlijedio \u2013 rekli su iz policije. Lije\u010dni\u010dka [&hellip;]<\/p>\n","protected":false},"author":25,"featured_media":54392,"comment_status":"open","ping_status":"open","sticky":false,"template":"","format":"standard","meta":{"limit_modified_date":"","last_modified_date":"","jnews-multi-image_gallery":[],"jnews_single_post":[],"jnews_primary_category":[],"jnews_override_counter":[],"footnotes":""},"categories":[93],"tags":[1504,3074,11464,9569,11465,1598],"class_list":["post-54391","post","type-post","status-publish","format-standard","has-post-thumbnail","hentry","category-crna-kronika","tag-bolnica","tag-dubrava","tag-kuca","tag-pao-s-visine","tag-popravljao","tag-teske-ozljede"],"yoast_head":"<!-- This site is optimized with the Yoast SEO Premium plugin v27.4 (Yoast SEO v27.4) - https:\/\/yoast.com\/product\/yoast-seo-premium-wordpress\/ -->\n<title>Mu\u0161karac zavr\u0161io u bolnici s te\u0161kim ozljedama: Pomagao susjedu koji je renovirao ku\u0107u i pao s velike visine - Gorica Info<\/title>\n<meta name=\"description\" content=\"Mu\u0161karac zavr\u0161io u bolnici s te\u0161kim ozljedama: Pomagao susjedu koji je renovirao ku\u0107u i pao s velike visine\" \/>\n<meta name=\"robots\" content=\"index, follow, max-snippet:-1, max-image-preview:large, max-video-preview:-1\" \/>\n<link rel=\"canonical\" href=\"https:\/\/gorica.info\/en\/muskarac-zavrsio-u-bolnici-s-teskim-ozljedama-pomagao-susjedu-koji-je-renovirao-kucu-i-pao-s-velike-visine\/\" \/>\n<meta property=\"og:locale\" content=\"en_US\" \/>\n<meta property=\"og:type\" content=\"article\" \/>\n<meta property=\"og:title\" content=\"Mu\u0161karac zavr\u0161io u bolnici s te\u0161kim ozljedama: Pomagao susjedu koji je renovirao ku\u0107u i pao s velike visine\" \/>\n<meta property=\"og:description\" content=\"Mu\u0161karac zavr\u0161io u bolnici s te\u0161kim ozljedama: Pomagao susjedu koji je renovirao ku\u0107u i pao s velike visine\" \/>\n<meta property=\"og:url\" content=\"https:\/\/gorica.info\/en\/muskarac-zavrsio-u-bolnici-s-teskim-ozljedama-pomagao-susjedu-koji-je-renovirao-kucu-i-pao-s-velike-visine\/\" \/>\n<meta property=\"og:site_name\" content=\"Gorica Info\" \/>\n<meta property=\"article:publisher\" content=\"https:\/\/www.facebook.com\/Goricainfo-106005144489262\" \/>\n<meta property=\"article:published_time\" content=\"2023-09-17T10:13:01+00:00\" \/>\n<meta property=\"og:image\" content=\"https:\/\/gorica.info\/wp-content\/uploads\/2023\/09\/hitna-pomoc-foto-goricainfo-1.jpg\" \/>\n\t<meta property=\"og:image:width\" content=\"1068\" \/>\n\t<meta property=\"og:image:height\" content=\"800\" \/>\n\t<meta property=\"og:image:type\" content=\"image\/jpeg\" \/>\n<meta name=\"author\" content=\"Marta Horvat\" \/>\n<meta name=\"twitter:card\" content=\"summary_large_image\" \/>\n<meta name=\"twitter:creator\" content=\"@GoricaInfo\" \/>\n<meta name=\"twitter:site\" content=\"@GoricaInfo\" \/>\n<meta name=\"twitter:label1\" content=\"Written by\" \/>\n\t<meta name=\"twitter:data1\" content=\"Marta Horvat\" \/>\n\t<meta name=\"twitter:label2\" content=\"Est. reading time\" \/>\n\t<meta name=\"twitter:data2\" content=\"1 minute\" \/>\n<meta name=\"geo.placename\" content=\"Velika Gorica\" \/>\n<meta name=\"geo.region\" content=\"Croatia\" \/>\n<!-- \/ Yoast SEO Premium plugin. -->","yoast_head_json":{"title":"Mu\u0161karac zavr\u0161io u bolnici s te\u0161kim ozljedama: Pomagao susjedu koji je renovirao ku\u0107u i pao s velike visine - Gorica Info","description":"Mu\u0161karac zavr\u0161io u bolnici s te\u0161kim ozljedama: Pomagao susjedu koji je renovirao ku\u0107u i pao s velike visine","robots":{"index":"index","follow":"follow","max-snippet":"max-snippet:-1","max-image-preview":"max-image-preview:large","max-video-preview":"max-video-preview:-1"},"canonical":"https:\/\/gorica.info\/en\/muskarac-zavrsio-u-bolnici-s-teskim-ozljedama-pomagao-susjedu-koji-je-renovirao-kucu-i-pao-s-velike-visine\/","og_locale":"en_US","og_type":"article","og_title":"Mu\u0161karac zavr\u0161io u bolnici s te\u0161kim ozljedama: Pomagao susjedu koji je renovirao ku\u0107u i pao s velike visine","og_description":"Mu\u0161karac zavr\u0161io u bolnici s te\u0161kim ozljedama: Pomagao susjedu koji je renovirao ku\u0107u i pao s velike visine","og_url":"https:\/\/gorica.info\/en\/muskarac-zavrsio-u-bolnici-s-teskim-ozljedama-pomagao-susjedu-koji-je-renovirao-kucu-i-pao-s-velike-visine\/","og_site_name":"Gorica Info","article_publisher":"https:\/\/www.facebook.com\/Goricainfo-106005144489262","article_published_time":"2023-09-17T10:13:01+00:00","og_image":[{"width":1068,"height":800,"url":"https:\/\/gorica.info\/wp-content\/uploads\/2023\/09\/hitna-pomoc-foto-goricainfo-1.jpg","type":"image\/jpeg"}],"author":"Marta Horvat","twitter_card":"summary_large_image","twitter_creator":"@GoricaInfo","twitter_site":"@GoricaInfo","twitter_misc":{"Written by":"Marta Horvat","Est. reading time":"1 minute"},"schema":{"@context":"https:\/\/schema.org","@graph":[{"@type":"NewsArticle","@id":"https:\/\/gorica.info\/muskarac-zavrsio-u-bolnici-s-teskim-ozljedama-pomagao-susjedu-koji-je-renovirao-kucu-i-pao-s-velike-visine\/#article","isPartOf":{"@id":"https:\/\/gorica.info\/muskarac-zavrsio-u-bolnici-s-teskim-ozljedama-pomagao-susjedu-koji-je-renovirao-kucu-i-pao-s-velike-visine\/"},"author":{"name":"Marta Horvat","@id":"https:\/\/gorica.info\/#\/schema\/person\/b2df2f6fb2a9073c0fa5af2672befd52"},"headline":"Mu\u0161karac zavr\u0161io u bolnici s te\u0161kim ozljedama: Pomagao susjedu koji je renovirao ku\u0107u i pao s velike visine","datePublished":"2023-09-17T10:13:01+00:00","mainEntityOfPage":{"@id":"https:\/\/gorica.info\/muskarac-zavrsio-u-bolnici-s-teskim-ozljedama-pomagao-susjedu-koji-je-renovirao-kucu-i-pao-s-velike-visine\/"},"wordCount":97,"commentCount":0,"publisher":{"@id":"https:\/\/gorica.info\/#organization"},"image":{"@id":"https:\/\/gorica.info\/muskarac-zavrsio-u-bolnici-s-teskim-ozljedama-pomagao-susjedu-koji-je-renovirao-kucu-i-pao-s-velike-visine\/#primaryimage"},"thumbnailUrl":"https:\/\/gorica.info\/wp-content\/uploads\/2023\/09\/hitna-pomoc-foto-goricainfo-1.jpg","keywords":["bolnica","dubrava","ku\u0107a","pao s visine","popravljao","te\u0161ke ozljede"],"articleSection":["CRNA KRONIKA"],"inLanguage":"en-US","potentialAction":[{"@type":"CommentAction","name":"Comment","target":["https:\/\/gorica.info\/muskarac-zavrsio-u-bolnici-s-teskim-ozljedama-pomagao-susjedu-koji-je-renovirao-kucu-i-pao-s-velike-visine\/#respond"]}],"copyrightYear":"2023","copyrightHolder":{"@id":"https:\/\/gorica.info\/en\/#organization"}},{"@type":"WebPage","@id":"https:\/\/gorica.info\/muskarac-zavrsio-u-bolnici-s-teskim-ozljedama-pomagao-susjedu-koji-je-renovirao-kucu-i-pao-s-velike-visine\/","url":"https:\/\/gorica.info\/muskarac-zavrsio-u-bolnici-s-teskim-ozljedama-pomagao-susjedu-koji-je-renovirao-kucu-i-pao-s-velike-visine\/","name":"Mu\u0161karac zavr\u0161io u bolnici s te\u0161kim ozljedama: Pomagao susjedu koji je renovirao ku\u0107u i pao s velike visine - Gorica Info","isPartOf":{"@id":"https:\/\/gorica.info\/#website"},"primaryImageOfPage":{"@id":"https:\/\/gorica.info\/muskarac-zavrsio-u-bolnici-s-teskim-ozljedama-pomagao-susjedu-koji-je-renovirao-kucu-i-pao-s-velike-visine\/#primaryimage"},"image":{"@id":"https:\/\/gorica.info\/muskarac-zavrsio-u-bolnici-s-teskim-ozljedama-pomagao-susjedu-koji-je-renovirao-kucu-i-pao-s-velike-visine\/#primaryimage"},"thumbnailUrl":"https:\/\/gorica.info\/wp-content\/uploads\/2023\/09\/hitna-pomoc-foto-goricainfo-1.jpg","datePublished":"2023-09-17T10:13:01+00:00","description":"Mu\u0161karac zavr\u0161io u bolnici s te\u0161kim ozljedama: Pomagao susjedu koji je renovirao ku\u0107u i pao s velike visine","breadcrumb":{"@id":"https:\/\/gorica.info\/muskarac-zavrsio-u-bolnici-s-teskim-ozljedama-pomagao-susjedu-koji-je-renovirao-kucu-i-pao-s-velike-visine\/#breadcrumb"},"inLanguage":"en-US","potentialAction":[{"@type":"ReadAction","target":["https:\/\/gorica.info\/muskarac-zavrsio-u-bolnici-s-teskim-ozljedama-pomagao-susjedu-koji-je-renovirao-kucu-i-pao-s-velike-visine\/"]}]},{"@type":"ImageObject","inLanguage":"en-US","@id":"https:\/\/gorica.info\/muskarac-zavrsio-u-bolnici-s-teskim-ozljedama-pomagao-susjedu-koji-je-renovirao-kucu-i-pao-s-velike-visine\/#primaryimage","url":"https:\/\/gorica.info\/wp-content\/uploads\/2023\/09\/hitna-pomoc-foto-goricainfo-1.jpg","contentUrl":"https:\/\/gorica.info\/wp-content\/uploads\/2023\/09\/hitna-pomoc-foto-goricainfo-1.jpg","width":1068,"height":800,"caption":"Foto: Gorica.info"},{"@type":"BreadcrumbList","@id":"https:\/\/gorica.info\/muskarac-zavrsio-u-bolnici-s-teskim-ozljedama-pomagao-susjedu-koji-je-renovirao-kucu-i-pao-s-velike-visine\/#breadcrumb","itemListElement":[{"@type":"ListItem","position":1,"name":"Po\u010detna stranica","item":"https:\/\/gorica.info\/"},{"@type":"ListItem","position":2,"name":"Mu\u0161karac zavr\u0161io u bolnici s te\u0161kim ozljedama: Pomagao susjedu koji je renovirao ku\u0107u i pao s velike visine"}]},{"@type":"WebSite","@id":"https:\/\/gorica.info\/#website","url":"https:\/\/gorica.info\/","name":"Gorica Info","description":"Vijesti iz Velike Gorice i okolice.","publisher":{"@id":"https:\/\/gorica.info\/#organization"},"potentialAction":[{"@type":"SearchAction","target":{"@type":"EntryPoint","urlTemplate":"https:\/\/gorica.info\/?s={search_term_string}"},"query-input":{"@type":"PropertyValueSpecification","valueRequired":true,"valueName":"search_term_string"}}],"inLanguage":"en-US"},{"@type":["Organization","Place","NewsMediaOrganization"],"@id":"https:\/\/gorica.info\/#organization","name":"Gorica Info","url":"https:\/\/gorica.info\/","logo":{"@id":"https:\/\/gorica.info\/muskarac-zavrsio-u-bolnici-s-teskim-ozljedama-pomagao-susjedu-koji-je-renovirao-kucu-i-pao-s-velike-visine\/#local-main-organization-logo"},"image":{"@id":"https:\/\/gorica.info\/muskarac-zavrsio-u-bolnici-s-teskim-ozljedama-pomagao-susjedu-koji-je-renovirao-kucu-i-pao-s-velike-visine\/#local-main-organization-logo"},"sameAs":["https:\/\/www.facebook.com\/Goricainfo-106005144489262","https:\/\/x.com\/GoricaInfo","https:\/\/www.instagram.com\/gorica.info\/"],"address":{"@id":"https:\/\/gorica.info\/muskarac-zavrsio-u-bolnici-s-teskim-ozljedama-pomagao-susjedu-koji-je-renovirao-kucu-i-pao-s-velike-visine\/#local-main-place-address"},"telephone":[],"openingHoursSpecification":[{"@type":"OpeningHoursSpecification","dayOfWeek":["Monday","Tuesday","Wednesday","Thursday","Friday","Saturday","Sunday"],"opens":"09:00","closes":"17:00"}],"email":"redakcija@gorica.info"},{"@type":"Person","@id":"https:\/\/gorica.info\/#\/schema\/person\/b2df2f6fb2a9073c0fa5af2672befd52","name":"Marta Horvat","description":"Marta Horvat je studentica koja redovito pi\u0161e za portal, prati sva gradska doga\u0111anja i u\u017eiva isprobavati nove recept koje dijeli s na\u0161im \u010ditateljima.","url":"https:\/\/gorica.info\/en\/author\/marta-horvat\/"},{"@type":"PostalAddress","@id":"https:\/\/gorica.info\/muskarac-zavrsio-u-bolnici-s-teskim-ozljedama-pomagao-susjedu-koji-je-renovirao-kucu-i-pao-s-velike-visine\/#local-main-place-address","streetAddress":"Horvatova 97","addressLocality":"Velika Gorica","postalCode":"10410","addressRegion":"Croatia","addressCountry":"HR"},{"@type":"ImageObject","inLanguage":"en-US","@id":"https:\/\/gorica.info\/muskarac-zavrsio-u-bolnici-s-teskim-ozljedama-pomagao-susjedu-koji-je-renovirao-kucu-i-pao-s-velike-visine\/#local-main-organization-logo","url":"https:\/\/gorica.info\/wp-content\/uploads\/2024\/07\/Gorica-Info-Logo-mali.png","contentUrl":"https:\/\/gorica.info\/wp-content\/uploads\/2024\/07\/Gorica-Info-Logo-mali.png","width":450,"height":85,"caption":"Gorica Info"}]},"geo.placename":"Velika Gorica","geo.region":"Croatia"},"_links":{"self":[{"href":"https:\/\/gorica.info\/en\/wp-json\/wp\/v2\/posts\/54391","targetHints":{"allow":["GET"]}}],"collection":[{"href":"https:\/\/gorica.info\/en\/wp-json\/wp\/v2\/posts"}],"about":[{"href":"https:\/\/gorica.info\/en\/wp-json\/wp\/v2\/types\/post"}],"author":[{"embeddable":true,"href":"https:\/\/gorica.info\/en\/wp-json\/wp\/v2\/users\/25"}],"replies":[{"embeddable":true,"href":"https:\/\/gorica.info\/en\/wp-json\/wp\/v2\/comments?post=54391"}],"version-history":[{"count":0,"href":"https:\/\/gorica.info\/en\/wp-json\/wp\/v2\/posts\/54391\/revisions"}],"wp:featuredmedia":[{"embeddable":true,"href":"https:\/\/gorica.info\/en\/wp-json\/wp\/v2\/media\/54392"}],"wp:attachment":[{"href":"https:\/\/gorica.info\/en\/wp-json\/wp\/v2\/media?parent=54391"}],"wp:term":[{"taxonomy":"category","embeddable":true,"href":"https:\/\/gorica.info\/en\/wp-json\/wp\/v2\/categories?post=54391"},{"taxonomy":"post_tag","embeddable":true,"href":"https:\/\/gorica.info\/en\/wp-json\/wp\/v2\/tags?post=54391"}],"curies":[{"name":"wp","href":"https:\/\/api.w.org\/{rel}","templated":true}]}}