{"id":54496,"date":"2023-09-20T06:04:43","date_gmt":"2023-09-20T04:04:43","guid":{"rendered":"https:\/\/gorica.info\/?p=54496"},"modified":"2023-09-20T06:04:43","modified_gmt":"2023-09-20T04:04:43","slug":"pripremite-se-na-kasnjenja-zet-ove-linije-od-cetvrtka-voze-obilazno-zbog-radova-na-aveniji-veceslava-holjevca","status":"publish","type":"post","link":"https:\/\/gorica.info\/en\/pripremite-se-na-kasnjenja-zet-ove-linije-od-cetvrtka-voze-obilazno-zbog-radova-na-aveniji-veceslava-holjevca\/","title":{"rendered":"Pripremite se na ka\u0161njenja: ZET-ove linije od \u010detvrtka voze obilazno zbog radova na Aveniji Ve\u0107eslava Holjevca"},"content":{"rendered":"<p>Zbog radova na <strong>Aveniji Ve\u0107eslava Holjevca<\/strong>, na dijelu od Ne\u017ei\u0107eve ulice do ulaza u naselje Podbre\u017eje, gori\u010dke ZET-ove linije <strong>sljede\u0107ih mjesec dana<\/strong> prometovat \u0107e <strong>izmijenjenim trasama<\/strong>.<\/p>\n<p>Autobusna <strong>linija 268<\/strong> (Glavni kolodvor \u2013 Velika Gorica), <strong>310<\/strong> (Glavni kolodvor \u2013 Petrovina), <strong>311<\/strong> (Glavni kolodvor \u2013 Cerovski Vrh), <strong>313<\/strong> (Glavni kolodvor \u2013 Vukomeri\u0107) i <strong>330<\/strong> (Glavni kolodvor \u2013 Velika Gorica) od \u010detvrtka,<strong> 21. rujna<\/strong> u 8.30 sati do<strong> 21. listopada<\/strong>, prometovat djelomi\u010dno izmijenjenim trasama u oba smjera, najavili su iz ZET-a.<\/p>\n<p>Autobusi \u0107e voziti s Glavnog kolodvora redovnim trasama do raskri\u017eja Avenije Ve\u0107eslava Holjevca i Islandske ulice \u2013 (lijevo) Islandska ulica \u2013 (desno) Ulica Savezne Republike Njema\u010dke \u2013 u nastavku redovnim trasama prema svojim odredi\u0161tima<\/p>\n<p>Autobusna linija 268 privremeno ne\u0107e koristiti<strong> stajali\u0161te Gra\u0111evinska \u0161kola<\/strong> u smjeru juga i<strong> obostrana stajali\u0161ta<\/strong> Podbre\u017eje, Otok \u2013 Ne\u017ei\u0107eva, Otok i Ore\u0161kovi\u0107eva.<\/p>\n<p>Na izmijenjenom dijelu <a href=\"https:\/\/gorica.info\/en\/?s=autobusne+linije+ZET\">trase<\/a> linija 268 ne\u0107e koristiti usputna stajali\u0161ta osim autobusnog stajali\u0161ta Gra\u0111evinska \u0161kola na Islandskoj ulici u smjeru istoka, i obostranog autobusnog stajali\u0161ta Ore\u0161kovi\u0107eva u Ulici Savezne Republike Njema\u010dke.<\/p>\n<p>Korisnike ljubazno molimo za razumijevanje, poru\u010dili su iz <a href=\"https:\/\/www.zet.hr\/aktualnosti\/izmjene-u-prometu\/linije-268-310-311-313-i-330-mijenjaju-trase-zbog-radova\/8195\">ZET-a<\/a>.<\/p>\n<p>&nbsp;<\/p>","protected":false},"excerpt":{"rendered":"<p>Zbog radova na Aveniji Ve\u0107eslava Holjevca, na dijelu od Ne\u017ei\u0107eve ulice do ulaza u naselje Podbre\u017eje, gori\u010dke ZET-ove linije sljede\u0107ih mjesec dana prometovat \u0107e izmijenjenim trasama. Autobusna linija 268 (Glavni kolodvor \u2013 Velika Gorica), 310 (Glavni kolodvor \u2013 Petrovina), 311 (Glavni kolodvor \u2013 Cerovski Vrh), 313 (Glavni kolodvor \u2013 Vukomeri\u0107) i 330 (Glavni kolodvor \u2013 [&hellip;]<\/p>\n","protected":false},"author":23,"featured_media":54500,"comment_status":"open","ping_status":"open","sticky":false,"template":"","format":"standard","meta":{"limit_modified_date":"","last_modified_date":"","jnews-multi-image_gallery":[],"jnews_single_post":[],"jnews_primary_category":[],"jnews_override_counter":[],"footnotes":""},"categories":[91],"tags":[2442,11488,1162,362,745,153,284],"class_list":["post-54496","post","type-post","status-publish","format-standard","has-post-thumbnail","hentry","category-vg-vazno","tag-autobusne-linije","tag-avenija-veceslava-holjevca","tag-linija-268","tag-linija-330","tag-obilazni-pravci","tag-radovi","tag-zet"],"yoast_head":"<!-- This site is optimized with the Yoast SEO Premium plugin v27.4 (Yoast SEO v27.4) - https:\/\/yoast.com\/product\/yoast-seo-premium-wordpress\/ -->\n<title>Pripremite se na ka\u0161njenja: ZET-ove linije od \u010detvrtka voze obilazno zbog radova na Aveniji Ve\u0107eslava Holjevca - Gorica Info<\/title>\n<meta name=\"description\" content=\"Pripremite se na ka\u0161njenja: ZET-ove linije od \u010detvrtka voze obilazno zbog radova na Aveniji Ve\u0107eslava Holjevca\" \/>\n<meta name=\"robots\" content=\"index, follow, max-snippet:-1, max-image-preview:large, max-video-preview:-1\" \/>\n<link rel=\"canonical\" href=\"https:\/\/gorica.info\/en\/pripremite-se-na-kasnjenja-zet-ove-linije-od-cetvrtka-voze-obilazno-zbog-radova-na-aveniji-veceslava-holjevca\/\" \/>\n<meta property=\"og:locale\" content=\"en_US\" \/>\n<meta property=\"og:type\" content=\"article\" \/>\n<meta property=\"og:title\" content=\"Pripremite se na ka\u0161njenja: ZET-ove linije od \u010detvrtka voze obilazno zbog radova na Aveniji Ve\u0107eslava Holjevca\" \/>\n<meta property=\"og:description\" content=\"Pripremite se na ka\u0161njenja: ZET-ove linije od \u010detvrtka voze obilazno zbog radova na Aveniji Ve\u0107eslava Holjevca\" \/>\n<meta property=\"og:url\" content=\"https:\/\/gorica.info\/en\/pripremite-se-na-kasnjenja-zet-ove-linije-od-cetvrtka-voze-obilazno-zbog-radova-na-aveniji-veceslava-holjevca\/\" \/>\n<meta property=\"og:site_name\" content=\"Gorica Info\" \/>\n<meta property=\"article:publisher\" content=\"https:\/\/www.facebook.com\/Goricainfo-106005144489262\" \/>\n<meta property=\"article:published_time\" content=\"2023-09-20T04:04:43+00:00\" \/>\n<meta property=\"og:image\" content=\"https:\/\/gorica.info\/wp-content\/uploads\/2023\/09\/zet-guzva-putnici.jpg\" \/>\n\t<meta property=\"og:image:width\" content=\"1070\" \/>\n\t<meta property=\"og:image:height\" content=\"800\" \/>\n\t<meta property=\"og:image:type\" content=\"image\/jpeg\" \/>\n<meta name=\"author\" content=\"Gorica. info\" \/>\n<meta name=\"twitter:card\" content=\"summary_large_image\" \/>\n<meta name=\"twitter:creator\" content=\"@GoricaInfo\" \/>\n<meta name=\"twitter:site\" content=\"@GoricaInfo\" \/>\n<meta name=\"twitter:label1\" content=\"Written by\" \/>\n\t<meta name=\"twitter:data1\" content=\"Gorica. info\" \/>\n\t<meta name=\"twitter:label2\" content=\"Est. reading time\" \/>\n\t<meta name=\"twitter:data2\" content=\"1 minute\" \/>\n<meta name=\"geo.placename\" content=\"Velika Gorica\" \/>\n<meta name=\"geo.region\" content=\"Croatia\" \/>\n<!-- \/ Yoast SEO Premium plugin. -->","yoast_head_json":{"title":"Pripremite se na ka\u0161njenja: ZET-ove linije od \u010detvrtka voze obilazno zbog radova na Aveniji Ve\u0107eslava Holjevca - Gorica Info","description":"Pripremite se na ka\u0161njenja: ZET-ove linije od \u010detvrtka voze obilazno zbog radova na Aveniji Ve\u0107eslava Holjevca","robots":{"index":"index","follow":"follow","max-snippet":"max-snippet:-1","max-image-preview":"max-image-preview:large","max-video-preview":"max-video-preview:-1"},"canonical":"https:\/\/gorica.info\/en\/pripremite-se-na-kasnjenja-zet-ove-linije-od-cetvrtka-voze-obilazno-zbog-radova-na-aveniji-veceslava-holjevca\/","og_locale":"en_US","og_type":"article","og_title":"Pripremite se na ka\u0161njenja: ZET-ove linije od \u010detvrtka voze obilazno zbog radova na Aveniji Ve\u0107eslava Holjevca","og_description":"Pripremite se na ka\u0161njenja: ZET-ove linije od \u010detvrtka voze obilazno zbog radova na Aveniji Ve\u0107eslava Holjevca","og_url":"https:\/\/gorica.info\/en\/pripremite-se-na-kasnjenja-zet-ove-linije-od-cetvrtka-voze-obilazno-zbog-radova-na-aveniji-veceslava-holjevca\/","og_site_name":"Gorica Info","article_publisher":"https:\/\/www.facebook.com\/Goricainfo-106005144489262","article_published_time":"2023-09-20T04:04:43+00:00","og_image":[{"width":1070,"height":800,"url":"https:\/\/gorica.info\/wp-content\/uploads\/2023\/09\/zet-guzva-putnici.jpg","type":"image\/jpeg"}],"author":"Gorica. info","twitter_card":"summary_large_image","twitter_creator":"@GoricaInfo","twitter_site":"@GoricaInfo","twitter_misc":{"Written by":"Gorica. info","Est. reading time":"1 minute"},"schema":{"@context":"https:\/\/schema.org","@graph":[{"@type":"NewsArticle","@id":"https:\/\/gorica.info\/pripremite-se-na-kasnjenja-zet-ove-linije-od-cetvrtka-voze-obilazno-zbog-radova-na-aveniji-veceslava-holjevca\/#article","isPartOf":{"@id":"https:\/\/gorica.info\/pripremite-se-na-kasnjenja-zet-ove-linije-od-cetvrtka-voze-obilazno-zbog-radova-na-aveniji-veceslava-holjevca\/"},"author":{"name":"Gorica. info","@id":"https:\/\/gorica.info\/#\/schema\/person\/4499af1f22f322670b9b5977ccc2e3de"},"headline":"Pripremite se na ka\u0161njenja: ZET-ove linije od \u010detvrtka voze obilazno zbog radova na Aveniji Ve\u0107eslava Holjevca","datePublished":"2023-09-20T04:04:43+00:00","mainEntityOfPage":{"@id":"https:\/\/gorica.info\/pripremite-se-na-kasnjenja-zet-ove-linije-od-cetvrtka-voze-obilazno-zbog-radova-na-aveniji-veceslava-holjevca\/"},"wordCount":203,"commentCount":0,"publisher":{"@id":"https:\/\/gorica.info\/#organization"},"image":{"@id":"https:\/\/gorica.info\/pripremite-se-na-kasnjenja-zet-ove-linije-od-cetvrtka-voze-obilazno-zbog-radova-na-aveniji-veceslava-holjevca\/#primaryimage"},"thumbnailUrl":"https:\/\/gorica.info\/wp-content\/uploads\/2023\/09\/zet-guzva-putnici.jpg","keywords":["autobusne linije","avenija ve\u0107eslava holjevca","linija 268","linija 330","obilazni pravci","radovi","ZET"],"articleSection":["VG VA\u017dNO"],"inLanguage":"en-US","potentialAction":[{"@type":"CommentAction","name":"Comment","target":["https:\/\/gorica.info\/pripremite-se-na-kasnjenja-zet-ove-linije-od-cetvrtka-voze-obilazno-zbog-radova-na-aveniji-veceslava-holjevca\/#respond"]}],"copyrightYear":"2023","copyrightHolder":{"@id":"https:\/\/gorica.info\/en\/#organization"}},{"@type":"WebPage","@id":"https:\/\/gorica.info\/pripremite-se-na-kasnjenja-zet-ove-linije-od-cetvrtka-voze-obilazno-zbog-radova-na-aveniji-veceslava-holjevca\/","url":"https:\/\/gorica.info\/pripremite-se-na-kasnjenja-zet-ove-linije-od-cetvrtka-voze-obilazno-zbog-radova-na-aveniji-veceslava-holjevca\/","name":"Pripremite se na ka\u0161njenja: ZET-ove linije od \u010detvrtka voze obilazno zbog radova na Aveniji Ve\u0107eslava Holjevca - Gorica Info","isPartOf":{"@id":"https:\/\/gorica.info\/#website"},"primaryImageOfPage":{"@id":"https:\/\/gorica.info\/pripremite-se-na-kasnjenja-zet-ove-linije-od-cetvrtka-voze-obilazno-zbog-radova-na-aveniji-veceslava-holjevca\/#primaryimage"},"image":{"@id":"https:\/\/gorica.info\/pripremite-se-na-kasnjenja-zet-ove-linije-od-cetvrtka-voze-obilazno-zbog-radova-na-aveniji-veceslava-holjevca\/#primaryimage"},"thumbnailUrl":"https:\/\/gorica.info\/wp-content\/uploads\/2023\/09\/zet-guzva-putnici.jpg","datePublished":"2023-09-20T04:04:43+00:00","description":"Pripremite se na ka\u0161njenja: ZET-ove linije od \u010detvrtka voze obilazno zbog radova na Aveniji Ve\u0107eslava Holjevca","breadcrumb":{"@id":"https:\/\/gorica.info\/pripremite-se-na-kasnjenja-zet-ove-linije-od-cetvrtka-voze-obilazno-zbog-radova-na-aveniji-veceslava-holjevca\/#breadcrumb"},"inLanguage":"en-US","potentialAction":[{"@type":"ReadAction","target":["https:\/\/gorica.info\/pripremite-se-na-kasnjenja-zet-ove-linije-od-cetvrtka-voze-obilazno-zbog-radova-na-aveniji-veceslava-holjevca\/"]}]},{"@type":"ImageObject","inLanguage":"en-US","@id":"https:\/\/gorica.info\/pripremite-se-na-kasnjenja-zet-ove-linije-od-cetvrtka-voze-obilazno-zbog-radova-na-aveniji-veceslava-holjevca\/#primaryimage","url":"https:\/\/gorica.info\/wp-content\/uploads\/2023\/09\/zet-guzva-putnici.jpg","contentUrl":"https:\/\/gorica.info\/wp-content\/uploads\/2023\/09\/zet-guzva-putnici.jpg","width":1070,"height":800,"caption":"Foto: Gorica.info"},{"@type":"BreadcrumbList","@id":"https:\/\/gorica.info\/pripremite-se-na-kasnjenja-zet-ove-linije-od-cetvrtka-voze-obilazno-zbog-radova-na-aveniji-veceslava-holjevca\/#breadcrumb","itemListElement":[{"@type":"ListItem","position":1,"name":"Po\u010detna stranica","item":"https:\/\/gorica.info\/"},{"@type":"ListItem","position":2,"name":"Pripremite se na ka\u0161njenja: ZET-ove linije od \u010detvrtka voze obilazno zbog radova na Aveniji Ve\u0107eslava Holjevca"}]},{"@type":"WebSite","@id":"https:\/\/gorica.info\/#website","url":"https:\/\/gorica.info\/","name":"Gorica Info","description":"Vijesti iz Velike Gorice i okolice.","publisher":{"@id":"https:\/\/gorica.info\/#organization"},"potentialAction":[{"@type":"SearchAction","target":{"@type":"EntryPoint","urlTemplate":"https:\/\/gorica.info\/?s={search_term_string}"},"query-input":{"@type":"PropertyValueSpecification","valueRequired":true,"valueName":"search_term_string"}}],"inLanguage":"en-US"},{"@type":["Organization","Place","NewsMediaOrganization"],"@id":"https:\/\/gorica.info\/#organization","name":"Gorica Info","url":"https:\/\/gorica.info\/","logo":{"@id":"https:\/\/gorica.info\/pripremite-se-na-kasnjenja-zet-ove-linije-od-cetvrtka-voze-obilazno-zbog-radova-na-aveniji-veceslava-holjevca\/#local-main-organization-logo"},"image":{"@id":"https:\/\/gorica.info\/pripremite-se-na-kasnjenja-zet-ove-linije-od-cetvrtka-voze-obilazno-zbog-radova-na-aveniji-veceslava-holjevca\/#local-main-organization-logo"},"sameAs":["https:\/\/www.facebook.com\/Goricainfo-106005144489262","https:\/\/x.com\/GoricaInfo","https:\/\/www.instagram.com\/gorica.info\/"],"address":{"@id":"https:\/\/gorica.info\/pripremite-se-na-kasnjenja-zet-ove-linije-od-cetvrtka-voze-obilazno-zbog-radova-na-aveniji-veceslava-holjevca\/#local-main-place-address"},"telephone":[],"openingHoursSpecification":[{"@type":"OpeningHoursSpecification","dayOfWeek":["Monday","Tuesday","Wednesday","Thursday","Friday","Saturday","Sunday"],"opens":"09:00","closes":"17:00"}],"email":"redakcija@gorica.info"},{"@type":"Person","@id":"https:\/\/gorica.info\/#\/schema\/person\/4499af1f22f322670b9b5977ccc2e3de","name":"Gorica. info","description":"Gorica.info je lokalni portal koji prati Veliku Goricu i okolici, svakodnevno donosi najnovije vijesti i pri\u010de, kulturna doga\u0111anja i aktualnosti koje oblikuju \u017eivot gra\u0111ana.","url":"https:\/\/gorica.info\/en\/author\/gorica-info\/"},{"@type":"PostalAddress","@id":"https:\/\/gorica.info\/pripremite-se-na-kasnjenja-zet-ove-linije-od-cetvrtka-voze-obilazno-zbog-radova-na-aveniji-veceslava-holjevca\/#local-main-place-address","streetAddress":"Horvatova 97","addressLocality":"Velika Gorica","postalCode":"10410","addressRegion":"Croatia","addressCountry":"HR"},{"@type":"ImageObject","inLanguage":"en-US","@id":"https:\/\/gorica.info\/pripremite-se-na-kasnjenja-zet-ove-linije-od-cetvrtka-voze-obilazno-zbog-radova-na-aveniji-veceslava-holjevca\/#local-main-organization-logo","url":"https:\/\/gorica.info\/wp-content\/uploads\/2024\/07\/Gorica-Info-Logo-mali.png","contentUrl":"https:\/\/gorica.info\/wp-content\/uploads\/2024\/07\/Gorica-Info-Logo-mali.png","width":450,"height":85,"caption":"Gorica Info"}]},"geo.placename":"Velika Gorica","geo.region":"Croatia"},"_links":{"self":[{"href":"https:\/\/gorica.info\/en\/wp-json\/wp\/v2\/posts\/54496","targetHints":{"allow":["GET"]}}],"collection":[{"href":"https:\/\/gorica.info\/en\/wp-json\/wp\/v2\/posts"}],"about":[{"href":"https:\/\/gorica.info\/en\/wp-json\/wp\/v2\/types\/post"}],"author":[{"embeddable":true,"href":"https:\/\/gorica.info\/en\/wp-json\/wp\/v2\/users\/23"}],"replies":[{"embeddable":true,"href":"https:\/\/gorica.info\/en\/wp-json\/wp\/v2\/comments?post=54496"}],"version-history":[{"count":0,"href":"https:\/\/gorica.info\/en\/wp-json\/wp\/v2\/posts\/54496\/revisions"}],"wp:featuredmedia":[{"embeddable":true,"href":"https:\/\/gorica.info\/en\/wp-json\/wp\/v2\/media\/54500"}],"wp:attachment":[{"href":"https:\/\/gorica.info\/en\/wp-json\/wp\/v2\/media?parent=54496"}],"wp:term":[{"taxonomy":"category","embeddable":true,"href":"https:\/\/gorica.info\/en\/wp-json\/wp\/v2\/categories?post=54496"},{"taxonomy":"post_tag","embeddable":true,"href":"https:\/\/gorica.info\/en\/wp-json\/wp\/v2\/tags?post=54496"}],"curies":[{"name":"wp","href":"https:\/\/api.w.org\/{rel}","templated":true}]}}