{"id":54616,"date":"2023-09-21T14:39:27","date_gmt":"2023-09-21T12:39:27","guid":{"rendered":"https:\/\/gorica.info\/?p=54616"},"modified":"2023-09-21T14:39:27","modified_gmt":"2023-09-21T12:39:27","slug":"apel-iz-mjesnog-odbora-kuce-ne-bacajte-otpad-u-prirodu-a-posebno-ne-onaj-koji-je-opasan-za-zdravlje-ljudi","status":"publish","type":"post","link":"https:\/\/gorica.info\/en\/apel-iz-mjesnog-odbora-kuce-ne-bacajte-otpad-u-prirodu-a-posebno-ne-onaj-koji-je-opasan-za-zdravlje-ljudi\/","title":{"rendered":"Apel iz Mjesnog odbora Ku\u010de: Ne bacajte otpad u prirodu, a posebno ne onaj koji je opasan za zdravlje ljudi"},"content":{"rendered":"<p><strong>Poljski putevi<\/strong> u velikogori\u010dkoj okolici prepuni su <strong>razli\u010ditog sme\u0107a i otpada<\/strong>. Me\u0111u tim hrpama \u010desto se na\u0111e i <strong>opasni otpad<\/strong> kojem je mjesto u recikla\u017enom dvori\u0161tu. Iz <strong>Mjesnog odbora Ku\u010de<\/strong> upozoravaju kako netko uporno na Ki\u0161evinu dovozi<strong> azbestne plo\u010de<\/strong> koje su opasne za zdravlje ljudi.<\/p>\n<p>&#8211; Ve\u0107a koli\u010dina azbestnih plo\u010da odlo\u017eena je pored puta pa \u010dak i na samom poljskom putu kojim mje\u0161tani dolaze do svojih poljoprivrednih parcela. Prijavili smo komunalnom redaru na kojim se lokacijama nalazi ovaj nepropisno odlo\u017een otpad. Molimo da ukoliko netko posjeduje takav opasan otpad da ga ne odla\u017ee u prirodu nego da kontaktira recikla\u017ena dvori\u0161ta koja \u0107e dati sve upute za zbrinjavanje takve vrste otpada \u2013 poru\u010duju iz <a href=\"https:\/\/www.facebook.com\/mo.kuce?locale=hr_HR\">MO Ku\u010de<\/a>.<\/p>\n<p><img fetchpriority=\"high\" decoding=\"async\" class=\"aligncenter wp-image-54617 size-full\" src=\"https:\/\/gorica.info\/wp-content\/uploads\/2023\/09\/azbest-otpad-mo-kuce-e1695304465124.jpg\" alt=\"\" width=\"719\" height=\"1037\" srcset=\"https:\/\/gorica.info\/wp-content\/uploads\/2023\/09\/azbest-otpad-mo-kuce-e1695304465124.jpg 555w, https:\/\/gorica.info\/wp-content\/uploads\/2023\/09\/azbest-otpad-mo-kuce-e1695304465124-208x300.jpg 208w, https:\/\/gorica.info\/wp-content\/uploads\/2023\/09\/azbest-otpad-mo-kuce-e1695304465124-8x12.jpg 8w\" sizes=\"(max-width: 719px) 100vw, 719px\" \/><\/p>\n<p>Podsjetimo, gori\u010dka gradska uprava postavila je vi\u0161e kamera za nadzor na mjesta na kojima se \u010desto dovozi otpad. Prvo su postavljane lova\u010dke i stacionarne solarne kamere, a pro\u0161li mjesec postavljene su dodatne kamere na 13 novih lokacija.<\/p>\n<p>U pravilu tamo gdje su postavljene kamere sme\u0107e se vi\u0161e ne odla\u017ee, ali nesavjesni pojedinci brzo prona\u0111u mjesta koja nisu pokrivena <a href=\"https:\/\/gorica.info\/en\/2023\/08\/18\/borba-protiv-divljih-odlagalista-otpada-postavljaju-se-kamere-za-video-nadzor-na-13-lokacija-povecava-se-i-broj-komunalnih-redara\/\">nadzorom<\/a>.<\/p>\n<p>Najavljeno je i pove\u0107avanje broja komunalnih redara koji \u0107e dodatno <a href=\"https:\/\/gorica.info\/en\/2021\/11\/22\/postavljene-prve-mobilne-kamere-za-ilegalno-odlaganje-otpada-stizu-kazne-na-kucnu-adresu\/\">nadzirati teren<\/a>.<\/p>","protected":false},"excerpt":{"rendered":"<p>Poljski putevi u velikogori\u010dkoj okolici prepuni su razli\u010ditog sme\u0107a i otpada. Me\u0111u tim hrpama \u010desto se na\u0111e i opasni otpad kojem je mjesto u recikla\u017enom dvori\u0161tu. Iz Mjesnog odbora Ku\u010de upozoravaju kako netko uporno na Ki\u0161evinu dovozi azbestne plo\u010de koje su opasne za zdravlje ljudi. &#8211; Ve\u0107a koli\u010dina azbestnih plo\u010da odlo\u017eena je pored puta pa [&hellip;]<\/p>\n","protected":false},"author":23,"featured_media":54618,"comment_status":"open","ping_status":"open","sticky":false,"template":"","format":"standard","meta":{"limit_modified_date":"","last_modified_date":"","jnews-multi-image_gallery":[],"jnews_single_post":[],"jnews_primary_category":[],"jnews_override_counter":[],"footnotes":""},"categories":[83],"tags":[11524,11525,5796,11526,1168,11527,3131,320],"class_list":["post-54616","post","type-post","status-publish","format-standard","has-post-thumbnail","hentry","category-drustvo","tag-azbestne-ploce","tag-kisevina","tag-mo-kuce","tag-opasni-otpad","tag-otpad","tag-poljski-putevi","tag-priroda","tag-smece"],"yoast_head":"<!-- This site is optimized with the Yoast SEO Premium plugin v27.4 (Yoast SEO v27.4) - https:\/\/yoast.com\/product\/yoast-seo-premium-wordpress\/ -->\n<title>Apel iz Mjesnog odbora Ku\u010de: Ne bacajte otpad u prirodu, a posebno ne onaj koji je opasan za zdravlje ljudi - Gorica Info<\/title>\n<meta name=\"description\" content=\"Apel iz Mjesnog odbora Ku\u010de: Ne bacajte otpad u prirodu, a posebno ne onaj koji je opasan za zdravlje ljudi\" \/>\n<meta name=\"robots\" content=\"index, follow, max-snippet:-1, max-image-preview:large, max-video-preview:-1\" \/>\n<link rel=\"canonical\" href=\"https:\/\/gorica.info\/en\/apel-iz-mjesnog-odbora-kuce-ne-bacajte-otpad-u-prirodu-a-posebno-ne-onaj-koji-je-opasan-za-zdravlje-ljudi\/\" \/>\n<meta property=\"og:locale\" content=\"en_US\" \/>\n<meta property=\"og:type\" content=\"article\" \/>\n<meta property=\"og:title\" content=\"Apel iz Mjesnog odbora Ku\u010de: Ne bacajte otpad u prirodu, a posebno ne onaj koji je opasan za zdravlje ljudi\" \/>\n<meta property=\"og:description\" content=\"Apel iz Mjesnog odbora Ku\u010de: Ne bacajte otpad u prirodu, a posebno ne onaj koji je opasan za zdravlje ljudi\" \/>\n<meta property=\"og:url\" content=\"https:\/\/gorica.info\/en\/apel-iz-mjesnog-odbora-kuce-ne-bacajte-otpad-u-prirodu-a-posebno-ne-onaj-koji-je-opasan-za-zdravlje-ljudi\/\" \/>\n<meta property=\"og:site_name\" content=\"Gorica Info\" \/>\n<meta property=\"article:publisher\" content=\"https:\/\/www.facebook.com\/Goricainfo-106005144489262\" \/>\n<meta property=\"article:published_time\" content=\"2023-09-21T12:39:27+00:00\" \/>\n<meta property=\"og:image\" content=\"https:\/\/gorica.info\/wp-content\/uploads\/2023\/09\/azbest-smece-foto-mo-kuce.jpg\" \/>\n\t<meta property=\"og:image:width\" content=\"1200\" \/>\n\t<meta property=\"og:image:height\" content=\"539\" \/>\n\t<meta property=\"og:image:type\" content=\"image\/jpeg\" \/>\n<meta name=\"author\" content=\"Gorica. info\" \/>\n<meta name=\"twitter:card\" content=\"summary_large_image\" \/>\n<meta name=\"twitter:creator\" content=\"@GoricaInfo\" \/>\n<meta name=\"twitter:site\" content=\"@GoricaInfo\" \/>\n<meta name=\"twitter:label1\" content=\"Written by\" \/>\n\t<meta name=\"twitter:data1\" content=\"Gorica. info\" \/>\n\t<meta name=\"twitter:label2\" content=\"Est. reading time\" \/>\n\t<meta name=\"twitter:data2\" content=\"2 minutes\" \/>\n<meta name=\"geo.placename\" content=\"Velika Gorica\" \/>\n<meta name=\"geo.region\" content=\"Croatia\" \/>\n<!-- \/ Yoast SEO Premium plugin. -->","yoast_head_json":{"title":"Apel iz Mjesnog odbora Ku\u010de: Ne bacajte otpad u prirodu, a posebno ne onaj koji je opasan za zdravlje ljudi - Gorica Info","description":"Apel iz Mjesnog odbora Ku\u010de: Ne bacajte otpad u prirodu, a posebno ne onaj koji je opasan za zdravlje ljudi","robots":{"index":"index","follow":"follow","max-snippet":"max-snippet:-1","max-image-preview":"max-image-preview:large","max-video-preview":"max-video-preview:-1"},"canonical":"https:\/\/gorica.info\/en\/apel-iz-mjesnog-odbora-kuce-ne-bacajte-otpad-u-prirodu-a-posebno-ne-onaj-koji-je-opasan-za-zdravlje-ljudi\/","og_locale":"en_US","og_type":"article","og_title":"Apel iz Mjesnog odbora Ku\u010de: Ne bacajte otpad u prirodu, a posebno ne onaj koji je opasan za zdravlje ljudi","og_description":"Apel iz Mjesnog odbora Ku\u010de: Ne bacajte otpad u prirodu, a posebno ne onaj koji je opasan za zdravlje ljudi","og_url":"https:\/\/gorica.info\/en\/apel-iz-mjesnog-odbora-kuce-ne-bacajte-otpad-u-prirodu-a-posebno-ne-onaj-koji-je-opasan-za-zdravlje-ljudi\/","og_site_name":"Gorica Info","article_publisher":"https:\/\/www.facebook.com\/Goricainfo-106005144489262","article_published_time":"2023-09-21T12:39:27+00:00","og_image":[{"width":1200,"height":539,"url":"https:\/\/gorica.info\/wp-content\/uploads\/2023\/09\/azbest-smece-foto-mo-kuce.jpg","type":"image\/jpeg"}],"author":"Gorica. info","twitter_card":"summary_large_image","twitter_creator":"@GoricaInfo","twitter_site":"@GoricaInfo","twitter_misc":{"Written by":"Gorica. info","Est. reading time":"2 minutes"},"schema":{"@context":"https:\/\/schema.org","@graph":[{"@type":"NewsArticle","@id":"https:\/\/gorica.info\/apel-iz-mjesnog-odbora-kuce-ne-bacajte-otpad-u-prirodu-a-posebno-ne-onaj-koji-je-opasan-za-zdravlje-ljudi\/#article","isPartOf":{"@id":"https:\/\/gorica.info\/apel-iz-mjesnog-odbora-kuce-ne-bacajte-otpad-u-prirodu-a-posebno-ne-onaj-koji-je-opasan-za-zdravlje-ljudi\/"},"author":{"name":"Gorica. info","@id":"https:\/\/gorica.info\/#\/schema\/person\/4499af1f22f322670b9b5977ccc2e3de"},"headline":"Apel iz Mjesnog odbora Ku\u010de: Ne bacajte otpad u prirodu, a posebno ne onaj koji je opasan za zdravlje ljudi","datePublished":"2023-09-21T12:39:27+00:00","mainEntityOfPage":{"@id":"https:\/\/gorica.info\/apel-iz-mjesnog-odbora-kuce-ne-bacajte-otpad-u-prirodu-a-posebno-ne-onaj-koji-je-opasan-za-zdravlje-ljudi\/"},"wordCount":235,"commentCount":0,"publisher":{"@id":"https:\/\/gorica.info\/#organization"},"image":{"@id":"https:\/\/gorica.info\/apel-iz-mjesnog-odbora-kuce-ne-bacajte-otpad-u-prirodu-a-posebno-ne-onaj-koji-je-opasan-za-zdravlje-ljudi\/#primaryimage"},"thumbnailUrl":"https:\/\/gorica.info\/wp-content\/uploads\/2023\/09\/azbest-smece-foto-mo-kuce.jpg","keywords":["azbestne plo\u010de","ki\u0161evina","mo ku\u010de","opasni otpad","otpad","poljski putevi","priroda","sme\u0107e"],"articleSection":["DRU\u0160TVO"],"inLanguage":"en-US","potentialAction":[{"@type":"CommentAction","name":"Comment","target":["https:\/\/gorica.info\/apel-iz-mjesnog-odbora-kuce-ne-bacajte-otpad-u-prirodu-a-posebno-ne-onaj-koji-je-opasan-za-zdravlje-ljudi\/#respond"]}],"copyrightYear":"2023","copyrightHolder":{"@id":"https:\/\/gorica.info\/en\/#organization"}},{"@type":"WebPage","@id":"https:\/\/gorica.info\/apel-iz-mjesnog-odbora-kuce-ne-bacajte-otpad-u-prirodu-a-posebno-ne-onaj-koji-je-opasan-za-zdravlje-ljudi\/","url":"https:\/\/gorica.info\/apel-iz-mjesnog-odbora-kuce-ne-bacajte-otpad-u-prirodu-a-posebno-ne-onaj-koji-je-opasan-za-zdravlje-ljudi\/","name":"Apel iz Mjesnog odbora Ku\u010de: Ne bacajte otpad u prirodu, a posebno ne onaj koji je opasan za zdravlje ljudi - Gorica Info","isPartOf":{"@id":"https:\/\/gorica.info\/#website"},"primaryImageOfPage":{"@id":"https:\/\/gorica.info\/apel-iz-mjesnog-odbora-kuce-ne-bacajte-otpad-u-prirodu-a-posebno-ne-onaj-koji-je-opasan-za-zdravlje-ljudi\/#primaryimage"},"image":{"@id":"https:\/\/gorica.info\/apel-iz-mjesnog-odbora-kuce-ne-bacajte-otpad-u-prirodu-a-posebno-ne-onaj-koji-je-opasan-za-zdravlje-ljudi\/#primaryimage"},"thumbnailUrl":"https:\/\/gorica.info\/wp-content\/uploads\/2023\/09\/azbest-smece-foto-mo-kuce.jpg","datePublished":"2023-09-21T12:39:27+00:00","description":"Apel iz Mjesnog odbora Ku\u010de: Ne bacajte otpad u prirodu, a posebno ne onaj koji je opasan za zdravlje ljudi","breadcrumb":{"@id":"https:\/\/gorica.info\/apel-iz-mjesnog-odbora-kuce-ne-bacajte-otpad-u-prirodu-a-posebno-ne-onaj-koji-je-opasan-za-zdravlje-ljudi\/#breadcrumb"},"inLanguage":"en-US","potentialAction":[{"@type":"ReadAction","target":["https:\/\/gorica.info\/apel-iz-mjesnog-odbora-kuce-ne-bacajte-otpad-u-prirodu-a-posebno-ne-onaj-koji-je-opasan-za-zdravlje-ljudi\/"]}]},{"@type":"ImageObject","inLanguage":"en-US","@id":"https:\/\/gorica.info\/apel-iz-mjesnog-odbora-kuce-ne-bacajte-otpad-u-prirodu-a-posebno-ne-onaj-koji-je-opasan-za-zdravlje-ljudi\/#primaryimage","url":"https:\/\/gorica.info\/wp-content\/uploads\/2023\/09\/azbest-smece-foto-mo-kuce.jpg","contentUrl":"https:\/\/gorica.info\/wp-content\/uploads\/2023\/09\/azbest-smece-foto-mo-kuce.jpg","width":1100,"height":494,"caption":"Foto: FB Mjesni odbor Ku\u010de"},{"@type":"BreadcrumbList","@id":"https:\/\/gorica.info\/apel-iz-mjesnog-odbora-kuce-ne-bacajte-otpad-u-prirodu-a-posebno-ne-onaj-koji-je-opasan-za-zdravlje-ljudi\/#breadcrumb","itemListElement":[{"@type":"ListItem","position":1,"name":"Po\u010detna stranica","item":"https:\/\/gorica.info\/"},{"@type":"ListItem","position":2,"name":"Apel iz Mjesnog odbora Ku\u010de: Ne bacajte otpad u prirodu, a posebno ne onaj koji je opasan za zdravlje ljudi"}]},{"@type":"WebSite","@id":"https:\/\/gorica.info\/#website","url":"https:\/\/gorica.info\/","name":"Gorica Info","description":"Vijesti iz Velike Gorice i okolice.","publisher":{"@id":"https:\/\/gorica.info\/#organization"},"potentialAction":[{"@type":"SearchAction","target":{"@type":"EntryPoint","urlTemplate":"https:\/\/gorica.info\/?s={search_term_string}"},"query-input":{"@type":"PropertyValueSpecification","valueRequired":true,"valueName":"search_term_string"}}],"inLanguage":"en-US"},{"@type":["Organization","Place","NewsMediaOrganization"],"@id":"https:\/\/gorica.info\/#organization","name":"Gorica Info","url":"https:\/\/gorica.info\/","logo":{"@id":"https:\/\/gorica.info\/apel-iz-mjesnog-odbora-kuce-ne-bacajte-otpad-u-prirodu-a-posebno-ne-onaj-koji-je-opasan-za-zdravlje-ljudi\/#local-main-organization-logo"},"image":{"@id":"https:\/\/gorica.info\/apel-iz-mjesnog-odbora-kuce-ne-bacajte-otpad-u-prirodu-a-posebno-ne-onaj-koji-je-opasan-za-zdravlje-ljudi\/#local-main-organization-logo"},"sameAs":["https:\/\/www.facebook.com\/Goricainfo-106005144489262","https:\/\/x.com\/GoricaInfo","https:\/\/www.instagram.com\/gorica.info\/"],"address":{"@id":"https:\/\/gorica.info\/apel-iz-mjesnog-odbora-kuce-ne-bacajte-otpad-u-prirodu-a-posebno-ne-onaj-koji-je-opasan-za-zdravlje-ljudi\/#local-main-place-address"},"telephone":[],"openingHoursSpecification":[{"@type":"OpeningHoursSpecification","dayOfWeek":["Monday","Tuesday","Wednesday","Thursday","Friday","Saturday","Sunday"],"opens":"09:00","closes":"17:00"}],"email":"redakcija@gorica.info"},{"@type":"Person","@id":"https:\/\/gorica.info\/#\/schema\/person\/4499af1f22f322670b9b5977ccc2e3de","name":"Gorica. info","description":"Gorica.info je lokalni portal koji prati Veliku Goricu i okolici, svakodnevno donosi najnovije vijesti i pri\u010de, kulturna doga\u0111anja i aktualnosti koje oblikuju \u017eivot gra\u0111ana.","url":"https:\/\/gorica.info\/en\/author\/gorica-info\/"},{"@type":"PostalAddress","@id":"https:\/\/gorica.info\/apel-iz-mjesnog-odbora-kuce-ne-bacajte-otpad-u-prirodu-a-posebno-ne-onaj-koji-je-opasan-za-zdravlje-ljudi\/#local-main-place-address","streetAddress":"Horvatova 97","addressLocality":"Velika Gorica","postalCode":"10410","addressRegion":"Croatia","addressCountry":"HR"},{"@type":"ImageObject","inLanguage":"en-US","@id":"https:\/\/gorica.info\/apel-iz-mjesnog-odbora-kuce-ne-bacajte-otpad-u-prirodu-a-posebno-ne-onaj-koji-je-opasan-za-zdravlje-ljudi\/#local-main-organization-logo","url":"https:\/\/gorica.info\/wp-content\/uploads\/2024\/07\/Gorica-Info-Logo-mali.png","contentUrl":"https:\/\/gorica.info\/wp-content\/uploads\/2024\/07\/Gorica-Info-Logo-mali.png","width":450,"height":85,"caption":"Gorica Info"}]},"geo.placename":"Velika Gorica","geo.region":"Croatia"},"_links":{"self":[{"href":"https:\/\/gorica.info\/en\/wp-json\/wp\/v2\/posts\/54616","targetHints":{"allow":["GET"]}}],"collection":[{"href":"https:\/\/gorica.info\/en\/wp-json\/wp\/v2\/posts"}],"about":[{"href":"https:\/\/gorica.info\/en\/wp-json\/wp\/v2\/types\/post"}],"author":[{"embeddable":true,"href":"https:\/\/gorica.info\/en\/wp-json\/wp\/v2\/users\/23"}],"replies":[{"embeddable":true,"href":"https:\/\/gorica.info\/en\/wp-json\/wp\/v2\/comments?post=54616"}],"version-history":[{"count":0,"href":"https:\/\/gorica.info\/en\/wp-json\/wp\/v2\/posts\/54616\/revisions"}],"wp:featuredmedia":[{"embeddable":true,"href":"https:\/\/gorica.info\/en\/wp-json\/wp\/v2\/media\/54618"}],"wp:attachment":[{"href":"https:\/\/gorica.info\/en\/wp-json\/wp\/v2\/media?parent=54616"}],"wp:term":[{"taxonomy":"category","embeddable":true,"href":"https:\/\/gorica.info\/en\/wp-json\/wp\/v2\/categories?post=54616"},{"taxonomy":"post_tag","embeddable":true,"href":"https:\/\/gorica.info\/en\/wp-json\/wp\/v2\/tags?post=54616"}],"curies":[{"name":"wp","href":"https:\/\/api.w.org\/{rel}","templated":true}]}}