{"id":54627,"date":"2023-09-22T13:42:37","date_gmt":"2023-09-22T11:42:37","guid":{"rendered":"https:\/\/gorica.info\/?p=54627"},"modified":"2023-09-22T13:42:37","modified_gmt":"2023-09-22T11:42:37","slug":"svjetska-izlozba-macaka-bira-se-najljepsa-macka-na-svijetu-konkurencija-je-zestoka-i-stize-iz-17-zemalja","status":"publish","type":"post","link":"https:\/\/gorica.info\/en\/svjetska-izlozba-macaka-bira-se-najljepsa-macka-na-svijetu-konkurencija-je-zestoka-i-stize-iz-17-zemalja\/","title":{"rendered":"Svjetska izlo\u017eba ma\u010daka: Bira se najljep\u0161a ma\u010dka na svijetu, konkurencija je \u017eestoka i sti\u017ee iz 17 europskih zemalja"},"content":{"rendered":"<p><strong>Ma\u010dke<\/strong> su kao ku\u0107ni ljubimci ve\u0107 odavno dobile status \u010dlanova obitelji, a neke, ovisno o pedigreu, \u010desto putuju svijetom s vlasnicima i vode pravi &#8220;slatki \u017eivot&#8221;. Neke od njih sti\u017eu na<strong> Svjetsku izlo\u017ebu ma\u010daka<\/strong> koja \u0107e se odr\u017eati <strong>23. i 24. rujna<\/strong> u Karlovcu. Na izlo\u017ebi, koja se odr\u017eava u Ekonomsko-turisti\u010dkoj \u0161koli, sudjelovat \u0107e <strong>372<\/strong> ma\u010dke iz <strong>17 europskih zemalja.<\/strong><\/p>\n<p>Nakon sedam Me\u0111unarodnih izlo\u017ebi, entuzijasti\u010dnoj ekipi iz <strong>Kluba ljubitelja ma\u010daka<a href=\"https:\/\/www.facebook.com\/feliscroatia\"> Felis Croatia<\/a><\/strong> ovo je prvo WCF Svjetsko natjecanje.<\/p>\n<p><img fetchpriority=\"high\" decoding=\"async\" class=\"aligncenter wp-image-54633 size-large\" src=\"https:\/\/gorica.info\/wp-content\/uploads\/2023\/09\/Kurilski-bobtail-e1695322596414-1024x628.jpg\" alt=\"\" width=\"810\" height=\"497\" srcset=\"https:\/\/gorica.info\/wp-content\/uploads\/2023\/09\/Kurilski-bobtail-e1695322596414-1024x628.jpg 1024w, https:\/\/gorica.info\/wp-content\/uploads\/2023\/09\/Kurilski-bobtail-e1695322596414-300x184.jpg 300w, https:\/\/gorica.info\/wp-content\/uploads\/2023\/09\/Kurilski-bobtail-e1695322596414-768x471.jpg 768w, https:\/\/gorica.info\/wp-content\/uploads\/2023\/09\/Kurilski-bobtail-e1695322596414-18x12.jpg 18w, https:\/\/gorica.info\/wp-content\/uploads\/2023\/09\/Kurilski-bobtail-e1695322596414-750x460.jpg 750w, https:\/\/gorica.info\/wp-content\/uploads\/2023\/09\/Kurilski-bobtail-e1695322596414-1140x699.jpg 1140w, https:\/\/gorica.info\/wp-content\/uploads\/2023\/09\/Kurilski-bobtail-e1695322596414.jpg 1100w\" sizes=\"(max-width: 810px) 100vw, 810px\" \/><\/p>\n<h4><strong>Na izlo\u017ebu sti\u017eu i neke rijetke pasmine ma\u010daka<\/strong><\/h4>\n<p>Posjetitelji \u0107e vidjeti \u010dak 17 ma\u010djih svjetskih prvaka i \u010detiri svjetska premiera. Bit \u0107e tu i ne ba\u0161 \u010desto vi\u0111ene pasmine, kao \u0161to su Kurilski Bobtail, Transilvanijska ma\u010dka, Bombay ma\u010dka, Munchin, Cornish Rex i mnoge druge. Pod budnim okom deset me\u0111unarodnih sudaca odabrat \u0107e se one najbolje, uz atraktivan program i mno\u0161tvo sadr\u017eaja za posjetitelje.<\/p>\n<p>Udruga Felis Croatia osim \u0161to radi s pasminskim ma\u010dkama, isto tako podr\u017eava i zbrinjavanje te brigu o napu\u0161tenim ma\u010dkama. Zato \u0107e se na izlo\u017ebi u Karlovcu mo\u0107i posjetiti i \u0161tand udruge <strong>Kitten Safe House<\/strong>, koja godi\u0161nje zbrine i udomi na stotine ma\u010daka i ma\u010di\u0107a.<\/p>\n<figure id=\"attachment_54632\" aria-describedby=\"caption-attachment-54632\" style=\"width: 810px\" class=\"wp-caption aligncenter\"><img decoding=\"async\" class=\"wp-image-54632 size-large\" src=\"https:\/\/gorica.info\/wp-content\/uploads\/2023\/09\/Devon-rex-ocjenjivanje-1024x684.jpg\" alt=\"\" width=\"810\" height=\"541\" srcset=\"https:\/\/gorica.info\/wp-content\/uploads\/2023\/09\/Devon-rex-ocjenjivanje-1024x684.jpg 1024w, https:\/\/gorica.info\/wp-content\/uploads\/2023\/09\/Devon-rex-ocjenjivanje-300x200.jpg 300w, https:\/\/gorica.info\/wp-content\/uploads\/2023\/09\/Devon-rex-ocjenjivanje-768x513.jpg 768w, https:\/\/gorica.info\/wp-content\/uploads\/2023\/09\/Devon-rex-ocjenjivanje-18x12.jpg 18w, https:\/\/gorica.info\/wp-content\/uploads\/2023\/09\/Devon-rex-ocjenjivanje-750x501.jpg 750w, https:\/\/gorica.info\/wp-content\/uploads\/2023\/09\/Devon-rex-ocjenjivanje-1140x761.jpg 1140w, https:\/\/gorica.info\/wp-content\/uploads\/2023\/09\/Devon-rex-ocjenjivanje.jpg 1100w\" sizes=\"(max-width: 810px) 100vw, 810px\" \/><figcaption id=\"caption-attachment-54632\" class=\"wp-caption-text\">Foto: Gordana Popovi\u0107 \/ Pet Almighty Photography<\/figcaption><\/figure>\n<p>Uz ma\u010dke, koje su glavne zvijezde ove izlo\u017ebe, pripremljen je i atraktivan program za posjetitelje: odabir najljep\u0161eg ma\u010di\u0107a, najljep\u0161eg kastrata i najljep\u0161e odrasle ma\u010dke. Oni koji razmi\u0161ljaju o udomljenju napu\u0161tene ma\u010dke mo\u0107i \u0107e porazgovarati s predstavnicima Udruge za za\u0161titu ma\u010daka te preuzeti bro\u0161ure sa savjetima o izboru uzgajiva\u010da, pasmine ili udomljenja ma\u010di\u0107a, kao i one o pravilnoj prehrani i brizi malenih dlakavaca.<\/p>\n<figure id=\"attachment_54629\" aria-describedby=\"caption-attachment-54629\" style=\"width: 810px\" class=\"wp-caption aligncenter\"><img decoding=\"async\" class=\"wp-image-54629 size-large\" src=\"https:\/\/gorica.info\/wp-content\/uploads\/2023\/09\/Norveska-sumska-macka-1024x684.jpg\" alt=\"\" width=\"810\" height=\"541\" srcset=\"https:\/\/gorica.info\/wp-content\/uploads\/2023\/09\/Norveska-sumska-macka-1024x684.jpg 1024w, https:\/\/gorica.info\/wp-content\/uploads\/2023\/09\/Norveska-sumska-macka-300x200.jpg 300w, https:\/\/gorica.info\/wp-content\/uploads\/2023\/09\/Norveska-sumska-macka-768x513.jpg 768w, https:\/\/gorica.info\/wp-content\/uploads\/2023\/09\/Norveska-sumska-macka-18x12.jpg 18w, https:\/\/gorica.info\/wp-content\/uploads\/2023\/09\/Norveska-sumska-macka-750x501.jpg 750w, https:\/\/gorica.info\/wp-content\/uploads\/2023\/09\/Norveska-sumska-macka-1140x761.jpg 1140w, https:\/\/gorica.info\/wp-content\/uploads\/2023\/09\/Norveska-sumska-macka.jpg 1100w\" sizes=\"(max-width: 810px) 100vw, 810px\" \/><figcaption id=\"caption-attachment-54629\" class=\"wp-caption-text\">Foto: Gordana Popovi\u0107 \/ Pet Almighty Photography<\/figcaption><\/figure>\n<p>Najzanimljiviji dio izlo\u017ebe je svakako <strong>Best in Show<\/strong>, na kojoj se me\u0111u najljep\u0161im ma\u010dkama izlo\u017ebe biraju pobjednici i to oba dana s po\u010detkom u 16:30 sati.<\/p>\n<figure id=\"attachment_54631\" aria-describedby=\"caption-attachment-54631\" style=\"width: 810px\" class=\"wp-caption aligncenter\"><img loading=\"lazy\" decoding=\"async\" class=\"wp-image-54631 size-large\" src=\"https:\/\/gorica.info\/wp-content\/uploads\/2023\/09\/Somalijska-macka-e1695322134479-1024x575.jpg\" alt=\"\" width=\"810\" height=\"455\" srcset=\"https:\/\/gorica.info\/wp-content\/uploads\/2023\/09\/Somalijska-macka-e1695322134479-1024x575.jpg 1024w, https:\/\/gorica.info\/wp-content\/uploads\/2023\/09\/Somalijska-macka-e1695322134479-300x169.jpg 300w, https:\/\/gorica.info\/wp-content\/uploads\/2023\/09\/Somalijska-macka-e1695322134479-768x431.jpg 768w, https:\/\/gorica.info\/wp-content\/uploads\/2023\/09\/Somalijska-macka-e1695322134479-18x10.jpg 18w, https:\/\/gorica.info\/wp-content\/uploads\/2023\/09\/Somalijska-macka-e1695322134479-750x421.jpg 750w, https:\/\/gorica.info\/wp-content\/uploads\/2023\/09\/Somalijska-macka-e1695322134479-1140x640.jpg 1140w, https:\/\/gorica.info\/wp-content\/uploads\/2023\/09\/Somalijska-macka-e1695322134479.jpg 1100w\" sizes=\"(max-width: 810px) 100vw, 810px\" \/><figcaption id=\"caption-attachment-54631\" class=\"wp-caption-text\">Foto: Gordana Popovi\u0107 \/ Pet Almighty Photography<\/figcaption><\/figure>\n<p>Posjetiteljima \u0107e biti na raspolaganju i veterinarsko savjetovali\u0161te, prodaja igra\u010dki i opreme za ma\u010dke, no i jedna posebna atrakcija. Vi\u0161estruko nagra\u0111ivana i poznata fotografkinja <strong>Gordana Popovi\u0107<\/strong> iz agencije Pet Almighty Photography, koja je nedavno osvojila tri nagrade za fotografije <a href=\"https:\/\/gorica.info\/en\/2023\/07\/30\/eko-hotel-za-macke-mackeraj-u-rakitovcu-nudi\/\">maca<\/a>, postavit \u0107e studio za fotkanje. Bit \u0107e to prilika za hvatanje uspomena i fotku s va\u0161im \u010detverono\u017enim ljubimcem.<\/p>\n<p>Ulaz na izlo\u017ebu se pla\u0107a, <strong>dva eura<\/strong> za djecu i <strong>\u010detiri eura<\/strong> za odrasle.<\/p>","protected":false},"excerpt":{"rendered":"<p>Ma\u010dke su kao ku\u0107ni ljubimci ve\u0107 odavno dobile status \u010dlanova obitelji, a neke, ovisno o pedigreu, \u010desto putuju svijetom s vlasnicima i vode pravi &#8220;slatki \u017eivot&#8221;. Neke od njih sti\u017eu na Svjetsku izlo\u017ebu ma\u010daka koja \u0107e se odr\u017eati 23. i 24. rujna u Karlovcu. Na izlo\u017ebi, koja se odr\u017eava u Ekonomsko-turisti\u010dkoj \u0161koli, sudjelovat \u0107e 372 [&hellip;]<\/p>\n","protected":false},"author":25,"featured_media":54635,"comment_status":"open","ping_status":"open","sticky":false,"template":"","format":"standard","meta":{"limit_modified_date":"","last_modified_date":"","jnews-multi-image_gallery":[],"jnews_single_post":[],"jnews_primary_category":[],"jnews_override_counter":[],"footnotes":""},"categories":[109],"tags":[11528,1965,3157,11529,2114,3766,2207,11530],"class_list":["post-54627","post","type-post","status-publish","format-standard","has-post-thumbnail","hentry","category-zivot","tag-felis-croatia","tag-izlozba","tag-karlovac","tag-klub-ljubitelja-macaka","tag-kucni-ljubimci","tag-macke","tag-natjecanje","tag-pasmine-macaka"],"yoast_head":"<!-- This site is optimized with the Yoast SEO Premium plugin v27.4 (Yoast SEO v27.4) - https:\/\/yoast.com\/product\/yoast-seo-premium-wordpress\/ -->\n<title>Svjetska izlo\u017eba ma\u010daka: Bira se najljep\u0161a ma\u010dka na svijetu, konkurencija je \u017eestoka i sti\u017ee iz 17 europskih zemalja - Gorica Info<\/title>\n<meta name=\"description\" content=\"Svjetska izlo\u017eba ma\u010daka: Bira se najljep\u0161a ma\u010dka na svijetu, konkurencija je \u017eestoka i sti\u017ee iz 17 europskih zemalja\" \/>\n<meta name=\"robots\" content=\"index, follow, max-snippet:-1, max-image-preview:large, max-video-preview:-1\" \/>\n<link rel=\"canonical\" href=\"https:\/\/gorica.info\/en\/svjetska-izlozba-macaka-bira-se-najljepsa-macka-na-svijetu-konkurencija-je-zestoka-i-stize-iz-17-zemalja\/\" \/>\n<meta property=\"og:locale\" content=\"en_US\" \/>\n<meta property=\"og:type\" content=\"article\" \/>\n<meta property=\"og:title\" content=\"Svjetska izlo\u017eba ma\u010daka: Bira se najljep\u0161a ma\u010dka na svijetu, konkurencija je \u017eestoka i sti\u017ee iz 17 europskih zemalja\" \/>\n<meta property=\"og:description\" content=\"Svjetska izlo\u017eba ma\u010daka: Bira se najljep\u0161a ma\u010dka na svijetu, konkurencija je \u017eestoka i sti\u017ee iz 17 europskih zemalja\" \/>\n<meta property=\"og:url\" content=\"https:\/\/gorica.info\/en\/svjetska-izlozba-macaka-bira-se-najljepsa-macka-na-svijetu-konkurencija-je-zestoka-i-stize-iz-17-zemalja\/\" \/>\n<meta property=\"og:site_name\" content=\"Gorica Info\" \/>\n<meta property=\"article:publisher\" content=\"https:\/\/www.facebook.com\/Goricainfo-106005144489262\" \/>\n<meta property=\"article:published_time\" content=\"2023-09-22T11:42:37+00:00\" \/>\n<meta property=\"og:image\" content=\"https:\/\/gorica.info\/wp-content\/uploads\/2023\/09\/Bengalska-macka-ocjenjivanje.jpg\" \/>\n\t<meta property=\"og:image:width\" content=\"1200\" \/>\n\t<meta property=\"og:image:height\" content=\"800\" \/>\n\t<meta property=\"og:image:type\" content=\"image\/jpeg\" \/>\n<meta name=\"author\" content=\"Marta Horvat\" \/>\n<meta name=\"twitter:card\" content=\"summary_large_image\" \/>\n<meta name=\"twitter:creator\" content=\"@GoricaInfo\" \/>\n<meta name=\"twitter:site\" content=\"@GoricaInfo\" \/>\n<meta name=\"twitter:label1\" content=\"Written by\" \/>\n\t<meta name=\"twitter:data1\" content=\"Marta Horvat\" \/>\n\t<meta name=\"twitter:label2\" content=\"Est. reading time\" \/>\n\t<meta name=\"twitter:data2\" content=\"3 minutes\" \/>\n<meta name=\"geo.placename\" content=\"Velika Gorica\" \/>\n<meta name=\"geo.region\" content=\"Croatia\" \/>\n<!-- \/ Yoast SEO Premium plugin. -->","yoast_head_json":{"title":"Svjetska izlo\u017eba ma\u010daka: Bira se najljep\u0161a ma\u010dka na svijetu, konkurencija je \u017eestoka i sti\u017ee iz 17 europskih zemalja - Gorica Info","description":"Svjetska izlo\u017eba ma\u010daka: Bira se najljep\u0161a ma\u010dka na svijetu, konkurencija je \u017eestoka i sti\u017ee iz 17 europskih zemalja","robots":{"index":"index","follow":"follow","max-snippet":"max-snippet:-1","max-image-preview":"max-image-preview:large","max-video-preview":"max-video-preview:-1"},"canonical":"https:\/\/gorica.info\/en\/svjetska-izlozba-macaka-bira-se-najljepsa-macka-na-svijetu-konkurencija-je-zestoka-i-stize-iz-17-zemalja\/","og_locale":"en_US","og_type":"article","og_title":"Svjetska izlo\u017eba ma\u010daka: Bira se najljep\u0161a ma\u010dka na svijetu, konkurencija je \u017eestoka i sti\u017ee iz 17 europskih zemalja","og_description":"Svjetska izlo\u017eba ma\u010daka: Bira se najljep\u0161a ma\u010dka na svijetu, konkurencija je \u017eestoka i sti\u017ee iz 17 europskih zemalja","og_url":"https:\/\/gorica.info\/en\/svjetska-izlozba-macaka-bira-se-najljepsa-macka-na-svijetu-konkurencija-je-zestoka-i-stize-iz-17-zemalja\/","og_site_name":"Gorica Info","article_publisher":"https:\/\/www.facebook.com\/Goricainfo-106005144489262","article_published_time":"2023-09-22T11:42:37+00:00","og_image":[{"width":1200,"height":800,"url":"https:\/\/gorica.info\/wp-content\/uploads\/2023\/09\/Bengalska-macka-ocjenjivanje.jpg","type":"image\/jpeg"}],"author":"Marta Horvat","twitter_card":"summary_large_image","twitter_creator":"@GoricaInfo","twitter_site":"@GoricaInfo","twitter_misc":{"Written by":"Marta Horvat","Est. reading time":"3 minutes"},"schema":{"@context":"https:\/\/schema.org","@graph":[{"@type":"NewsArticle","@id":"https:\/\/gorica.info\/svjetska-izlozba-macaka-bira-se-najljepsa-macka-na-svijetu-konkurencija-je-zestoka-i-stize-iz-17-zemalja\/#article","isPartOf":{"@id":"https:\/\/gorica.info\/svjetska-izlozba-macaka-bira-se-najljepsa-macka-na-svijetu-konkurencija-je-zestoka-i-stize-iz-17-zemalja\/"},"author":{"name":"Marta Horvat","@id":"https:\/\/gorica.info\/#\/schema\/person\/b2df2f6fb2a9073c0fa5af2672befd52"},"headline":"Svjetska izlo\u017eba ma\u010daka: Bira se najljep\u0161a ma\u010dka na svijetu, konkurencija je \u017eestoka i sti\u017ee iz 17 europskih zemalja","datePublished":"2023-09-22T11:42:37+00:00","mainEntityOfPage":{"@id":"https:\/\/gorica.info\/svjetska-izlozba-macaka-bira-se-najljepsa-macka-na-svijetu-konkurencija-je-zestoka-i-stize-iz-17-zemalja\/"},"wordCount":467,"commentCount":0,"publisher":{"@id":"https:\/\/gorica.info\/#organization"},"image":{"@id":"https:\/\/gorica.info\/svjetska-izlozba-macaka-bira-se-najljepsa-macka-na-svijetu-konkurencija-je-zestoka-i-stize-iz-17-zemalja\/#primaryimage"},"thumbnailUrl":"https:\/\/gorica.info\/wp-content\/uploads\/2023\/09\/Bengalska-macka-ocjenjivanje.jpg","keywords":["felis croatia","izlo\u017eba","karlovac","klub ljubitelja ma\u010daka","ku\u0107ni ljubimci","ma\u010dke","natjecanje","pasmine ma\u010daka"],"articleSection":["\u017dIVOT"],"inLanguage":"en-US","potentialAction":[{"@type":"CommentAction","name":"Comment","target":["https:\/\/gorica.info\/svjetska-izlozba-macaka-bira-se-najljepsa-macka-na-svijetu-konkurencija-je-zestoka-i-stize-iz-17-zemalja\/#respond"]}],"copyrightYear":"2023","copyrightHolder":{"@id":"https:\/\/gorica.info\/en\/#organization"}},{"@type":"WebPage","@id":"https:\/\/gorica.info\/svjetska-izlozba-macaka-bira-se-najljepsa-macka-na-svijetu-konkurencija-je-zestoka-i-stize-iz-17-zemalja\/","url":"https:\/\/gorica.info\/svjetska-izlozba-macaka-bira-se-najljepsa-macka-na-svijetu-konkurencija-je-zestoka-i-stize-iz-17-zemalja\/","name":"Svjetska izlo\u017eba ma\u010daka: Bira se najljep\u0161a ma\u010dka na svijetu, konkurencija je \u017eestoka i sti\u017ee iz 17 europskih zemalja - Gorica Info","isPartOf":{"@id":"https:\/\/gorica.info\/#website"},"primaryImageOfPage":{"@id":"https:\/\/gorica.info\/svjetska-izlozba-macaka-bira-se-najljepsa-macka-na-svijetu-konkurencija-je-zestoka-i-stize-iz-17-zemalja\/#primaryimage"},"image":{"@id":"https:\/\/gorica.info\/svjetska-izlozba-macaka-bira-se-najljepsa-macka-na-svijetu-konkurencija-je-zestoka-i-stize-iz-17-zemalja\/#primaryimage"},"thumbnailUrl":"https:\/\/gorica.info\/wp-content\/uploads\/2023\/09\/Bengalska-macka-ocjenjivanje.jpg","datePublished":"2023-09-22T11:42:37+00:00","description":"Svjetska izlo\u017eba ma\u010daka: Bira se najljep\u0161a ma\u010dka na svijetu, konkurencija je \u017eestoka i sti\u017ee iz 17 europskih zemalja","breadcrumb":{"@id":"https:\/\/gorica.info\/svjetska-izlozba-macaka-bira-se-najljepsa-macka-na-svijetu-konkurencija-je-zestoka-i-stize-iz-17-zemalja\/#breadcrumb"},"inLanguage":"en-US","potentialAction":[{"@type":"ReadAction","target":["https:\/\/gorica.info\/svjetska-izlozba-macaka-bira-se-najljepsa-macka-na-svijetu-konkurencija-je-zestoka-i-stize-iz-17-zemalja\/"]}]},{"@type":"ImageObject","inLanguage":"en-US","@id":"https:\/\/gorica.info\/svjetska-izlozba-macaka-bira-se-najljepsa-macka-na-svijetu-konkurencija-je-zestoka-i-stize-iz-17-zemalja\/#primaryimage","url":"https:\/\/gorica.info\/wp-content\/uploads\/2023\/09\/Bengalska-macka-ocjenjivanje.jpg","contentUrl":"https:\/\/gorica.info\/wp-content\/uploads\/2023\/09\/Bengalska-macka-ocjenjivanje.jpg","width":1100,"height":733,"caption":"Foto: Gordana Popovi\u0107 \/ Pet Almighty Photography"},{"@type":"BreadcrumbList","@id":"https:\/\/gorica.info\/svjetska-izlozba-macaka-bira-se-najljepsa-macka-na-svijetu-konkurencija-je-zestoka-i-stize-iz-17-zemalja\/#breadcrumb","itemListElement":[{"@type":"ListItem","position":1,"name":"Po\u010detna stranica","item":"https:\/\/gorica.info\/"},{"@type":"ListItem","position":2,"name":"Svjetska izlo\u017eba ma\u010daka: Bira se najljep\u0161a ma\u010dka na svijetu, konkurencija je \u017eestoka i sti\u017ee iz 17 europskih zemalja"}]},{"@type":"WebSite","@id":"https:\/\/gorica.info\/#website","url":"https:\/\/gorica.info\/","name":"Gorica Info","description":"Vijesti iz Velike Gorice i okolice.","publisher":{"@id":"https:\/\/gorica.info\/#organization"},"potentialAction":[{"@type":"SearchAction","target":{"@type":"EntryPoint","urlTemplate":"https:\/\/gorica.info\/?s={search_term_string}"},"query-input":{"@type":"PropertyValueSpecification","valueRequired":true,"valueName":"search_term_string"}}],"inLanguage":"en-US"},{"@type":["Organization","Place","NewsMediaOrganization"],"@id":"https:\/\/gorica.info\/#organization","name":"Gorica Info","url":"https:\/\/gorica.info\/","logo":{"@id":"https:\/\/gorica.info\/svjetska-izlozba-macaka-bira-se-najljepsa-macka-na-svijetu-konkurencija-je-zestoka-i-stize-iz-17-zemalja\/#local-main-organization-logo"},"image":{"@id":"https:\/\/gorica.info\/svjetska-izlozba-macaka-bira-se-najljepsa-macka-na-svijetu-konkurencija-je-zestoka-i-stize-iz-17-zemalja\/#local-main-organization-logo"},"sameAs":["https:\/\/www.facebook.com\/Goricainfo-106005144489262","https:\/\/x.com\/GoricaInfo","https:\/\/www.instagram.com\/gorica.info\/"],"address":{"@id":"https:\/\/gorica.info\/svjetska-izlozba-macaka-bira-se-najljepsa-macka-na-svijetu-konkurencija-je-zestoka-i-stize-iz-17-zemalja\/#local-main-place-address"},"telephone":[],"openingHoursSpecification":[{"@type":"OpeningHoursSpecification","dayOfWeek":["Monday","Tuesday","Wednesday","Thursday","Friday","Saturday","Sunday"],"opens":"09:00","closes":"17:00"}],"email":"redakcija@gorica.info"},{"@type":"Person","@id":"https:\/\/gorica.info\/#\/schema\/person\/b2df2f6fb2a9073c0fa5af2672befd52","name":"Marta Horvat","description":"Marta Horvat je studentica koja redovito pi\u0161e za portal, prati sva gradska doga\u0111anja i u\u017eiva isprobavati nove recept koje dijeli s na\u0161im \u010ditateljima.","url":"https:\/\/gorica.info\/en\/author\/marta-horvat\/"},{"@type":"PostalAddress","@id":"https:\/\/gorica.info\/svjetska-izlozba-macaka-bira-se-najljepsa-macka-na-svijetu-konkurencija-je-zestoka-i-stize-iz-17-zemalja\/#local-main-place-address","streetAddress":"Horvatova 97","addressLocality":"Velika Gorica","postalCode":"10410","addressRegion":"Croatia","addressCountry":"HR"},{"@type":"ImageObject","inLanguage":"en-US","@id":"https:\/\/gorica.info\/svjetska-izlozba-macaka-bira-se-najljepsa-macka-na-svijetu-konkurencija-je-zestoka-i-stize-iz-17-zemalja\/#local-main-organization-logo","url":"https:\/\/gorica.info\/wp-content\/uploads\/2024\/07\/Gorica-Info-Logo-mali.png","contentUrl":"https:\/\/gorica.info\/wp-content\/uploads\/2024\/07\/Gorica-Info-Logo-mali.png","width":450,"height":85,"caption":"Gorica Info"}]},"geo.placename":"Velika Gorica","geo.region":"Croatia"},"_links":{"self":[{"href":"https:\/\/gorica.info\/en\/wp-json\/wp\/v2\/posts\/54627","targetHints":{"allow":["GET"]}}],"collection":[{"href":"https:\/\/gorica.info\/en\/wp-json\/wp\/v2\/posts"}],"about":[{"href":"https:\/\/gorica.info\/en\/wp-json\/wp\/v2\/types\/post"}],"author":[{"embeddable":true,"href":"https:\/\/gorica.info\/en\/wp-json\/wp\/v2\/users\/25"}],"replies":[{"embeddable":true,"href":"https:\/\/gorica.info\/en\/wp-json\/wp\/v2\/comments?post=54627"}],"version-history":[{"count":0,"href":"https:\/\/gorica.info\/en\/wp-json\/wp\/v2\/posts\/54627\/revisions"}],"wp:featuredmedia":[{"embeddable":true,"href":"https:\/\/gorica.info\/en\/wp-json\/wp\/v2\/media\/54635"}],"wp:attachment":[{"href":"https:\/\/gorica.info\/en\/wp-json\/wp\/v2\/media?parent=54627"}],"wp:term":[{"taxonomy":"category","embeddable":true,"href":"https:\/\/gorica.info\/en\/wp-json\/wp\/v2\/categories?post=54627"},{"taxonomy":"post_tag","embeddable":true,"href":"https:\/\/gorica.info\/en\/wp-json\/wp\/v2\/tags?post=54627"}],"curies":[{"name":"wp","href":"https:\/\/api.w.org\/{rel}","templated":true}]}}