{"id":54886,"date":"2023-09-27T08:29:54","date_gmt":"2023-09-27T06:29:54","guid":{"rendered":"https:\/\/gorica.info\/?p=54886"},"modified":"2023-09-27T08:29:54","modified_gmt":"2023-09-27T06:29:54","slug":"zavrsen-je-regionalni-centar-izvrsnosti-pored-srednje-strukovne-skole-stizu-strojevi-i-oprema-uskoro-pocinje-i-prakticna-nastava-za-ucenike","status":"publish","type":"post","link":"https:\/\/gorica.info\/en\/zavrsen-je-regionalni-centar-izvrsnosti-pored-srednje-strukovne-skole-stizu-strojevi-i-oprema-uskoro-pocinje-i-prakticna-nastava-za-ucenike\/","title":{"rendered":"Zavr\u0161en je Regionalni centar kompetentnosti pored Srednje strukovne \u0161kole: Sti\u017eu strojevi i oprema, uskoro po\u010dinje prakti\u010dna nastava za u\u010denike"},"content":{"rendered":"<p><strong>Zavr\u0161eni su radovi<\/strong> na izgradnji <strong>Regionalnog centra izvrsnosti za CAD\/CAM\/CNC<\/strong> sustave i aditivne tehnologije koji je postao sastavni dio<a href=\"https:\/\/gorica.info\/en\/2023\/02\/28\/regionalni-centar-kompetentnosti-trebao-bi-biti-zavrsen-ove-jeseni-nastavnici-se-ubrzano-educiraju-a-obrtnici-cekaju-buduce-radnike\/\"> Srednje strukovne \u0161kole<\/a> Velika Gorica. Upravo se postavlja <strong>oprema i najmoderniji ure\u0111aji<\/strong> na kojima \u0107e uskoro u\u010denici imati svakodnevnu prakti\u010dnu nastavu. Ovaj centar modernizirat \u0107e <strong>strukovno obrazovanje<\/strong> u Velikoj Gorici i Zagreba\u010dkoj \u017eupaniji jer \u0107e u\u010denici u\u010diti kroz rad \u0161to \u0107e im omogu\u0107iti lak\u0161e zapo\u0161ljavanje.<\/p>\n<p><img fetchpriority=\"high\" decoding=\"async\" class=\"aligncenter wp-image-54895 size-large\" src=\"https:\/\/gorica.info\/wp-content\/uploads\/2023\/09\/regionalni-centar-foto-struka-zove-1024x449.jpg\" alt=\"centar\" width=\"810\" height=\"355\" srcset=\"https:\/\/gorica.info\/wp-content\/uploads\/2023\/09\/regionalni-centar-foto-struka-zove-1024x449.jpg 1024w, https:\/\/gorica.info\/wp-content\/uploads\/2023\/09\/regionalni-centar-foto-struka-zove-300x132.jpg 300w, https:\/\/gorica.info\/wp-content\/uploads\/2023\/09\/regionalni-centar-foto-struka-zove-768x337.jpg 768w, https:\/\/gorica.info\/wp-content\/uploads\/2023\/09\/regionalni-centar-foto-struka-zove-18x8.jpg 18w, https:\/\/gorica.info\/wp-content\/uploads\/2023\/09\/regionalni-centar-foto-struka-zove-750x329.jpg 750w, https:\/\/gorica.info\/wp-content\/uploads\/2023\/09\/regionalni-centar-foto-struka-zove-1140x500.jpg 1140w, https:\/\/gorica.info\/wp-content\/uploads\/2023\/09\/regionalni-centar-foto-struka-zove.jpg 1100w\" sizes=\"(max-width: 810px) 100vw, 810px\" \/><\/p>\n<p><img decoding=\"async\" class=\"aligncenter wp-image-54890 size-large\" src=\"https:\/\/gorica.info\/wp-content\/uploads\/2023\/09\/regionalni-centar-strojevi1-1024x576.jpg\" alt=\"centar\" width=\"810\" height=\"456\" srcset=\"https:\/\/gorica.info\/wp-content\/uploads\/2023\/09\/regionalni-centar-strojevi1-1024x576.jpg 1024w, https:\/\/gorica.info\/wp-content\/uploads\/2023\/09\/regionalni-centar-strojevi1-300x169.jpg 300w, https:\/\/gorica.info\/wp-content\/uploads\/2023\/09\/regionalni-centar-strojevi1-768x432.jpg 768w, https:\/\/gorica.info\/wp-content\/uploads\/2023\/09\/regionalni-centar-strojevi1-18x10.jpg 18w, https:\/\/gorica.info\/wp-content\/uploads\/2023\/09\/regionalni-centar-strojevi1-750x422.jpg 750w, https:\/\/gorica.info\/wp-content\/uploads\/2023\/09\/regionalni-centar-strojevi1-1140x641.jpg 1140w, https:\/\/gorica.info\/wp-content\/uploads\/2023\/09\/regionalni-centar-strojevi1.jpg 1100w\" sizes=\"(max-width: 810px) 100vw, 810px\" \/><\/p>\n<p>&#8211; Pustili smo u rad dva erozimata. Na svojoj poziciji se nalaze tri CNC stroja, peteroosni obradni centar, troosni obradni centar i jedna CNC glodalica sa dodava\u010dima materijala. Stigla je i tra\u010dna pila, planska i alatna brusilica koje pu\u0161tamo u pogon. Po\u010dela je stizati oprema za toplinsku obradu, dok sti\u017ee i oprema za aditivnu tehnologiju i 3 D skeniranje. Jo\u0161 \u010dekamo opremu za mjeriteljstvo. Ukupna oprema za sva tri centra izvrsnosti je oko \u010detiri milijuna eura, dok \u0107e samo u Velikoj Gorici biti polovica te vrijednosti \u2013 \u00a0kazao je voditelj integralnog projekta RCK Industrije 4.0 <strong>Matija Galekovi\u0107<\/strong>, a prenosi portal <a href=\"https:\/\/www.struka-zove.hr\/foto-pogledajte-kako-izgleda-moderan-centar-izvrsnosti-u-velikoj-gorici-i-sto-se-dogada-unutar-zgrade-ebsiQoGSY3qsCOSs#\">Struka zove<\/a>.<\/p>\n<p>Izgradnja Centra izvrsnosti zapo\u010dela je u srpnju pro\u0161le godine, a uz ovaj gori\u010dki gradi se jo\u0161 jedan u Samoboru, a drugi u Dugom Selu.<\/p>\n<p><img decoding=\"async\" class=\"aligncenter wp-image-54889 size-large\" src=\"https:\/\/gorica.info\/wp-content\/uploads\/2023\/09\/regionalni-centar-strojevi2-1024x450.jpg\" alt=\"\" width=\"810\" height=\"356\" srcset=\"https:\/\/gorica.info\/wp-content\/uploads\/2023\/09\/regionalni-centar-strojevi2-1024x450.jpg 1024w, https:\/\/gorica.info\/wp-content\/uploads\/2023\/09\/regionalni-centar-strojevi2-300x132.jpg 300w, https:\/\/gorica.info\/wp-content\/uploads\/2023\/09\/regionalni-centar-strojevi2-768x337.jpg 768w, https:\/\/gorica.info\/wp-content\/uploads\/2023\/09\/regionalni-centar-strojevi2-18x8.jpg 18w, https:\/\/gorica.info\/wp-content\/uploads\/2023\/09\/regionalni-centar-strojevi2-750x329.jpg 750w, https:\/\/gorica.info\/wp-content\/uploads\/2023\/09\/regionalni-centar-strojevi2-1140x501.jpg 1140w, https:\/\/gorica.info\/wp-content\/uploads\/2023\/09\/regionalni-centar-strojevi2.jpg 1100w\" sizes=\"(max-width: 810px) 100vw, 810px\" \/><\/p>\n<p>Podsjetimo, Srednja strukovna \u0161kola Velika Gorica na popisu je<strong> 25 regionalnih centara kompetentnosti<\/strong> u strukovnom obrazovanju. Gori\u010dka strukovna \u0161kola je regionalni centar kompetentnosti za strojarstvo.<\/p>\n<p>Regionalni centri kompetentnosti su mjesta izvrsnosti strukovnog obrazovanja i osposobljavanja u kojima se provode programi redovitog strukovnog obrazovanja, stru\u010dnog usavr\u0161avanja i cjelo\u017eivotnog obrazovanja kao i drugi oblici formalnog i neformalnog obrazovanja.<\/p>\n<p>Da bi neka \u0161kola postala regionalni centar kompetentnosti mora provoditi inovativne modele u\u010denja, imati izvrsne nastavnike, visokokvalitetnu infrastruktura, odli\u010dnu suradnju s poduzetnicima\u2026<\/p>\n<figure id=\"attachment_54893\" aria-describedby=\"caption-attachment-54893\" style=\"width: 810px\" class=\"wp-caption aligncenter\"><img loading=\"lazy\" decoding=\"async\" class=\"wp-image-54893 size-large\" src=\"https:\/\/gorica.info\/wp-content\/uploads\/2023\/09\/regionalni-centar2-foto-struka-zove-1024x449.jpg\" alt=\"centar\" width=\"810\" height=\"355\" srcset=\"https:\/\/gorica.info\/wp-content\/uploads\/2023\/09\/regionalni-centar2-foto-struka-zove-1024x449.jpg 1024w, https:\/\/gorica.info\/wp-content\/uploads\/2023\/09\/regionalni-centar2-foto-struka-zove-300x132.jpg 300w, https:\/\/gorica.info\/wp-content\/uploads\/2023\/09\/regionalni-centar2-foto-struka-zove-768x337.jpg 768w, https:\/\/gorica.info\/wp-content\/uploads\/2023\/09\/regionalni-centar2-foto-struka-zove-18x8.jpg 18w, https:\/\/gorica.info\/wp-content\/uploads\/2023\/09\/regionalni-centar2-foto-struka-zove-750x329.jpg 750w, https:\/\/gorica.info\/wp-content\/uploads\/2023\/09\/regionalni-centar2-foto-struka-zove-1140x500.jpg 1140w, https:\/\/gorica.info\/wp-content\/uploads\/2023\/09\/regionalni-centar2-foto-struka-zove.jpg 1100w\" sizes=\"(max-width: 810px) 100vw, 810px\" \/><figcaption id=\"caption-attachment-54893\" class=\"wp-caption-text\">Foto: Struka zove<\/figcaption><\/figure>\n<p><img loading=\"lazy\" decoding=\"async\" class=\"aligncenter wp-image-54892 size-large\" src=\"https:\/\/gorica.info\/wp-content\/uploads\/2023\/09\/regionalni-cnetar3-foto-struka-zove-1024x449.jpg\" alt=\"\" width=\"810\" height=\"355\" srcset=\"https:\/\/gorica.info\/wp-content\/uploads\/2023\/09\/regionalni-cnetar3-foto-struka-zove-1024x449.jpg 1024w, https:\/\/gorica.info\/wp-content\/uploads\/2023\/09\/regionalni-cnetar3-foto-struka-zove-300x132.jpg 300w, https:\/\/gorica.info\/wp-content\/uploads\/2023\/09\/regionalni-cnetar3-foto-struka-zove-768x337.jpg 768w, https:\/\/gorica.info\/wp-content\/uploads\/2023\/09\/regionalni-cnetar3-foto-struka-zove-18x8.jpg 18w, https:\/\/gorica.info\/wp-content\/uploads\/2023\/09\/regionalni-cnetar3-foto-struka-zove-750x329.jpg 750w, https:\/\/gorica.info\/wp-content\/uploads\/2023\/09\/regionalni-cnetar3-foto-struka-zove-1140x500.jpg 1140w, https:\/\/gorica.info\/wp-content\/uploads\/2023\/09\/regionalni-cnetar3-foto-struka-zove.jpg 1100w\" sizes=\"(max-width: 810px) 100vw, 810px\" \/><\/p>\n<p><img loading=\"lazy\" decoding=\"async\" class=\"aligncenter wp-image-54891 size-large\" src=\"https:\/\/gorica.info\/wp-content\/uploads\/2023\/09\/regionalni-centar-strojevi-1024x449.jpg\" alt=\"\" width=\"810\" height=\"355\" srcset=\"https:\/\/gorica.info\/wp-content\/uploads\/2023\/09\/regionalni-centar-strojevi-1024x449.jpg 1024w, https:\/\/gorica.info\/wp-content\/uploads\/2023\/09\/regionalni-centar-strojevi-300x132.jpg 300w, https:\/\/gorica.info\/wp-content\/uploads\/2023\/09\/regionalni-centar-strojevi-768x337.jpg 768w, https:\/\/gorica.info\/wp-content\/uploads\/2023\/09\/regionalni-centar-strojevi-18x8.jpg 18w, https:\/\/gorica.info\/wp-content\/uploads\/2023\/09\/regionalni-centar-strojevi-750x329.jpg 750w, https:\/\/gorica.info\/wp-content\/uploads\/2023\/09\/regionalni-centar-strojevi-1140x500.jpg 1140w, https:\/\/gorica.info\/wp-content\/uploads\/2023\/09\/regionalni-centar-strojevi.jpg 1100w\" sizes=\"(max-width: 810px) 100vw, 810px\" \/>\u00a0<img loading=\"lazy\" decoding=\"async\" class=\"aligncenter wp-image-54894 size-large\" src=\"https:\/\/gorica.info\/wp-content\/uploads\/2023\/09\/regionalni-centar1-foto-struka-zove-1024x450.jpg\" alt=\"\" width=\"810\" height=\"356\" srcset=\"https:\/\/gorica.info\/wp-content\/uploads\/2023\/09\/regionalni-centar1-foto-struka-zove-1024x450.jpg 1024w, https:\/\/gorica.info\/wp-content\/uploads\/2023\/09\/regionalni-centar1-foto-struka-zove-300x132.jpg 300w, https:\/\/gorica.info\/wp-content\/uploads\/2023\/09\/regionalni-centar1-foto-struka-zove-768x337.jpg 768w, https:\/\/gorica.info\/wp-content\/uploads\/2023\/09\/regionalni-centar1-foto-struka-zove-18x8.jpg 18w, https:\/\/gorica.info\/wp-content\/uploads\/2023\/09\/regionalni-centar1-foto-struka-zove-750x329.jpg 750w, https:\/\/gorica.info\/wp-content\/uploads\/2023\/09\/regionalni-centar1-foto-struka-zove-1140x501.jpg 1140w, https:\/\/gorica.info\/wp-content\/uploads\/2023\/09\/regionalni-centar1-foto-struka-zove.jpg 1100w\" sizes=\"(max-width: 810px) 100vw, 810px\" \/><\/p>","protected":false},"excerpt":{"rendered":"<p>Zavr\u0161eni su radovi na izgradnji Regionalnog centra izvrsnosti za CAD\/CAM\/CNC sustave i aditivne tehnologije koji je postao sastavni dio Srednje strukovne \u0161kole Velika Gorica. Upravo se postavlja oprema i najmoderniji ure\u0111aji na kojima \u0107e uskoro u\u010denici imati svakodnevnu prakti\u010dnu nastavu. Ovaj centar modernizirat \u0107e strukovno obrazovanje u Velikoj Gorici i Zagreba\u010dkoj \u017eupaniji jer \u0107e u\u010denici [&hellip;]<\/p>\n","protected":false},"author":23,"featured_media":54887,"comment_status":"open","ping_status":"open","sticky":false,"template":"","format":"standard","meta":{"limit_modified_date":"","last_modified_date":"","jnews-multi-image_gallery":[],"jnews_single_post":[],"jnews_primary_category":[],"jnews_override_counter":[],"footnotes":""},"categories":[91],"tags":[7494,119,11598,776,3387,194,122],"class_list":["post-54886","post","type-post","status-publish","format-standard","has-post-thumbnail","hentry","category-vg-vazno","tag-centar-izvrsnosti","tag-poduzetnici","tag-regioanlni-centar-kompetentnosti","tag-srednja-strukovna-skola","tag-strukovno-obrazovanje","tag-ucenici","tag-velika-gorica"],"yoast_head":"<!-- This site is optimized with the Yoast SEO Premium plugin v27.4 (Yoast SEO v27.4) - https:\/\/yoast.com\/product\/yoast-seo-premium-wordpress\/ -->\n<title>Zavr\u0161en je Regionalni centar kompetentnosti pored Srednje strukovne \u0161kole: Sti\u017eu strojevi i oprema, uskoro po\u010dinje prakti\u010dna nastava za u\u010denike - Gorica Info<\/title>\n<meta name=\"description\" content=\"Zavr\u0161en je Regionalni centar izvrsnosti pored Srednje strukovne \u0161kole: Sti\u017eu strojevi i oprema, uskoro po\u010dinje i prakti\u010dna nastava za u\u010denike\" \/>\n<meta name=\"robots\" content=\"index, follow, max-snippet:-1, max-image-preview:large, max-video-preview:-1\" \/>\n<link rel=\"canonical\" href=\"https:\/\/gorica.info\/en\/zavrsen-je-regionalni-centar-izvrsnosti-pored-srednje-strukovne-skole-stizu-strojevi-i-oprema-uskoro-pocinje-i-prakticna-nastava-za-ucenike\/\" \/>\n<meta property=\"og:locale\" content=\"en_US\" \/>\n<meta property=\"og:type\" content=\"article\" \/>\n<meta property=\"og:title\" content=\"Zavr\u0161en je Regionalni centar kompetentnosti pored Srednje strukovne \u0161kole: Sti\u017eu strojevi i oprema, uskoro po\u010dinje prakti\u010dna nastava za u\u010denike\" \/>\n<meta property=\"og:description\" content=\"Zavr\u0161en je Regionalni centar izvrsnosti pored Srednje strukovne \u0161kole: Sti\u017eu strojevi i oprema, uskoro po\u010dinje i prakti\u010dna nastava za u\u010denike\" \/>\n<meta property=\"og:url\" content=\"https:\/\/gorica.info\/en\/zavrsen-je-regionalni-centar-izvrsnosti-pored-srednje-strukovne-skole-stizu-strojevi-i-oprema-uskoro-pocinje-i-prakticna-nastava-za-ucenike\/\" \/>\n<meta property=\"og:site_name\" content=\"Gorica Info\" \/>\n<meta property=\"article:publisher\" content=\"https:\/\/www.facebook.com\/Goricainfo-106005144489262\" \/>\n<meta property=\"article:published_time\" content=\"2023-09-27T06:29:54+00:00\" \/>\n<meta property=\"og:image\" content=\"https:\/\/gorica.info\/wp-content\/uploads\/2023\/09\/regionalni-centar-kompetentnosti-foto-struka-zove.jpg\" \/>\n\t<meta property=\"og:image:width\" content=\"1200\" \/>\n\t<meta property=\"og:image:height\" content=\"771\" \/>\n\t<meta property=\"og:image:type\" content=\"image\/jpeg\" \/>\n<meta name=\"author\" content=\"Gorica. info\" \/>\n<meta name=\"twitter:card\" content=\"summary_large_image\" \/>\n<meta name=\"twitter:creator\" content=\"@GoricaInfo\" \/>\n<meta name=\"twitter:site\" content=\"@GoricaInfo\" \/>\n<meta name=\"twitter:label1\" content=\"Written by\" \/>\n\t<meta name=\"twitter:data1\" content=\"Gorica. info\" \/>\n\t<meta name=\"twitter:label2\" content=\"Est. reading time\" \/>\n\t<meta name=\"twitter:data2\" content=\"3 minutes\" \/>\n<meta name=\"geo.placename\" content=\"Velika Gorica\" \/>\n<meta name=\"geo.region\" content=\"Croatia\" \/>\n<!-- \/ Yoast SEO Premium plugin. -->","yoast_head_json":{"title":"Zavr\u0161en je Regionalni centar kompetentnosti pored Srednje strukovne \u0161kole: Sti\u017eu strojevi i oprema, uskoro po\u010dinje prakti\u010dna nastava za u\u010denike - Gorica Info","description":"Zavr\u0161en je Regionalni centar izvrsnosti pored Srednje strukovne \u0161kole: Sti\u017eu strojevi i oprema, uskoro po\u010dinje i prakti\u010dna nastava za u\u010denike","robots":{"index":"index","follow":"follow","max-snippet":"max-snippet:-1","max-image-preview":"max-image-preview:large","max-video-preview":"max-video-preview:-1"},"canonical":"https:\/\/gorica.info\/en\/zavrsen-je-regionalni-centar-izvrsnosti-pored-srednje-strukovne-skole-stizu-strojevi-i-oprema-uskoro-pocinje-i-prakticna-nastava-za-ucenike\/","og_locale":"en_US","og_type":"article","og_title":"Zavr\u0161en je Regionalni centar kompetentnosti pored Srednje strukovne \u0161kole: Sti\u017eu strojevi i oprema, uskoro po\u010dinje prakti\u010dna nastava za u\u010denike","og_description":"Zavr\u0161en je Regionalni centar izvrsnosti pored Srednje strukovne \u0161kole: Sti\u017eu strojevi i oprema, uskoro po\u010dinje i prakti\u010dna nastava za u\u010denike","og_url":"https:\/\/gorica.info\/en\/zavrsen-je-regionalni-centar-izvrsnosti-pored-srednje-strukovne-skole-stizu-strojevi-i-oprema-uskoro-pocinje-i-prakticna-nastava-za-ucenike\/","og_site_name":"Gorica Info","article_publisher":"https:\/\/www.facebook.com\/Goricainfo-106005144489262","article_published_time":"2023-09-27T06:29:54+00:00","og_image":[{"width":1200,"height":771,"url":"https:\/\/gorica.info\/wp-content\/uploads\/2023\/09\/regionalni-centar-kompetentnosti-foto-struka-zove.jpg","type":"image\/jpeg"}],"author":"Gorica. info","twitter_card":"summary_large_image","twitter_creator":"@GoricaInfo","twitter_site":"@GoricaInfo","twitter_misc":{"Written by":"Gorica. info","Est. reading time":"3 minutes"},"schema":{"@context":"https:\/\/schema.org","@graph":[{"@type":"NewsArticle","@id":"https:\/\/gorica.info\/zavrsen-je-regionalni-centar-izvrsnosti-pored-srednje-strukovne-skole-stizu-strojevi-i-oprema-uskoro-pocinje-i-prakticna-nastava-za-ucenike\/#article","isPartOf":{"@id":"https:\/\/gorica.info\/zavrsen-je-regionalni-centar-izvrsnosti-pored-srednje-strukovne-skole-stizu-strojevi-i-oprema-uskoro-pocinje-i-prakticna-nastava-za-ucenike\/"},"author":{"name":"Gorica. info","@id":"https:\/\/gorica.info\/#\/schema\/person\/4499af1f22f322670b9b5977ccc2e3de"},"headline":"Zavr\u0161en je Regionalni centar kompetentnosti pored Srednje strukovne \u0161kole: Sti\u017eu strojevi i oprema, uskoro po\u010dinje prakti\u010dna nastava za u\u010denike","datePublished":"2023-09-27T06:29:54+00:00","mainEntityOfPage":{"@id":"https:\/\/gorica.info\/zavrsen-je-regionalni-centar-izvrsnosti-pored-srednje-strukovne-skole-stizu-strojevi-i-oprema-uskoro-pocinje-i-prakticna-nastava-za-ucenike\/"},"wordCount":324,"commentCount":0,"publisher":{"@id":"https:\/\/gorica.info\/#organization"},"image":{"@id":"https:\/\/gorica.info\/zavrsen-je-regionalni-centar-izvrsnosti-pored-srednje-strukovne-skole-stizu-strojevi-i-oprema-uskoro-pocinje-i-prakticna-nastava-za-ucenike\/#primaryimage"},"thumbnailUrl":"https:\/\/gorica.info\/wp-content\/uploads\/2023\/09\/regionalni-centar-kompetentnosti-foto-struka-zove.jpg","keywords":["centar izvrsnosti","poduzetnici","regioanlni centar kompetentnosti","srednja strukovna \u0161kola","strukovno obrazovanje","u\u010denici","Velika Gorica"],"articleSection":["VG VA\u017dNO"],"inLanguage":"en-US","potentialAction":[{"@type":"CommentAction","name":"Comment","target":["https:\/\/gorica.info\/zavrsen-je-regionalni-centar-izvrsnosti-pored-srednje-strukovne-skole-stizu-strojevi-i-oprema-uskoro-pocinje-i-prakticna-nastava-za-ucenike\/#respond"]}],"copyrightYear":"2023","copyrightHolder":{"@id":"https:\/\/gorica.info\/en\/#organization"}},{"@type":"WebPage","@id":"https:\/\/gorica.info\/zavrsen-je-regionalni-centar-izvrsnosti-pored-srednje-strukovne-skole-stizu-strojevi-i-oprema-uskoro-pocinje-i-prakticna-nastava-za-ucenike\/","url":"https:\/\/gorica.info\/zavrsen-je-regionalni-centar-izvrsnosti-pored-srednje-strukovne-skole-stizu-strojevi-i-oprema-uskoro-pocinje-i-prakticna-nastava-za-ucenike\/","name":"Zavr\u0161en je Regionalni centar kompetentnosti pored Srednje strukovne \u0161kole: Sti\u017eu strojevi i oprema, uskoro po\u010dinje prakti\u010dna nastava za u\u010denike - Gorica Info","isPartOf":{"@id":"https:\/\/gorica.info\/#website"},"primaryImageOfPage":{"@id":"https:\/\/gorica.info\/zavrsen-je-regionalni-centar-izvrsnosti-pored-srednje-strukovne-skole-stizu-strojevi-i-oprema-uskoro-pocinje-i-prakticna-nastava-za-ucenike\/#primaryimage"},"image":{"@id":"https:\/\/gorica.info\/zavrsen-je-regionalni-centar-izvrsnosti-pored-srednje-strukovne-skole-stizu-strojevi-i-oprema-uskoro-pocinje-i-prakticna-nastava-za-ucenike\/#primaryimage"},"thumbnailUrl":"https:\/\/gorica.info\/wp-content\/uploads\/2023\/09\/regionalni-centar-kompetentnosti-foto-struka-zove.jpg","datePublished":"2023-09-27T06:29:54+00:00","description":"Zavr\u0161en je Regionalni centar izvrsnosti pored Srednje strukovne \u0161kole: Sti\u017eu strojevi i oprema, uskoro po\u010dinje i prakti\u010dna nastava za u\u010denike","breadcrumb":{"@id":"https:\/\/gorica.info\/zavrsen-je-regionalni-centar-izvrsnosti-pored-srednje-strukovne-skole-stizu-strojevi-i-oprema-uskoro-pocinje-i-prakticna-nastava-za-ucenike\/#breadcrumb"},"inLanguage":"en-US","potentialAction":[{"@type":"ReadAction","target":["https:\/\/gorica.info\/zavrsen-je-regionalni-centar-izvrsnosti-pored-srednje-strukovne-skole-stizu-strojevi-i-oprema-uskoro-pocinje-i-prakticna-nastava-za-ucenike\/"]}]},{"@type":"ImageObject","inLanguage":"en-US","@id":"https:\/\/gorica.info\/zavrsen-je-regionalni-centar-izvrsnosti-pored-srednje-strukovne-skole-stizu-strojevi-i-oprema-uskoro-pocinje-i-prakticna-nastava-za-ucenike\/#primaryimage","url":"https:\/\/gorica.info\/wp-content\/uploads\/2023\/09\/regionalni-centar-kompetentnosti-foto-struka-zove.jpg","contentUrl":"https:\/\/gorica.info\/wp-content\/uploads\/2023\/09\/regionalni-centar-kompetentnosti-foto-struka-zove.jpg","width":1100,"height":707,"caption":"Foto: Struka zove"},{"@type":"BreadcrumbList","@id":"https:\/\/gorica.info\/zavrsen-je-regionalni-centar-izvrsnosti-pored-srednje-strukovne-skole-stizu-strojevi-i-oprema-uskoro-pocinje-i-prakticna-nastava-za-ucenike\/#breadcrumb","itemListElement":[{"@type":"ListItem","position":1,"name":"Po\u010detna stranica","item":"https:\/\/gorica.info\/"},{"@type":"ListItem","position":2,"name":"Zavr\u0161en je Regionalni centar kompetentnosti pored Srednje strukovne \u0161kole: Sti\u017eu strojevi i oprema, uskoro po\u010dinje prakti\u010dna nastava za u\u010denike"}]},{"@type":"WebSite","@id":"https:\/\/gorica.info\/#website","url":"https:\/\/gorica.info\/","name":"Gorica Info","description":"Vijesti iz Velike Gorice i okolice.","publisher":{"@id":"https:\/\/gorica.info\/#organization"},"potentialAction":[{"@type":"SearchAction","target":{"@type":"EntryPoint","urlTemplate":"https:\/\/gorica.info\/?s={search_term_string}"},"query-input":{"@type":"PropertyValueSpecification","valueRequired":true,"valueName":"search_term_string"}}],"inLanguage":"en-US"},{"@type":["Organization","Place","NewsMediaOrganization"],"@id":"https:\/\/gorica.info\/#organization","name":"Gorica Info","url":"https:\/\/gorica.info\/","logo":{"@id":"https:\/\/gorica.info\/zavrsen-je-regionalni-centar-izvrsnosti-pored-srednje-strukovne-skole-stizu-strojevi-i-oprema-uskoro-pocinje-i-prakticna-nastava-za-ucenike\/#local-main-organization-logo"},"image":{"@id":"https:\/\/gorica.info\/zavrsen-je-regionalni-centar-izvrsnosti-pored-srednje-strukovne-skole-stizu-strojevi-i-oprema-uskoro-pocinje-i-prakticna-nastava-za-ucenike\/#local-main-organization-logo"},"sameAs":["https:\/\/www.facebook.com\/Goricainfo-106005144489262","https:\/\/x.com\/GoricaInfo","https:\/\/www.instagram.com\/gorica.info\/"],"address":{"@id":"https:\/\/gorica.info\/zavrsen-je-regionalni-centar-izvrsnosti-pored-srednje-strukovne-skole-stizu-strojevi-i-oprema-uskoro-pocinje-i-prakticna-nastava-za-ucenike\/#local-main-place-address"},"telephone":[],"openingHoursSpecification":[{"@type":"OpeningHoursSpecification","dayOfWeek":["Monday","Tuesday","Wednesday","Thursday","Friday","Saturday","Sunday"],"opens":"09:00","closes":"17:00"}],"email":"redakcija@gorica.info"},{"@type":"Person","@id":"https:\/\/gorica.info\/#\/schema\/person\/4499af1f22f322670b9b5977ccc2e3de","name":"Gorica. info","description":"Gorica.info je lokalni portal koji prati Veliku Goricu i okolici, svakodnevno donosi najnovije vijesti i pri\u010de, kulturna doga\u0111anja i aktualnosti koje oblikuju \u017eivot gra\u0111ana.","url":"https:\/\/gorica.info\/en\/author\/gorica-info\/"},{"@type":"PostalAddress","@id":"https:\/\/gorica.info\/zavrsen-je-regionalni-centar-izvrsnosti-pored-srednje-strukovne-skole-stizu-strojevi-i-oprema-uskoro-pocinje-i-prakticna-nastava-za-ucenike\/#local-main-place-address","streetAddress":"Horvatova 97","addressLocality":"Velika Gorica","postalCode":"10410","addressRegion":"Croatia","addressCountry":"HR"},{"@type":"ImageObject","inLanguage":"en-US","@id":"https:\/\/gorica.info\/zavrsen-je-regionalni-centar-izvrsnosti-pored-srednje-strukovne-skole-stizu-strojevi-i-oprema-uskoro-pocinje-i-prakticna-nastava-za-ucenike\/#local-main-organization-logo","url":"https:\/\/gorica.info\/wp-content\/uploads\/2024\/07\/Gorica-Info-Logo-mali.png","contentUrl":"https:\/\/gorica.info\/wp-content\/uploads\/2024\/07\/Gorica-Info-Logo-mali.png","width":450,"height":85,"caption":"Gorica Info"}]},"geo.placename":"Velika Gorica","geo.region":"Croatia"},"_links":{"self":[{"href":"https:\/\/gorica.info\/en\/wp-json\/wp\/v2\/posts\/54886","targetHints":{"allow":["GET"]}}],"collection":[{"href":"https:\/\/gorica.info\/en\/wp-json\/wp\/v2\/posts"}],"about":[{"href":"https:\/\/gorica.info\/en\/wp-json\/wp\/v2\/types\/post"}],"author":[{"embeddable":true,"href":"https:\/\/gorica.info\/en\/wp-json\/wp\/v2\/users\/23"}],"replies":[{"embeddable":true,"href":"https:\/\/gorica.info\/en\/wp-json\/wp\/v2\/comments?post=54886"}],"version-history":[{"count":0,"href":"https:\/\/gorica.info\/en\/wp-json\/wp\/v2\/posts\/54886\/revisions"}],"wp:featuredmedia":[{"embeddable":true,"href":"https:\/\/gorica.info\/en\/wp-json\/wp\/v2\/media\/54887"}],"wp:attachment":[{"href":"https:\/\/gorica.info\/en\/wp-json\/wp\/v2\/media?parent=54886"}],"wp:term":[{"taxonomy":"category","embeddable":true,"href":"https:\/\/gorica.info\/en\/wp-json\/wp\/v2\/categories?post=54886"},{"taxonomy":"post_tag","embeddable":true,"href":"https:\/\/gorica.info\/en\/wp-json\/wp\/v2\/tags?post=54886"}],"curies":[{"name":"wp","href":"https:\/\/api.w.org\/{rel}","templated":true}]}}