{"id":54949,"date":"2023-09-28T10:48:30","date_gmt":"2023-09-28T08:48:30","guid":{"rendered":"https:\/\/gorica.info\/?p=54949"},"modified":"2023-09-28T10:48:30","modified_gmt":"2023-09-28T08:48:30","slug":"gorica-u-cetvrtak-docekuje-kk-larus-u-kupu-kresimira-cosica-dodite-u-gradsku-sportsku-dvoranu-i-podrzite-bikove-ulaz-je-besplatan","status":"publish","type":"post","link":"https:\/\/gorica.info\/en\/gorica-u-cetvrtak-docekuje-kk-larus-u-kupu-kresimira-cosica-dodite-u-gradsku-sportsku-dvoranu-i-podrzite-bikove-ulaz-je-besplatan\/","title":{"rendered":"Gorica do\u010dekuje KK Larus u Kupu Kre\u0161imira \u0106osi\u0107a: Do\u0111ite u Gradsku sportsku dvoranu i podr\u017eite Bikove, ulaz je besplatan"},"content":{"rendered":"<p><strong>Gori\u010dko ko\u0161arka\u0161i<\/strong> u \u010detvrtak imaju premijeru pred svojim navija\u010dima. Igra se<strong> 2. kolo Kupa Kre\u0161imira \u0106osi\u0107a<\/strong>, a <a href=\"https:\/\/gorica.info\/en\/2023\/06\/29\/kk-gorica-ima-novo-vodstvo-sportski-direktor-je-tonci-masina-trener-neven-nikolic-a-tajnik-kluba-miron-ceskic\/\">Gorica<\/a> do\u010dekuje ekipu zagreba\u010dkog <strong>Larusa<\/strong>. Prilika je to da navija\u010di upoznaju nove igra\u010de i novu filozofiju igre koju promovira trener <strong>Neven Nikoli\u0107<\/strong>.<\/p>\n<p>\u2013 Budu\u0107i da smo jo\u0161 uvijek u pripremnom periodu ove kup utakmice nam dobro do\u0111u za dodatno uigravanje i homogeniziranje ekipe. Jedna takva utakmica je i ova s Larusom. Ove godine imamo vrlo mladu ekipu kojoj je svaka utakmica jedno novo iskustvo i dodatna provjera svega onoga \u0161to radimo na treningu. Nadam se jednom dobrom pristupu i energiji od samog po\u010detka utakmice i da se u \u0161to boljem svjetlu predstavimo svojim navija\u010dima \u2013 zaklju\u010dio je Nikoli\u0107.<\/p>\n<figure id=\"attachment_54952\" aria-describedby=\"caption-attachment-54952\" style=\"width: 810px\" class=\"wp-caption aligncenter\"><img fetchpriority=\"high\" decoding=\"async\" class=\"wp-image-54952 size-large\" src=\"https:\/\/gorica.info\/wp-content\/uploads\/2023\/09\/002-Miloloza-1024x768.jpg\" alt=\"\" width=\"810\" height=\"608\" srcset=\"https:\/\/gorica.info\/wp-content\/uploads\/2023\/09\/002-Miloloza-1024x768.jpg 1024w, https:\/\/gorica.info\/wp-content\/uploads\/2023\/09\/002-Miloloza-300x225.jpg 300w, https:\/\/gorica.info\/wp-content\/uploads\/2023\/09\/002-Miloloza-768x576.jpg 768w, https:\/\/gorica.info\/wp-content\/uploads\/2023\/09\/002-Miloloza-16x12.jpg 16w, https:\/\/gorica.info\/wp-content\/uploads\/2023\/09\/002-Miloloza-750x562.jpg 750w, https:\/\/gorica.info\/wp-content\/uploads\/2023\/09\/002-Miloloza.jpg 1067w\" sizes=\"(max-width: 810px) 100vw, 810px\" \/><figcaption id=\"caption-attachment-54952\" class=\"wp-caption-text\">Foto: KK Gorica<\/figcaption><\/figure>\n<p><strong>Frane Milolo\u017ea<\/strong> prethodnih je sezona bio najmla\u0111i prvotimac i imao skromnu minuta\u017eu. Me\u0111utim, ove sezone je prilika za novo dokazivanje i Frane bi mogao do\u017eivjeti punu ko\u0161arka\u0161ku afirmaciju. Kao igra\u010d potekao u gori\u010dkim omladinskim selekcijama ostavit \u0107e i zadnji atom snage na terenu.<\/p>\n<p><strong>\u2013 <\/strong>Igramo protiv ekipe Larusa koja ove sezone nastupa u drugoj ligi centar. Od po\u010detka priprema pod vodstvom novog trenera i uz dosta novih igra\u010da dobro treniramo i spremamo se za novu sezonu. Vjerujem da uz dobar pristup na terenu i po\u0161tivanjem na\u010dina na\u0161e igre mo\u017eemo sezonu doma\u0107eg parketa otvoriti na pravi na\u010din i pobjedom se predstaviti velikogori\u010dkoj publici. Sigurno je da \u0107emo pru\u017eiti svoj maksimum i dati sve od sebe da do\u0111emo do druge vezane pobjede u Kupu <strong>\u2013<\/strong> obe\u0107ao je Milolo\u017ea.<\/p>\n<p><a href=\"https:\/\/www.kkgorica.hr\/gorica-docekuje-larus-i-predstavlja-se-domacim-navijacima\/\">Utakmica<\/a> je na rasporedu <strong>u \u010detvrtak, 28. rujna<\/strong> s po\u010detkom u 19 sati, a igra se u Gradskoj sportskoj dvorani. <strong>Ulaz je besplatan<\/strong> i prilika je svima koji su se za\u017eeljeli ko\u0161arke u Velikoj Gorici da upoznaju nove igra\u010de i novi stil igre.<\/p>","protected":false},"excerpt":{"rendered":"<p>Gori\u010dko ko\u0161arka\u0161i u \u010detvrtak imaju premijeru pred svojim navija\u010dima. Igra se 2. kolo Kupa Kre\u0161imira \u0106osi\u0107a, a Gorica do\u010dekuje ekipu zagreba\u010dkog Larusa. Prilika je to da navija\u010di upoznaju nove igra\u010de i novu filozofiju igre koju promovira trener Neven Nikoli\u0107. \u2013 Budu\u0107i da smo jo\u0161 uvijek u pripremnom periodu ove kup utakmice nam dobro do\u0111u za [&hellip;]<\/p>\n","protected":false},"author":23,"featured_media":54950,"comment_status":"open","ping_status":"open","sticky":false,"template":"","format":"standard","meta":{"limit_modified_date":"","last_modified_date":"","jnews-multi-image_gallery":[],"jnews_single_post":[],"jnews_primary_category":[],"jnews_override_counter":[],"footnotes":""},"categories":[100],"tags":[2976,11613,11614,551,11615,5355,10467,3231],"class_list":["post-54949","post","type-post","status-publish","format-standard","has-post-thumbnail","hentry","category-kosarka","tag-bikovi","tag-frane-miloloza","tag-gradska-sportska-dvorana","tag-kk-gorica","tag-kk-larus","tag-kup-kresimira-cosica","tag-neven-nikolic","tag-trener"],"yoast_head":"<!-- This site is optimized with the Yoast SEO Premium plugin v27.4 (Yoast SEO v27.4) - https:\/\/yoast.com\/product\/yoast-seo-premium-wordpress\/ -->\n<title>Gorica do\u010dekuje KK Larus u Kupu Kre\u0161imira \u0106osi\u0107a: Do\u0111ite u Gradsku sportsku dvoranu i podr\u017eite Bikove, ulaz je besplatan - Gorica Info<\/title>\n<meta name=\"description\" content=\"Gorica u \u010detvrtak do\u010dekuje KK Larus u Kupu Kre\u0161imira \u0106osi\u0107a. Do\u0111ite u Gradsku sportsku dvoranu i podr\u017eite Bikove, ulaz je besplatan\" \/>\n<meta name=\"robots\" content=\"index, follow, max-snippet:-1, max-image-preview:large, max-video-preview:-1\" \/>\n<link rel=\"canonical\" href=\"https:\/\/gorica.info\/en\/gorica-u-cetvrtak-docekuje-kk-larus-u-kupu-kresimira-cosica-dodite-u-gradsku-sportsku-dvoranu-i-podrzite-bikove-ulaz-je-besplatan\/\" \/>\n<meta property=\"og:locale\" content=\"en_US\" \/>\n<meta property=\"og:type\" content=\"article\" \/>\n<meta property=\"og:title\" content=\"Gorica do\u010dekuje KK Larus u Kupu Kre\u0161imira \u0106osi\u0107a: Do\u0111ite u Gradsku sportsku dvoranu i podr\u017eite Bikove, ulaz je besplatan\" \/>\n<meta property=\"og:description\" content=\"Gorica u \u010detvrtak do\u010dekuje KK Larus u Kupu Kre\u0161imira \u0106osi\u0107a. Do\u0111ite u Gradsku sportsku dvoranu i podr\u017eite Bikove, ulaz je besplatan\" \/>\n<meta property=\"og:url\" content=\"https:\/\/gorica.info\/en\/gorica-u-cetvrtak-docekuje-kk-larus-u-kupu-kresimira-cosica-dodite-u-gradsku-sportsku-dvoranu-i-podrzite-bikove-ulaz-je-besplatan\/\" \/>\n<meta property=\"og:site_name\" content=\"Gorica Info\" \/>\n<meta property=\"article:publisher\" content=\"https:\/\/www.facebook.com\/Goricainfo-106005144489262\" \/>\n<meta property=\"article:published_time\" content=\"2023-09-28T08:48:30+00:00\" \/>\n<meta property=\"og:image\" content=\"https:\/\/gorica.info\/wp-content\/uploads\/2023\/09\/001-Nikolic-i-Miloloza.jpg\" \/>\n\t<meta property=\"og:image:width\" content=\"1200\" \/>\n\t<meta property=\"og:image:height\" content=\"800\" \/>\n\t<meta property=\"og:image:type\" content=\"image\/jpeg\" \/>\n<meta name=\"author\" content=\"Gorica. info\" \/>\n<meta name=\"twitter:card\" content=\"summary_large_image\" \/>\n<meta name=\"twitter:creator\" content=\"@GoricaInfo\" \/>\n<meta name=\"twitter:site\" content=\"@GoricaInfo\" \/>\n<meta name=\"twitter:label1\" content=\"Written by\" \/>\n\t<meta name=\"twitter:data1\" content=\"Gorica. info\" \/>\n\t<meta name=\"twitter:label2\" content=\"Est. reading time\" \/>\n\t<meta name=\"twitter:data2\" content=\"2 minutes\" \/>\n<meta name=\"geo.placename\" content=\"Velika Gorica\" \/>\n<meta name=\"geo.region\" content=\"Croatia\" \/>\n<!-- \/ Yoast SEO Premium plugin. -->","yoast_head_json":{"title":"Gorica do\u010dekuje KK Larus u Kupu Kre\u0161imira \u0106osi\u0107a: Do\u0111ite u Gradsku sportsku dvoranu i podr\u017eite Bikove, ulaz je besplatan - Gorica Info","description":"Gorica u \u010detvrtak do\u010dekuje KK Larus u Kupu Kre\u0161imira \u0106osi\u0107a. Do\u0111ite u Gradsku sportsku dvoranu i podr\u017eite Bikove, ulaz je besplatan","robots":{"index":"index","follow":"follow","max-snippet":"max-snippet:-1","max-image-preview":"max-image-preview:large","max-video-preview":"max-video-preview:-1"},"canonical":"https:\/\/gorica.info\/en\/gorica-u-cetvrtak-docekuje-kk-larus-u-kupu-kresimira-cosica-dodite-u-gradsku-sportsku-dvoranu-i-podrzite-bikove-ulaz-je-besplatan\/","og_locale":"en_US","og_type":"article","og_title":"Gorica do\u010dekuje KK Larus u Kupu Kre\u0161imira \u0106osi\u0107a: Do\u0111ite u Gradsku sportsku dvoranu i podr\u017eite Bikove, ulaz je besplatan","og_description":"Gorica u \u010detvrtak do\u010dekuje KK Larus u Kupu Kre\u0161imira \u0106osi\u0107a. Do\u0111ite u Gradsku sportsku dvoranu i podr\u017eite Bikove, ulaz je besplatan","og_url":"https:\/\/gorica.info\/en\/gorica-u-cetvrtak-docekuje-kk-larus-u-kupu-kresimira-cosica-dodite-u-gradsku-sportsku-dvoranu-i-podrzite-bikove-ulaz-je-besplatan\/","og_site_name":"Gorica Info","article_publisher":"https:\/\/www.facebook.com\/Goricainfo-106005144489262","article_published_time":"2023-09-28T08:48:30+00:00","og_image":[{"width":1200,"height":800,"url":"https:\/\/gorica.info\/wp-content\/uploads\/2023\/09\/001-Nikolic-i-Miloloza.jpg","type":"image\/jpeg"}],"author":"Gorica. info","twitter_card":"summary_large_image","twitter_creator":"@GoricaInfo","twitter_site":"@GoricaInfo","twitter_misc":{"Written by":"Gorica. info","Est. reading time":"2 minutes"},"schema":{"@context":"https:\/\/schema.org","@graph":[{"@type":"NewsArticle","@id":"https:\/\/gorica.info\/gorica-u-cetvrtak-docekuje-kk-larus-u-kupu-kresimira-cosica-dodite-u-gradsku-sportsku-dvoranu-i-podrzite-bikove-ulaz-je-besplatan\/#article","isPartOf":{"@id":"https:\/\/gorica.info\/gorica-u-cetvrtak-docekuje-kk-larus-u-kupu-kresimira-cosica-dodite-u-gradsku-sportsku-dvoranu-i-podrzite-bikove-ulaz-je-besplatan\/"},"author":{"name":"Gorica. info","@id":"https:\/\/gorica.info\/#\/schema\/person\/4499af1f22f322670b9b5977ccc2e3de"},"headline":"Gorica do\u010dekuje KK Larus u Kupu Kre\u0161imira \u0106osi\u0107a: Do\u0111ite u Gradsku sportsku dvoranu i podr\u017eite Bikove, ulaz je besplatan","datePublished":"2023-09-28T08:48:30+00:00","mainEntityOfPage":{"@id":"https:\/\/gorica.info\/gorica-u-cetvrtak-docekuje-kk-larus-u-kupu-kresimira-cosica-dodite-u-gradsku-sportsku-dvoranu-i-podrzite-bikove-ulaz-je-besplatan\/"},"wordCount":351,"commentCount":0,"publisher":{"@id":"https:\/\/gorica.info\/#organization"},"image":{"@id":"https:\/\/gorica.info\/gorica-u-cetvrtak-docekuje-kk-larus-u-kupu-kresimira-cosica-dodite-u-gradsku-sportsku-dvoranu-i-podrzite-bikove-ulaz-je-besplatan\/#primaryimage"},"thumbnailUrl":"https:\/\/gorica.info\/wp-content\/uploads\/2023\/09\/001-Nikolic-i-Miloloza.jpg","keywords":["bikovi","frane milolo\u017ea","gradska sportska dvorana","kk gorica","kk larus","kup kre\u0161imira \u0107osi\u0107a","neven nikoli\u0107","trener"],"articleSection":["KO\u0160ARKA"],"inLanguage":"en-US","potentialAction":[{"@type":"CommentAction","name":"Comment","target":["https:\/\/gorica.info\/gorica-u-cetvrtak-docekuje-kk-larus-u-kupu-kresimira-cosica-dodite-u-gradsku-sportsku-dvoranu-i-podrzite-bikove-ulaz-je-besplatan\/#respond"]}],"copyrightYear":"2023","copyrightHolder":{"@id":"https:\/\/gorica.info\/en\/#organization"}},{"@type":"WebPage","@id":"https:\/\/gorica.info\/gorica-u-cetvrtak-docekuje-kk-larus-u-kupu-kresimira-cosica-dodite-u-gradsku-sportsku-dvoranu-i-podrzite-bikove-ulaz-je-besplatan\/","url":"https:\/\/gorica.info\/gorica-u-cetvrtak-docekuje-kk-larus-u-kupu-kresimira-cosica-dodite-u-gradsku-sportsku-dvoranu-i-podrzite-bikove-ulaz-je-besplatan\/","name":"Gorica do\u010dekuje KK Larus u Kupu Kre\u0161imira \u0106osi\u0107a: Do\u0111ite u Gradsku sportsku dvoranu i podr\u017eite Bikove, ulaz je besplatan - Gorica Info","isPartOf":{"@id":"https:\/\/gorica.info\/#website"},"primaryImageOfPage":{"@id":"https:\/\/gorica.info\/gorica-u-cetvrtak-docekuje-kk-larus-u-kupu-kresimira-cosica-dodite-u-gradsku-sportsku-dvoranu-i-podrzite-bikove-ulaz-je-besplatan\/#primaryimage"},"image":{"@id":"https:\/\/gorica.info\/gorica-u-cetvrtak-docekuje-kk-larus-u-kupu-kresimira-cosica-dodite-u-gradsku-sportsku-dvoranu-i-podrzite-bikove-ulaz-je-besplatan\/#primaryimage"},"thumbnailUrl":"https:\/\/gorica.info\/wp-content\/uploads\/2023\/09\/001-Nikolic-i-Miloloza.jpg","datePublished":"2023-09-28T08:48:30+00:00","description":"Gorica u \u010detvrtak do\u010dekuje KK Larus u Kupu Kre\u0161imira \u0106osi\u0107a. Do\u0111ite u Gradsku sportsku dvoranu i podr\u017eite Bikove, ulaz je besplatan","breadcrumb":{"@id":"https:\/\/gorica.info\/gorica-u-cetvrtak-docekuje-kk-larus-u-kupu-kresimira-cosica-dodite-u-gradsku-sportsku-dvoranu-i-podrzite-bikove-ulaz-je-besplatan\/#breadcrumb"},"inLanguage":"en-US","potentialAction":[{"@type":"ReadAction","target":["https:\/\/gorica.info\/gorica-u-cetvrtak-docekuje-kk-larus-u-kupu-kresimira-cosica-dodite-u-gradsku-sportsku-dvoranu-i-podrzite-bikove-ulaz-je-besplatan\/"]}]},{"@type":"ImageObject","inLanguage":"en-US","@id":"https:\/\/gorica.info\/gorica-u-cetvrtak-docekuje-kk-larus-u-kupu-kresimira-cosica-dodite-u-gradsku-sportsku-dvoranu-i-podrzite-bikove-ulaz-je-besplatan\/#primaryimage","url":"https:\/\/gorica.info\/wp-content\/uploads\/2023\/09\/001-Nikolic-i-Miloloza.jpg","contentUrl":"https:\/\/gorica.info\/wp-content\/uploads\/2023\/09\/001-Nikolic-i-Miloloza.jpg","width":1100,"height":733,"caption":"Foto: KK Gorica"},{"@type":"BreadcrumbList","@id":"https:\/\/gorica.info\/gorica-u-cetvrtak-docekuje-kk-larus-u-kupu-kresimira-cosica-dodite-u-gradsku-sportsku-dvoranu-i-podrzite-bikove-ulaz-je-besplatan\/#breadcrumb","itemListElement":[{"@type":"ListItem","position":1,"name":"Po\u010detna stranica","item":"https:\/\/gorica.info\/"},{"@type":"ListItem","position":2,"name":"Gorica do\u010dekuje KK Larus u Kupu Kre\u0161imira \u0106osi\u0107a: Do\u0111ite u Gradsku sportsku dvoranu i podr\u017eite Bikove, ulaz je besplatan"}]},{"@type":"WebSite","@id":"https:\/\/gorica.info\/#website","url":"https:\/\/gorica.info\/","name":"Gorica Info","description":"Vijesti iz Velike Gorice i okolice.","publisher":{"@id":"https:\/\/gorica.info\/#organization"},"potentialAction":[{"@type":"SearchAction","target":{"@type":"EntryPoint","urlTemplate":"https:\/\/gorica.info\/?s={search_term_string}"},"query-input":{"@type":"PropertyValueSpecification","valueRequired":true,"valueName":"search_term_string"}}],"inLanguage":"en-US"},{"@type":["Organization","Place","NewsMediaOrganization"],"@id":"https:\/\/gorica.info\/#organization","name":"Gorica Info","url":"https:\/\/gorica.info\/","logo":{"@id":"https:\/\/gorica.info\/gorica-u-cetvrtak-docekuje-kk-larus-u-kupu-kresimira-cosica-dodite-u-gradsku-sportsku-dvoranu-i-podrzite-bikove-ulaz-je-besplatan\/#local-main-organization-logo"},"image":{"@id":"https:\/\/gorica.info\/gorica-u-cetvrtak-docekuje-kk-larus-u-kupu-kresimira-cosica-dodite-u-gradsku-sportsku-dvoranu-i-podrzite-bikove-ulaz-je-besplatan\/#local-main-organization-logo"},"sameAs":["https:\/\/www.facebook.com\/Goricainfo-106005144489262","https:\/\/x.com\/GoricaInfo","https:\/\/www.instagram.com\/gorica.info\/"],"address":{"@id":"https:\/\/gorica.info\/gorica-u-cetvrtak-docekuje-kk-larus-u-kupu-kresimira-cosica-dodite-u-gradsku-sportsku-dvoranu-i-podrzite-bikove-ulaz-je-besplatan\/#local-main-place-address"},"telephone":[],"openingHoursSpecification":[{"@type":"OpeningHoursSpecification","dayOfWeek":["Monday","Tuesday","Wednesday","Thursday","Friday","Saturday","Sunday"],"opens":"09:00","closes":"17:00"}],"email":"redakcija@gorica.info"},{"@type":"Person","@id":"https:\/\/gorica.info\/#\/schema\/person\/4499af1f22f322670b9b5977ccc2e3de","name":"Gorica. info","description":"Gorica.info je lokalni portal koji prati Veliku Goricu i okolici, svakodnevno donosi najnovije vijesti i pri\u010de, kulturna doga\u0111anja i aktualnosti koje oblikuju \u017eivot gra\u0111ana.","url":"https:\/\/gorica.info\/en\/author\/gorica-info\/"},{"@type":"PostalAddress","@id":"https:\/\/gorica.info\/gorica-u-cetvrtak-docekuje-kk-larus-u-kupu-kresimira-cosica-dodite-u-gradsku-sportsku-dvoranu-i-podrzite-bikove-ulaz-je-besplatan\/#local-main-place-address","streetAddress":"Horvatova 97","addressLocality":"Velika Gorica","postalCode":"10410","addressRegion":"Croatia","addressCountry":"HR"},{"@type":"ImageObject","inLanguage":"en-US","@id":"https:\/\/gorica.info\/gorica-u-cetvrtak-docekuje-kk-larus-u-kupu-kresimira-cosica-dodite-u-gradsku-sportsku-dvoranu-i-podrzite-bikove-ulaz-je-besplatan\/#local-main-organization-logo","url":"https:\/\/gorica.info\/wp-content\/uploads\/2024\/07\/Gorica-Info-Logo-mali.png","contentUrl":"https:\/\/gorica.info\/wp-content\/uploads\/2024\/07\/Gorica-Info-Logo-mali.png","width":450,"height":85,"caption":"Gorica Info"}]},"geo.placename":"Velika Gorica","geo.region":"Croatia"},"_links":{"self":[{"href":"https:\/\/gorica.info\/en\/wp-json\/wp\/v2\/posts\/54949","targetHints":{"allow":["GET"]}}],"collection":[{"href":"https:\/\/gorica.info\/en\/wp-json\/wp\/v2\/posts"}],"about":[{"href":"https:\/\/gorica.info\/en\/wp-json\/wp\/v2\/types\/post"}],"author":[{"embeddable":true,"href":"https:\/\/gorica.info\/en\/wp-json\/wp\/v2\/users\/23"}],"replies":[{"embeddable":true,"href":"https:\/\/gorica.info\/en\/wp-json\/wp\/v2\/comments?post=54949"}],"version-history":[{"count":0,"href":"https:\/\/gorica.info\/en\/wp-json\/wp\/v2\/posts\/54949\/revisions"}],"wp:featuredmedia":[{"embeddable":true,"href":"https:\/\/gorica.info\/en\/wp-json\/wp\/v2\/media\/54950"}],"wp:attachment":[{"href":"https:\/\/gorica.info\/en\/wp-json\/wp\/v2\/media?parent=54949"}],"wp:term":[{"taxonomy":"category","embeddable":true,"href":"https:\/\/gorica.info\/en\/wp-json\/wp\/v2\/categories?post=54949"},{"taxonomy":"post_tag","embeddable":true,"href":"https:\/\/gorica.info\/en\/wp-json\/wp\/v2\/tags?post=54949"}],"curies":[{"name":"wp","href":"https:\/\/api.w.org\/{rel}","templated":true}]}}