{"id":54992,"date":"2023-09-29T05:37:13","date_gmt":"2023-09-29T03:37:13","guid":{"rendered":"https:\/\/gorica.info\/?p=54992"},"modified":"2023-09-29T05:37:13","modified_gmt":"2023-09-29T03:37:13","slug":"nove-izborne-jedinice-odrazit-ce-se-i-na-nas-kraj-seljenje-velike-gorice-u-i-izbornu-jedinicu-s-centrom-zagreba-veliki-ispit-za-goricki-hdz","status":"publish","type":"post","link":"https:\/\/gorica.info\/en\/nove-izborne-jedinice-odrazit-ce-se-i-na-nas-kraj-seljenje-velike-gorice-u-i-izbornu-jedinicu-s-centrom-zagreba-veliki-ispit-za-goricki-hdz\/","title":{"rendered":"Nove izborne jedinice odrazit \u0107e se i na na\u0161 kraj: Seljenje Velike Gorice u I. izbornu jedinicu s centrom Zagreba &#8211; veliki ispit za gori\u010dki HDZ"},"content":{"rendered":"<p><strong>Sabor<\/strong> je u \u010detvrtak donio novi <strong>Zakon o izbornim jedinicama za izbor zastupnika<\/strong> u <a href=\"https:\/\/www.sabor.hr\/hr\">Hrvatski sabor<\/a>. HDZ-ova ve\u0107ina skupila je <strong>dovoljnih 77 glasova<\/strong> da bi taj zakon pro\u0161ao, a oporba je ostala na 56 glasova protiv. Tim zakonom promijenjene su granice izbornih jedinica, pa je \u010dak svaki peti bira\u010d promijenio izbornu jedinicu. Me\u0111u njima su i svi bira\u010di iz<strong> Velike Gorice<\/strong>, te nama susjednih op\u0107ina Kravarsko, Pokupsko, Orle i Rugvica.<\/p>\n<p><strong>Nekad je Gorica \u201cnosila\u201c VI. izbornu jedinicu<\/strong><\/p>\n<p>Kao \u0161to znamo na\u0161e je podru\u010dje pripadalo<strong> VI. izbornoj jedinici<\/strong> s dijelovima Novog Zagreba, te ve\u0107im dijelom Sisa\u010dko-moslava\u010dke \u017eupanije. Na sljede\u0107im parlamentarnim izborima, koji se o\u010dekuju sljede\u0107eg prolje\u0107a ili ljeta, na\u0107i \u0107emo se u<strong> I. izbornoj jedinici<\/strong> sa zagreba\u010dkim gradskim \u010detvrtima \u010crnomerec, Donji grad, Gornji grad &#8211; Medve\u0161\u010dak, Maksimir, Novi Zagreb &#8211; istok, Pe\u0161\u010denica &#8211; \u017ditnjak, Podsljeme i Trnje.<\/p>\n<p>Prva izborna jedinica uvijek je bila najzanimljivija kako politi\u010dkim strankama tako i politi\u010dkim analiti\u010darima budu\u0107i se dosad prostirala na \u0161irem sredi\u0161tu Zagreba, pa su se iz podataka o glasovanju u toj jedinici izvla\u010dili zaklju\u010dci tko stvarno vlada srcem metropole. U toj izbornoj jedinici, sve do posljednjih parlamentarnih izbora 2020. i pobjede HDZ-a, vaga je u pravilu pretezala na lijevu stranu.<\/p>\n<p>S druge strane u VI. izbornoj jedinici HDZ je bio puno uspje\u0161niji, u pravilu je dobivao je vi\u0161e glasova (u apsolutnom broju) nego u I. izbornoj jedinici, pa je dobivao i vi\u0161e od konkurentskog SDP-a.<\/p>\n<p><strong>Plenkovi\u0107 je promijenio dobitnu kombinaciju ili to ba\u0161 nije tako?\u00a0<\/strong><\/p>\n<p><a href=\"https:\/\/gorica.info\/en\/2020\/07\/05\/pratite-uzivo-izbore-2020-izlaznost-u-1630-manja-nego-prije-cetiri-godine-u-velikoj-gorici-glasalo-3575-biraca-slicno-je-i-u-okolnim-opcinama\/\">Posljednji parlamentarni izbori<\/a> donijeli su HDZ-u pobjede i u I. i u VI. izbornoj jedinici. U prvoj su dobili ne\u0161to vi\u0161e od 28 posto (49.000 glasova), a u \u0161estoj 37 posto (55.000 glasova). Njihovi najve\u0107i rivali, SDP s koalicijskim partnerima, u I. jedinici osvojili su 22 posto (38.000), a u \u0161estoj 24 posto (35.000 glasova).<\/p>\n<p>Postavlja se pitanje za\u0161to se onda HDZ odlu\u010dio za prekrajanje ovih izbornih jedinica? Jedan od razloga mogao bi biti iznimno mali broj glasa\u010da koji je prije ne\u0161to vi\u0161e od tri godine iza\u0161ao na izbore.<\/p>\n<p>Primjerice, HDZ je 2016. bio drugi u prvoj jedinici, ali je ukupno osvojio \u010dak 13.000 glasova vi\u0161e nego 2020. godine. Broj glasova kojeg HDZ dobiva u VI. jedinici je, s druge strane, relativno stabilan (2016. godine dobili su 59.000, a 2015. godine 66.000 glasova).<\/p>\n<p>Vjerojatno su HDZ-ovce na prekrajanje ovih jedinica motivirali i podaci o glasovima koje su osvajali SDP-ovci s koalicijskim partnerima na ranijim izborima. Pobijedio je tako SDP u I. jedinici i 2015. godine s \u010dak 91.000 glasova, a isto je uspio i u VI. izbornoj jedinici sa 71.000 glasova.<\/p>\n<p><strong>Milanovi\u0107ev trijumf 2011. godine<\/strong><\/p>\n<p>A koliko su tek zabrinjavaju\u0107i podaci iz 2011. godine kada je SDP-ova Kukuriku koalicija sa sada\u0161njim predsjednikom <strong>Zoranom Milanovi\u0107em<\/strong> do koljena potukla dotad vladaju\u0107i HDZ. Tada je Milanovi\u0107 kao nositelj liste u I. izbornoj jedinici dobio 107.000 glasova, a Kukuriku koalicija je u VI. jedinici osvojila \u010dak 90.000 glasova.<\/p>\n<p>Na njegovu \u017ealost, Milanovi\u0107 sa svojom ne ba\u0161 sposobnom Vladom tu je potporu glasa\u010da vrlo brzo prokockao i izgubio izbore 2015. godine.<\/p>\n<p>Jasno je i onima koji promi\u0161ljaju sve varijante za izbore da je politi\u010dko klatno i naklonost ve\u0107ine onih koji izlaze na izbore ve\u0107 (pre)dugo na desnom centru. I da \u0107e to klatno, prije ili kasnije, opet krenuti prema lijevoj strani.<\/p>\n<p><strong>Na muci se poznaju junaci<\/strong><\/p>\n<p>Posebno u ovom mandatu HDZ-ove Vlade koji obilje\u017eavaju korupcijski skandali koje je doslovce vi\u0161e nemogu\u0107e pobrojati i koji se otkrivaju na svim razinama vlasti. Re\u0107i \u0107e neki da je, ipak, najve\u0107a sre\u0107a HDZ-a oporba koja nikada u ovom tisu\u0107lje\u0107u nije izgledala ovako jadno i ra\u0161timano. No, sve se to mo\u017ee promijeniti u sljede\u0107im mjesecima do parlamentarnih izbora&#8230;<\/p>\n<p>Stoga je i seljenje glasa\u010da iz jedne u drugu izbornu jedinicu, posebno sada kada se vladaju\u0107ima za to ukazala prilika, \u0161ansa koju se ne propu\u0161ta.<\/p>\n<p>\u010cini se da bi to seljenje u I. izbornu jedinicu veliki teret moglo staviti na<strong> HDZ Zagreba\u010dke \u017eupanije<\/strong> i posebno <strong>HDZ Velike Gorice<\/strong>. Od njih \u0107e se o\u010dekivati veliki zamah koji bi trebao osigurati Andreju Plenkovi\u0107u novu pobjedu u elitnoj I. izbornoj jedinici. A to \u0107e stvarno biti te\u017eak zadatak&#8230;<\/p>","protected":false},"excerpt":{"rendered":"<p>Sabor je u \u010detvrtak donio novi Zakon o izbornim jedinicama za izbor zastupnika u Hrvatski sabor. HDZ-ova ve\u0107ina skupila je dovoljnih 77 glasova da bi taj zakon pro\u0161ao, a oporba je ostala na 56 glasova protiv. Tim zakonom promijenjene su granice izbornih jedinica, pa je \u010dak svaki peti bira\u010d promijenio izbornu jedinicu. Me\u0111u njima su [&hellip;]<\/p>\n","protected":false},"author":23,"featured_media":55000,"comment_status":"open","ping_status":"open","sticky":false,"template":"","format":"standard","meta":{"limit_modified_date":"","last_modified_date":"","jnews-multi-image_gallery":[],"jnews_single_post":[],"jnews_primary_category":[],"jnews_override_counter":[],"footnotes":""},"categories":[89],"tags":[300,3679,11624,206,207,122,209],"class_list":["post-54992","post","type-post","status-publish","format-standard","has-post-thumbnail","hentry","category-politicka-arena","tag-andrej-plenkovic","tag-izborne-jedinice","tag-izborni-zakon","tag-parlamentarni-izbori","tag-sabor","tag-velika-gorica","tag-zoran-milanovic"],"yoast_head":"<!-- This site is optimized with the Yoast SEO Premium plugin v27.4 (Yoast SEO v27.4) - https:\/\/yoast.com\/product\/yoast-seo-premium-wordpress\/ -->\n<title>Nove izborne jedinice odrazit \u0107e se i na na\u0161 kraj: Seljenje Velike Gorice u I. izbornu jedinicu s centrom Zagreba - veliki ispit za gori\u010dki HDZ - Gorica Info<\/title>\n<meta name=\"description\" content=\"Izbornu jedinici promijenili su stanovnici Velike Gorice, Pokupskog, Kravarskog, Orla i Rugvice - iz VI. preseljeni su u I. jedinicu\" \/>\n<meta name=\"robots\" content=\"index, follow, max-snippet:-1, max-image-preview:large, max-video-preview:-1\" \/>\n<link rel=\"canonical\" href=\"https:\/\/gorica.info\/en\/nove-izborne-jedinice-odrazit-ce-se-i-na-nas-kraj-seljenje-velike-gorice-u-i-izbornu-jedinicu-s-centrom-zagreba-veliki-ispit-za-goricki-hdz\/\" \/>\n<meta property=\"og:locale\" content=\"en_US\" \/>\n<meta property=\"og:type\" content=\"article\" \/>\n<meta property=\"og:title\" content=\"Nove izborne jedinice odrazit \u0107e se i na na\u0161 kraj: Seljenje Velike Gorice u I. izbornu jedinicu s centrom Zagreba - veliki ispit za gori\u010dki HDZ\" \/>\n<meta property=\"og:description\" content=\"Izbornu jedinici promijenili su stanovnici Velike Gorice, Pokupskog, Kravarskog, Orla i Rugvice - iz VI. preseljeni su u I. jedinicu\" \/>\n<meta property=\"og:url\" content=\"https:\/\/gorica.info\/en\/nove-izborne-jedinice-odrazit-ce-se-i-na-nas-kraj-seljenje-velike-gorice-u-i-izbornu-jedinicu-s-centrom-zagreba-veliki-ispit-za-goricki-hdz\/\" \/>\n<meta property=\"og:site_name\" content=\"Gorica Info\" \/>\n<meta property=\"article:publisher\" content=\"https:\/\/www.facebook.com\/Goricainfo-106005144489262\" \/>\n<meta property=\"article:published_time\" content=\"2023-09-29T03:37:13+00:00\" \/>\n<meta property=\"og:image\" content=\"https:\/\/gorica.info\/wp-content\/uploads\/2023\/09\/Collage_Fotor-izbori-novo.jpg\" \/>\n\t<meta property=\"og:image:width\" content=\"1200\" \/>\n\t<meta property=\"og:image:height\" content=\"771\" \/>\n\t<meta property=\"og:image:type\" content=\"image\/jpeg\" \/>\n<meta name=\"author\" content=\"Gorica. info\" \/>\n<meta name=\"twitter:card\" content=\"summary_large_image\" \/>\n<meta name=\"twitter:creator\" content=\"@GoricaInfo\" \/>\n<meta name=\"twitter:site\" content=\"@GoricaInfo\" \/>\n<meta name=\"twitter:label1\" content=\"Written by\" \/>\n\t<meta name=\"twitter:data1\" content=\"Gorica. info\" \/>\n\t<meta name=\"twitter:label2\" content=\"Est. reading time\" \/>\n\t<meta name=\"twitter:data2\" content=\"4 minutes\" \/>\n<meta name=\"geo.placename\" content=\"Velika Gorica\" \/>\n<meta name=\"geo.region\" content=\"Croatia\" \/>\n<!-- \/ Yoast SEO Premium plugin. -->","yoast_head_json":{"title":"Nove izborne jedinice odrazit \u0107e se i na na\u0161 kraj: Seljenje Velike Gorice u I. izbornu jedinicu s centrom Zagreba - veliki ispit za gori\u010dki HDZ - Gorica Info","description":"Izbornu jedinici promijenili su stanovnici Velike Gorice, Pokupskog, Kravarskog, Orla i Rugvice - iz VI. preseljeni su u I. jedinicu","robots":{"index":"index","follow":"follow","max-snippet":"max-snippet:-1","max-image-preview":"max-image-preview:large","max-video-preview":"max-video-preview:-1"},"canonical":"https:\/\/gorica.info\/en\/nove-izborne-jedinice-odrazit-ce-se-i-na-nas-kraj-seljenje-velike-gorice-u-i-izbornu-jedinicu-s-centrom-zagreba-veliki-ispit-za-goricki-hdz\/","og_locale":"en_US","og_type":"article","og_title":"Nove izborne jedinice odrazit \u0107e se i na na\u0161 kraj: Seljenje Velike Gorice u I. izbornu jedinicu s centrom Zagreba - veliki ispit za gori\u010dki HDZ","og_description":"Izbornu jedinici promijenili su stanovnici Velike Gorice, Pokupskog, Kravarskog, Orla i Rugvice - iz VI. preseljeni su u I. jedinicu","og_url":"https:\/\/gorica.info\/en\/nove-izborne-jedinice-odrazit-ce-se-i-na-nas-kraj-seljenje-velike-gorice-u-i-izbornu-jedinicu-s-centrom-zagreba-veliki-ispit-za-goricki-hdz\/","og_site_name":"Gorica Info","article_publisher":"https:\/\/www.facebook.com\/Goricainfo-106005144489262","article_published_time":"2023-09-29T03:37:13+00:00","og_image":[{"width":1200,"height":771,"url":"https:\/\/gorica.info\/wp-content\/uploads\/2023\/09\/Collage_Fotor-izbori-novo.jpg","type":"image\/jpeg"}],"author":"Gorica. info","twitter_card":"summary_large_image","twitter_creator":"@GoricaInfo","twitter_site":"@GoricaInfo","twitter_misc":{"Written by":"Gorica. info","Est. reading time":"4 minutes"},"schema":{"@context":"https:\/\/schema.org","@graph":[{"@type":"NewsArticle","@id":"https:\/\/gorica.info\/nove-izborne-jedinice-odrazit-ce-se-i-na-nas-kraj-seljenje-velike-gorice-u-i-izbornu-jedinicu-s-centrom-zagreba-veliki-ispit-za-goricki-hdz\/#article","isPartOf":{"@id":"https:\/\/gorica.info\/nove-izborne-jedinice-odrazit-ce-se-i-na-nas-kraj-seljenje-velike-gorice-u-i-izbornu-jedinicu-s-centrom-zagreba-veliki-ispit-za-goricki-hdz\/"},"author":{"name":"Gorica. info","@id":"https:\/\/gorica.info\/#\/schema\/person\/4499af1f22f322670b9b5977ccc2e3de"},"headline":"Nove izborne jedinice odrazit \u0107e se i na na\u0161 kraj: Seljenje Velike Gorice u I. izbornu jedinicu s centrom Zagreba &#8211; veliki ispit za gori\u010dki HDZ","datePublished":"2023-09-29T03:37:13+00:00","mainEntityOfPage":{"@id":"https:\/\/gorica.info\/nove-izborne-jedinice-odrazit-ce-se-i-na-nas-kraj-seljenje-velike-gorice-u-i-izbornu-jedinicu-s-centrom-zagreba-veliki-ispit-za-goricki-hdz\/"},"wordCount":741,"commentCount":0,"publisher":{"@id":"https:\/\/gorica.info\/#organization"},"image":{"@id":"https:\/\/gorica.info\/nove-izborne-jedinice-odrazit-ce-se-i-na-nas-kraj-seljenje-velike-gorice-u-i-izbornu-jedinicu-s-centrom-zagreba-veliki-ispit-za-goricki-hdz\/#primaryimage"},"thumbnailUrl":"https:\/\/gorica.info\/wp-content\/uploads\/2023\/09\/Collage_Fotor-izbori-novo.jpg","keywords":["Andrej Plenkovi\u0107","izborne jedinice","izborni zakon","parlamentarni izbori","Sabor","Velika Gorica","zoran milanovi\u0107"],"articleSection":["POLITI\u010cKA ARENA"],"inLanguage":"en-US","potentialAction":[{"@type":"CommentAction","name":"Comment","target":["https:\/\/gorica.info\/nove-izborne-jedinice-odrazit-ce-se-i-na-nas-kraj-seljenje-velike-gorice-u-i-izbornu-jedinicu-s-centrom-zagreba-veliki-ispit-za-goricki-hdz\/#respond"]}],"copyrightYear":"2023","copyrightHolder":{"@id":"https:\/\/gorica.info\/en\/#organization"}},{"@type":"WebPage","@id":"https:\/\/gorica.info\/nove-izborne-jedinice-odrazit-ce-se-i-na-nas-kraj-seljenje-velike-gorice-u-i-izbornu-jedinicu-s-centrom-zagreba-veliki-ispit-za-goricki-hdz\/","url":"https:\/\/gorica.info\/nove-izborne-jedinice-odrazit-ce-se-i-na-nas-kraj-seljenje-velike-gorice-u-i-izbornu-jedinicu-s-centrom-zagreba-veliki-ispit-za-goricki-hdz\/","name":"Nove izborne jedinice odrazit \u0107e se i na na\u0161 kraj: Seljenje Velike Gorice u I. izbornu jedinicu s centrom Zagreba - veliki ispit za gori\u010dki HDZ - Gorica Info","isPartOf":{"@id":"https:\/\/gorica.info\/#website"},"primaryImageOfPage":{"@id":"https:\/\/gorica.info\/nove-izborne-jedinice-odrazit-ce-se-i-na-nas-kraj-seljenje-velike-gorice-u-i-izbornu-jedinicu-s-centrom-zagreba-veliki-ispit-za-goricki-hdz\/#primaryimage"},"image":{"@id":"https:\/\/gorica.info\/nove-izborne-jedinice-odrazit-ce-se-i-na-nas-kraj-seljenje-velike-gorice-u-i-izbornu-jedinicu-s-centrom-zagreba-veliki-ispit-za-goricki-hdz\/#primaryimage"},"thumbnailUrl":"https:\/\/gorica.info\/wp-content\/uploads\/2023\/09\/Collage_Fotor-izbori-novo.jpg","datePublished":"2023-09-29T03:37:13+00:00","description":"Izbornu jedinici promijenili su stanovnici Velike Gorice, Pokupskog, Kravarskog, Orla i Rugvice - iz VI. preseljeni su u I. jedinicu","breadcrumb":{"@id":"https:\/\/gorica.info\/nove-izborne-jedinice-odrazit-ce-se-i-na-nas-kraj-seljenje-velike-gorice-u-i-izbornu-jedinicu-s-centrom-zagreba-veliki-ispit-za-goricki-hdz\/#breadcrumb"},"inLanguage":"en-US","potentialAction":[{"@type":"ReadAction","target":["https:\/\/gorica.info\/nove-izborne-jedinice-odrazit-ce-se-i-na-nas-kraj-seljenje-velike-gorice-u-i-izbornu-jedinicu-s-centrom-zagreba-veliki-ispit-za-goricki-hdz\/"]}]},{"@type":"ImageObject","inLanguage":"en-US","@id":"https:\/\/gorica.info\/nove-izborne-jedinice-odrazit-ce-se-i-na-nas-kraj-seljenje-velike-gorice-u-i-izbornu-jedinicu-s-centrom-zagreba-veliki-ispit-za-goricki-hdz\/#primaryimage","url":"https:\/\/gorica.info\/wp-content\/uploads\/2023\/09\/Collage_Fotor-izbori-novo.jpg","contentUrl":"https:\/\/gorica.info\/wp-content\/uploads\/2023\/09\/Collage_Fotor-izbori-novo.jpg","width":1100,"height":707,"caption":"Velika Gorica je iz VI. premje\u0161tena u I. izbornu jedinicu"},{"@type":"BreadcrumbList","@id":"https:\/\/gorica.info\/nove-izborne-jedinice-odrazit-ce-se-i-na-nas-kraj-seljenje-velike-gorice-u-i-izbornu-jedinicu-s-centrom-zagreba-veliki-ispit-za-goricki-hdz\/#breadcrumb","itemListElement":[{"@type":"ListItem","position":1,"name":"Po\u010detna stranica","item":"https:\/\/gorica.info\/"},{"@type":"ListItem","position":2,"name":"Nove izborne jedinice odrazit \u0107e se i na na\u0161 kraj: Seljenje Velike Gorice u I. izbornu jedinicu s centrom Zagreba &#8211; veliki ispit za gori\u010dki HDZ"}]},{"@type":"WebSite","@id":"https:\/\/gorica.info\/#website","url":"https:\/\/gorica.info\/","name":"Gorica Info","description":"Vijesti iz Velike Gorice i okolice.","publisher":{"@id":"https:\/\/gorica.info\/#organization"},"potentialAction":[{"@type":"SearchAction","target":{"@type":"EntryPoint","urlTemplate":"https:\/\/gorica.info\/?s={search_term_string}"},"query-input":{"@type":"PropertyValueSpecification","valueRequired":true,"valueName":"search_term_string"}}],"inLanguage":"en-US"},{"@type":["Organization","Place","NewsMediaOrganization"],"@id":"https:\/\/gorica.info\/#organization","name":"Gorica Info","url":"https:\/\/gorica.info\/","logo":{"@id":"https:\/\/gorica.info\/nove-izborne-jedinice-odrazit-ce-se-i-na-nas-kraj-seljenje-velike-gorice-u-i-izbornu-jedinicu-s-centrom-zagreba-veliki-ispit-za-goricki-hdz\/#local-main-organization-logo"},"image":{"@id":"https:\/\/gorica.info\/nove-izborne-jedinice-odrazit-ce-se-i-na-nas-kraj-seljenje-velike-gorice-u-i-izbornu-jedinicu-s-centrom-zagreba-veliki-ispit-za-goricki-hdz\/#local-main-organization-logo"},"sameAs":["https:\/\/www.facebook.com\/Goricainfo-106005144489262","https:\/\/x.com\/GoricaInfo","https:\/\/www.instagram.com\/gorica.info\/"],"address":{"@id":"https:\/\/gorica.info\/nove-izborne-jedinice-odrazit-ce-se-i-na-nas-kraj-seljenje-velike-gorice-u-i-izbornu-jedinicu-s-centrom-zagreba-veliki-ispit-za-goricki-hdz\/#local-main-place-address"},"telephone":[],"openingHoursSpecification":[{"@type":"OpeningHoursSpecification","dayOfWeek":["Monday","Tuesday","Wednesday","Thursday","Friday","Saturday","Sunday"],"opens":"09:00","closes":"17:00"}],"email":"redakcija@gorica.info"},{"@type":"Person","@id":"https:\/\/gorica.info\/#\/schema\/person\/4499af1f22f322670b9b5977ccc2e3de","name":"Gorica. info","description":"Gorica.info je lokalni portal koji prati Veliku Goricu i okolici, svakodnevno donosi najnovije vijesti i pri\u010de, kulturna doga\u0111anja i aktualnosti koje oblikuju \u017eivot gra\u0111ana.","url":"https:\/\/gorica.info\/en\/author\/gorica-info\/"},{"@type":"PostalAddress","@id":"https:\/\/gorica.info\/nove-izborne-jedinice-odrazit-ce-se-i-na-nas-kraj-seljenje-velike-gorice-u-i-izbornu-jedinicu-s-centrom-zagreba-veliki-ispit-za-goricki-hdz\/#local-main-place-address","streetAddress":"Horvatova 97","addressLocality":"Velika Gorica","postalCode":"10410","addressRegion":"Croatia","addressCountry":"HR"},{"@type":"ImageObject","inLanguage":"en-US","@id":"https:\/\/gorica.info\/nove-izborne-jedinice-odrazit-ce-se-i-na-nas-kraj-seljenje-velike-gorice-u-i-izbornu-jedinicu-s-centrom-zagreba-veliki-ispit-za-goricki-hdz\/#local-main-organization-logo","url":"https:\/\/gorica.info\/wp-content\/uploads\/2024\/07\/Gorica-Info-Logo-mali.png","contentUrl":"https:\/\/gorica.info\/wp-content\/uploads\/2024\/07\/Gorica-Info-Logo-mali.png","width":450,"height":85,"caption":"Gorica Info"}]},"geo.placename":"Velika Gorica","geo.region":"Croatia"},"_links":{"self":[{"href":"https:\/\/gorica.info\/en\/wp-json\/wp\/v2\/posts\/54992","targetHints":{"allow":["GET"]}}],"collection":[{"href":"https:\/\/gorica.info\/en\/wp-json\/wp\/v2\/posts"}],"about":[{"href":"https:\/\/gorica.info\/en\/wp-json\/wp\/v2\/types\/post"}],"author":[{"embeddable":true,"href":"https:\/\/gorica.info\/en\/wp-json\/wp\/v2\/users\/23"}],"replies":[{"embeddable":true,"href":"https:\/\/gorica.info\/en\/wp-json\/wp\/v2\/comments?post=54992"}],"version-history":[{"count":0,"href":"https:\/\/gorica.info\/en\/wp-json\/wp\/v2\/posts\/54992\/revisions"}],"wp:featuredmedia":[{"embeddable":true,"href":"https:\/\/gorica.info\/en\/wp-json\/wp\/v2\/media\/55000"}],"wp:attachment":[{"href":"https:\/\/gorica.info\/en\/wp-json\/wp\/v2\/media?parent=54992"}],"wp:term":[{"taxonomy":"category","embeddable":true,"href":"https:\/\/gorica.info\/en\/wp-json\/wp\/v2\/categories?post=54992"},{"taxonomy":"post_tag","embeddable":true,"href":"https:\/\/gorica.info\/en\/wp-json\/wp\/v2\/tags?post=54992"}],"curies":[{"name":"wp","href":"https:\/\/api.w.org\/{rel}","templated":true}]}}