{"id":55002,"date":"2023-09-29T08:03:52","date_gmt":"2023-09-29T06:03:52","guid":{"rendered":"https:\/\/gorica.info\/?p=55002"},"modified":"2023-09-29T08:03:52","modified_gmt":"2023-09-29T06:03:52","slug":"u-bolnici-umro-86-godisnjak-koji-je-u-klostar-ivanicu-pokusao-samoubojstvo-aktivirao-je-bombu-lijecnici-ga-nisu-uspjeli-spasiti","status":"publish","type":"post","link":"https:\/\/gorica.info\/en\/u-bolnici-umro-86-godisnjak-koji-je-u-klostar-ivanicu-pokusao-samoubojstvo-aktivirao-je-bombu-lijecnici-ga-nisu-uspjeli-spasiti\/","title":{"rendered":"U bolnici umro 86-godi\u0161njak koji je u Klo\u0161tar Ivani\u0107u poku\u0161ao samoubojstvo: Aktivirao je bombu, lije\u010dnici ga nisu uspjeli spasiti"},"content":{"rendered":"<p><strong>Od ozljeda<\/strong> zadobivenih aktiviranjem <strong>eksplozivne naprave<\/strong> u bolnici je umro<strong> 86-godi\u0161nji mu\u0161karac<\/strong>.\u00a0Umirovljenik je<strong> aktivirao bombu<\/strong> u \u010detvrtak oko 18:40 sati u <strong>Klo\u0161tar Ivani\u0107u<\/strong> poku\u0161av\u0161i po\u010diniti samoubojstvo. Pritom je te\u017ee ozlije\u0111en i pru\u017eena mu je hitna medicinska pomo\u0107, rekli su iz policije.<\/p>\n<p>Na terenu je bio i vi\u0161e pripadnika hitnih slu\u017ebi, <a href=\"https:\/\/zagrebacka-policija.gov.hr\/\">policije<\/a>\u00a0te\u00a0pirotehni\u010dari i pregovara\u010d.<\/p>\n<p>Prema neslu\u017ebenim informacijama, mu\u0161karac je \u0161ti\u0107eniku Doma za starije.<\/p>\n<p>Podsjetimo, prije mjesec dana mu\u0161karac je u <a href=\"https:\/\/gorica.info\/en\/2023\/08\/27\/eksplozija-uzas-u-dugom-selu-detonirana-eksplozivna-naprava-poginule-dvije-osobe-jos-jedna-tesko-ozlijedena\/\">domu za starije i nemo\u0107ne<\/a> u Dugom Selu aktivirao bombu, ubio sebe i jednu \u017eensku osobu, a te\u0161ko ranio mu\u0161karca.<\/p>","protected":false},"excerpt":{"rendered":"<p>Od ozljeda zadobivenih aktiviranjem eksplozivne naprave u bolnici je umro 86-godi\u0161nji mu\u0161karac.\u00a0Umirovljenik je aktivirao bombu u \u010detvrtak oko 18:40 sati u Klo\u0161tar Ivani\u0107u poku\u0161av\u0161i po\u010diniti samoubojstvo. Pritom je te\u017ee ozlije\u0111en i pru\u017eena mu je hitna medicinska pomo\u0107, rekli su iz policije. Na terenu je bio i vi\u0161e pripadnika hitnih slu\u017ebi, policije\u00a0te\u00a0pirotehni\u010dari i pregovara\u010d. Prema neslu\u017ebenim [&hellip;]<\/p>\n","protected":false},"author":23,"featured_media":55003,"comment_status":"open","ping_status":"open","sticky":false,"template":"","format":"standard","meta":{"limit_modified_date":"","last_modified_date":"","jnews-multi-image_gallery":[],"jnews_single_post":[],"jnews_primary_category":[],"jnews_override_counter":[],"footnotes":""},"categories":[93],"tags":[1504,589,11625,6643,3477,4581,1348,868],"class_list":["post-55002","post","type-post","status-publish","format-standard","has-post-thumbnail","hentry","category-crna-kronika","tag-bolnica","tag-bomba","tag-dom-za-starij","tag-eksplozivna-naprava","tag-klostar-ivanic","tag-pirotehnicari","tag-samoubojstvo","tag-umirovljenik"],"yoast_head":"<!-- This site is optimized with the Yoast SEO Premium plugin v27.4 (Yoast SEO v27.4) - https:\/\/yoast.com\/product\/yoast-seo-premium-wordpress\/ -->\n<title>U bolnici umro 86-godi\u0161njak koji je u Klo\u0161tar Ivani\u0107u poku\u0161ao samoubojstvo: Aktivirao je bombu, lije\u010dnici ga nisu uspjeli spasiti - Gorica Info<\/title>\n<meta name=\"description\" content=\"U bolnici umro 86-godi\u0161njak koji je u Klo\u0161tar Ivani\u0107u poku\u0161ao samoubojstvo: Aktivirao je bombu, lije\u010dnici ga nisu uspjeli spasiti\" \/>\n<meta name=\"robots\" content=\"index, follow, max-snippet:-1, max-image-preview:large, max-video-preview:-1\" \/>\n<link rel=\"canonical\" href=\"https:\/\/gorica.info\/en\/u-bolnici-umro-86-godisnjak-koji-je-u-klostar-ivanicu-pokusao-samoubojstvo-aktivirao-je-bombu-lijecnici-ga-nisu-uspjeli-spasiti\/\" \/>\n<meta property=\"og:locale\" content=\"en_US\" \/>\n<meta property=\"og:type\" content=\"article\" \/>\n<meta property=\"og:title\" content=\"U bolnici umro 86-godi\u0161njak koji je u Klo\u0161tar Ivani\u0107u poku\u0161ao samoubojstvo: Aktivirao je bombu, lije\u010dnici ga nisu uspjeli spasiti\" \/>\n<meta property=\"og:description\" content=\"U bolnici umro 86-godi\u0161njak koji je u Klo\u0161tar Ivani\u0107u poku\u0161ao samoubojstvo: Aktivirao je bombu, lije\u010dnici ga nisu uspjeli spasiti\" \/>\n<meta property=\"og:url\" content=\"https:\/\/gorica.info\/en\/u-bolnici-umro-86-godisnjak-koji-je-u-klostar-ivanicu-pokusao-samoubojstvo-aktivirao-je-bombu-lijecnici-ga-nisu-uspjeli-spasiti\/\" \/>\n<meta property=\"og:site_name\" content=\"Gorica Info\" \/>\n<meta property=\"article:publisher\" content=\"https:\/\/www.facebook.com\/Goricainfo-106005144489262\" \/>\n<meta property=\"article:published_time\" content=\"2023-09-29T06:03:52+00:00\" \/>\n<meta property=\"og:image\" content=\"https:\/\/gorica.info\/wp-content\/uploads\/2023\/09\/policija-traka3-1.jpg\" \/>\n\t<meta property=\"og:image:width\" content=\"750\" \/>\n\t<meta property=\"og:image:height\" content=\"375\" \/>\n\t<meta property=\"og:image:type\" content=\"image\/jpeg\" \/>\n<meta name=\"author\" content=\"Gorica. info\" \/>\n<meta name=\"twitter:card\" content=\"summary_large_image\" \/>\n<meta name=\"twitter:creator\" content=\"@GoricaInfo\" \/>\n<meta name=\"twitter:site\" content=\"@GoricaInfo\" \/>\n<meta name=\"twitter:label1\" content=\"Written by\" \/>\n\t<meta name=\"twitter:data1\" content=\"Gorica. info\" \/>\n\t<meta name=\"twitter:label2\" content=\"Est. reading time\" \/>\n\t<meta name=\"twitter:data2\" content=\"1 minute\" \/>\n<meta name=\"geo.placename\" content=\"Velika Gorica\" \/>\n<meta name=\"geo.region\" content=\"Croatia\" \/>\n<!-- \/ Yoast SEO Premium plugin. -->","yoast_head_json":{"title":"U bolnici umro 86-godi\u0161njak koji je u Klo\u0161tar Ivani\u0107u poku\u0161ao samoubojstvo: Aktivirao je bombu, lije\u010dnici ga nisu uspjeli spasiti - Gorica Info","description":"U bolnici umro 86-godi\u0161njak koji je u Klo\u0161tar Ivani\u0107u poku\u0161ao samoubojstvo: Aktivirao je bombu, lije\u010dnici ga nisu uspjeli spasiti","robots":{"index":"index","follow":"follow","max-snippet":"max-snippet:-1","max-image-preview":"max-image-preview:large","max-video-preview":"max-video-preview:-1"},"canonical":"https:\/\/gorica.info\/en\/u-bolnici-umro-86-godisnjak-koji-je-u-klostar-ivanicu-pokusao-samoubojstvo-aktivirao-je-bombu-lijecnici-ga-nisu-uspjeli-spasiti\/","og_locale":"en_US","og_type":"article","og_title":"U bolnici umro 86-godi\u0161njak koji je u Klo\u0161tar Ivani\u0107u poku\u0161ao samoubojstvo: Aktivirao je bombu, lije\u010dnici ga nisu uspjeli spasiti","og_description":"U bolnici umro 86-godi\u0161njak koji je u Klo\u0161tar Ivani\u0107u poku\u0161ao samoubojstvo: Aktivirao je bombu, lije\u010dnici ga nisu uspjeli spasiti","og_url":"https:\/\/gorica.info\/en\/u-bolnici-umro-86-godisnjak-koji-je-u-klostar-ivanicu-pokusao-samoubojstvo-aktivirao-je-bombu-lijecnici-ga-nisu-uspjeli-spasiti\/","og_site_name":"Gorica Info","article_publisher":"https:\/\/www.facebook.com\/Goricainfo-106005144489262","article_published_time":"2023-09-29T06:03:52+00:00","og_image":[{"width":750,"height":375,"url":"https:\/\/gorica.info\/wp-content\/uploads\/2023\/09\/policija-traka3-1.jpg","type":"image\/jpeg"}],"author":"Gorica. info","twitter_card":"summary_large_image","twitter_creator":"@GoricaInfo","twitter_site":"@GoricaInfo","twitter_misc":{"Written by":"Gorica. info","Est. reading time":"1 minute"},"schema":{"@context":"https:\/\/schema.org","@graph":[{"@type":"NewsArticle","@id":"https:\/\/gorica.info\/u-bolnici-umro-86-godisnjak-koji-je-u-klostar-ivanicu-pokusao-samoubojstvo-aktivirao-je-bombu-lijecnici-ga-nisu-uspjeli-spasiti\/#article","isPartOf":{"@id":"https:\/\/gorica.info\/u-bolnici-umro-86-godisnjak-koji-je-u-klostar-ivanicu-pokusao-samoubojstvo-aktivirao-je-bombu-lijecnici-ga-nisu-uspjeli-spasiti\/"},"author":{"name":"Gorica. info","@id":"https:\/\/gorica.info\/#\/schema\/person\/4499af1f22f322670b9b5977ccc2e3de"},"headline":"U bolnici umro 86-godi\u0161njak koji je u Klo\u0161tar Ivani\u0107u poku\u0161ao samoubojstvo: Aktivirao je bombu, lije\u010dnici ga nisu uspjeli spasiti","datePublished":"2023-09-29T06:03:52+00:00","mainEntityOfPage":{"@id":"https:\/\/gorica.info\/u-bolnici-umro-86-godisnjak-koji-je-u-klostar-ivanicu-pokusao-samoubojstvo-aktivirao-je-bombu-lijecnici-ga-nisu-uspjeli-spasiti\/"},"wordCount":135,"commentCount":0,"publisher":{"@id":"https:\/\/gorica.info\/#organization"},"image":{"@id":"https:\/\/gorica.info\/u-bolnici-umro-86-godisnjak-koji-je-u-klostar-ivanicu-pokusao-samoubojstvo-aktivirao-je-bombu-lijecnici-ga-nisu-uspjeli-spasiti\/#primaryimage"},"thumbnailUrl":"https:\/\/gorica.info\/wp-content\/uploads\/2023\/09\/policija-traka3-1.jpg","keywords":["bolnica","bomba","dom za starij","eksplozivna naprava","klo\u0161tar ivani\u0107","pirotehni\u010dari","samoubojstvo","umirovljenik"],"articleSection":["CRNA KRONIKA"],"inLanguage":"en-US","potentialAction":[{"@type":"CommentAction","name":"Comment","target":["https:\/\/gorica.info\/u-bolnici-umro-86-godisnjak-koji-je-u-klostar-ivanicu-pokusao-samoubojstvo-aktivirao-je-bombu-lijecnici-ga-nisu-uspjeli-spasiti\/#respond"]}],"copyrightYear":"2023","copyrightHolder":{"@id":"https:\/\/gorica.info\/en\/#organization"}},{"@type":"WebPage","@id":"https:\/\/gorica.info\/u-bolnici-umro-86-godisnjak-koji-je-u-klostar-ivanicu-pokusao-samoubojstvo-aktivirao-je-bombu-lijecnici-ga-nisu-uspjeli-spasiti\/","url":"https:\/\/gorica.info\/u-bolnici-umro-86-godisnjak-koji-je-u-klostar-ivanicu-pokusao-samoubojstvo-aktivirao-je-bombu-lijecnici-ga-nisu-uspjeli-spasiti\/","name":"U bolnici umro 86-godi\u0161njak koji je u Klo\u0161tar Ivani\u0107u poku\u0161ao samoubojstvo: Aktivirao je bombu, lije\u010dnici ga nisu uspjeli spasiti - Gorica Info","isPartOf":{"@id":"https:\/\/gorica.info\/#website"},"primaryImageOfPage":{"@id":"https:\/\/gorica.info\/u-bolnici-umro-86-godisnjak-koji-je-u-klostar-ivanicu-pokusao-samoubojstvo-aktivirao-je-bombu-lijecnici-ga-nisu-uspjeli-spasiti\/#primaryimage"},"image":{"@id":"https:\/\/gorica.info\/u-bolnici-umro-86-godisnjak-koji-je-u-klostar-ivanicu-pokusao-samoubojstvo-aktivirao-je-bombu-lijecnici-ga-nisu-uspjeli-spasiti\/#primaryimage"},"thumbnailUrl":"https:\/\/gorica.info\/wp-content\/uploads\/2023\/09\/policija-traka3-1.jpg","datePublished":"2023-09-29T06:03:52+00:00","description":"U bolnici umro 86-godi\u0161njak koji je u Klo\u0161tar Ivani\u0107u poku\u0161ao samoubojstvo: Aktivirao je bombu, lije\u010dnici ga nisu uspjeli spasiti","breadcrumb":{"@id":"https:\/\/gorica.info\/u-bolnici-umro-86-godisnjak-koji-je-u-klostar-ivanicu-pokusao-samoubojstvo-aktivirao-je-bombu-lijecnici-ga-nisu-uspjeli-spasiti\/#breadcrumb"},"inLanguage":"en-US","potentialAction":[{"@type":"ReadAction","target":["https:\/\/gorica.info\/u-bolnici-umro-86-godisnjak-koji-je-u-klostar-ivanicu-pokusao-samoubojstvo-aktivirao-je-bombu-lijecnici-ga-nisu-uspjeli-spasiti\/"]}]},{"@type":"ImageObject","inLanguage":"en-US","@id":"https:\/\/gorica.info\/u-bolnici-umro-86-godisnjak-koji-je-u-klostar-ivanicu-pokusao-samoubojstvo-aktivirao-je-bombu-lijecnici-ga-nisu-uspjeli-spasiti\/#primaryimage","url":"https:\/\/gorica.info\/wp-content\/uploads\/2023\/09\/policija-traka3-1.jpg","contentUrl":"https:\/\/gorica.info\/wp-content\/uploads\/2023\/09\/policija-traka3-1.jpg","width":750,"height":375,"caption":"Foto: Policija"},{"@type":"BreadcrumbList","@id":"https:\/\/gorica.info\/u-bolnici-umro-86-godisnjak-koji-je-u-klostar-ivanicu-pokusao-samoubojstvo-aktivirao-je-bombu-lijecnici-ga-nisu-uspjeli-spasiti\/#breadcrumb","itemListElement":[{"@type":"ListItem","position":1,"name":"Po\u010detna stranica","item":"https:\/\/gorica.info\/"},{"@type":"ListItem","position":2,"name":"U bolnici umro 86-godi\u0161njak koji je u Klo\u0161tar Ivani\u0107u poku\u0161ao samoubojstvo: Aktivirao je bombu, lije\u010dnici ga nisu uspjeli spasiti"}]},{"@type":"WebSite","@id":"https:\/\/gorica.info\/#website","url":"https:\/\/gorica.info\/","name":"Gorica Info","description":"Vijesti iz Velike Gorice i okolice.","publisher":{"@id":"https:\/\/gorica.info\/#organization"},"potentialAction":[{"@type":"SearchAction","target":{"@type":"EntryPoint","urlTemplate":"https:\/\/gorica.info\/?s={search_term_string}"},"query-input":{"@type":"PropertyValueSpecification","valueRequired":true,"valueName":"search_term_string"}}],"inLanguage":"en-US"},{"@type":["Organization","Place","NewsMediaOrganization"],"@id":"https:\/\/gorica.info\/#organization","name":"Gorica Info","url":"https:\/\/gorica.info\/","logo":{"@id":"https:\/\/gorica.info\/u-bolnici-umro-86-godisnjak-koji-je-u-klostar-ivanicu-pokusao-samoubojstvo-aktivirao-je-bombu-lijecnici-ga-nisu-uspjeli-spasiti\/#local-main-organization-logo"},"image":{"@id":"https:\/\/gorica.info\/u-bolnici-umro-86-godisnjak-koji-je-u-klostar-ivanicu-pokusao-samoubojstvo-aktivirao-je-bombu-lijecnici-ga-nisu-uspjeli-spasiti\/#local-main-organization-logo"},"sameAs":["https:\/\/www.facebook.com\/Goricainfo-106005144489262","https:\/\/x.com\/GoricaInfo","https:\/\/www.instagram.com\/gorica.info\/"],"address":{"@id":"https:\/\/gorica.info\/u-bolnici-umro-86-godisnjak-koji-je-u-klostar-ivanicu-pokusao-samoubojstvo-aktivirao-je-bombu-lijecnici-ga-nisu-uspjeli-spasiti\/#local-main-place-address"},"telephone":[],"openingHoursSpecification":[{"@type":"OpeningHoursSpecification","dayOfWeek":["Monday","Tuesday","Wednesday","Thursday","Friday","Saturday","Sunday"],"opens":"09:00","closes":"17:00"}],"email":"redakcija@gorica.info"},{"@type":"Person","@id":"https:\/\/gorica.info\/#\/schema\/person\/4499af1f22f322670b9b5977ccc2e3de","name":"Gorica. info","description":"Gorica.info je lokalni portal koji prati Veliku Goricu i okolici, svakodnevno donosi najnovije vijesti i pri\u010de, kulturna doga\u0111anja i aktualnosti koje oblikuju \u017eivot gra\u0111ana.","url":"https:\/\/gorica.info\/en\/author\/gorica-info\/"},{"@type":"PostalAddress","@id":"https:\/\/gorica.info\/u-bolnici-umro-86-godisnjak-koji-je-u-klostar-ivanicu-pokusao-samoubojstvo-aktivirao-je-bombu-lijecnici-ga-nisu-uspjeli-spasiti\/#local-main-place-address","streetAddress":"Horvatova 97","addressLocality":"Velika Gorica","postalCode":"10410","addressRegion":"Croatia","addressCountry":"HR"},{"@type":"ImageObject","inLanguage":"en-US","@id":"https:\/\/gorica.info\/u-bolnici-umro-86-godisnjak-koji-je-u-klostar-ivanicu-pokusao-samoubojstvo-aktivirao-je-bombu-lijecnici-ga-nisu-uspjeli-spasiti\/#local-main-organization-logo","url":"https:\/\/gorica.info\/wp-content\/uploads\/2024\/07\/Gorica-Info-Logo-mali.png","contentUrl":"https:\/\/gorica.info\/wp-content\/uploads\/2024\/07\/Gorica-Info-Logo-mali.png","width":450,"height":85,"caption":"Gorica Info"}]},"geo.placename":"Velika Gorica","geo.region":"Croatia"},"_links":{"self":[{"href":"https:\/\/gorica.info\/en\/wp-json\/wp\/v2\/posts\/55002","targetHints":{"allow":["GET"]}}],"collection":[{"href":"https:\/\/gorica.info\/en\/wp-json\/wp\/v2\/posts"}],"about":[{"href":"https:\/\/gorica.info\/en\/wp-json\/wp\/v2\/types\/post"}],"author":[{"embeddable":true,"href":"https:\/\/gorica.info\/en\/wp-json\/wp\/v2\/users\/23"}],"replies":[{"embeddable":true,"href":"https:\/\/gorica.info\/en\/wp-json\/wp\/v2\/comments?post=55002"}],"version-history":[{"count":0,"href":"https:\/\/gorica.info\/en\/wp-json\/wp\/v2\/posts\/55002\/revisions"}],"wp:featuredmedia":[{"embeddable":true,"href":"https:\/\/gorica.info\/en\/wp-json\/wp\/v2\/media\/55003"}],"wp:attachment":[{"href":"https:\/\/gorica.info\/en\/wp-json\/wp\/v2\/media?parent=55002"}],"wp:term":[{"taxonomy":"category","embeddable":true,"href":"https:\/\/gorica.info\/en\/wp-json\/wp\/v2\/categories?post=55002"},{"taxonomy":"post_tag","embeddable":true,"href":"https:\/\/gorica.info\/en\/wp-json\/wp\/v2\/tags?post=55002"}],"curies":[{"name":"wp","href":"https:\/\/api.w.org\/{rel}","templated":true}]}}