{"id":55037,"date":"2023-09-29T15:30:04","date_gmt":"2023-09-29T13:30:04","guid":{"rendered":"https:\/\/gorica.info\/?p=55037"},"modified":"2023-09-29T15:30:04","modified_gmt":"2023-09-29T13:30:04","slug":"rotary-klub-velika-gorica-obiljezio-vaznu-obljetnicu-dvadeset-godina-predanog-humanitarnog-rada-velikogorickih-rotarijanaca","status":"publish","type":"post","link":"https:\/\/gorica.info\/en\/rotary-klub-velika-gorica-obiljezio-vaznu-obljetnicu-dvadeset-godina-predanog-humanitarnog-rada-velikogorickih-rotarijanaca\/","title":{"rendered":"Rotary klub Velika Gorica obilje\u017eio va\u017enu obljetnicu: Dvadeset godina predanog humanitarnog rada velikogori\u010dkih rotarijanaca"},"content":{"rendered":"<p><strong>Rotary klub Velika Gorica<\/strong> sve\u010dano je obilje\u017eio <strong>20. obljetnic<\/strong>u. <a href=\"https:\/\/www.facebook.com\/RotaryKlubVelikaGorica\">Gori\u010dki rotarijanci<\/a> i njihovi prijatelji prisjetili su se brojnih<strong> humanitarnih aktivnosti<\/strong> koje je ovaj klub imao u protekla dva desetlje\u0107a i kojima je brojnim ljudima koji su trebali pomo\u0107 barem malo uljep\u0161ao i olak\u0161ao te\u0161ku svakodnevicu.<\/p>\n<p>&#8211; \u017delim izraziti svoju duboku zahvalnost svim dragim gostima, uzvanicima i prijateljima koji su se pridru\u017eili na\u0161oj proslavi i u\u010dinili je nezaboravnom. Va\u0161a podr\u0161ka i prisutnost su nas ispunili rado\u0161\u0107u i ponosom. Kroz proteklih 20 godina, <strong>Rotary klub Velika Gorica<\/strong> je rastao i razvijao se zahvaljuju\u0107i va\u0161oj podr\u0161ci, predanosti i povjerenju. Bez vas, na\u0161ih dragih \u010dlanova i prijatelja, ova zajednica ne bi postigla sve \u0161to jeste danas. Nastavit \u0107emo raditi zajedno kako bismo donosili pozitivne promjene u na\u0161em gradu i okolini. Hvala vam \u0161to ste dio na\u0161e pri\u010de i \u0161to nas podr\u017eavate u svim na\u0161im naporima. Neka budu\u0107nost bude ispunjena uspjehom, sre\u0107om i jo\u0161 mnogo godina zajedni\u010dkog rada i slavlja &#8211; istaknula je <strong>Maja Leder<\/strong>, predsjednica Rotary kluba Velika Gorica.<\/p>\n<p>Rotarijancima se obratila i <strong>Ru\u017eica Ra\u0161peri\u0107<\/strong>, koja je prije 20 godina bila prva predsjednca gori\u010dkog kluba. Ona je kazala kako je ponosna na sve ono \u0161to su gori\u010dki rotarijanci u\u010dinili i dodala kako vjeruje da \u0107e takvih akcija biti i u budu\u0107nosti.<\/p>\n<p><strong>Damir Kotrman<\/strong>, jedan od osniva\u010da kluba koji je i danas aktivan, podsjetio je na one najve\u0107e akcije koje su proveli gori\u010dki rotarijanci. Me\u0111u njima svakako je najzna\u010dajnija obnova ku\u0107e obitelji \u010crnko koja je stradala u velikoj poplavi 2010. godine. RC Velika Gorica obnavljao je tu ku\u0107u u kojoj je \u017eivjela samohrana majka s troje djece i nije posustajao dok sve nije bilo gotovo.<\/p>\n<p>Gori\u010dki klub je vrlo aktivan i u me\u0111unarodnim razmjenama, pa je uz njihovu pomo\u0107 niz mladih Velikogori\u010danki i Velikogori\u010dana boravilo u inozemstvu na dugoro\u010dnim i kratkoro\u010dnim razmjenama. Od mladih koji su sudjelovali u razmjenama nastao je podmladak &#8211; <strong>Rotaract klub Velika Gorica<\/strong> koji je i danas jedan od najaktivnijih rotaract klubova u Hrvatskoj.<\/p>\n<p>RC Velika Gorica u nizu akcija skupljao je novac za poticanje izvrsnosti kod mladih Velikogori\u010dana, pa je za tu svrhu organizirao i humanitarno Svjetsko prvenstvo u pripravljanju kotlovine. To svjetsko prvenstvo odr\u017eavalo se do epidemije korone, ali mo\u017eda ga gori\u010dki rotarijanci ponovno aktiviraju jer je i taj humanitarno-kulinarski doga\u0111aj bio jedan od simbola po kojem su bili prepoznatljivi.<\/p>\n<p>Posljednjih godinu dana iznimnom humanitarnom aktivno\u0161\u0107u obilje\u017eio je i <a href=\"https:\/\/gorica.info\/en\/2023\/01\/15\/foto-goricki-poduzetnik-sinisa-drobnjak-uspjesno-zavrsio-48-satni-humanitarni-maratonski-izazov-bravo-sinisa\/\">gori\u010dki rotarijanac <strong>Sini\u0161a Drobnjak<\/strong><\/a>. On je, me\u0111u ostalim, otr\u010dao i humanitarni maraton po\u010detkom ove godine. Sin\u0161a je u 48 sati svakih \u010detiri sata tr\u010dao po \u010detiri milje. U tom iznimno napornom ritmu, u kojem je bilo jako malo vremena za odmor, vodila ga je misija pomo\u0107i gori\u010dkom <strong>Judo klubu osoba s invaliditetom Fuji<\/strong>. U tom klubu trenira 50-ak djece, a jo\u0161 su deseci njih bili na listi \u010dekanja zbog manjka trenera.<\/p>\n<p>Sini\u0161a Drobnjak je zbog svoje neiscrpne snage i \u017eelje da pomogne drugima dobio posebnu zahvalnicu u povodu 20. obljetnica RC Velika Gorica.<\/p>\n<p>Na sve\u010danosti su bili rotarijanci iz brojnih klubova, a najvi\u0161e je bilo \u010dlanova RC Zagreb &#8211; Zrinjevac. Bila je tu i <strong>Sun\u010dica Bulat W\u00fcrsching<\/strong>, guvernerka Distrikta 1913, koja se tako\u0111er zahvalila gori\u010dkim rotarijancima na predanom radu i doprinosu u proteklih 20 godina.<\/p>\n<p><strong>Evo fotografija sa sve\u010danosti:<\/strong><\/p>\n<figure id=\"attachment_55040\" aria-describedby=\"caption-attachment-55040\" style=\"width: 810px\" class=\"wp-caption aligncenter\"><img fetchpriority=\"high\" decoding=\"async\" class=\"wp-image-55040 size-large\" src=\"https:\/\/gorica.info\/wp-content\/uploads\/2023\/09\/384996643_699622158859206_4729808077553199945_n-1024x683.jpg\" alt=\"\" width=\"810\" height=\"540\" srcset=\"https:\/\/gorica.info\/wp-content\/uploads\/2023\/09\/384996643_699622158859206_4729808077553199945_n-1024x683.jpg 1024w, https:\/\/gorica.info\/wp-content\/uploads\/2023\/09\/384996643_699622158859206_4729808077553199945_n-300x200.jpg 300w, https:\/\/gorica.info\/wp-content\/uploads\/2023\/09\/384996643_699622158859206_4729808077553199945_n-768x512.jpg 768w, https:\/\/gorica.info\/wp-content\/uploads\/2023\/09\/384996643_699622158859206_4729808077553199945_n-18x12.jpg 18w, https:\/\/gorica.info\/wp-content\/uploads\/2023\/09\/384996643_699622158859206_4729808077553199945_n-750x500.jpg 750w, https:\/\/gorica.info\/wp-content\/uploads\/2023\/09\/384996643_699622158859206_4729808077553199945_n-1140x760.jpg 1140w, https:\/\/gorica.info\/wp-content\/uploads\/2023\/09\/384996643_699622158859206_4729808077553199945_n.jpg 1100w\" sizes=\"(max-width: 810px) 100vw, 810px\" \/><figcaption id=\"caption-attachment-55040\" class=\"wp-caption-text\">\u010clanovi Rotary kluba Velika Gorica<\/figcaption><\/figure>\n<figure id=\"attachment_55041\" aria-describedby=\"caption-attachment-55041\" style=\"width: 810px\" class=\"wp-caption aligncenter\"><img decoding=\"async\" class=\"wp-image-55041 size-large\" src=\"https:\/\/gorica.info\/wp-content\/uploads\/2023\/09\/385048265_699620932192662_7180693962692266484_n-1024x683.jpg\" alt=\"\" width=\"810\" height=\"540\" srcset=\"https:\/\/gorica.info\/wp-content\/uploads\/2023\/09\/385048265_699620932192662_7180693962692266484_n-1024x683.jpg 1024w, https:\/\/gorica.info\/wp-content\/uploads\/2023\/09\/385048265_699620932192662_7180693962692266484_n-300x200.jpg 300w, https:\/\/gorica.info\/wp-content\/uploads\/2023\/09\/385048265_699620932192662_7180693962692266484_n-768x512.jpg 768w, https:\/\/gorica.info\/wp-content\/uploads\/2023\/09\/385048265_699620932192662_7180693962692266484_n-18x12.jpg 18w, https:\/\/gorica.info\/wp-content\/uploads\/2023\/09\/385048265_699620932192662_7180693962692266484_n-750x500.jpg 750w, https:\/\/gorica.info\/wp-content\/uploads\/2023\/09\/385048265_699620932192662_7180693962692266484_n-1140x760.jpg 1140w, https:\/\/gorica.info\/wp-content\/uploads\/2023\/09\/385048265_699620932192662_7180693962692266484_n.jpg 1100w\" sizes=\"(max-width: 810px) 100vw, 810px\" \/><figcaption id=\"caption-attachment-55041\" class=\"wp-caption-text\">Aktualna i prva predsjednica RC Velika Gorica &#8211; Maja Leder i Ru\u017eica Ra\u0161peri\u0107<\/figcaption><\/figure>\n<figure id=\"attachment_55042\" aria-describedby=\"caption-attachment-55042\" style=\"width: 810px\" class=\"wp-caption aligncenter\"><img decoding=\"async\" class=\"wp-image-55042 size-large\" src=\"https:\/\/gorica.info\/wp-content\/uploads\/2023\/09\/384992476_699621118859310_4047378152340741663_n-1024x683.jpg\" alt=\"\" width=\"810\" height=\"540\" srcset=\"https:\/\/gorica.info\/wp-content\/uploads\/2023\/09\/384992476_699621118859310_4047378152340741663_n-1024x683.jpg 1024w, https:\/\/gorica.info\/wp-content\/uploads\/2023\/09\/384992476_699621118859310_4047378152340741663_n-300x200.jpg 300w, https:\/\/gorica.info\/wp-content\/uploads\/2023\/09\/384992476_699621118859310_4047378152340741663_n-768x512.jpg 768w, https:\/\/gorica.info\/wp-content\/uploads\/2023\/09\/384992476_699621118859310_4047378152340741663_n-18x12.jpg 18w, https:\/\/gorica.info\/wp-content\/uploads\/2023\/09\/384992476_699621118859310_4047378152340741663_n-750x500.jpg 750w, https:\/\/gorica.info\/wp-content\/uploads\/2023\/09\/384992476_699621118859310_4047378152340741663_n-1140x760.jpg 1140w, https:\/\/gorica.info\/wp-content\/uploads\/2023\/09\/384992476_699621118859310_4047378152340741663_n.jpg 1100w\" sizes=\"(max-width: 810px) 100vw, 810px\" \/><figcaption id=\"caption-attachment-55042\" class=\"wp-caption-text\">Guvernerka hrvatskog Rotary distrikta 1913 Sun\u010dica Bulat W\u00fcrsching<\/figcaption><\/figure>\n<figure id=\"attachment_55043\" aria-describedby=\"caption-attachment-55043\" style=\"width: 810px\" class=\"wp-caption aligncenter\"><img loading=\"lazy\" decoding=\"async\" class=\"wp-image-55043 size-large\" src=\"https:\/\/gorica.info\/wp-content\/uploads\/2023\/09\/381021055_699623058859116_1208371031483572006_n-1024x683.jpg\" alt=\"\" width=\"810\" height=\"540\" srcset=\"https:\/\/gorica.info\/wp-content\/uploads\/2023\/09\/381021055_699623058859116_1208371031483572006_n-1024x683.jpg 1024w, https:\/\/gorica.info\/wp-content\/uploads\/2023\/09\/381021055_699623058859116_1208371031483572006_n-300x200.jpg 300w, https:\/\/gorica.info\/wp-content\/uploads\/2023\/09\/381021055_699623058859116_1208371031483572006_n-768x512.jpg 768w, https:\/\/gorica.info\/wp-content\/uploads\/2023\/09\/381021055_699623058859116_1208371031483572006_n-18x12.jpg 18w, https:\/\/gorica.info\/wp-content\/uploads\/2023\/09\/381021055_699623058859116_1208371031483572006_n-750x500.jpg 750w, https:\/\/gorica.info\/wp-content\/uploads\/2023\/09\/381021055_699623058859116_1208371031483572006_n-1140x760.jpg 1140w, https:\/\/gorica.info\/wp-content\/uploads\/2023\/09\/381021055_699623058859116_1208371031483572006_n.jpg 1100w\" sizes=\"(max-width: 810px) 100vw, 810px\" \/><figcaption id=\"caption-attachment-55043\" class=\"wp-caption-text\">\u010clanovi Roratact kluba Velika Gorica<\/figcaption><\/figure>\n<figure id=\"attachment_55044\" aria-describedby=\"caption-attachment-55044\" style=\"width: 810px\" class=\"wp-caption aligncenter\"><img loading=\"lazy\" decoding=\"async\" class=\"wp-image-55044 size-large\" src=\"https:\/\/gorica.info\/wp-content\/uploads\/2023\/09\/385032100_699623008859121_7371253499745090757_n-1024x683.jpg\" alt=\"\" width=\"810\" height=\"540\" srcset=\"https:\/\/gorica.info\/wp-content\/uploads\/2023\/09\/385032100_699623008859121_7371253499745090757_n-1024x683.jpg 1024w, https:\/\/gorica.info\/wp-content\/uploads\/2023\/09\/385032100_699623008859121_7371253499745090757_n-300x200.jpg 300w, https:\/\/gorica.info\/wp-content\/uploads\/2023\/09\/385032100_699623008859121_7371253499745090757_n-768x512.jpg 768w, https:\/\/gorica.info\/wp-content\/uploads\/2023\/09\/385032100_699623008859121_7371253499745090757_n-18x12.jpg 18w, https:\/\/gorica.info\/wp-content\/uploads\/2023\/09\/385032100_699623008859121_7371253499745090757_n-750x500.jpg 750w, https:\/\/gorica.info\/wp-content\/uploads\/2023\/09\/385032100_699623008859121_7371253499745090757_n-1140x760.jpg 1140w, https:\/\/gorica.info\/wp-content\/uploads\/2023\/09\/385032100_699623008859121_7371253499745090757_n.jpg 1100w\" sizes=\"(max-width: 810px) 100vw, 810px\" \/><figcaption id=\"caption-attachment-55044\" class=\"wp-caption-text\">Gori\u010dki rotarijanac Sini\u0161a Drobnjak i Marina Dra\u0161kovi\u0107, osniva\u010dica i trenerica u Judo klubu Fuji<\/figcaption><\/figure>\n<p><img loading=\"lazy\" decoding=\"async\" class=\"aligncenter wp-image-55045 size-large\" src=\"https:\/\/gorica.info\/wp-content\/uploads\/2023\/09\/384989432_699621365525952_5665528724585550288_n-1024x683.jpg\" alt=\"\" width=\"810\" height=\"540\" srcset=\"https:\/\/gorica.info\/wp-content\/uploads\/2023\/09\/384989432_699621365525952_5665528724585550288_n-1024x683.jpg 1024w, https:\/\/gorica.info\/wp-content\/uploads\/2023\/09\/384989432_699621365525952_5665528724585550288_n-300x200.jpg 300w, https:\/\/gorica.info\/wp-content\/uploads\/2023\/09\/384989432_699621365525952_5665528724585550288_n-768x512.jpg 768w, https:\/\/gorica.info\/wp-content\/uploads\/2023\/09\/384989432_699621365525952_5665528724585550288_n-18x12.jpg 18w, https:\/\/gorica.info\/wp-content\/uploads\/2023\/09\/384989432_699621365525952_5665528724585550288_n-750x500.jpg 750w, https:\/\/gorica.info\/wp-content\/uploads\/2023\/09\/384989432_699621365525952_5665528724585550288_n-1140x760.jpg 1140w, https:\/\/gorica.info\/wp-content\/uploads\/2023\/09\/384989432_699621365525952_5665528724585550288_n.jpg 1100w\" sizes=\"(max-width: 810px) 100vw, 810px\" \/><\/p>\n<p><img loading=\"lazy\" decoding=\"async\" class=\"aligncenter wp-image-55046 size-large\" src=\"https:\/\/gorica.info\/wp-content\/uploads\/2023\/09\/385056076_699622725525816_4331993281314756478_n-1024x683.jpg\" alt=\"\" width=\"810\" height=\"540\" srcset=\"https:\/\/gorica.info\/wp-content\/uploads\/2023\/09\/385056076_699622725525816_4331993281314756478_n-1024x683.jpg 1024w, https:\/\/gorica.info\/wp-content\/uploads\/2023\/09\/385056076_699622725525816_4331993281314756478_n-300x200.jpg 300w, https:\/\/gorica.info\/wp-content\/uploads\/2023\/09\/385056076_699622725525816_4331993281314756478_n-768x512.jpg 768w, https:\/\/gorica.info\/wp-content\/uploads\/2023\/09\/385056076_699622725525816_4331993281314756478_n-18x12.jpg 18w, https:\/\/gorica.info\/wp-content\/uploads\/2023\/09\/385056076_699622725525816_4331993281314756478_n-750x500.jpg 750w, https:\/\/gorica.info\/wp-content\/uploads\/2023\/09\/385056076_699622725525816_4331993281314756478_n-1140x760.jpg 1140w, https:\/\/gorica.info\/wp-content\/uploads\/2023\/09\/385056076_699622725525816_4331993281314756478_n.jpg 1100w\" sizes=\"(max-width: 810px) 100vw, 810px\" \/><\/p>\n<p><img loading=\"lazy\" decoding=\"async\" class=\"aligncenter wp-image-55047 size-large\" src=\"https:\/\/gorica.info\/wp-content\/uploads\/2023\/09\/385032066_699623475525741_7755071531995887472_n-1024x683.jpg\" alt=\"\" width=\"810\" height=\"540\" srcset=\"https:\/\/gorica.info\/wp-content\/uploads\/2023\/09\/385032066_699623475525741_7755071531995887472_n-1024x683.jpg 1024w, https:\/\/gorica.info\/wp-content\/uploads\/2023\/09\/385032066_699623475525741_7755071531995887472_n-300x200.jpg 300w, https:\/\/gorica.info\/wp-content\/uploads\/2023\/09\/385032066_699623475525741_7755071531995887472_n-768x512.jpg 768w, https:\/\/gorica.info\/wp-content\/uploads\/2023\/09\/385032066_699623475525741_7755071531995887472_n-18x12.jpg 18w, https:\/\/gorica.info\/wp-content\/uploads\/2023\/09\/385032066_699623475525741_7755071531995887472_n-750x500.jpg 750w, https:\/\/gorica.info\/wp-content\/uploads\/2023\/09\/385032066_699623475525741_7755071531995887472_n-1140x760.jpg 1140w, https:\/\/gorica.info\/wp-content\/uploads\/2023\/09\/385032066_699623475525741_7755071531995887472_n.jpg 1100w\" sizes=\"(max-width: 810px) 100vw, 810px\" \/><\/p>\n<p><img loading=\"lazy\" decoding=\"async\" class=\"aligncenter wp-image-55048 size-large\" src=\"https:\/\/gorica.info\/wp-content\/uploads\/2023\/09\/382241349_699622018859220_128899777323141603_n-1024x683.jpg\" alt=\"\" width=\"810\" height=\"540\" srcset=\"https:\/\/gorica.info\/wp-content\/uploads\/2023\/09\/382241349_699622018859220_128899777323141603_n-1024x683.jpg 1024w, https:\/\/gorica.info\/wp-content\/uploads\/2023\/09\/382241349_699622018859220_128899777323141603_n-300x200.jpg 300w, https:\/\/gorica.info\/wp-content\/uploads\/2023\/09\/382241349_699622018859220_128899777323141603_n-768x512.jpg 768w, https:\/\/gorica.info\/wp-content\/uploads\/2023\/09\/382241349_699622018859220_128899777323141603_n-18x12.jpg 18w, https:\/\/gorica.info\/wp-content\/uploads\/2023\/09\/382241349_699622018859220_128899777323141603_n-750x500.jpg 750w, https:\/\/gorica.info\/wp-content\/uploads\/2023\/09\/382241349_699622018859220_128899777323141603_n-1140x760.jpg 1140w, https:\/\/gorica.info\/wp-content\/uploads\/2023\/09\/382241349_699622018859220_128899777323141603_n.jpg 1100w\" sizes=\"(max-width: 810px) 100vw, 810px\" \/><\/p>\n<p><img loading=\"lazy\" decoding=\"async\" class=\"aligncenter wp-image-55049 size-full\" src=\"https:\/\/gorica.info\/wp-content\/uploads\/2023\/09\/382401521_699623185525770_3041865261943935018_n.jpg\" alt=\"\" width=\"533\" height=\"800\" srcset=\"https:\/\/gorica.info\/wp-content\/uploads\/2023\/09\/382401521_699623185525770_3041865261943935018_n.jpg 533w, https:\/\/gorica.info\/wp-content\/uploads\/2023\/09\/382401521_699623185525770_3041865261943935018_n-200x300.jpg 200w, https:\/\/gorica.info\/wp-content\/uploads\/2023\/09\/382401521_699623185525770_3041865261943935018_n-8x12.jpg 8w\" sizes=\"(max-width: 533px) 100vw, 533px\" \/><\/p>\n<p><img loading=\"lazy\" decoding=\"async\" class=\"aligncenter wp-image-55050 size-large\" src=\"https:\/\/gorica.info\/wp-content\/uploads\/2023\/09\/385010548_699622375525851_5579575087210871599_n-1024x683.jpg\" alt=\"\" width=\"810\" height=\"540\" srcset=\"https:\/\/gorica.info\/wp-content\/uploads\/2023\/09\/385010548_699622375525851_5579575087210871599_n-1024x683.jpg 1024w, https:\/\/gorica.info\/wp-content\/uploads\/2023\/09\/385010548_699622375525851_5579575087210871599_n-300x200.jpg 300w, https:\/\/gorica.info\/wp-content\/uploads\/2023\/09\/385010548_699622375525851_5579575087210871599_n-768x512.jpg 768w, https:\/\/gorica.info\/wp-content\/uploads\/2023\/09\/385010548_699622375525851_5579575087210871599_n-18x12.jpg 18w, https:\/\/gorica.info\/wp-content\/uploads\/2023\/09\/385010548_699622375525851_5579575087210871599_n-750x500.jpg 750w, https:\/\/gorica.info\/wp-content\/uploads\/2023\/09\/385010548_699622375525851_5579575087210871599_n-1140x760.jpg 1140w, https:\/\/gorica.info\/wp-content\/uploads\/2023\/09\/385010548_699622375525851_5579575087210871599_n.jpg 1100w\" sizes=\"(max-width: 810px) 100vw, 810px\" \/><\/p>\n<p>&nbsp;<\/p>","protected":false},"excerpt":{"rendered":"<p>Rotary klub Velika Gorica sve\u010dano je obilje\u017eio 20. obljetnicu. Gori\u010dki rotarijanci i njihovi prijatelji prisjetili su se brojnih humanitarnih aktivnosti koje je ovaj klub imao u protekla dva desetlje\u0107a i kojima je brojnim ljudima koji su trebali pomo\u0107 barem malo uljep\u0161ao i olak\u0161ao te\u0161ku svakodnevicu. &#8211; \u017delim izraziti svoju duboku zahvalnost svim dragim gostima, uzvanicima [&hellip;]<\/p>\n","protected":false},"author":23,"featured_media":55039,"comment_status":"open","ping_status":"open","sticky":false,"template":"","format":"standard","meta":{"limit_modified_date":"","last_modified_date":"","jnews-multi-image_gallery":[],"jnews_single_post":[],"jnews_primary_category":[],"jnews_override_counter":[],"footnotes":""},"categories":[86],"tags":[11633,4540,141,11634,11635,11636],"class_list":["post-55037","post","type-post","status-publish","format-standard","has-post-thumbnail","hentry","category-udruge","tag-20-obljetnica","tag-maja-leder","tag-rotary-klub-velika-gorica","tag-rotary-klub-zagreb-zrinjevac","tag-ruzica-rasperic","tag-suncica-bulat-wursching"],"yoast_head":"<!-- This site is optimized with the Yoast SEO Premium plugin v27.4 (Yoast SEO v27.4) - https:\/\/yoast.com\/product\/yoast-seo-premium-wordpress\/ -->\n<title>Rotary klub Velika Gorica obilje\u017eio va\u017enu obljetnicu: Dvadeset godina predanog humanitarnog rada velikogori\u010dkih rotarijanaca - Gorica Info<\/title>\n<meta name=\"description\" content=\"Rotary klub Velika Gorica sve\u010dano je obilje\u017eio 20. obljetnicu. Gori\u010dki rotarijanci prisjetili su se brojnih humanitarnih aktivnosti\" \/>\n<meta name=\"robots\" content=\"index, follow, max-snippet:-1, max-image-preview:large, max-video-preview:-1\" \/>\n<link rel=\"canonical\" href=\"https:\/\/gorica.info\/en\/rotary-klub-velika-gorica-obiljezio-vaznu-obljetnicu-dvadeset-godina-predanog-humanitarnog-rada-velikogorickih-rotarijanaca\/\" \/>\n<meta property=\"og:locale\" content=\"en_US\" \/>\n<meta property=\"og:type\" content=\"article\" \/>\n<meta property=\"og:title\" content=\"Rotary klub Velika Gorica obilje\u017eio va\u017enu obljetnicu: Dvadeset godina predanog humanitarnog rada velikogori\u010dkih rotarijanaca\" \/>\n<meta property=\"og:description\" content=\"Rotary klub Velika Gorica sve\u010dano je obilje\u017eio 20. obljetnicu. Gori\u010dki rotarijanci prisjetili su se brojnih humanitarnih aktivnosti\" \/>\n<meta property=\"og:url\" content=\"https:\/\/gorica.info\/en\/rotary-klub-velika-gorica-obiljezio-vaznu-obljetnicu-dvadeset-godina-predanog-humanitarnog-rada-velikogorickih-rotarijanaca\/\" \/>\n<meta property=\"og:site_name\" content=\"Gorica Info\" \/>\n<meta property=\"article:publisher\" content=\"https:\/\/www.facebook.com\/Goricainfo-106005144489262\" \/>\n<meta property=\"article:published_time\" content=\"2023-09-29T13:30:04+00:00\" \/>\n<meta property=\"og:image\" content=\"https:\/\/gorica.info\/wp-content\/uploads\/2023\/09\/Collage_Fotor-rotary.jpg\" \/>\n\t<meta property=\"og:image:width\" content=\"1200\" \/>\n\t<meta property=\"og:image:height\" content=\"771\" \/>\n\t<meta property=\"og:image:type\" content=\"image\/jpeg\" \/>\n<meta name=\"author\" content=\"Gorica. info\" \/>\n<meta name=\"twitter:card\" content=\"summary_large_image\" \/>\n<meta name=\"twitter:creator\" content=\"@GoricaInfo\" \/>\n<meta name=\"twitter:site\" content=\"@GoricaInfo\" \/>\n<meta name=\"twitter:label1\" content=\"Written by\" \/>\n\t<meta name=\"twitter:data1\" content=\"Gorica. info\" \/>\n\t<meta name=\"twitter:label2\" content=\"Est. reading time\" \/>\n\t<meta name=\"twitter:data2\" content=\"6 minutes\" \/>\n<meta name=\"geo.placename\" content=\"Velika Gorica\" \/>\n<meta name=\"geo.region\" content=\"Croatia\" \/>\n<!-- \/ Yoast SEO Premium plugin. -->","yoast_head_json":{"title":"Rotary klub Velika Gorica obilje\u017eio va\u017enu obljetnicu: Dvadeset godina predanog humanitarnog rada velikogori\u010dkih rotarijanaca - Gorica Info","description":"Rotary klub Velika Gorica sve\u010dano je obilje\u017eio 20. obljetnicu. Gori\u010dki rotarijanci prisjetili su se brojnih humanitarnih aktivnosti","robots":{"index":"index","follow":"follow","max-snippet":"max-snippet:-1","max-image-preview":"max-image-preview:large","max-video-preview":"max-video-preview:-1"},"canonical":"https:\/\/gorica.info\/en\/rotary-klub-velika-gorica-obiljezio-vaznu-obljetnicu-dvadeset-godina-predanog-humanitarnog-rada-velikogorickih-rotarijanaca\/","og_locale":"en_US","og_type":"article","og_title":"Rotary klub Velika Gorica obilje\u017eio va\u017enu obljetnicu: Dvadeset godina predanog humanitarnog rada velikogori\u010dkih rotarijanaca","og_description":"Rotary klub Velika Gorica sve\u010dano je obilje\u017eio 20. obljetnicu. Gori\u010dki rotarijanci prisjetili su se brojnih humanitarnih aktivnosti","og_url":"https:\/\/gorica.info\/en\/rotary-klub-velika-gorica-obiljezio-vaznu-obljetnicu-dvadeset-godina-predanog-humanitarnog-rada-velikogorickih-rotarijanaca\/","og_site_name":"Gorica Info","article_publisher":"https:\/\/www.facebook.com\/Goricainfo-106005144489262","article_published_time":"2023-09-29T13:30:04+00:00","og_image":[{"width":1200,"height":771,"url":"https:\/\/gorica.info\/wp-content\/uploads\/2023\/09\/Collage_Fotor-rotary.jpg","type":"image\/jpeg"}],"author":"Gorica. info","twitter_card":"summary_large_image","twitter_creator":"@GoricaInfo","twitter_site":"@GoricaInfo","twitter_misc":{"Written by":"Gorica. info","Est. reading time":"6 minutes"},"schema":{"@context":"https:\/\/schema.org","@graph":[{"@type":"NewsArticle","@id":"https:\/\/gorica.info\/rotary-klub-velika-gorica-obiljezio-vaznu-obljetnicu-dvadeset-godina-predanog-humanitarnog-rada-velikogorickih-rotarijanaca\/#article","isPartOf":{"@id":"https:\/\/gorica.info\/rotary-klub-velika-gorica-obiljezio-vaznu-obljetnicu-dvadeset-godina-predanog-humanitarnog-rada-velikogorickih-rotarijanaca\/"},"author":{"name":"Gorica. info","@id":"https:\/\/gorica.info\/#\/schema\/person\/4499af1f22f322670b9b5977ccc2e3de"},"headline":"Rotary klub Velika Gorica obilje\u017eio va\u017enu obljetnicu: Dvadeset godina predanog humanitarnog rada velikogori\u010dkih rotarijanaca","datePublished":"2023-09-29T13:30:04+00:00","mainEntityOfPage":{"@id":"https:\/\/gorica.info\/rotary-klub-velika-gorica-obiljezio-vaznu-obljetnicu-dvadeset-godina-predanog-humanitarnog-rada-velikogorickih-rotarijanaca\/"},"wordCount":694,"commentCount":0,"publisher":{"@id":"https:\/\/gorica.info\/#organization"},"image":{"@id":"https:\/\/gorica.info\/rotary-klub-velika-gorica-obiljezio-vaznu-obljetnicu-dvadeset-godina-predanog-humanitarnog-rada-velikogorickih-rotarijanaca\/#primaryimage"},"thumbnailUrl":"https:\/\/gorica.info\/wp-content\/uploads\/2023\/09\/Collage_Fotor-rotary.jpg","keywords":["20. obljetnica","maja leder","rotary klub velika gorica","rotary klub zagreb zrinjevac","ru\u017eica ra\u0161peri\u0107","Sun\u010dica Bulat W\u00fcrsching"],"articleSection":["UDRUGE"],"inLanguage":"en-US","potentialAction":[{"@type":"CommentAction","name":"Comment","target":["https:\/\/gorica.info\/rotary-klub-velika-gorica-obiljezio-vaznu-obljetnicu-dvadeset-godina-predanog-humanitarnog-rada-velikogorickih-rotarijanaca\/#respond"]}],"copyrightYear":"2023","copyrightHolder":{"@id":"https:\/\/gorica.info\/en\/#organization"}},{"@type":"WebPage","@id":"https:\/\/gorica.info\/rotary-klub-velika-gorica-obiljezio-vaznu-obljetnicu-dvadeset-godina-predanog-humanitarnog-rada-velikogorickih-rotarijanaca\/","url":"https:\/\/gorica.info\/rotary-klub-velika-gorica-obiljezio-vaznu-obljetnicu-dvadeset-godina-predanog-humanitarnog-rada-velikogorickih-rotarijanaca\/","name":"Rotary klub Velika Gorica obilje\u017eio va\u017enu obljetnicu: Dvadeset godina predanog humanitarnog rada velikogori\u010dkih rotarijanaca - Gorica Info","isPartOf":{"@id":"https:\/\/gorica.info\/#website"},"primaryImageOfPage":{"@id":"https:\/\/gorica.info\/rotary-klub-velika-gorica-obiljezio-vaznu-obljetnicu-dvadeset-godina-predanog-humanitarnog-rada-velikogorickih-rotarijanaca\/#primaryimage"},"image":{"@id":"https:\/\/gorica.info\/rotary-klub-velika-gorica-obiljezio-vaznu-obljetnicu-dvadeset-godina-predanog-humanitarnog-rada-velikogorickih-rotarijanaca\/#primaryimage"},"thumbnailUrl":"https:\/\/gorica.info\/wp-content\/uploads\/2023\/09\/Collage_Fotor-rotary.jpg","datePublished":"2023-09-29T13:30:04+00:00","description":"Rotary klub Velika Gorica sve\u010dano je obilje\u017eio 20. obljetnicu. Gori\u010dki rotarijanci prisjetili su se brojnih humanitarnih aktivnosti","breadcrumb":{"@id":"https:\/\/gorica.info\/rotary-klub-velika-gorica-obiljezio-vaznu-obljetnicu-dvadeset-godina-predanog-humanitarnog-rada-velikogorickih-rotarijanaca\/#breadcrumb"},"inLanguage":"en-US","potentialAction":[{"@type":"ReadAction","target":["https:\/\/gorica.info\/rotary-klub-velika-gorica-obiljezio-vaznu-obljetnicu-dvadeset-godina-predanog-humanitarnog-rada-velikogorickih-rotarijanaca\/"]}]},{"@type":"ImageObject","inLanguage":"en-US","@id":"https:\/\/gorica.info\/rotary-klub-velika-gorica-obiljezio-vaznu-obljetnicu-dvadeset-godina-predanog-humanitarnog-rada-velikogorickih-rotarijanaca\/#primaryimage","url":"https:\/\/gorica.info\/wp-content\/uploads\/2023\/09\/Collage_Fotor-rotary.jpg","contentUrl":"https:\/\/gorica.info\/wp-content\/uploads\/2023\/09\/Collage_Fotor-rotary.jpg","width":1100,"height":707,"caption":"Rotary klub Velika Gorica sve\u010dano je obilje\u017eio 20. obljetnicu osnivanja \/ Foto: RC VG"},{"@type":"BreadcrumbList","@id":"https:\/\/gorica.info\/rotary-klub-velika-gorica-obiljezio-vaznu-obljetnicu-dvadeset-godina-predanog-humanitarnog-rada-velikogorickih-rotarijanaca\/#breadcrumb","itemListElement":[{"@type":"ListItem","position":1,"name":"Po\u010detna stranica","item":"https:\/\/gorica.info\/"},{"@type":"ListItem","position":2,"name":"Rotary klub Velika Gorica obilje\u017eio va\u017enu obljetnicu: Dvadeset godina predanog humanitarnog rada velikogori\u010dkih rotarijanaca"}]},{"@type":"WebSite","@id":"https:\/\/gorica.info\/#website","url":"https:\/\/gorica.info\/","name":"Gorica Info","description":"Vijesti iz Velike Gorice i okolice.","publisher":{"@id":"https:\/\/gorica.info\/#organization"},"potentialAction":[{"@type":"SearchAction","target":{"@type":"EntryPoint","urlTemplate":"https:\/\/gorica.info\/?s={search_term_string}"},"query-input":{"@type":"PropertyValueSpecification","valueRequired":true,"valueName":"search_term_string"}}],"inLanguage":"en-US"},{"@type":["Organization","Place","NewsMediaOrganization"],"@id":"https:\/\/gorica.info\/#organization","name":"Gorica Info","url":"https:\/\/gorica.info\/","logo":{"@id":"https:\/\/gorica.info\/rotary-klub-velika-gorica-obiljezio-vaznu-obljetnicu-dvadeset-godina-predanog-humanitarnog-rada-velikogorickih-rotarijanaca\/#local-main-organization-logo"},"image":{"@id":"https:\/\/gorica.info\/rotary-klub-velika-gorica-obiljezio-vaznu-obljetnicu-dvadeset-godina-predanog-humanitarnog-rada-velikogorickih-rotarijanaca\/#local-main-organization-logo"},"sameAs":["https:\/\/www.facebook.com\/Goricainfo-106005144489262","https:\/\/x.com\/GoricaInfo","https:\/\/www.instagram.com\/gorica.info\/"],"address":{"@id":"https:\/\/gorica.info\/rotary-klub-velika-gorica-obiljezio-vaznu-obljetnicu-dvadeset-godina-predanog-humanitarnog-rada-velikogorickih-rotarijanaca\/#local-main-place-address"},"telephone":[],"openingHoursSpecification":[{"@type":"OpeningHoursSpecification","dayOfWeek":["Monday","Tuesday","Wednesday","Thursday","Friday","Saturday","Sunday"],"opens":"09:00","closes":"17:00"}],"email":"redakcija@gorica.info"},{"@type":"Person","@id":"https:\/\/gorica.info\/#\/schema\/person\/4499af1f22f322670b9b5977ccc2e3de","name":"Gorica. info","description":"Gorica.info je lokalni portal koji prati Veliku Goricu i okolici, svakodnevno donosi najnovije vijesti i pri\u010de, kulturna doga\u0111anja i aktualnosti koje oblikuju \u017eivot gra\u0111ana.","url":"https:\/\/gorica.info\/en\/author\/gorica-info\/"},{"@type":"PostalAddress","@id":"https:\/\/gorica.info\/rotary-klub-velika-gorica-obiljezio-vaznu-obljetnicu-dvadeset-godina-predanog-humanitarnog-rada-velikogorickih-rotarijanaca\/#local-main-place-address","streetAddress":"Horvatova 97","addressLocality":"Velika Gorica","postalCode":"10410","addressRegion":"Croatia","addressCountry":"HR"},{"@type":"ImageObject","inLanguage":"en-US","@id":"https:\/\/gorica.info\/rotary-klub-velika-gorica-obiljezio-vaznu-obljetnicu-dvadeset-godina-predanog-humanitarnog-rada-velikogorickih-rotarijanaca\/#local-main-organization-logo","url":"https:\/\/gorica.info\/wp-content\/uploads\/2024\/07\/Gorica-Info-Logo-mali.png","contentUrl":"https:\/\/gorica.info\/wp-content\/uploads\/2024\/07\/Gorica-Info-Logo-mali.png","width":450,"height":85,"caption":"Gorica Info"}]},"geo.placename":"Velika Gorica","geo.region":"Croatia"},"_links":{"self":[{"href":"https:\/\/gorica.info\/en\/wp-json\/wp\/v2\/posts\/55037","targetHints":{"allow":["GET"]}}],"collection":[{"href":"https:\/\/gorica.info\/en\/wp-json\/wp\/v2\/posts"}],"about":[{"href":"https:\/\/gorica.info\/en\/wp-json\/wp\/v2\/types\/post"}],"author":[{"embeddable":true,"href":"https:\/\/gorica.info\/en\/wp-json\/wp\/v2\/users\/23"}],"replies":[{"embeddable":true,"href":"https:\/\/gorica.info\/en\/wp-json\/wp\/v2\/comments?post=55037"}],"version-history":[{"count":0,"href":"https:\/\/gorica.info\/en\/wp-json\/wp\/v2\/posts\/55037\/revisions"}],"wp:featuredmedia":[{"embeddable":true,"href":"https:\/\/gorica.info\/en\/wp-json\/wp\/v2\/media\/55039"}],"wp:attachment":[{"href":"https:\/\/gorica.info\/en\/wp-json\/wp\/v2\/media?parent=55037"}],"wp:term":[{"taxonomy":"category","embeddable":true,"href":"https:\/\/gorica.info\/en\/wp-json\/wp\/v2\/categories?post=55037"},{"taxonomy":"post_tag","embeddable":true,"href":"https:\/\/gorica.info\/en\/wp-json\/wp\/v2\/tags?post=55037"}],"curies":[{"name":"wp","href":"https:\/\/api.w.org\/{rel}","templated":true}]}}