{"id":55217,"date":"2023-10-02T12:19:52","date_gmt":"2023-10-02T10:19:52","guid":{"rendered":"https:\/\/gorica.info\/?p=55217"},"modified":"2023-10-02T12:19:52","modified_gmt":"2023-10-02T10:19:52","slug":"u-hrvatsku-stize-prvi-borbeni-rafale-na-plesu-se-gradi-novi-kompleks-zgrada","status":"publish","type":"post","link":"https:\/\/gorica.info\/en\/u-hrvatsku-stize-prvi-borbeni-rafale-na-plesu-se-gradi-novi-kompleks-zgrada\/","title":{"rendered":"U Hrvatsku sti\u017ee prvi borbeni zrakoplov Rafale: Na Plesu se gradi novi kompleks zgrada"},"content":{"rendered":"<p><strong>Hrvatska<\/strong> \u0107e danas u bazi francuskog ratnog zrakoplovstva <strong>Mont-de-Marsan<\/strong> preuzeti prvi vi\u0161enamjenski <strong>borbeni avion Rafale<\/strong>. To je prvi od 12 rabljenih Rafalea koje Hrvatska nabavlja od Francuske za oko milijardu eura &#8211; dva su dvosjeda i 10 jednosjeda.<\/p>\n<p>Ugovor s Francuzima uz novu eskadrilu uklju\u010duje i obuku pilota, simulatore, naoru\u017eanje i jamstvo. Kupnjom tih aviona, Hrvatska nakon 20-ak godina ovisnosti o dotrajalim i zastarjelim MiG-ovima 21 okre\u0107e novu stranicu kad je rije\u010d o \u010duvanju vlastitog zra\u010dnog prostora, javlja <a href=\"https:\/\/vijesti.hrt.hr\/hrvatska\/sluzbena-primopredaja-prvog-visenamjenskog-borbenog-aviona-rafale-u-francuskoj-11064693\">HTV<\/a>.<\/p>\n<p>U vojarni<strong> Pukovnik Marko \u017divkovi\u0107 na Plesu<\/strong> u tijeku su opse\u017eni gra\u0111evinski radovi. Gradi se zgrada eksadrile, zgrada simulatora i tri hangara \u2013 za odr\u017eavanje aviona, za odr\u017eavanje motora i parking hangar. Dio radova trebao bi biti gotov do kraja ove godine, a cijeli kompleks do prve polovice 2024.<\/p>\n<p>Zbog radova dio<a href=\"https:\/\/gorica.info\/en\/2022\/12\/06\/iz-mig-a-koji-je-pao-kod-daruvara-katapultirao-se-goricki-pilot-zvonimir-milatovic\/\"> MiG-ova<\/a> ovoga mjeseca preba\u010den je u zadarsku zra\u010dnu luku u Zemuniku, me\u0111utim de\u017eurni borbeni dvojac ostao je na Plesu.<\/p>\n<p>Prizemljenje MiG-ova i dolazak Rafalea vremenski \u0107e se uskladiti, tako da Hrvatska u nijednom trenutku ne\u0107e biti bez borbene sposobnosti, \u0161to je jedan od klju\u010dnih momenata nabavke nove eskadrile, u protivnom bi se moralo nekoj od \u010dlanici NATOa pla\u0107ati \u010duvanje neba.<\/p>\n<p>\u0160to \u0107e biti s MIG-ovima zasad jo\u0161 nije objavljeno? Oni se svakako otpisuju, ho\u0107e li se u potpunosti rashodovati ili \u0107e mo\u017eda dio ipak ostati muzejska vojna ostav\u0161tina &#8211; informacija je koju jo\u0161 \u010dekamo.<\/p>","protected":false},"excerpt":{"rendered":"<p>Hrvatska \u0107e danas u bazi francuskog ratnog zrakoplovstva Mont-de-Marsan preuzeti prvi vi\u0161enamjenski borbeni avion Rafale. To je prvi od 12 rabljenih Rafalea koje Hrvatska nabavlja od Francuske za oko milijardu eura &#8211; dva su dvosjeda i 10 jednosjeda. Ugovor s Francuzima uz novu eskadrilu uklju\u010duje i obuku pilota, simulatore, naoru\u017eanje i jamstvo. Kupnjom tih aviona, [&hellip;]<\/p>\n","protected":false},"author":23,"featured_media":55218,"comment_status":"open","ping_status":"open","sticky":false,"template":"","format":"standard","meta":{"limit_modified_date":"","last_modified_date":"","jnews-multi-image_gallery":[],"jnews_single_post":[],"jnews_primary_category":[],"jnews_override_counter":[],"footnotes":""},"categories":[83],"tags":[2586,4834,10814,11668,5571],"class_list":["post-55217","post","type-post","status-publish","format-standard","has-post-thumbnail","hentry","category-drustvo","tag-borbeni-zrakoplovi","tag-hrvatsko-ratno-zrakoplovstvo","tag-migovi","tag-ministarstvoo-brane","tag-rafale"],"yoast_head":"<!-- This site is optimized with the Yoast SEO Premium plugin v27.4 (Yoast SEO v27.4) - https:\/\/yoast.com\/product\/yoast-seo-premium-wordpress\/ -->\n<title>U Hrvatsku sti\u017ee prvi borbeni zrakoplov Rafale: Na Plesu se gradi novi kompleks zgrada - Gorica Info<\/title>\n<meta name=\"description\" content=\"U Hrvatsku sti\u017ee prvi borbeni Rafale: Na Plesu se gradi novi kompleks zgrada, tri hangar za odr\u017eavanje, zgrada simulatora...\" \/>\n<meta name=\"robots\" content=\"index, follow, max-snippet:-1, max-image-preview:large, max-video-preview:-1\" \/>\n<link rel=\"canonical\" href=\"https:\/\/gorica.info\/en\/u-hrvatsku-stize-prvi-borbeni-rafale-na-plesu-se-gradi-novi-kompleks-zgrada\/\" \/>\n<meta property=\"og:locale\" content=\"en_US\" \/>\n<meta property=\"og:type\" content=\"article\" \/>\n<meta property=\"og:title\" content=\"U Hrvatsku sti\u017ee prvi borbeni zrakoplov Rafale: Na Plesu se gradi novi kompleks zgrada\" \/>\n<meta property=\"og:description\" content=\"U Hrvatsku sti\u017ee prvi borbeni Rafale: Na Plesu se gradi novi kompleks zgrada, tri hangar za odr\u017eavanje, zgrada simulatora...\" \/>\n<meta property=\"og:url\" content=\"https:\/\/gorica.info\/en\/u-hrvatsku-stize-prvi-borbeni-rafale-na-plesu-se-gradi-novi-kompleks-zgrada\/\" \/>\n<meta property=\"og:site_name\" content=\"Gorica Info\" \/>\n<meta property=\"article:publisher\" content=\"https:\/\/www.facebook.com\/Goricainfo-106005144489262\" \/>\n<meta property=\"article:published_time\" content=\"2023-10-02T10:19:52+00:00\" \/>\n<meta property=\"og:image\" content=\"https:\/\/gorica.info\/wp-content\/uploads\/2023\/10\/rafale-foto-ministarstvo-obrane.jpg\" \/>\n\t<meta property=\"og:image:width\" content=\"1200\" \/>\n\t<meta property=\"og:image:height\" content=\"800\" \/>\n\t<meta property=\"og:image:type\" content=\"image\/jpeg\" \/>\n<meta name=\"author\" content=\"Gorica. info\" \/>\n<meta name=\"twitter:card\" content=\"summary_large_image\" \/>\n<meta name=\"twitter:creator\" content=\"@GoricaInfo\" \/>\n<meta name=\"twitter:site\" content=\"@GoricaInfo\" \/>\n<meta name=\"twitter:label1\" content=\"Written by\" \/>\n\t<meta name=\"twitter:data1\" content=\"Gorica. info\" \/>\n\t<meta name=\"twitter:label2\" content=\"Est. reading time\" \/>\n\t<meta name=\"twitter:data2\" content=\"2 minutes\" \/>\n<meta name=\"geo.placename\" content=\"Velika Gorica\" \/>\n<meta name=\"geo.region\" content=\"Croatia\" \/>\n<!-- \/ Yoast SEO Premium plugin. -->","yoast_head_json":{"title":"U Hrvatsku sti\u017ee prvi borbeni zrakoplov Rafale: Na Plesu se gradi novi kompleks zgrada - Gorica Info","description":"U Hrvatsku sti\u017ee prvi borbeni Rafale: Na Plesu se gradi novi kompleks zgrada, tri hangar za odr\u017eavanje, zgrada simulatora...","robots":{"index":"index","follow":"follow","max-snippet":"max-snippet:-1","max-image-preview":"max-image-preview:large","max-video-preview":"max-video-preview:-1"},"canonical":"https:\/\/gorica.info\/en\/u-hrvatsku-stize-prvi-borbeni-rafale-na-plesu-se-gradi-novi-kompleks-zgrada\/","og_locale":"en_US","og_type":"article","og_title":"U Hrvatsku sti\u017ee prvi borbeni zrakoplov Rafale: Na Plesu se gradi novi kompleks zgrada","og_description":"U Hrvatsku sti\u017ee prvi borbeni Rafale: Na Plesu se gradi novi kompleks zgrada, tri hangar za odr\u017eavanje, zgrada simulatora...","og_url":"https:\/\/gorica.info\/en\/u-hrvatsku-stize-prvi-borbeni-rafale-na-plesu-se-gradi-novi-kompleks-zgrada\/","og_site_name":"Gorica Info","article_publisher":"https:\/\/www.facebook.com\/Goricainfo-106005144489262","article_published_time":"2023-10-02T10:19:52+00:00","og_image":[{"width":1200,"height":800,"url":"https:\/\/gorica.info\/wp-content\/uploads\/2023\/10\/rafale-foto-ministarstvo-obrane.jpg","type":"image\/jpeg"}],"author":"Gorica. info","twitter_card":"summary_large_image","twitter_creator":"@GoricaInfo","twitter_site":"@GoricaInfo","twitter_misc":{"Written by":"Gorica. info","Est. reading time":"2 minutes"},"schema":{"@context":"https:\/\/schema.org","@graph":[{"@type":"NewsArticle","@id":"https:\/\/gorica.info\/u-hrvatsku-stize-prvi-borbeni-rafale-na-plesu-se-gradi-novi-kompleks-zgrada\/#article","isPartOf":{"@id":"https:\/\/gorica.info\/u-hrvatsku-stize-prvi-borbeni-rafale-na-plesu-se-gradi-novi-kompleks-zgrada\/"},"author":{"name":"Gorica. info","@id":"https:\/\/gorica.info\/#\/schema\/person\/4499af1f22f322670b9b5977ccc2e3de"},"headline":"U Hrvatsku sti\u017ee prvi borbeni zrakoplov Rafale: Na Plesu se gradi novi kompleks zgrada","datePublished":"2023-10-02T10:19:52+00:00","mainEntityOfPage":{"@id":"https:\/\/gorica.info\/u-hrvatsku-stize-prvi-borbeni-rafale-na-plesu-se-gradi-novi-kompleks-zgrada\/"},"wordCount":254,"commentCount":0,"publisher":{"@id":"https:\/\/gorica.info\/#organization"},"image":{"@id":"https:\/\/gorica.info\/u-hrvatsku-stize-prvi-borbeni-rafale-na-plesu-se-gradi-novi-kompleks-zgrada\/#primaryimage"},"thumbnailUrl":"https:\/\/gorica.info\/wp-content\/uploads\/2023\/10\/rafale-foto-ministarstvo-obrane.jpg","keywords":["borbeni zrakoplovi","hrvatsko ratno zrakoplovstvo","migovi","ministarstvoo brane","rafale"],"articleSection":["DRU\u0160TVO"],"inLanguage":"en-US","potentialAction":[{"@type":"CommentAction","name":"Comment","target":["https:\/\/gorica.info\/u-hrvatsku-stize-prvi-borbeni-rafale-na-plesu-se-gradi-novi-kompleks-zgrada\/#respond"]}],"copyrightYear":"2023","copyrightHolder":{"@id":"https:\/\/gorica.info\/en\/#organization"}},{"@type":"WebPage","@id":"https:\/\/gorica.info\/u-hrvatsku-stize-prvi-borbeni-rafale-na-plesu-se-gradi-novi-kompleks-zgrada\/","url":"https:\/\/gorica.info\/u-hrvatsku-stize-prvi-borbeni-rafale-na-plesu-se-gradi-novi-kompleks-zgrada\/","name":"U Hrvatsku sti\u017ee prvi borbeni zrakoplov Rafale: Na Plesu se gradi novi kompleks zgrada - Gorica Info","isPartOf":{"@id":"https:\/\/gorica.info\/#website"},"primaryImageOfPage":{"@id":"https:\/\/gorica.info\/u-hrvatsku-stize-prvi-borbeni-rafale-na-plesu-se-gradi-novi-kompleks-zgrada\/#primaryimage"},"image":{"@id":"https:\/\/gorica.info\/u-hrvatsku-stize-prvi-borbeni-rafale-na-plesu-se-gradi-novi-kompleks-zgrada\/#primaryimage"},"thumbnailUrl":"https:\/\/gorica.info\/wp-content\/uploads\/2023\/10\/rafale-foto-ministarstvo-obrane.jpg","datePublished":"2023-10-02T10:19:52+00:00","description":"U Hrvatsku sti\u017ee prvi borbeni Rafale: Na Plesu se gradi novi kompleks zgrada, tri hangar za odr\u017eavanje, zgrada simulatora...","breadcrumb":{"@id":"https:\/\/gorica.info\/u-hrvatsku-stize-prvi-borbeni-rafale-na-plesu-se-gradi-novi-kompleks-zgrada\/#breadcrumb"},"inLanguage":"en-US","potentialAction":[{"@type":"ReadAction","target":["https:\/\/gorica.info\/u-hrvatsku-stize-prvi-borbeni-rafale-na-plesu-se-gradi-novi-kompleks-zgrada\/"]}]},{"@type":"ImageObject","inLanguage":"en-US","@id":"https:\/\/gorica.info\/u-hrvatsku-stize-prvi-borbeni-rafale-na-plesu-se-gradi-novi-kompleks-zgrada\/#primaryimage","url":"https:\/\/gorica.info\/wp-content\/uploads\/2023\/10\/rafale-foto-ministarstvo-obrane.jpg","contentUrl":"https:\/\/gorica.info\/wp-content\/uploads\/2023\/10\/rafale-foto-ministarstvo-obrane.jpg","width":1100,"height":733,"caption":"Foto: Ministarstvo obrane"},{"@type":"BreadcrumbList","@id":"https:\/\/gorica.info\/u-hrvatsku-stize-prvi-borbeni-rafale-na-plesu-se-gradi-novi-kompleks-zgrada\/#breadcrumb","itemListElement":[{"@type":"ListItem","position":1,"name":"Po\u010detna stranica","item":"https:\/\/gorica.info\/"},{"@type":"ListItem","position":2,"name":"U Hrvatsku sti\u017ee prvi borbeni zrakoplov Rafale: Na Plesu se gradi novi kompleks zgrada"}]},{"@type":"WebSite","@id":"https:\/\/gorica.info\/#website","url":"https:\/\/gorica.info\/","name":"Gorica Info","description":"Vijesti iz Velike Gorice i okolice.","publisher":{"@id":"https:\/\/gorica.info\/#organization"},"potentialAction":[{"@type":"SearchAction","target":{"@type":"EntryPoint","urlTemplate":"https:\/\/gorica.info\/?s={search_term_string}"},"query-input":{"@type":"PropertyValueSpecification","valueRequired":true,"valueName":"search_term_string"}}],"inLanguage":"en-US"},{"@type":["Organization","Place","NewsMediaOrganization"],"@id":"https:\/\/gorica.info\/#organization","name":"Gorica Info","url":"https:\/\/gorica.info\/","logo":{"@id":"https:\/\/gorica.info\/u-hrvatsku-stize-prvi-borbeni-rafale-na-plesu-se-gradi-novi-kompleks-zgrada\/#local-main-organization-logo"},"image":{"@id":"https:\/\/gorica.info\/u-hrvatsku-stize-prvi-borbeni-rafale-na-plesu-se-gradi-novi-kompleks-zgrada\/#local-main-organization-logo"},"sameAs":["https:\/\/www.facebook.com\/Goricainfo-106005144489262","https:\/\/x.com\/GoricaInfo","https:\/\/www.instagram.com\/gorica.info\/"],"address":{"@id":"https:\/\/gorica.info\/u-hrvatsku-stize-prvi-borbeni-rafale-na-plesu-se-gradi-novi-kompleks-zgrada\/#local-main-place-address"},"telephone":[],"openingHoursSpecification":[{"@type":"OpeningHoursSpecification","dayOfWeek":["Monday","Tuesday","Wednesday","Thursday","Friday","Saturday","Sunday"],"opens":"09:00","closes":"17:00"}],"email":"redakcija@gorica.info"},{"@type":"Person","@id":"https:\/\/gorica.info\/#\/schema\/person\/4499af1f22f322670b9b5977ccc2e3de","name":"Gorica. info","description":"Gorica.info je lokalni portal koji prati Veliku Goricu i okolici, svakodnevno donosi najnovije vijesti i pri\u010de, kulturna doga\u0111anja i aktualnosti koje oblikuju \u017eivot gra\u0111ana.","url":"https:\/\/gorica.info\/en\/author\/gorica-info\/"},{"@type":"PostalAddress","@id":"https:\/\/gorica.info\/u-hrvatsku-stize-prvi-borbeni-rafale-na-plesu-se-gradi-novi-kompleks-zgrada\/#local-main-place-address","streetAddress":"Horvatova 97","addressLocality":"Velika Gorica","postalCode":"10410","addressRegion":"Croatia","addressCountry":"HR"},{"@type":"ImageObject","inLanguage":"en-US","@id":"https:\/\/gorica.info\/u-hrvatsku-stize-prvi-borbeni-rafale-na-plesu-se-gradi-novi-kompleks-zgrada\/#local-main-organization-logo","url":"https:\/\/gorica.info\/wp-content\/uploads\/2024\/07\/Gorica-Info-Logo-mali.png","contentUrl":"https:\/\/gorica.info\/wp-content\/uploads\/2024\/07\/Gorica-Info-Logo-mali.png","width":450,"height":85,"caption":"Gorica Info"}]},"geo.placename":"Velika Gorica","geo.region":"Croatia"},"_links":{"self":[{"href":"https:\/\/gorica.info\/en\/wp-json\/wp\/v2\/posts\/55217","targetHints":{"allow":["GET"]}}],"collection":[{"href":"https:\/\/gorica.info\/en\/wp-json\/wp\/v2\/posts"}],"about":[{"href":"https:\/\/gorica.info\/en\/wp-json\/wp\/v2\/types\/post"}],"author":[{"embeddable":true,"href":"https:\/\/gorica.info\/en\/wp-json\/wp\/v2\/users\/23"}],"replies":[{"embeddable":true,"href":"https:\/\/gorica.info\/en\/wp-json\/wp\/v2\/comments?post=55217"}],"version-history":[{"count":0,"href":"https:\/\/gorica.info\/en\/wp-json\/wp\/v2\/posts\/55217\/revisions"}],"wp:featuredmedia":[{"embeddable":true,"href":"https:\/\/gorica.info\/en\/wp-json\/wp\/v2\/media\/55218"}],"wp:attachment":[{"href":"https:\/\/gorica.info\/en\/wp-json\/wp\/v2\/media?parent=55217"}],"wp:term":[{"taxonomy":"category","embeddable":true,"href":"https:\/\/gorica.info\/en\/wp-json\/wp\/v2\/categories?post=55217"},{"taxonomy":"post_tag","embeddable":true,"href":"https:\/\/gorica.info\/en\/wp-json\/wp\/v2\/tags?post=55217"}],"curies":[{"name":"wp","href":"https:\/\/api.w.org\/{rel}","templated":true}]}}