{"id":55319,"date":"2023-10-08T14:45:47","date_gmt":"2023-10-08T12:45:47","guid":{"rendered":"https:\/\/gorica.info\/?p=55319"},"modified":"2023-10-08T14:45:47","modified_gmt":"2023-10-08T12:45:47","slug":"dodite-na-javnu-tribinu-i-predstavljanje-idejnog-rjesenja-uredenja-kurilovecke-setnice","status":"publish","type":"post","link":"https:\/\/gorica.info\/en\/dodite-na-javnu-tribinu-i-predstavljanje-idejnog-rjesenja-uredenja-kurilovecke-setnice\/","title":{"rendered":"Do\u0111ite na javnu tribinu i predstavljanje idejnog rje\u0161enja ure\u0111enja Kurilove\u010dke \u0161etnice"},"content":{"rendered":"<p>U <strong>Gradskoj \u010detvrti Kurilovec<\/strong> planira se urediti <strong>Kurilove\u010dka \u0161etnica<\/strong>. Idejno rje\u0161enje projekta bit \u0107e predstavljeno <strong>u ponedjeljak, 9. listopada od 18 sati<\/strong> u <a href=\"https:\/\/gorica.info\/en\/2023\/09\/23\/velikogoricka-gradska-cetvrt-kurilovec-obiljezila-svoj-dan-sjecanje-na-kurilovecke-branitelje-koji-su-za-slobodu-dali-ono-najvrednije-sto-su-imali-zivot\/\">Vatrogasnom domu Kurilovec<\/a>. Iz gradske uprave pozivaju gra\u0111ane na javnu tribinu i predstavljanje projekta krajobraznog ure\u0111enja \u0161etnice.<\/p>\n<p>Inicijativa Su\u010dije Kurilovec Plemenite op\u0107ine turopoljske da sadnjom stabala po\u0161ume staro korito potoka Lomnice u svom naselju od \u201epruge\u201c do Udarnika, potaknula je revitalizaciju projekta Kurilove\u010dke \u0161etnice. \u0160etnica bi naselju pru\u017eila novi sadr\u017eaj od rekreativnog, kulturnog, povijesnog i sportskog zna\u010daja. Kako je sredi\u0161nja linija oko koje se razvijao Kurilovec bio potok Lomnica, ovim projektom se \u017eeli stvoriti nova zelena veza, kao novi elemente generiranja razvoja prostora \u2013 najavili su iz <a href=\"http:\/\/www.gorica.hr\/2023\/10\/poziv-na-javnu-tribinu-i-predstavljanje-projekta-kurilovecke-setnice\/#more-38513\">gradske uprave<\/a>.<\/p>\n<figure id=\"attachment_55320\" aria-describedby=\"caption-attachment-55320\" style=\"width: 803px\" class=\"wp-caption aligncenter\"><img fetchpriority=\"high\" decoding=\"async\" class=\"wp-image-55320 size-full\" src=\"https:\/\/gorica.info\/wp-content\/uploads\/2023\/10\/kurilovecka-setnica-skica.jpg\" alt=\"\u0161etnice\" width=\"803\" height=\"458\" srcset=\"https:\/\/gorica.info\/wp-content\/uploads\/2023\/10\/kurilovecka-setnica-skica.jpg 803w, https:\/\/gorica.info\/wp-content\/uploads\/2023\/10\/kurilovecka-setnica-skica-300x171.jpg 300w, https:\/\/gorica.info\/wp-content\/uploads\/2023\/10\/kurilovecka-setnica-skica-768x438.jpg 768w, https:\/\/gorica.info\/wp-content\/uploads\/2023\/10\/kurilovecka-setnica-skica-18x10.jpg 18w, https:\/\/gorica.info\/wp-content\/uploads\/2023\/10\/kurilovecka-setnica-skica-750x428.jpg 750w\" sizes=\"(max-width: 803px) 100vw, 803px\" \/><figcaption id=\"caption-attachment-55320\" class=\"wp-caption-text\">Ilustracija: Grad Velika Gorica<\/figcaption><\/figure>\n<p>Idejnim rje\u0161enjem predvi\u0111a se <strong>krajobrazno ure\u0111enje \u0161etnice<\/strong> i parka Kurilovec koji obuhva\u0107a oblikovanje \u0161etnice s novim sadr\u017eajima \u2013 dje\u010djim igrali\u0161tima, prostorima za starije, prostorima za vje\u017ebanje, edukacijskim elementima, memorijalnim prostorima te prostorima za boravak u raznolikim ambijentima.<\/p>\n<p>Podru\u010dje planiranog zahvata pru\u017ea se du\u017e Lomni\u010dke ulice u smjeru istok-zapad u duljini od oko 1200 metara na podru\u010dju nekada\u0161njeg potoka Lomnica.<\/p>\n<p>Idejno rje\u0161enje predstavit \u0107e Ines Hrdalo, glavna projektantica, sa suradnicima koji su izradili projekt krajobraznog ure\u0111enja.<\/p>\n<p><img decoding=\"async\" class=\"aligncenter wp-image-55321 size-large\" src=\"https:\/\/gorica.info\/wp-content\/uploads\/2023\/10\/Kuriloveckasetnica-1024x724.jpg\" alt=\"\" width=\"810\" height=\"573\" srcset=\"https:\/\/gorica.info\/wp-content\/uploads\/2023\/10\/Kuriloveckasetnica-1024x724.jpg 1024w, https:\/\/gorica.info\/wp-content\/uploads\/2023\/10\/Kuriloveckasetnica-300x212.jpg 300w, https:\/\/gorica.info\/wp-content\/uploads\/2023\/10\/Kuriloveckasetnica-768x543.jpg 768w, https:\/\/gorica.info\/wp-content\/uploads\/2023\/10\/Kuriloveckasetnica-18x12.jpg 18w, https:\/\/gorica.info\/wp-content\/uploads\/2023\/10\/Kuriloveckasetnica-120x86.jpg 120w, https:\/\/gorica.info\/wp-content\/uploads\/2023\/10\/Kuriloveckasetnica-750x531.jpg 750w, https:\/\/gorica.info\/wp-content\/uploads\/2023\/10\/Kuriloveckasetnica.jpg 1100w\" sizes=\"(max-width: 810px) 100vw, 810px\" \/><\/p>\n<p>&nbsp;<\/p>","protected":false},"excerpt":{"rendered":"<p>U Gradskoj \u010detvrti Kurilovec planira se urediti Kurilove\u010dka \u0161etnica. Idejno rje\u0161enje projekta bit \u0107e predstavljeno u ponedjeljak, 9. listopada od 18 sati u Vatrogasnom domu Kurilovec. Iz gradske uprave pozivaju gra\u0111ane na javnu tribinu i predstavljanje projekta krajobraznog ure\u0111enja \u0161etnice. Inicijativa Su\u010dije Kurilovec Plemenite op\u0107ine turopoljske da sadnjom stabala po\u0161ume staro korito potoka Lomnice u [&hellip;]<\/p>\n","protected":false},"author":25,"featured_media":55324,"comment_status":"open","ping_status":"open","sticky":false,"template":"","format":"standard","meta":{"limit_modified_date":"","last_modified_date":"","jnews-multi-image_gallery":[],"jnews_single_post":[],"jnews_primary_category":[],"jnews_override_counter":[],"footnotes":""},"categories":[87],"tags":[5193,11747,5194,11748],"class_list":["post-55319","post","type-post","status-publish","format-standard","has-post-thumbnail","hentry","category-gorica","tag-gradska-cetvrt-kurilovec","tag-krajobrazno-uredenje","tag-kurilovecka-setnica","tag-vatrogasni-dom-kurilovec"],"yoast_head":"<!-- This site is optimized with the Yoast SEO Premium plugin v27.4 (Yoast SEO v27.4) - https:\/\/yoast.com\/product\/yoast-seo-premium-wordpress\/ -->\n<title>Do\u0111ite na javnu tribinu i predstavljanje idejnog rje\u0161enja ure\u0111enja Kurilove\u010dke \u0161etnice - Gorica Info<\/title>\n<meta name=\"description\" content=\"Do\u0111ite na javnu tribinu i predstavljanje idejnog rje\u0161enja ure\u0111enja Kurilove\u010dke \u0161etnice. Tribina \u0107e se odr\u017eati u Vatrogasnom domu.\" \/>\n<meta name=\"robots\" content=\"index, follow, max-snippet:-1, max-image-preview:large, max-video-preview:-1\" \/>\n<link rel=\"canonical\" href=\"https:\/\/gorica.info\/en\/dodite-na-javnu-tribinu-i-predstavljanje-idejnog-rjesenja-uredenja-kurilovecke-setnice\/\" \/>\n<meta property=\"og:locale\" content=\"en_US\" \/>\n<meta property=\"og:type\" content=\"article\" \/>\n<meta property=\"og:title\" content=\"Do\u0111ite na javnu tribinu i predstavljanje idejnog rje\u0161enja ure\u0111enja Kurilove\u010dke \u0161etnice\" \/>\n<meta property=\"og:description\" content=\"Do\u0111ite na javnu tribinu i predstavljanje idejnog rje\u0161enja ure\u0111enja Kurilove\u010dke \u0161etnice. Tribina \u0107e se odr\u017eati u Vatrogasnom domu.\" \/>\n<meta property=\"og:url\" content=\"https:\/\/gorica.info\/en\/dodite-na-javnu-tribinu-i-predstavljanje-idejnog-rjesenja-uredenja-kurilovecke-setnice\/\" \/>\n<meta property=\"og:site_name\" content=\"Gorica Info\" \/>\n<meta property=\"article:publisher\" content=\"https:\/\/www.facebook.com\/Goricainfo-106005144489262\" \/>\n<meta property=\"article:published_time\" content=\"2023-10-08T12:45:47+00:00\" \/>\n<meta property=\"og:image\" content=\"https:\/\/gorica.info\/wp-content\/uploads\/2023\/10\/spomenik-kurilovec.jpg\" \/>\n\t<meta property=\"og:image:width\" content=\"1024\" \/>\n\t<meta property=\"og:image:height\" content=\"768\" \/>\n\t<meta property=\"og:image:type\" content=\"image\/jpeg\" \/>\n<meta name=\"author\" content=\"Marta Horvat\" \/>\n<meta name=\"twitter:card\" content=\"summary_large_image\" \/>\n<meta name=\"twitter:creator\" content=\"@GoricaInfo\" \/>\n<meta name=\"twitter:site\" content=\"@GoricaInfo\" \/>\n<meta name=\"twitter:label1\" content=\"Written by\" \/>\n\t<meta name=\"twitter:data1\" content=\"Marta Horvat\" \/>\n\t<meta name=\"twitter:label2\" content=\"Est. reading time\" \/>\n\t<meta name=\"twitter:data2\" content=\"2 minutes\" \/>\n<meta name=\"geo.placename\" content=\"Velika Gorica\" \/>\n<meta name=\"geo.region\" content=\"Croatia\" \/>\n<!-- \/ Yoast SEO Premium plugin. -->","yoast_head_json":{"title":"Do\u0111ite na javnu tribinu i predstavljanje idejnog rje\u0161enja ure\u0111enja Kurilove\u010dke \u0161etnice - Gorica Info","description":"Do\u0111ite na javnu tribinu i predstavljanje idejnog rje\u0161enja ure\u0111enja Kurilove\u010dke \u0161etnice. Tribina \u0107e se odr\u017eati u Vatrogasnom domu.","robots":{"index":"index","follow":"follow","max-snippet":"max-snippet:-1","max-image-preview":"max-image-preview:large","max-video-preview":"max-video-preview:-1"},"canonical":"https:\/\/gorica.info\/en\/dodite-na-javnu-tribinu-i-predstavljanje-idejnog-rjesenja-uredenja-kurilovecke-setnice\/","og_locale":"en_US","og_type":"article","og_title":"Do\u0111ite na javnu tribinu i predstavljanje idejnog rje\u0161enja ure\u0111enja Kurilove\u010dke \u0161etnice","og_description":"Do\u0111ite na javnu tribinu i predstavljanje idejnog rje\u0161enja ure\u0111enja Kurilove\u010dke \u0161etnice. Tribina \u0107e se odr\u017eati u Vatrogasnom domu.","og_url":"https:\/\/gorica.info\/en\/dodite-na-javnu-tribinu-i-predstavljanje-idejnog-rjesenja-uredenja-kurilovecke-setnice\/","og_site_name":"Gorica Info","article_publisher":"https:\/\/www.facebook.com\/Goricainfo-106005144489262","article_published_time":"2023-10-08T12:45:47+00:00","og_image":[{"width":1024,"height":768,"url":"https:\/\/gorica.info\/wp-content\/uploads\/2023\/10\/spomenik-kurilovec.jpg","type":"image\/jpeg"}],"author":"Marta Horvat","twitter_card":"summary_large_image","twitter_creator":"@GoricaInfo","twitter_site":"@GoricaInfo","twitter_misc":{"Written by":"Marta Horvat","Est. reading time":"2 minutes"},"schema":{"@context":"https:\/\/schema.org","@graph":[{"@type":"NewsArticle","@id":"https:\/\/gorica.info\/dodite-na-javnu-tribinu-i-predstavljanje-idejnog-rjesenja-uredenja-kurilovecke-setnice\/#article","isPartOf":{"@id":"https:\/\/gorica.info\/dodite-na-javnu-tribinu-i-predstavljanje-idejnog-rjesenja-uredenja-kurilovecke-setnice\/"},"author":{"name":"Marta Horvat","@id":"https:\/\/gorica.info\/#\/schema\/person\/b2df2f6fb2a9073c0fa5af2672befd52"},"headline":"Do\u0111ite na javnu tribinu i predstavljanje idejnog rje\u0161enja ure\u0111enja Kurilove\u010dke \u0161etnice","datePublished":"2023-10-08T12:45:47+00:00","mainEntityOfPage":{"@id":"https:\/\/gorica.info\/dodite-na-javnu-tribinu-i-predstavljanje-idejnog-rjesenja-uredenja-kurilovecke-setnice\/"},"wordCount":236,"commentCount":0,"publisher":{"@id":"https:\/\/gorica.info\/#organization"},"image":{"@id":"https:\/\/gorica.info\/dodite-na-javnu-tribinu-i-predstavljanje-idejnog-rjesenja-uredenja-kurilovecke-setnice\/#primaryimage"},"thumbnailUrl":"https:\/\/gorica.info\/wp-content\/uploads\/2023\/10\/spomenik-kurilovec.jpg","keywords":["gradska \u010detvrt kurilovec","krajobrazno ure\u0111enje","kurilove\u010dka \u0161etnica","vatrogasni dom kurilovec"],"articleSection":["GORICA"],"inLanguage":"en-US","potentialAction":[{"@type":"CommentAction","name":"Comment","target":["https:\/\/gorica.info\/dodite-na-javnu-tribinu-i-predstavljanje-idejnog-rjesenja-uredenja-kurilovecke-setnice\/#respond"]}],"copyrightYear":"2023","copyrightHolder":{"@id":"https:\/\/gorica.info\/en\/#organization"}},{"@type":"WebPage","@id":"https:\/\/gorica.info\/dodite-na-javnu-tribinu-i-predstavljanje-idejnog-rjesenja-uredenja-kurilovecke-setnice\/","url":"https:\/\/gorica.info\/dodite-na-javnu-tribinu-i-predstavljanje-idejnog-rjesenja-uredenja-kurilovecke-setnice\/","name":"Do\u0111ite na javnu tribinu i predstavljanje idejnog rje\u0161enja ure\u0111enja Kurilove\u010dke \u0161etnice - Gorica Info","isPartOf":{"@id":"https:\/\/gorica.info\/#website"},"primaryImageOfPage":{"@id":"https:\/\/gorica.info\/dodite-na-javnu-tribinu-i-predstavljanje-idejnog-rjesenja-uredenja-kurilovecke-setnice\/#primaryimage"},"image":{"@id":"https:\/\/gorica.info\/dodite-na-javnu-tribinu-i-predstavljanje-idejnog-rjesenja-uredenja-kurilovecke-setnice\/#primaryimage"},"thumbnailUrl":"https:\/\/gorica.info\/wp-content\/uploads\/2023\/10\/spomenik-kurilovec.jpg","datePublished":"2023-10-08T12:45:47+00:00","description":"Do\u0111ite na javnu tribinu i predstavljanje idejnog rje\u0161enja ure\u0111enja Kurilove\u010dke \u0161etnice. Tribina \u0107e se odr\u017eati u Vatrogasnom domu.","breadcrumb":{"@id":"https:\/\/gorica.info\/dodite-na-javnu-tribinu-i-predstavljanje-idejnog-rjesenja-uredenja-kurilovecke-setnice\/#breadcrumb"},"inLanguage":"en-US","potentialAction":[{"@type":"ReadAction","target":["https:\/\/gorica.info\/dodite-na-javnu-tribinu-i-predstavljanje-idejnog-rjesenja-uredenja-kurilovecke-setnice\/"]}]},{"@type":"ImageObject","inLanguage":"en-US","@id":"https:\/\/gorica.info\/dodite-na-javnu-tribinu-i-predstavljanje-idejnog-rjesenja-uredenja-kurilovecke-setnice\/#primaryimage","url":"https:\/\/gorica.info\/wp-content\/uploads\/2023\/10\/spomenik-kurilovec.jpg","contentUrl":"https:\/\/gorica.info\/wp-content\/uploads\/2023\/10\/spomenik-kurilovec.jpg","width":1024,"height":768,"caption":"Foto: Grad Velika Gorica"},{"@type":"BreadcrumbList","@id":"https:\/\/gorica.info\/dodite-na-javnu-tribinu-i-predstavljanje-idejnog-rjesenja-uredenja-kurilovecke-setnice\/#breadcrumb","itemListElement":[{"@type":"ListItem","position":1,"name":"Po\u010detna stranica","item":"https:\/\/gorica.info\/"},{"@type":"ListItem","position":2,"name":"Do\u0111ite na javnu tribinu i predstavljanje idejnog rje\u0161enja ure\u0111enja Kurilove\u010dke \u0161etnice"}]},{"@type":"WebSite","@id":"https:\/\/gorica.info\/#website","url":"https:\/\/gorica.info\/","name":"Gorica Info","description":"Vijesti iz Velike Gorice i okolice.","publisher":{"@id":"https:\/\/gorica.info\/#organization"},"potentialAction":[{"@type":"SearchAction","target":{"@type":"EntryPoint","urlTemplate":"https:\/\/gorica.info\/?s={search_term_string}"},"query-input":{"@type":"PropertyValueSpecification","valueRequired":true,"valueName":"search_term_string"}}],"inLanguage":"en-US"},{"@type":["Organization","Place","NewsMediaOrganization"],"@id":"https:\/\/gorica.info\/#organization","name":"Gorica Info","url":"https:\/\/gorica.info\/","logo":{"@id":"https:\/\/gorica.info\/dodite-na-javnu-tribinu-i-predstavljanje-idejnog-rjesenja-uredenja-kurilovecke-setnice\/#local-main-organization-logo"},"image":{"@id":"https:\/\/gorica.info\/dodite-na-javnu-tribinu-i-predstavljanje-idejnog-rjesenja-uredenja-kurilovecke-setnice\/#local-main-organization-logo"},"sameAs":["https:\/\/www.facebook.com\/Goricainfo-106005144489262","https:\/\/x.com\/GoricaInfo","https:\/\/www.instagram.com\/gorica.info\/"],"address":{"@id":"https:\/\/gorica.info\/dodite-na-javnu-tribinu-i-predstavljanje-idejnog-rjesenja-uredenja-kurilovecke-setnice\/#local-main-place-address"},"telephone":[],"openingHoursSpecification":[{"@type":"OpeningHoursSpecification","dayOfWeek":["Monday","Tuesday","Wednesday","Thursday","Friday","Saturday","Sunday"],"opens":"09:00","closes":"17:00"}],"email":"redakcija@gorica.info"},{"@type":"Person","@id":"https:\/\/gorica.info\/#\/schema\/person\/b2df2f6fb2a9073c0fa5af2672befd52","name":"Marta Horvat","description":"Marta Horvat je studentica koja redovito pi\u0161e za portal, prati sva gradska doga\u0111anja i u\u017eiva isprobavati nove recept koje dijeli s na\u0161im \u010ditateljima.","url":"https:\/\/gorica.info\/en\/author\/marta-horvat\/"},{"@type":"PostalAddress","@id":"https:\/\/gorica.info\/dodite-na-javnu-tribinu-i-predstavljanje-idejnog-rjesenja-uredenja-kurilovecke-setnice\/#local-main-place-address","streetAddress":"Horvatova 97","addressLocality":"Velika Gorica","postalCode":"10410","addressRegion":"Croatia","addressCountry":"HR"},{"@type":"ImageObject","inLanguage":"en-US","@id":"https:\/\/gorica.info\/dodite-na-javnu-tribinu-i-predstavljanje-idejnog-rjesenja-uredenja-kurilovecke-setnice\/#local-main-organization-logo","url":"https:\/\/gorica.info\/wp-content\/uploads\/2024\/07\/Gorica-Info-Logo-mali.png","contentUrl":"https:\/\/gorica.info\/wp-content\/uploads\/2024\/07\/Gorica-Info-Logo-mali.png","width":450,"height":85,"caption":"Gorica Info"}]},"geo.placename":"Velika Gorica","geo.region":"Croatia"},"_links":{"self":[{"href":"https:\/\/gorica.info\/en\/wp-json\/wp\/v2\/posts\/55319","targetHints":{"allow":["GET"]}}],"collection":[{"href":"https:\/\/gorica.info\/en\/wp-json\/wp\/v2\/posts"}],"about":[{"href":"https:\/\/gorica.info\/en\/wp-json\/wp\/v2\/types\/post"}],"author":[{"embeddable":true,"href":"https:\/\/gorica.info\/en\/wp-json\/wp\/v2\/users\/25"}],"replies":[{"embeddable":true,"href":"https:\/\/gorica.info\/en\/wp-json\/wp\/v2\/comments?post=55319"}],"version-history":[{"count":0,"href":"https:\/\/gorica.info\/en\/wp-json\/wp\/v2\/posts\/55319\/revisions"}],"wp:featuredmedia":[{"embeddable":true,"href":"https:\/\/gorica.info\/en\/wp-json\/wp\/v2\/media\/55324"}],"wp:attachment":[{"href":"https:\/\/gorica.info\/en\/wp-json\/wp\/v2\/media?parent=55319"}],"wp:term":[{"taxonomy":"category","embeddable":true,"href":"https:\/\/gorica.info\/en\/wp-json\/wp\/v2\/categories?post=55319"},{"taxonomy":"post_tag","embeddable":true,"href":"https:\/\/gorica.info\/en\/wp-json\/wp\/v2\/tags?post=55319"}],"curies":[{"name":"wp","href":"https:\/\/api.w.org\/{rel}","templated":true}]}}