{"id":55412,"date":"2023-10-05T10:23:00","date_gmt":"2023-10-05T08:23:00","guid":{"rendered":"https:\/\/gorica.info\/?p=55412"},"modified":"2023-10-05T10:23:00","modified_gmt":"2023-10-05T08:23:00","slug":"distributivni-centar-za-voce-i-povrce-iz-rakitovca-bori-se-za-prestiznu-europsku-nagradu","status":"publish","type":"post","link":"https:\/\/gorica.info\/en\/distributivni-centar-za-voce-i-povrce-iz-rakitovca-bori-se-za-prestiznu-europsku-nagradu\/","title":{"rendered":"Distributivni centar za vo\u0107e i povr\u0107e iz Rakitovca u utrci za presti\u017enu europsku nagradu za poduzetni\u0161tvo"},"content":{"rendered":"<p><strong>Distributivni centar za vo\u0107e i povr\u0107e<\/strong> iz Rakitovca nominiran je za <strong>presti\u017enu europsku nagradu<\/strong> koju dodjeljuje Europska komisija.<\/p>\n<p>Projekt <strong>Zagreba\u010dke \u017eupanije<\/strong> \u201eModernizacija i pove\u0107anje konkurentnosti poljoprivrednih proizvo\u0111a\u010da\u201c, korak je bli\u017ee osvajanju Europske nagrade za promicanje poduzetni\u0161tva.\u00a0Nakon \u0161to je po\u010detkom rujna 2023. projekt dobio status nacionalnog pobjednika u kategoriji Odr\u017eiva tranzicija, novost je da su \u010dlanovi Europskog \u017eirija uvrstili ovaj projekt me\u0111u njih 300 u naju\u017ei izbor za dodjelu ove presti\u017ene nagrade, izvijestili su iz <a href=\"https:\/\/www.zagrebacka-zupanija.hr\/vijesti\/7438\/medu-300-projekata-iz-30-zemalja-projekt-zagreback\">\u017eupanije<\/a>.<\/p>\n<p>Tako se projekt Zagreba\u010dke \u017eupanije, kao predstavnik Hrvatske, na\u0161ao u naju\u017eoj konkurenciji s projektima Francuske, Njema\u010dke, Crne Gore, Nizozemske, Rumunjske i Slovenije u spomenutoj kategoriji, a kona\u010dan pobjednik znat \u0107e se u studenom ove godine na sve\u010danosti koja \u0107e se odr\u017eati u \u0161panjolskom Bilbau.<\/p>\n<h4><strong>&#8220;U\u0161li smo me\u0111u sedam najboljih projekata u kategoriji odr\u017eive tranzicije&#8221;<\/strong><\/h4>\n<p>\u2013 Veliko nam je zadovoljstvo \u0161to smo me\u0111u sedam najboljih projekata u Europi u kategoriji odr\u017eive tranzicije tj. da smo u konkurenciji od 300 projekata do\u0161li do zavr\u0161ne faze natjecanja. Ovo je potvrda da je na\u0161 projekt gradnje i opremanja Distributivnog centra za vo\u0107e i povr\u0107e s prate\u0107om ULO hladnja\u010dom inovativan, odr\u017eiv i ima pozitivan utjecaj na okoli\u0161, lokalnu zajednicu te o\u010duvanje poljoprivredne proizvodnje. Vjerujem da \u0107emo osvojiti nagradu, \u0161to bi bio kruna na\u0161ih nastojanja da Zagreba\u010dka \u017eupanija bude predvodnica moderne, ekolo\u0161ke, odr\u017eive i konkurentne poljoprivrede \u2013 rekao je zamjenik \u017eupana Zagreba\u010dke \u017eupanije <strong>Damir Tomljenovi\u0107.<\/strong><\/p>\n<p>Nemogu\u0107nost skladi\u0161tenja proizvoda po povoljnoj cijeni te plasman proizvoda tijekom cijele godine u velike trgova\u010dke lance bili su izazovi s kojima su se nosili poljoprivredni proizvo\u0111a\u010di.<\/p>\n<p>Kako bi im pomogla u rje\u0161avanju tih izazova, Zagreba\u010dka \u017eupanija odlu\u010dila se na jedinstven projekt u dr\u017eavi-gradnju prve ULO hladnja\u010de koja nije u vlasni\u0161tvu trgovaca, a u sklopu Distributivnog centra za vo\u0107e i povr\u0107e. Centar je opremljen suvremenom opremom za skladi\u0161tenje vo\u0107a i povr\u0107a, pru\u017ea usluge sortiranja i pakiranja vo\u0107a i povr\u0107a s naglaskom na ekolo\u0161ke proizvode, ima vlastitu solarnu elektranu,\u00a0 a u njemu se redovito educiraju poljoprivrednici i u\u010denici. Kao rezultat ovog <a href=\"https:\/\/gorica.info\/en\/2022\/11\/30\/distributivni-centar-za-voce-i-povrce-proizvode-domacih-proizvodaca-kupuju-trgovacki-lanci-bolnice-skole-i-vrtici\/\">projekta<\/a> OPG-ovi opstaju, mladi ostaju na selu, nova radna mjesta se otvaraju, a okoli\u0161 se \u010duva.<\/p>\n<p>\u2013 Puni kapaciteti ULO hladnja\u010de potvr\u0111uju da je <a href=\"https:\/\/gorica.info\/en\/2023\/05\/04\/zahvaljujuci-suncanoj-elektrani-distributivni-centar-za-voce-i-povrce-ima-ustedu-od-50-posto-troskova-za-energiju\/\">projekt<\/a> pogo\u0111en i odgovara na potrebe proizvo\u0111a\u010da \u2013 kazao je <strong>Hrvoje Bunjevac<\/strong>, direktora Distributivnog centra za vo\u0107e i povr\u0107e.<\/p>\n<p>Dugogodi\u0161nji korisnik proizvo\u0111a\u010d jabuka <strong>Niko Gazi\u0107<\/strong> iz Dugog Sela zadovoljan je uslugama koje dobiva u Distributivnom centru jer svoje proizvode skladi\u0161ti po povoljnijoj cijeli te ih vi\u0161e ne mora prodavati odmah iz vo\u0107njaka kada je cijena vrlo mala.<\/p>","protected":false},"excerpt":{"rendered":"<p>Distributivni centar za vo\u0107e i povr\u0107e iz Rakitovca nominiran je za presti\u017enu europsku nagradu koju dodjeljuje Europska komisija. Projekt Zagreba\u010dke \u017eupanije \u201eModernizacija i pove\u0107anje konkurentnosti poljoprivrednih proizvo\u0111a\u010da\u201c, korak je bli\u017ee osvajanju Europske nagrade za promicanje poduzetni\u0161tva.\u00a0Nakon \u0161to je po\u010detkom rujna 2023. projekt dobio status nacionalnog pobjednika u kategoriji Odr\u017eiva tranzicija, novost je da su \u010dlanovi [&hellip;]<\/p>\n","protected":false},"author":23,"featured_media":55413,"comment_status":"open","ping_status":"open","sticky":false,"template":"","format":"standard","meta":{"limit_modified_date":"","last_modified_date":"","jnews-multi-image_gallery":[],"jnews_single_post":[],"jnews_primary_category":[],"jnews_override_counter":[],"footnotes":""},"categories":[108],"tags":[8039,11721,8040,149],"class_list":["post-55412","post","type-post","status-publish","format-standard","has-post-thumbnail","hentry","category-zupanija","tag-distributivni-centar","tag-europska-nagrada","tag-hrvoje-bunjevac","tag-zagrebacka-zupanija"],"yoast_head":"<!-- This site is optimized with the Yoast SEO Premium plugin v27.4 (Yoast SEO v27.4) - https:\/\/yoast.com\/product\/yoast-seo-premium-wordpress\/ -->\n<title>Distributivni centar za vo\u0107e i povr\u0107e iz Rakitovca u utrci za presti\u017enu europsku nagradu za poduzetni\u0161tvo - Gorica Info<\/title>\n<meta name=\"description\" content=\"Distributivni centar za vo\u0107e i povr\u0107e iz Rakitovca bori se za presti\u017enu europsku nagradu u kategroiji poduzetni\u0161tva.\" \/>\n<meta name=\"robots\" content=\"index, follow, max-snippet:-1, max-image-preview:large, max-video-preview:-1\" \/>\n<link rel=\"canonical\" href=\"https:\/\/gorica.info\/en\/distributivni-centar-za-voce-i-povrce-iz-rakitovca-bori-se-za-prestiznu-europsku-nagradu\/\" \/>\n<meta property=\"og:locale\" content=\"en_US\" \/>\n<meta property=\"og:type\" content=\"article\" \/>\n<meta property=\"og:title\" content=\"Distributivni centar za vo\u0107e i povr\u0107e iz Rakitovca u utrci za presti\u017enu europsku nagradu za poduzetni\u0161tvo\" \/>\n<meta property=\"og:description\" content=\"Distributivni centar za vo\u0107e i povr\u0107e iz Rakitovca bori se za presti\u017enu europsku nagradu u kategroiji poduzetni\u0161tva.\" \/>\n<meta property=\"og:url\" content=\"https:\/\/gorica.info\/en\/distributivni-centar-za-voce-i-povrce-iz-rakitovca-bori-se-za-prestiznu-europsku-nagradu\/\" \/>\n<meta property=\"og:site_name\" content=\"Gorica Info\" \/>\n<meta property=\"article:publisher\" content=\"https:\/\/www.facebook.com\/Goricainfo-106005144489262\" \/>\n<meta property=\"article:published_time\" content=\"2023-10-05T08:23:00+00:00\" \/>\n<meta property=\"og:image\" content=\"https:\/\/gorica.info\/wp-content\/uploads\/2023\/10\/distributivni_centar_iz_zraka2-1.jpg\" \/>\n\t<meta property=\"og:image:width\" content=\"644\" \/>\n\t<meta property=\"og:image:height\" content=\"432\" \/>\n\t<meta property=\"og:image:type\" content=\"image\/jpeg\" \/>\n<meta name=\"author\" content=\"Gorica. info\" \/>\n<meta name=\"twitter:card\" content=\"summary_large_image\" \/>\n<meta name=\"twitter:creator\" content=\"@GoricaInfo\" \/>\n<meta name=\"twitter:site\" content=\"@GoricaInfo\" \/>\n<meta name=\"twitter:label1\" content=\"Written by\" \/>\n\t<meta name=\"twitter:data1\" content=\"Gorica. info\" \/>\n\t<meta name=\"twitter:label2\" content=\"Est. reading time\" \/>\n\t<meta name=\"twitter:data2\" content=\"3 minutes\" \/>\n<meta name=\"geo.placename\" content=\"Velika Gorica\" \/>\n<meta name=\"geo.region\" content=\"Croatia\" \/>\n<!-- \/ Yoast SEO Premium plugin. -->","yoast_head_json":{"title":"Distributivni centar za vo\u0107e i povr\u0107e iz Rakitovca u utrci za presti\u017enu europsku nagradu za poduzetni\u0161tvo - Gorica Info","description":"Distributivni centar za vo\u0107e i povr\u0107e iz Rakitovca bori se za presti\u017enu europsku nagradu u kategroiji poduzetni\u0161tva.","robots":{"index":"index","follow":"follow","max-snippet":"max-snippet:-1","max-image-preview":"max-image-preview:large","max-video-preview":"max-video-preview:-1"},"canonical":"https:\/\/gorica.info\/en\/distributivni-centar-za-voce-i-povrce-iz-rakitovca-bori-se-za-prestiznu-europsku-nagradu\/","og_locale":"en_US","og_type":"article","og_title":"Distributivni centar za vo\u0107e i povr\u0107e iz Rakitovca u utrci za presti\u017enu europsku nagradu za poduzetni\u0161tvo","og_description":"Distributivni centar za vo\u0107e i povr\u0107e iz Rakitovca bori se za presti\u017enu europsku nagradu u kategroiji poduzetni\u0161tva.","og_url":"https:\/\/gorica.info\/en\/distributivni-centar-za-voce-i-povrce-iz-rakitovca-bori-se-za-prestiznu-europsku-nagradu\/","og_site_name":"Gorica Info","article_publisher":"https:\/\/www.facebook.com\/Goricainfo-106005144489262","article_published_time":"2023-10-05T08:23:00+00:00","og_image":[{"width":644,"height":432,"url":"https:\/\/gorica.info\/wp-content\/uploads\/2023\/10\/distributivni_centar_iz_zraka2-1.jpg","type":"image\/jpeg"}],"author":"Gorica. info","twitter_card":"summary_large_image","twitter_creator":"@GoricaInfo","twitter_site":"@GoricaInfo","twitter_misc":{"Written by":"Gorica. info","Est. reading time":"3 minutes"},"schema":{"@context":"https:\/\/schema.org","@graph":[{"@type":"NewsArticle","@id":"https:\/\/gorica.info\/distributivni-centar-za-voce-i-povrce-iz-rakitovca-bori-se-za-prestiznu-europsku-nagradu\/#article","isPartOf":{"@id":"https:\/\/gorica.info\/distributivni-centar-za-voce-i-povrce-iz-rakitovca-bori-se-za-prestiznu-europsku-nagradu\/"},"author":{"name":"Gorica. info","@id":"https:\/\/gorica.info\/#\/schema\/person\/4499af1f22f322670b9b5977ccc2e3de"},"headline":"Distributivni centar za vo\u0107e i povr\u0107e iz Rakitovca u utrci za presti\u017enu europsku nagradu za poduzetni\u0161tvo","datePublished":"2023-10-05T08:23:00+00:00","mainEntityOfPage":{"@id":"https:\/\/gorica.info\/distributivni-centar-za-voce-i-povrce-iz-rakitovca-bori-se-za-prestiznu-europsku-nagradu\/"},"wordCount":490,"commentCount":0,"publisher":{"@id":"https:\/\/gorica.info\/#organization"},"image":{"@id":"https:\/\/gorica.info\/distributivni-centar-za-voce-i-povrce-iz-rakitovca-bori-se-za-prestiznu-europsku-nagradu\/#primaryimage"},"thumbnailUrl":"https:\/\/gorica.info\/wp-content\/uploads\/2023\/10\/distributivni_centar_iz_zraka2-1.jpg","keywords":["distributivni centar","europska nagrada","hrvoje bunjevac","Zagreba\u010dka \u017eupanija"],"articleSection":["\u017dUPANIJA"],"inLanguage":"en-US","potentialAction":[{"@type":"CommentAction","name":"Comment","target":["https:\/\/gorica.info\/distributivni-centar-za-voce-i-povrce-iz-rakitovca-bori-se-za-prestiznu-europsku-nagradu\/#respond"]}],"copyrightYear":"2023","copyrightHolder":{"@id":"https:\/\/gorica.info\/en\/#organization"}},{"@type":"WebPage","@id":"https:\/\/gorica.info\/distributivni-centar-za-voce-i-povrce-iz-rakitovca-bori-se-za-prestiznu-europsku-nagradu\/","url":"https:\/\/gorica.info\/distributivni-centar-za-voce-i-povrce-iz-rakitovca-bori-se-za-prestiznu-europsku-nagradu\/","name":"Distributivni centar za vo\u0107e i povr\u0107e iz Rakitovca u utrci za presti\u017enu europsku nagradu za poduzetni\u0161tvo - Gorica Info","isPartOf":{"@id":"https:\/\/gorica.info\/#website"},"primaryImageOfPage":{"@id":"https:\/\/gorica.info\/distributivni-centar-za-voce-i-povrce-iz-rakitovca-bori-se-za-prestiznu-europsku-nagradu\/#primaryimage"},"image":{"@id":"https:\/\/gorica.info\/distributivni-centar-za-voce-i-povrce-iz-rakitovca-bori-se-za-prestiznu-europsku-nagradu\/#primaryimage"},"thumbnailUrl":"https:\/\/gorica.info\/wp-content\/uploads\/2023\/10\/distributivni_centar_iz_zraka2-1.jpg","datePublished":"2023-10-05T08:23:00+00:00","description":"Distributivni centar za vo\u0107e i povr\u0107e iz Rakitovca bori se za presti\u017enu europsku nagradu u kategroiji poduzetni\u0161tva.","breadcrumb":{"@id":"https:\/\/gorica.info\/distributivni-centar-za-voce-i-povrce-iz-rakitovca-bori-se-za-prestiznu-europsku-nagradu\/#breadcrumb"},"inLanguage":"en-US","potentialAction":[{"@type":"ReadAction","target":["https:\/\/gorica.info\/distributivni-centar-za-voce-i-povrce-iz-rakitovca-bori-se-za-prestiznu-europsku-nagradu\/"]}]},{"@type":"ImageObject","inLanguage":"en-US","@id":"https:\/\/gorica.info\/distributivni-centar-za-voce-i-povrce-iz-rakitovca-bori-se-za-prestiznu-europsku-nagradu\/#primaryimage","url":"https:\/\/gorica.info\/wp-content\/uploads\/2023\/10\/distributivni_centar_iz_zraka2-1.jpg","contentUrl":"https:\/\/gorica.info\/wp-content\/uploads\/2023\/10\/distributivni_centar_iz_zraka2-1.jpg","width":644,"height":432,"caption":"Foto: Zagreba\u010dka \u017eupanija"},{"@type":"BreadcrumbList","@id":"https:\/\/gorica.info\/distributivni-centar-za-voce-i-povrce-iz-rakitovca-bori-se-za-prestiznu-europsku-nagradu\/#breadcrumb","itemListElement":[{"@type":"ListItem","position":1,"name":"Po\u010detna stranica","item":"https:\/\/gorica.info\/"},{"@type":"ListItem","position":2,"name":"Distributivni centar za vo\u0107e i povr\u0107e iz Rakitovca u utrci za presti\u017enu europsku nagradu za poduzetni\u0161tvo"}]},{"@type":"WebSite","@id":"https:\/\/gorica.info\/#website","url":"https:\/\/gorica.info\/","name":"Gorica Info","description":"Vijesti iz Velike Gorice i okolice.","publisher":{"@id":"https:\/\/gorica.info\/#organization"},"potentialAction":[{"@type":"SearchAction","target":{"@type":"EntryPoint","urlTemplate":"https:\/\/gorica.info\/?s={search_term_string}"},"query-input":{"@type":"PropertyValueSpecification","valueRequired":true,"valueName":"search_term_string"}}],"inLanguage":"en-US"},{"@type":["Organization","Place","NewsMediaOrganization"],"@id":"https:\/\/gorica.info\/#organization","name":"Gorica Info","url":"https:\/\/gorica.info\/","logo":{"@id":"https:\/\/gorica.info\/distributivni-centar-za-voce-i-povrce-iz-rakitovca-bori-se-za-prestiznu-europsku-nagradu\/#local-main-organization-logo"},"image":{"@id":"https:\/\/gorica.info\/distributivni-centar-za-voce-i-povrce-iz-rakitovca-bori-se-za-prestiznu-europsku-nagradu\/#local-main-organization-logo"},"sameAs":["https:\/\/www.facebook.com\/Goricainfo-106005144489262","https:\/\/x.com\/GoricaInfo","https:\/\/www.instagram.com\/gorica.info\/"],"address":{"@id":"https:\/\/gorica.info\/distributivni-centar-za-voce-i-povrce-iz-rakitovca-bori-se-za-prestiznu-europsku-nagradu\/#local-main-place-address"},"telephone":[],"openingHoursSpecification":[{"@type":"OpeningHoursSpecification","dayOfWeek":["Monday","Tuesday","Wednesday","Thursday","Friday","Saturday","Sunday"],"opens":"09:00","closes":"17:00"}],"email":"redakcija@gorica.info"},{"@type":"Person","@id":"https:\/\/gorica.info\/#\/schema\/person\/4499af1f22f322670b9b5977ccc2e3de","name":"Gorica. info","description":"Gorica.info je lokalni portal koji prati Veliku Goricu i okolici, svakodnevno donosi najnovije vijesti i pri\u010de, kulturna doga\u0111anja i aktualnosti koje oblikuju \u017eivot gra\u0111ana.","url":"https:\/\/gorica.info\/en\/author\/gorica-info\/"},{"@type":"PostalAddress","@id":"https:\/\/gorica.info\/distributivni-centar-za-voce-i-povrce-iz-rakitovca-bori-se-za-prestiznu-europsku-nagradu\/#local-main-place-address","streetAddress":"Horvatova 97","addressLocality":"Velika Gorica","postalCode":"10410","addressRegion":"Croatia","addressCountry":"HR"},{"@type":"ImageObject","inLanguage":"en-US","@id":"https:\/\/gorica.info\/distributivni-centar-za-voce-i-povrce-iz-rakitovca-bori-se-za-prestiznu-europsku-nagradu\/#local-main-organization-logo","url":"https:\/\/gorica.info\/wp-content\/uploads\/2024\/07\/Gorica-Info-Logo-mali.png","contentUrl":"https:\/\/gorica.info\/wp-content\/uploads\/2024\/07\/Gorica-Info-Logo-mali.png","width":450,"height":85,"caption":"Gorica Info"}]},"geo.placename":"Velika Gorica","geo.region":"Croatia"},"_links":{"self":[{"href":"https:\/\/gorica.info\/en\/wp-json\/wp\/v2\/posts\/55412","targetHints":{"allow":["GET"]}}],"collection":[{"href":"https:\/\/gorica.info\/en\/wp-json\/wp\/v2\/posts"}],"about":[{"href":"https:\/\/gorica.info\/en\/wp-json\/wp\/v2\/types\/post"}],"author":[{"embeddable":true,"href":"https:\/\/gorica.info\/en\/wp-json\/wp\/v2\/users\/23"}],"replies":[{"embeddable":true,"href":"https:\/\/gorica.info\/en\/wp-json\/wp\/v2\/comments?post=55412"}],"version-history":[{"count":0,"href":"https:\/\/gorica.info\/en\/wp-json\/wp\/v2\/posts\/55412\/revisions"}],"wp:featuredmedia":[{"embeddable":true,"href":"https:\/\/gorica.info\/en\/wp-json\/wp\/v2\/media\/55413"}],"wp:attachment":[{"href":"https:\/\/gorica.info\/en\/wp-json\/wp\/v2\/media?parent=55412"}],"wp:term":[{"taxonomy":"category","embeddable":true,"href":"https:\/\/gorica.info\/en\/wp-json\/wp\/v2\/categories?post=55412"},{"taxonomy":"post_tag","embeddable":true,"href":"https:\/\/gorica.info\/en\/wp-json\/wp\/v2\/tags?post=55412"}],"curies":[{"name":"wp","href":"https:\/\/api.w.org\/{rel}","templated":true}]}}